{"id":38207,"date":"2023-03-02T19:04:33","date_gmt":"2023-03-02T19:04:33","guid":{"rendered":"https:\/\/www.africa-press.net\/cameroun\/politique\/adrien-tagakou-kamm-je-reve-jouer-en-equipe-nationale-de-football-du-cameroun"},"modified":"2023-03-02T19:25:54","modified_gmt":"2023-03-02T19:25:54","slug":"adrien-tagakou-kamm-je-reve-jouer-en-equipe-nationale-de-football-du-cameroun","status":"publish","type":"post","link":"https:\/\/www.africa-press.net\/cameroun\/sports\/adrien-tagakou-kamm-je-reve-jouer-en-equipe-nationale-de-football-du-cameroun","title":{"rendered":"Adrien Tagakou Kamm : je r\u00eave jouer en \u00e9quipe nationale de football du Cameroun"},"content":{"rendered":"<p><span style=\"color: #ff6600\"><strong>Africa-Press &#8211; Cameroun. <\/strong><\/span><b>Dans cet entretien exclusif, le jeune footballeur Germano-camerounais, joint au te\u0301le\u0301phone, affiche ses ambitions avec son club de Fortuna Cologne et le Cameroun.<\/b><br \/>\n<b>Adrien Tagakou Kamm, vous e\u0302tes peu connu du public sportif camerounais. Pouvez-vous vous pre\u0301senter.<\/b><\/p>\n<p>Je m\u2018appelle Adrien Tagakou Kamm, jeune footballeur Germano-camerounais, a\u0302ge\u0301 de 17 ans et je vis en Allemagne. Ma maman est camerounaise et mon papa est allemand. J\u2019e\u0301tudie a\u0300 l\u2019universite\u0301 de Cologne. J\u2019e\u0301volue en ce moment dans l\u2019e\u0301quipe junior de Fortuna Cologne. Je suis un joueur habile qui aime barrer et dribbler. Gaucher naturel, je joue sur tous les postes de couloir.<\/p>\n<p><b>Quels sont vos rapports avec le Cameroun ?<\/b><\/p>\n<p>Ma famille camerounaise est tre\u0300s grande et je vais tre\u0300s souvent au pays avec mes parents. J\u2019aime bien le sens de la famille camerounaise, sans oublier la culture et la bonne nourriture camerounaise. Lorsque nous sommes au bled, toute la famille se rencontre presque chaque soir chez mon grand-pe\u0300re a\u0300 Yaounde\u0301 et c\u2019est presque la fe\u0302te tous les jours. Je me sens chez moi au Cameroun.<\/p>\n<p><b>Est ce qu\u2019il vous arrive de regarder les matchs des Lions indomptables ? Si oui, que ressentez-vous pendant ce moment-la\u0300?<\/b><\/p>\n<p>Oui je regarde ge\u0301ne\u0301ralement les matchs des Lions pendant la Can ou la Coupe du monde. Je suis un fervent supporteur des Lions indomptables. Bien que nous n\u2019ayons pas pu nous qualifier pour les huitie\u0300mes de finale du mondial Qatari, j\u2019ai e\u0301te\u0301 tre\u0300s fier de notre match face au Bre\u0301sil.<\/p>\n<p><b>Quels sont vos objectifs en tant que footballeur ?<\/b><\/p>\n<p>Mes principaux objectifs sont simplement de jouer le plus de matchs possible pour continuer a\u0300 progresser jusqu\u2019a\u0300 l\u2019e\u0301quipe premie\u0300re. D\u2019aider mon e\u0301quipe en marquant de buts et surtout de bien jouer a\u0300 chaque match. J\u2019aimerais jouer dans l\u2019un des cinq grands championnats d\u2019Europe (Angleterre, Espagne, Allemagne, Italie, France, Ndlr) et souhaite faire partie de l\u2019e\u0301quipe nationale du Cameroun. C\u2019est un re\u0302ve. Ce sera un grand plaisir pour moi et ma famille de de\u0301fendre les couleurs du Cameroun a\u0300 travers les Lions indomptables, quel que soit la cate\u0301gorie, et bien entendu remporter des grandes compe\u0301titions internationales.<\/p>\n<p><b>Avez-vous des mode\u0300les comme footballeurs? Si oui, lesquels ?<\/b><\/p>\n<p>Je n\u2019ai concre\u0300tement pas de mode\u0300le vraiment pre\u0301cis, mais il y\u2019a Samuel Etoo qui m\u2019a beaucoup fascine\u0301 et quelques joueurs comme Kylian Mbappe, Ousmane Dembe\u0301le\u0301 et Nuno Mendes de qui je peux apprendre en regardant leurs techniques. J\u2019aimerais avoir une carrie\u0300re comme celle d\u2019Eric Maxim Choupo-Moting, qui est germano-camerounais comme moi. Attaquant prolifique du Bayern Munich, il ne peut e\u0302tre qu\u2019une source d\u2019inspiration pour moi.<\/p>\n<p><strong>Pour plus d&rsquo;informations et d&rsquo;analyses sur la <a href=\"https:\/\/www.africa-press.net\/cameroun\">Cameroun<\/a>, suivez <a href=\"https:\/\/www.africa-press.net\/\">Africa-Press<\/a><\/strong><\/p>\n","protected":false},"excerpt":{"rendered":"<p>Africa-Press &#8211; Cameroun. Dans cet entretien exclusif, le jeune footballeur Germano-camerounais, joint au te\u0301le\u0301phone, affiche ses ambitions avec son club de Fortuna Cologne et le Cameroun. Adrien Tagakou Kamm, vous e\u0302tes peu connu du public sportif camerounais. Pouvez-vous vous pre\u0301senter. Je m\u2018appelle Adrien Tagakou Kamm, jeune footballeur Germano-camerounais, a\u0302ge\u0301 de 17 ans et je vis [&hellip;]<\/p>\n","protected":false},"author":82,"featured_media":38205,"comment_status":"open","ping_status":"closed","sticky":false,"template":"","format":"standard","meta":{"footnotes":""},"categories":[6,10],"tags":[36,50,49],"class_list":["post-38207","post","type-post","status-publish","format-standard","has-post-thumbnail","hentry","category-sports","category-toutes-les-actualites","tag-africa-press","tag-africa-press-cameroun","tag-cameroun"],"yoast_head":"<!-- This site is optimized with the Yoast SEO Premium plugin v26.1 (Yoast SEO v27.0) - https:\/\/yoast.com\/product\/yoast-seo-premium-wordpress\/ -->\n<title>Adrien Tagakou Kamm : je r\u00eave jouer en \u00e9quipe nationale de football du Cameroun - Cameroun<\/title>\n<meta name=\"description\" content=\"Dans cet entretien exclusif, le jeune footballeur Germano-camerounais, joint au te\u0301le\u0301phone, affiche ses ambitions av ...\" \/>\n<meta name=\"robots\" content=\"index, follow, max-snippet:-1, max-image-preview:large, max-video-preview:-1\" \/>\n<link rel=\"canonical\" href=\"https:\/\/www.africa-press.net\/cameroun\/sports\/adrien-tagakou-kamm-je-reve-jouer-en-equipe-nationale-de-football-du-cameroun\" \/>\n<meta property=\"og:locale\" content=\"fr_FR\" \/>\n<meta property=\"og:type\" content=\"article\" \/>\n<meta property=\"og:title\" content=\"Adrien Tagakou Kamm : je r\u00eave jouer en \u00e9quipe nationale de football du Cameroun\" \/>\n<meta property=\"og:description\" content=\"Dans cet entretien exclusif, le jeune footballeur Germano-camerounais, joint au te\u0301le\u0301phone, affiche ses ambitions av ...\" \/>\n<meta property=\"og:url\" content=\"https:\/\/www.africa-press.net\/cameroun\/sports\/adrien-tagakou-kamm-je-reve-jouer-en-equipe-nationale-de-football-du-cameroun\" \/>\n<meta property=\"og:site_name\" content=\"Cameroun\" \/>\n<meta property=\"article:published_time\" content=\"2023-03-02T19:04:33+00:00\" \/>\n<meta property=\"article:modified_time\" content=\"2023-03-02T19:25:54+00:00\" \/>\n<meta property=\"og:image\" content=\"https:\/\/static.africa-press.net\/cameroun\/sites\/57\/2023\/03\/postQueueImg_1677771276.71.jpg\" \/>\n\t<meta property=\"og:image:width\" content=\"1280\" \/>\n\t<meta property=\"og:image:height\" content=\"720\" \/>\n\t<meta property=\"og:image:type\" content=\"image\/jpeg\" \/>\n<meta name=\"author\" content=\"cfeditorfr\" \/>\n<meta name=\"twitter:card\" content=\"summary_large_image\" \/>\n<meta name=\"twitter:label1\" content=\"\u00c9crit par\" \/>\n\t<meta name=\"twitter:data1\" content=\"cfeditorfr\" \/>\n\t<meta name=\"twitter:label2\" content=\"Dur\u00e9e de lecture estim\u00e9e\" \/>\n\t<meta name=\"twitter:data2\" content=\"3 minutes\" \/>\n<script type=\"application\/ld+json\" class=\"yoast-schema-graph\">{\"@context\":\"https:\/\/schema.org\",\"@graph\":[{\"@type\":\"Article\",\"@id\":\"https:\/\/www.africa-press.net\/cameroun\/sports\/adrien-tagakou-kamm-je-reve-jouer-en-equipe-nationale-de-football-du-cameroun#article\",\"isPartOf\":{\"@id\":\"https:\/\/www.africa-press.net\/cameroun\/sports\/adrien-tagakou-kamm-je-reve-jouer-en-equipe-nationale-de-football-du-cameroun\"},\"author\":{\"name\":\"cfeditorfr\",\"@id\":\"https:\/\/www.africa-press.net\/cameroun\/#\/schema\/person\/2b1cf3cd81a31e3cd26889ca66d677f1\"},\"headline\":\"Adrien Tagakou Kamm : je r\u00eave jouer en \u00e9quipe nationale de football du Cameroun\",\"datePublished\":\"2023-03-02T19:04:33+00:00\",\"dateModified\":\"2023-03-02T19:25:54+00:00\",\"mainEntityOfPage\":{\"@id\":\"https:\/\/www.africa-press.net\/cameroun\/sports\/adrien-tagakou-kamm-je-reve-jouer-en-equipe-nationale-de-football-du-cameroun\"},\"wordCount\":502,\"commentCount\":0,\"image\":{\"@id\":\"https:\/\/www.africa-press.net\/cameroun\/sports\/adrien-tagakou-kamm-je-reve-jouer-en-equipe-nationale-de-football-du-cameroun#primaryimage\"},\"thumbnailUrl\":\"https:\/\/static.africa-press.net\/cameroun\/sites\/57\/2023\/03\/postQueueImg_1677771276.71.jpg\",\"keywords\":[\"Africa Press\",\"Africa Press-Cameroun\",\"Cameroun\"],\"articleSection\":[\"Sports\",\"Toutes les actualit\u00e9s\"],\"inLanguage\":\"fr-FR\",\"potentialAction\":[{\"@type\":\"CommentAction\",\"name\":\"Comment\",\"target\":[\"https:\/\/www.africa-press.net\/cameroun\/sports\/adrien-tagakou-kamm-je-reve-jouer-en-equipe-nationale-de-football-du-cameroun#respond\"]}]},{\"@type\":\"WebPage\",\"@id\":\"https:\/\/www.africa-press.net\/cameroun\/sports\/adrien-tagakou-kamm-je-reve-jouer-en-equipe-nationale-de-football-du-cameroun\",\"url\":\"https:\/\/www.africa-press.net\/cameroun\/sports\/adrien-tagakou-kamm-je-reve-jouer-en-equipe-nationale-de-football-du-cameroun\",\"name\":\"Adrien Tagakou Kamm : je r\u00eave jouer en \u00e9quipe nationale de football du Cameroun - Cameroun\",\"isPartOf\":{\"@id\":\"https:\/\/www.africa-press.net\/cameroun\/#website\"},\"primaryImageOfPage\":{\"@id\":\"https:\/\/www.africa-press.net\/cameroun\/sports\/adrien-tagakou-kamm-je-reve-jouer-en-equipe-nationale-de-football-du-cameroun#primaryimage\"},\"image\":{\"@id\":\"https:\/\/www.africa-press.net\/cameroun\/sports\/adrien-tagakou-kamm-je-reve-jouer-en-equipe-nationale-de-football-du-cameroun#primaryimage\"},\"thumbnailUrl\":\"https:\/\/static.africa-press.net\/cameroun\/sites\/57\/2023\/03\/postQueueImg_1677771276.71.jpg\",\"datePublished\":\"2023-03-02T19:04:33+00:00\",\"dateModified\":\"2023-03-02T19:25:54+00:00\",\"author\":{\"@id\":\"https:\/\/www.africa-press.net\/cameroun\/#\/schema\/person\/2b1cf3cd81a31e3cd26889ca66d677f1\"},\"description\":\"Dans cet entretien exclusif, le jeune footballeur Germano-camerounais, joint au te\u0301le\u0301phone, affiche ses ambitions av ...\",\"breadcrumb\":{\"@id\":\"https:\/\/www.africa-press.net\/cameroun\/sports\/adrien-tagakou-kamm-je-reve-jouer-en-equipe-nationale-de-football-du-cameroun#breadcrumb\"},\"inLanguage\":\"fr-FR\",\"potentialAction\":[{\"@type\":\"ReadAction\",\"target\":[\"https:\/\/www.africa-press.net\/cameroun\/sports\/adrien-tagakou-kamm-je-reve-jouer-en-equipe-nationale-de-football-du-cameroun\"]}]},{\"@type\":\"ImageObject\",\"inLanguage\":\"fr-FR\",\"@id\":\"https:\/\/www.africa-press.net\/cameroun\/sports\/adrien-tagakou-kamm-je-reve-jouer-en-equipe-nationale-de-football-du-cameroun#primaryimage\",\"url\":\"https:\/\/static.africa-press.net\/cameroun\/sites\/57\/2023\/03\/postQueueImg_1677771276.71.jpg\",\"contentUrl\":\"https:\/\/static.africa-press.net\/cameroun\/sites\/57\/2023\/03\/postQueueImg_1677771276.71.jpg\",\"width\":1280,\"height\":720,\"caption\":\"Adrien Tagakou Kamm : je r\u00eave jouer en \u00e9quipe nationale de football du Cameroun\"},{\"@type\":\"BreadcrumbList\",\"@id\":\"https:\/\/www.africa-press.net\/cameroun\/sports\/adrien-tagakou-kamm-je-reve-jouer-en-equipe-nationale-de-football-du-cameroun#breadcrumb\",\"itemListElement\":[{\"@type\":\"ListItem\",\"position\":1,\"name\":\"Accueil\",\"item\":\"https:\/\/www.africa-press.net\/cameroun\/\"},{\"@type\":\"ListItem\",\"position\":2,\"name\":\"Adrien Tagakou Kamm : je r\u00eave jouer en \u00e9quipe nationale de football du Cameroun\"}]},{\"@type\":\"WebSite\",\"@id\":\"https:\/\/www.africa-press.net\/cameroun\/#website\",\"url\":\"https:\/\/www.africa-press.net\/cameroun\/\",\"name\":\"Cameroun\",\"description\":\"Just another Africa News Agency Sites site\",\"potentialAction\":[{\"@type\":\"SearchAction\",\"target\":{\"@type\":\"EntryPoint\",\"urlTemplate\":\"https:\/\/www.africa-press.net\/cameroun\/?s={search_term_string}\"},\"query-input\":{\"@type\":\"PropertyValueSpecification\",\"valueRequired\":true,\"valueName\":\"search_term_string\"}}],\"inLanguage\":\"fr-FR\"},{\"@type\":\"Person\",\"@id\":\"https:\/\/www.africa-press.net\/cameroun\/#\/schema\/person\/2b1cf3cd81a31e3cd26889ca66d677f1\",\"name\":\"cfeditorfr\"}]}<\/script>\n<!-- \/ Yoast SEO Premium plugin. -->","yoast_head_json":{"title":"Adrien Tagakou Kamm : je r\u00eave jouer en \u00e9quipe nationale de football du Cameroun - Cameroun","description":"Dans cet entretien exclusif, le jeune footballeur Germano-camerounais, joint au te\u0301le\u0301phone, affiche ses ambitions av ...","robots":{"index":"index","follow":"follow","max-snippet":"max-snippet:-1","max-image-preview":"max-image-preview:large","max-video-preview":"max-video-preview:-1"},"canonical":"https:\/\/www.africa-press.net\/cameroun\/sports\/adrien-tagakou-kamm-je-reve-jouer-en-equipe-nationale-de-football-du-cameroun","og_locale":"fr_FR","og_type":"article","og_title":"Adrien Tagakou Kamm : je r\u00eave jouer en \u00e9quipe nationale de football du Cameroun","og_description":"Dans cet entretien exclusif, le jeune footballeur Germano-camerounais, joint au te\u0301le\u0301phone, affiche ses ambitions av ...","og_url":"https:\/\/www.africa-press.net\/cameroun\/sports\/adrien-tagakou-kamm-je-reve-jouer-en-equipe-nationale-de-football-du-cameroun","og_site_name":"Cameroun","article_published_time":"2023-03-02T19:04:33+00:00","article_modified_time":"2023-03-02T19:25:54+00:00","og_image":[{"width":1280,"height":720,"url":"https:\/\/static.africa-press.net\/cameroun\/sites\/57\/2023\/03\/postQueueImg_1677771276.71.jpg","type":"image\/jpeg"}],"author":"cfeditorfr","twitter_card":"summary_large_image","twitter_misc":{"\u00c9crit par":"cfeditorfr","Dur\u00e9e de lecture estim\u00e9e":"3 minutes"},"schema":{"@context":"https:\/\/schema.org","@graph":[{"@type":"Article","@id":"https:\/\/www.africa-press.net\/cameroun\/sports\/adrien-tagakou-kamm-je-reve-jouer-en-equipe-nationale-de-football-du-cameroun#article","isPartOf":{"@id":"https:\/\/www.africa-press.net\/cameroun\/sports\/adrien-tagakou-kamm-je-reve-jouer-en-equipe-nationale-de-football-du-cameroun"},"author":{"name":"cfeditorfr","@id":"https:\/\/www.africa-press.net\/cameroun\/#\/schema\/person\/2b1cf3cd81a31e3cd26889ca66d677f1"},"headline":"Adrien Tagakou Kamm : je r\u00eave jouer en \u00e9quipe nationale de football du Cameroun","datePublished":"2023-03-02T19:04:33+00:00","dateModified":"2023-03-02T19:25:54+00:00","mainEntityOfPage":{"@id":"https:\/\/www.africa-press.net\/cameroun\/sports\/adrien-tagakou-kamm-je-reve-jouer-en-equipe-nationale-de-football-du-cameroun"},"wordCount":502,"commentCount":0,"image":{"@id":"https:\/\/www.africa-press.net\/cameroun\/sports\/adrien-tagakou-kamm-je-reve-jouer-en-equipe-nationale-de-football-du-cameroun#primaryimage"},"thumbnailUrl":"https:\/\/static.africa-press.net\/cameroun\/sites\/57\/2023\/03\/postQueueImg_1677771276.71.jpg","keywords":["Africa Press","Africa Press-Cameroun","Cameroun"],"articleSection":["Sports","Toutes les actualit\u00e9s"],"inLanguage":"fr-FR","potentialAction":[{"@type":"CommentAction","name":"Comment","target":["https:\/\/www.africa-press.net\/cameroun\/sports\/adrien-tagakou-kamm-je-reve-jouer-en-equipe-nationale-de-football-du-cameroun#respond"]}]},{"@type":"WebPage","@id":"https:\/\/www.africa-press.net\/cameroun\/sports\/adrien-tagakou-kamm-je-reve-jouer-en-equipe-nationale-de-football-du-cameroun","url":"https:\/\/www.africa-press.net\/cameroun\/sports\/adrien-tagakou-kamm-je-reve-jouer-en-equipe-nationale-de-football-du-cameroun","name":"Adrien Tagakou Kamm : je r\u00eave jouer en \u00e9quipe nationale de football du Cameroun - Cameroun","isPartOf":{"@id":"https:\/\/www.africa-press.net\/cameroun\/#website"},"primaryImageOfPage":{"@id":"https:\/\/www.africa-press.net\/cameroun\/sports\/adrien-tagakou-kamm-je-reve-jouer-en-equipe-nationale-de-football-du-cameroun#primaryimage"},"image":{"@id":"https:\/\/www.africa-press.net\/cameroun\/sports\/adrien-tagakou-kamm-je-reve-jouer-en-equipe-nationale-de-football-du-cameroun#primaryimage"},"thumbnailUrl":"https:\/\/static.africa-press.net\/cameroun\/sites\/57\/2023\/03\/postQueueImg_1677771276.71.jpg","datePublished":"2023-03-02T19:04:33+00:00","dateModified":"2023-03-02T19:25:54+00:00","author":{"@id":"https:\/\/www.africa-press.net\/cameroun\/#\/schema\/person\/2b1cf3cd81a31e3cd26889ca66d677f1"},"description":"Dans cet entretien exclusif, le jeune footballeur Germano-camerounais, joint au te\u0301le\u0301phone, affiche ses ambitions av ...","breadcrumb":{"@id":"https:\/\/www.africa-press.net\/cameroun\/sports\/adrien-tagakou-kamm-je-reve-jouer-en-equipe-nationale-de-football-du-cameroun#breadcrumb"},"inLanguage":"fr-FR","potentialAction":[{"@type":"ReadAction","target":["https:\/\/www.africa-press.net\/cameroun\/sports\/adrien-tagakou-kamm-je-reve-jouer-en-equipe-nationale-de-football-du-cameroun"]}]},{"@type":"ImageObject","inLanguage":"fr-FR","@id":"https:\/\/www.africa-press.net\/cameroun\/sports\/adrien-tagakou-kamm-je-reve-jouer-en-equipe-nationale-de-football-du-cameroun#primaryimage","url":"https:\/\/static.africa-press.net\/cameroun\/sites\/57\/2023\/03\/postQueueImg_1677771276.71.jpg","contentUrl":"https:\/\/static.africa-press.net\/cameroun\/sites\/57\/2023\/03\/postQueueImg_1677771276.71.jpg","width":1280,"height":720,"caption":"Adrien Tagakou Kamm : je r\u00eave jouer en \u00e9quipe nationale de football du Cameroun"},{"@type":"BreadcrumbList","@id":"https:\/\/www.africa-press.net\/cameroun\/sports\/adrien-tagakou-kamm-je-reve-jouer-en-equipe-nationale-de-football-du-cameroun#breadcrumb","itemListElement":[{"@type":"ListItem","position":1,"name":"Accueil","item":"https:\/\/www.africa-press.net\/cameroun\/"},{"@type":"ListItem","position":2,"name":"Adrien Tagakou Kamm : je r\u00eave jouer en \u00e9quipe nationale de football du Cameroun"}]},{"@type":"WebSite","@id":"https:\/\/www.africa-press.net\/cameroun\/#website","url":"https:\/\/www.africa-press.net\/cameroun\/","name":"Cameroun","description":"Just another Africa News Agency Sites site","potentialAction":[{"@type":"SearchAction","target":{"@type":"EntryPoint","urlTemplate":"https:\/\/www.africa-press.net\/cameroun\/?s={search_term_string}"},"query-input":{"@type":"PropertyValueSpecification","valueRequired":true,"valueName":"search_term_string"}}],"inLanguage":"fr-FR"},{"@type":"Person","@id":"https:\/\/www.africa-press.net\/cameroun\/#\/schema\/person\/2b1cf3cd81a31e3cd26889ca66d677f1","name":"cfeditorfr"}]}},"_links":{"self":[{"href":"https:\/\/www.africa-press.net\/cameroun\/wp-json\/wp\/v2\/posts\/38207","targetHints":{"allow":["GET"]}}],"collection":[{"href":"https:\/\/www.africa-press.net\/cameroun\/wp-json\/wp\/v2\/posts"}],"about":[{"href":"https:\/\/www.africa-press.net\/cameroun\/wp-json\/wp\/v2\/types\/post"}],"author":[{"embeddable":true,"href":"https:\/\/www.africa-press.net\/cameroun\/wp-json\/wp\/v2\/users\/82"}],"replies":[{"embeddable":true,"href":"https:\/\/www.africa-press.net\/cameroun\/wp-json\/wp\/v2\/comments?post=38207"}],"version-history":[{"count":0,"href":"https:\/\/www.africa-press.net\/cameroun\/wp-json\/wp\/v2\/posts\/38207\/revisions"}],"wp:featuredmedia":[{"embeddable":true,"href":"https:\/\/www.africa-press.net\/cameroun\/wp-json\/wp\/v2\/media\/38205"}],"wp:attachment":[{"href":"https:\/\/www.africa-press.net\/cameroun\/wp-json\/wp\/v2\/media?parent=38207"}],"wp:term":[{"taxonomy":"category","embeddable":true,"href":"https:\/\/www.africa-press.net\/cameroun\/wp-json\/wp\/v2\/categories?post=38207"},{"taxonomy":"post_tag","embeddable":true,"href":"https:\/\/www.africa-press.net\/cameroun\/wp-json\/wp\/v2\/tags?post=38207"}],"curies":[{"name":"wp","href":"https:\/\/api.w.org\/{rel}","templated":true}]}}