{"id":38216,"date":"2023-03-02T19:00:00","date_gmt":"2023-03-02T19:00:00","guid":{"rendered":"https:\/\/www.africa-press.net\/cameroun\/politique\/tic-la-zlecaf-au-menu-de-la-4e-edition-du-festival-femme-numerique-ouvert-a-yaounde"},"modified":"2023-03-02T19:27:15","modified_gmt":"2023-03-02T19:27:15","slug":"tic-la-zlecaf-au-menu-de-la-4e-edition-du-festival-femme-numerique-ouvert-a-yaounde","status":"publish","type":"post","link":"https:\/\/www.africa-press.net\/cameroun\/economie\/tic-la-zlecaf-au-menu-de-la-4e-edition-du-festival-femme-numerique-ouvert-a-yaounde","title":{"rendered":"TIC\u00a0: la Zlecaf au menu de la 4e \u00e9dition du \u00ab\u2009Festival femme num\u00e9rique\u2009\u00bb ouvert \u00e0 Yaound\u00e9"},"content":{"rendered":"<p><span style=\"color: #ff6600\"><strong>Africa-Press &#8211; Cameroun. <\/strong><\/span>Investir au Cameroun) &#8211; La ministre des Postes et Te\u0301le\u0301coms, Minette Libom Li Likeng, pre\u0301side ce 2 mars 2023 a\u0300 Yaounde\u0301, la capitale du Cameroun, la ce\u0301re\u0301monie d\u2019ouverture de la 4e e\u0301dition du \u00ab Festival femme nume\u0301rique \u00bb. L\u2019e\u0301ve\u0300nement de cette anne\u0301e est place\u0301 sous le the\u0300me : \u00ab Pour un monde digital inclusif : innovations et technologies pour autonomiser les femmes et filles, afin de tirer parti de la zone de libre-e\u0301change continentale africaine (Zlecaf) \u00bb.<\/p>\n<p>Cette grand-messe des femmes dans le nume\u0301rique, qui se de\u0301roule du 2 au 4 mars 2023 au palais des Congre\u0300s de Yaounde\u0301 et dans la salle de confe\u0301rence du ministe\u0300re des Postes et te\u0301le\u0301coms, est organise\u0301e par l\u2019association African Women In Tech Startups. La manifestation rentre dans le cadre des activite\u0301s organise\u0301es au Cameroun, en pre\u0301lude a\u0300 la ce\u0301le\u0301bration de la Journe\u0301e internationale de la femme, le 8 mars prochain, et dont le the\u0300me cette anne\u0301e porte sur l\u2019acce\u0300s de tous aux TIC.<\/p>\n<p>Selon ses organisateurs, ce festival a pour principal objectif de faciliter l\u2019acce\u0300s aux nouvelles technologies de l\u2019information et de la communication aux femmes et jeunes filles, afin de re\u0301duire la fracture nume\u0301rique du genre au Cameroun et d\u2019autres pays d\u2019Afrique francophone.<\/p>\n<p><strong>Pour plus d&rsquo;informations et d&rsquo;analyses sur la <a href=\"https:\/\/www.africa-press.net\/cameroun\">Cameroun<\/a>, suivez <a href=\"https:\/\/www.africa-press.net\/\">Africa-Press<\/a><\/strong><\/p>\n","protected":false},"excerpt":{"rendered":"<p>Africa-Press &#8211; Cameroun. Investir au Cameroun) &#8211; La ministre des Postes et Te\u0301le\u0301coms, Minette Libom Li Likeng, pre\u0301side ce 2 mars 2023 a\u0300 Yaounde\u0301, la capitale du Cameroun, la ce\u0301re\u0301monie d\u2019ouverture de la 4e e\u0301dition du \u00ab Festival femme nume\u0301rique \u00bb. L\u2019e\u0301ve\u0300nement de cette anne\u0301e est place\u0301 sous le the\u0300me : \u00ab Pour un monde [&hellip;]<\/p>\n","protected":false},"author":82,"featured_media":38214,"comment_status":"open","ping_status":"closed","sticky":false,"template":"","format":"standard","meta":{"footnotes":""},"categories":[3,10],"tags":[36,50,49],"class_list":["post-38216","post","type-post","status-publish","format-standard","has-post-thumbnail","hentry","category-economie","category-toutes-les-actualites","tag-africa-press","tag-africa-press-cameroun","tag-cameroun"],"yoast_head":"<!-- This site is optimized with the Yoast SEO Premium plugin v26.1 (Yoast SEO v27.0) - https:\/\/yoast.com\/product\/yoast-seo-premium-wordpress\/ -->\n<title>TIC\u00a0: la Zlecaf au menu de la 4e \u00e9dition du \u00ab\u2009Festival femme num\u00e9rique\u2009\u00bb ouvert \u00e0 Yaound\u00e9 - Cameroun<\/title>\n<meta name=\"description\" content=\"Investir au Cameroun) - La ministre des Postes et Te\u0301le\u0301coms, Minette Libom Li Likeng, pre\u0301side ce 2 mars 2023 a\u0300 Yaound ...\" \/>\n<meta name=\"robots\" content=\"index, follow, max-snippet:-1, max-image-preview:large, max-video-preview:-1\" \/>\n<link rel=\"canonical\" href=\"https:\/\/www.africa-press.net\/cameroun\/economie\/tic-la-zlecaf-au-menu-de-la-4e-edition-du-festival-femme-numerique-ouvert-a-yaounde\" \/>\n<meta property=\"og:locale\" content=\"fr_FR\" \/>\n<meta property=\"og:type\" content=\"article\" \/>\n<meta property=\"og:title\" content=\"TIC\u00a0: la Zlecaf au menu de la 4e \u00e9dition du \u00ab\u2009Festival femme num\u00e9rique\u2009\u00bb ouvert \u00e0 Yaound\u00e9\" \/>\n<meta property=\"og:description\" content=\"Investir au Cameroun) - La ministre des Postes et Te\u0301le\u0301coms, Minette Libom Li Likeng, pre\u0301side ce 2 mars 2023 a\u0300 Yaound ...\" \/>\n<meta property=\"og:url\" content=\"https:\/\/www.africa-press.net\/cameroun\/economie\/tic-la-zlecaf-au-menu-de-la-4e-edition-du-festival-femme-numerique-ouvert-a-yaounde\" \/>\n<meta property=\"og:site_name\" content=\"Cameroun\" \/>\n<meta property=\"article:published_time\" content=\"2023-03-02T19:00:00+00:00\" \/>\n<meta property=\"article:modified_time\" content=\"2023-03-02T19:27:15+00:00\" \/>\n<meta property=\"og:image\" content=\"https:\/\/static.africa-press.net\/cameroun\/sites\/57\/2023\/03\/postQueueImg_1677771317.35.jpg\" \/>\n\t<meta property=\"og:image:width\" content=\"720\" \/>\n\t<meta property=\"og:image:height\" content=\"479\" \/>\n\t<meta property=\"og:image:type\" content=\"image\/jpeg\" \/>\n<meta name=\"author\" content=\"cfeditorfr\" \/>\n<meta name=\"twitter:card\" content=\"summary_large_image\" \/>\n<meta name=\"twitter:label1\" content=\"\u00c9crit par\" \/>\n\t<meta name=\"twitter:data1\" content=\"cfeditorfr\" \/>\n\t<meta name=\"twitter:label2\" content=\"Dur\u00e9e de lecture estim\u00e9e\" \/>\n\t<meta name=\"twitter:data2\" content=\"2 minutes\" \/>\n<script type=\"application\/ld+json\" class=\"yoast-schema-graph\">{\"@context\":\"https:\/\/schema.org\",\"@graph\":[{\"@type\":\"Article\",\"@id\":\"https:\/\/www.africa-press.net\/cameroun\/economie\/tic-la-zlecaf-au-menu-de-la-4e-edition-du-festival-femme-numerique-ouvert-a-yaounde#article\",\"isPartOf\":{\"@id\":\"https:\/\/www.africa-press.net\/cameroun\/economie\/tic-la-zlecaf-au-menu-de-la-4e-edition-du-festival-femme-numerique-ouvert-a-yaounde\"},\"author\":{\"name\":\"cfeditorfr\",\"@id\":\"https:\/\/www.africa-press.net\/cameroun\/#\/schema\/person\/2b1cf3cd81a31e3cd26889ca66d677f1\"},\"headline\":\"TIC\u00a0: la Zlecaf au menu de la 4e \u00e9dition du \u00ab\u2009Festival femme num\u00e9rique\u2009\u00bb ouvert \u00e0 Yaound\u00e9\",\"datePublished\":\"2023-03-02T19:00:00+00:00\",\"dateModified\":\"2023-03-02T19:27:15+00:00\",\"mainEntityOfPage\":{\"@id\":\"https:\/\/www.africa-press.net\/cameroun\/economie\/tic-la-zlecaf-au-menu-de-la-4e-edition-du-festival-femme-numerique-ouvert-a-yaounde\"},\"wordCount\":260,\"commentCount\":0,\"image\":{\"@id\":\"https:\/\/www.africa-press.net\/cameroun\/economie\/tic-la-zlecaf-au-menu-de-la-4e-edition-du-festival-femme-numerique-ouvert-a-yaounde#primaryimage\"},\"thumbnailUrl\":\"https:\/\/static.africa-press.net\/cameroun\/sites\/57\/2023\/03\/postQueueImg_1677771317.35.jpg\",\"keywords\":[\"Africa Press\",\"Africa Press-Cameroun\",\"Cameroun\"],\"articleSection\":[\"\u00c9conomie\",\"Toutes les actualit\u00e9s\"],\"inLanguage\":\"fr-FR\",\"potentialAction\":[{\"@type\":\"CommentAction\",\"name\":\"Comment\",\"target\":[\"https:\/\/www.africa-press.net\/cameroun\/economie\/tic-la-zlecaf-au-menu-de-la-4e-edition-du-festival-femme-numerique-ouvert-a-yaounde#respond\"]}]},{\"@type\":\"WebPage\",\"@id\":\"https:\/\/www.africa-press.net\/cameroun\/economie\/tic-la-zlecaf-au-menu-de-la-4e-edition-du-festival-femme-numerique-ouvert-a-yaounde\",\"url\":\"https:\/\/www.africa-press.net\/cameroun\/economie\/tic-la-zlecaf-au-menu-de-la-4e-edition-du-festival-femme-numerique-ouvert-a-yaounde\",\"name\":\"TIC\u00a0: la Zlecaf au menu de la 4e \u00e9dition du \u00ab\u2009Festival femme num\u00e9rique\u2009\u00bb ouvert \u00e0 Yaound\u00e9 - Cameroun\",\"isPartOf\":{\"@id\":\"https:\/\/www.africa-press.net\/cameroun\/#website\"},\"primaryImageOfPage\":{\"@id\":\"https:\/\/www.africa-press.net\/cameroun\/economie\/tic-la-zlecaf-au-menu-de-la-4e-edition-du-festival-femme-numerique-ouvert-a-yaounde#primaryimage\"},\"image\":{\"@id\":\"https:\/\/www.africa-press.net\/cameroun\/economie\/tic-la-zlecaf-au-menu-de-la-4e-edition-du-festival-femme-numerique-ouvert-a-yaounde#primaryimage\"},\"thumbnailUrl\":\"https:\/\/static.africa-press.net\/cameroun\/sites\/57\/2023\/03\/postQueueImg_1677771317.35.jpg\",\"datePublished\":\"2023-03-02T19:00:00+00:00\",\"dateModified\":\"2023-03-02T19:27:15+00:00\",\"author\":{\"@id\":\"https:\/\/www.africa-press.net\/cameroun\/#\/schema\/person\/2b1cf3cd81a31e3cd26889ca66d677f1\"},\"description\":\"Investir au Cameroun) - La ministre des Postes et Te\u0301le\u0301coms, Minette Libom Li Likeng, pre\u0301side ce 2 mars 2023 a\u0300 Yaound ...\",\"breadcrumb\":{\"@id\":\"https:\/\/www.africa-press.net\/cameroun\/economie\/tic-la-zlecaf-au-menu-de-la-4e-edition-du-festival-femme-numerique-ouvert-a-yaounde#breadcrumb\"},\"inLanguage\":\"fr-FR\",\"potentialAction\":[{\"@type\":\"ReadAction\",\"target\":[\"https:\/\/www.africa-press.net\/cameroun\/economie\/tic-la-zlecaf-au-menu-de-la-4e-edition-du-festival-femme-numerique-ouvert-a-yaounde\"]}]},{\"@type\":\"ImageObject\",\"inLanguage\":\"fr-FR\",\"@id\":\"https:\/\/www.africa-press.net\/cameroun\/economie\/tic-la-zlecaf-au-menu-de-la-4e-edition-du-festival-femme-numerique-ouvert-a-yaounde#primaryimage\",\"url\":\"https:\/\/static.africa-press.net\/cameroun\/sites\/57\/2023\/03\/postQueueImg_1677771317.35.jpg\",\"contentUrl\":\"https:\/\/static.africa-press.net\/cameroun\/sites\/57\/2023\/03\/postQueueImg_1677771317.35.jpg\",\"width\":720,\"height\":479,\"caption\":\"TIC\u00a0: la Zlecaf au menu de la 4e \u00e9dition du \u00ab\u2009Festival femme num\u00e9rique\u2009\u00bb ouvert \u00e0 Yaound\u00e9\"},{\"@type\":\"BreadcrumbList\",\"@id\":\"https:\/\/www.africa-press.net\/cameroun\/economie\/tic-la-zlecaf-au-menu-de-la-4e-edition-du-festival-femme-numerique-ouvert-a-yaounde#breadcrumb\",\"itemListElement\":[{\"@type\":\"ListItem\",\"position\":1,\"name\":\"Accueil\",\"item\":\"https:\/\/www.africa-press.net\/cameroun\/\"},{\"@type\":\"ListItem\",\"position\":2,\"name\":\"TIC\u00a0: la Zlecaf au menu de la 4e \u00e9dition du \u00ab\u2009Festival femme num\u00e9rique\u2009\u00bb ouvert \u00e0 Yaound\u00e9\"}]},{\"@type\":\"WebSite\",\"@id\":\"https:\/\/www.africa-press.net\/cameroun\/#website\",\"url\":\"https:\/\/www.africa-press.net\/cameroun\/\",\"name\":\"Cameroun\",\"description\":\"Just another Africa News Agency Sites site\",\"potentialAction\":[{\"@type\":\"SearchAction\",\"target\":{\"@type\":\"EntryPoint\",\"urlTemplate\":\"https:\/\/www.africa-press.net\/cameroun\/?s={search_term_string}\"},\"query-input\":{\"@type\":\"PropertyValueSpecification\",\"valueRequired\":true,\"valueName\":\"search_term_string\"}}],\"inLanguage\":\"fr-FR\"},{\"@type\":\"Person\",\"@id\":\"https:\/\/www.africa-press.net\/cameroun\/#\/schema\/person\/2b1cf3cd81a31e3cd26889ca66d677f1\",\"name\":\"cfeditorfr\"}]}<\/script>\n<!-- \/ Yoast SEO Premium plugin. -->","yoast_head_json":{"title":"TIC\u00a0: la Zlecaf au menu de la 4e \u00e9dition du \u00ab\u2009Festival femme num\u00e9rique\u2009\u00bb ouvert \u00e0 Yaound\u00e9 - Cameroun","description":"Investir au Cameroun) - La ministre des Postes et Te\u0301le\u0301coms, Minette Libom Li Likeng, pre\u0301side ce 2 mars 2023 a\u0300 Yaound ...","robots":{"index":"index","follow":"follow","max-snippet":"max-snippet:-1","max-image-preview":"max-image-preview:large","max-video-preview":"max-video-preview:-1"},"canonical":"https:\/\/www.africa-press.net\/cameroun\/economie\/tic-la-zlecaf-au-menu-de-la-4e-edition-du-festival-femme-numerique-ouvert-a-yaounde","og_locale":"fr_FR","og_type":"article","og_title":"TIC\u00a0: la Zlecaf au menu de la 4e \u00e9dition du \u00ab\u2009Festival femme num\u00e9rique\u2009\u00bb ouvert \u00e0 Yaound\u00e9","og_description":"Investir au Cameroun) - La ministre des Postes et Te\u0301le\u0301coms, Minette Libom Li Likeng, pre\u0301side ce 2 mars 2023 a\u0300 Yaound ...","og_url":"https:\/\/www.africa-press.net\/cameroun\/economie\/tic-la-zlecaf-au-menu-de-la-4e-edition-du-festival-femme-numerique-ouvert-a-yaounde","og_site_name":"Cameroun","article_published_time":"2023-03-02T19:00:00+00:00","article_modified_time":"2023-03-02T19:27:15+00:00","og_image":[{"width":720,"height":479,"url":"https:\/\/static.africa-press.net\/cameroun\/sites\/57\/2023\/03\/postQueueImg_1677771317.35.jpg","type":"image\/jpeg"}],"author":"cfeditorfr","twitter_card":"summary_large_image","twitter_misc":{"\u00c9crit par":"cfeditorfr","Dur\u00e9e de lecture estim\u00e9e":"2 minutes"},"schema":{"@context":"https:\/\/schema.org","@graph":[{"@type":"Article","@id":"https:\/\/www.africa-press.net\/cameroun\/economie\/tic-la-zlecaf-au-menu-de-la-4e-edition-du-festival-femme-numerique-ouvert-a-yaounde#article","isPartOf":{"@id":"https:\/\/www.africa-press.net\/cameroun\/economie\/tic-la-zlecaf-au-menu-de-la-4e-edition-du-festival-femme-numerique-ouvert-a-yaounde"},"author":{"name":"cfeditorfr","@id":"https:\/\/www.africa-press.net\/cameroun\/#\/schema\/person\/2b1cf3cd81a31e3cd26889ca66d677f1"},"headline":"TIC\u00a0: la Zlecaf au menu de la 4e \u00e9dition du \u00ab\u2009Festival femme num\u00e9rique\u2009\u00bb ouvert \u00e0 Yaound\u00e9","datePublished":"2023-03-02T19:00:00+00:00","dateModified":"2023-03-02T19:27:15+00:00","mainEntityOfPage":{"@id":"https:\/\/www.africa-press.net\/cameroun\/economie\/tic-la-zlecaf-au-menu-de-la-4e-edition-du-festival-femme-numerique-ouvert-a-yaounde"},"wordCount":260,"commentCount":0,"image":{"@id":"https:\/\/www.africa-press.net\/cameroun\/economie\/tic-la-zlecaf-au-menu-de-la-4e-edition-du-festival-femme-numerique-ouvert-a-yaounde#primaryimage"},"thumbnailUrl":"https:\/\/static.africa-press.net\/cameroun\/sites\/57\/2023\/03\/postQueueImg_1677771317.35.jpg","keywords":["Africa Press","Africa Press-Cameroun","Cameroun"],"articleSection":["\u00c9conomie","Toutes les actualit\u00e9s"],"inLanguage":"fr-FR","potentialAction":[{"@type":"CommentAction","name":"Comment","target":["https:\/\/www.africa-press.net\/cameroun\/economie\/tic-la-zlecaf-au-menu-de-la-4e-edition-du-festival-femme-numerique-ouvert-a-yaounde#respond"]}]},{"@type":"WebPage","@id":"https:\/\/www.africa-press.net\/cameroun\/economie\/tic-la-zlecaf-au-menu-de-la-4e-edition-du-festival-femme-numerique-ouvert-a-yaounde","url":"https:\/\/www.africa-press.net\/cameroun\/economie\/tic-la-zlecaf-au-menu-de-la-4e-edition-du-festival-femme-numerique-ouvert-a-yaounde","name":"TIC\u00a0: la Zlecaf au menu de la 4e \u00e9dition du \u00ab\u2009Festival femme num\u00e9rique\u2009\u00bb ouvert \u00e0 Yaound\u00e9 - Cameroun","isPartOf":{"@id":"https:\/\/www.africa-press.net\/cameroun\/#website"},"primaryImageOfPage":{"@id":"https:\/\/www.africa-press.net\/cameroun\/economie\/tic-la-zlecaf-au-menu-de-la-4e-edition-du-festival-femme-numerique-ouvert-a-yaounde#primaryimage"},"image":{"@id":"https:\/\/www.africa-press.net\/cameroun\/economie\/tic-la-zlecaf-au-menu-de-la-4e-edition-du-festival-femme-numerique-ouvert-a-yaounde#primaryimage"},"thumbnailUrl":"https:\/\/static.africa-press.net\/cameroun\/sites\/57\/2023\/03\/postQueueImg_1677771317.35.jpg","datePublished":"2023-03-02T19:00:00+00:00","dateModified":"2023-03-02T19:27:15+00:00","author":{"@id":"https:\/\/www.africa-press.net\/cameroun\/#\/schema\/person\/2b1cf3cd81a31e3cd26889ca66d677f1"},"description":"Investir au Cameroun) - La ministre des Postes et Te\u0301le\u0301coms, Minette Libom Li Likeng, pre\u0301side ce 2 mars 2023 a\u0300 Yaound ...","breadcrumb":{"@id":"https:\/\/www.africa-press.net\/cameroun\/economie\/tic-la-zlecaf-au-menu-de-la-4e-edition-du-festival-femme-numerique-ouvert-a-yaounde#breadcrumb"},"inLanguage":"fr-FR","potentialAction":[{"@type":"ReadAction","target":["https:\/\/www.africa-press.net\/cameroun\/economie\/tic-la-zlecaf-au-menu-de-la-4e-edition-du-festival-femme-numerique-ouvert-a-yaounde"]}]},{"@type":"ImageObject","inLanguage":"fr-FR","@id":"https:\/\/www.africa-press.net\/cameroun\/economie\/tic-la-zlecaf-au-menu-de-la-4e-edition-du-festival-femme-numerique-ouvert-a-yaounde#primaryimage","url":"https:\/\/static.africa-press.net\/cameroun\/sites\/57\/2023\/03\/postQueueImg_1677771317.35.jpg","contentUrl":"https:\/\/static.africa-press.net\/cameroun\/sites\/57\/2023\/03\/postQueueImg_1677771317.35.jpg","width":720,"height":479,"caption":"TIC\u00a0: la Zlecaf au menu de la 4e \u00e9dition du \u00ab\u2009Festival femme num\u00e9rique\u2009\u00bb ouvert \u00e0 Yaound\u00e9"},{"@type":"BreadcrumbList","@id":"https:\/\/www.africa-press.net\/cameroun\/economie\/tic-la-zlecaf-au-menu-de-la-4e-edition-du-festival-femme-numerique-ouvert-a-yaounde#breadcrumb","itemListElement":[{"@type":"ListItem","position":1,"name":"Accueil","item":"https:\/\/www.africa-press.net\/cameroun\/"},{"@type":"ListItem","position":2,"name":"TIC\u00a0: la Zlecaf au menu de la 4e \u00e9dition du \u00ab\u2009Festival femme num\u00e9rique\u2009\u00bb ouvert \u00e0 Yaound\u00e9"}]},{"@type":"WebSite","@id":"https:\/\/www.africa-press.net\/cameroun\/#website","url":"https:\/\/www.africa-press.net\/cameroun\/","name":"Cameroun","description":"Just another Africa News Agency Sites site","potentialAction":[{"@type":"SearchAction","target":{"@type":"EntryPoint","urlTemplate":"https:\/\/www.africa-press.net\/cameroun\/?s={search_term_string}"},"query-input":{"@type":"PropertyValueSpecification","valueRequired":true,"valueName":"search_term_string"}}],"inLanguage":"fr-FR"},{"@type":"Person","@id":"https:\/\/www.africa-press.net\/cameroun\/#\/schema\/person\/2b1cf3cd81a31e3cd26889ca66d677f1","name":"cfeditorfr"}]}},"_links":{"self":[{"href":"https:\/\/www.africa-press.net\/cameroun\/wp-json\/wp\/v2\/posts\/38216","targetHints":{"allow":["GET"]}}],"collection":[{"href":"https:\/\/www.africa-press.net\/cameroun\/wp-json\/wp\/v2\/posts"}],"about":[{"href":"https:\/\/www.africa-press.net\/cameroun\/wp-json\/wp\/v2\/types\/post"}],"author":[{"embeddable":true,"href":"https:\/\/www.africa-press.net\/cameroun\/wp-json\/wp\/v2\/users\/82"}],"replies":[{"embeddable":true,"href":"https:\/\/www.africa-press.net\/cameroun\/wp-json\/wp\/v2\/comments?post=38216"}],"version-history":[{"count":0,"href":"https:\/\/www.africa-press.net\/cameroun\/wp-json\/wp\/v2\/posts\/38216\/revisions"}],"wp:featuredmedia":[{"embeddable":true,"href":"https:\/\/www.africa-press.net\/cameroun\/wp-json\/wp\/v2\/media\/38214"}],"wp:attachment":[{"href":"https:\/\/www.africa-press.net\/cameroun\/wp-json\/wp\/v2\/media?parent=38216"}],"wp:term":[{"taxonomy":"category","embeddable":true,"href":"https:\/\/www.africa-press.net\/cameroun\/wp-json\/wp\/v2\/categories?post=38216"},{"taxonomy":"post_tag","embeddable":true,"href":"https:\/\/www.africa-press.net\/cameroun\/wp-json\/wp\/v2\/tags?post=38216"}],"curies":[{"name":"wp","href":"https:\/\/api.w.org\/{rel}","templated":true}]}}