{"id":38227,"date":"2023-03-03T12:29:07","date_gmt":"2023-03-03T12:29:07","guid":{"rendered":"https:\/\/www.africa-press.net\/cameroun\/politique\/cest-le-jour-j-depart-des-suspects-du-sed-amougou-belinga-entame-son-dernier-virage"},"modified":"2023-03-03T12:29:07","modified_gmt":"2023-03-03T12:29:07","slug":"cest-le-jour-j-depart-des-suspects-du-sed-amougou-belinga-entame-son-dernier-virage","status":"publish","type":"post","link":"https:\/\/www.africa-press.net\/cameroun\/toutes-les-actualites\/cest-le-jour-j-depart-des-suspects-du-sed-amougou-belinga-entame-son-dernier-virage","title":{"rendered":"C&rsquo;est le jour J : d\u00e9part des suspects du SED, Amougou Belinga entame son dernier virage"},"content":{"rendered":"<p><span style=\"color: #ff6600\"><strong>Africa-Press &#8211; Cameroun. <\/strong><\/span>Il y a un moment maintenant que des personnes sont suspecte\u0301es d\u2019avoir assassine\u0301 le journaliste et directeur ge\u0301ne\u0301ral de la radio Amplitude FM Martinez Zogo. Elles ont e\u0301te\u0301 interpelle\u0301es et sont depuis plusieurs semaines de\u0301tenues par les enque\u0302teurs de la police et de la gendarmerie au Secre\u0301tariat d\u2019E\u0301tat a\u0300 la de\u0301fense (SED).<\/p>\n<p>Ce sont entre autres individus, l\u2019homme d\u2019affaires et milliardaire Jean-Pierre Amougou Belinga, l\u2019homme de me\u0301dia et directeur ge\u0301ne\u0301ral du groupe L\u2019Anecdote Bruno Bidjang, le beau-pe\u0300re de Jean-Pierre Amougou Belinga qui est e\u0301galement un ancien commandant de la garde pre\u0301sidentielle Raymond Etoundi Nsoe, Le patron de la Direction ge\u0301ne\u0301rale de la recherche exte\u0301rieure (DGRE) Le\u0301opold Maxime Eko Eko, le bras droit de Le\u0301opold Maxime Eko Eko qui est Justin Danwe le chef des ope\u0301rations spe\u0301ciales a\u0300 la DGRE, l\u2019homme qui se serait passe\u0301 a\u0300 table en premier pour faire des aveux choquants et accablants.<\/p>\n<p>Deux (02) fois de\u0301ja\u0300, les personnes garde\u0301es en vue sont passe\u0301es devant le commissaire du gouvernement au tribunal militaire de Yaounde\u0301. Mais ensuite, elles ont e\u0301te\u0301 retourne\u0301es au SED pour semble-t-il, approfondissement des enque\u0302tes.<\/p>\n<p>Les heures a\u0300 venir, il devrait avoir de nouvelles e\u0301volutions de l\u2019affaire retentissante jusqu\u2019ici, si on se fie aux propos du journaliste politique et lanceur d\u2019alertes Boris Bertolt.<\/p>\n<p>Dans une publication sur les re\u0301seaux sociaux, une e\u0301nie\u0300me de la journe\u0301e vendredi, l\u2019homme en exil informe que \u00ab les suspects dans l&rsquo;assassinat du journaliste Martinez Zogo devraient quitter le Secre\u0301tariat d\u2019E\u0301tat a\u0300 la de\u0301fense (SED) a\u0300 partir de treize (13) heures \u00bb.<\/p>\n<p>Et cela \u00ab apre\u0300s le retour a\u0300 son bureau du ministre la De\u0301fense, Joseph Beti Assomo \u00bb, apprend-on. Le mouvement devrait e\u0302tre effectue\u0301 jeudi le 02 mars mais a\u0300 la dernie\u0300re minute, nous avions appris qu\u2019il y a eu du changement et Jean-Pierre Amougou Belinga et Cie sont reste\u0301s dans leur cellule au SED.<\/p>\n<p>S\u2019ils viennent a\u0300 se pre\u0301senter de nouveau devant le commissaire du gouvernement, le dossier peut s\u2019acce\u0301le\u0301rer rapidement et un mandat de de\u0301po\u0302t pourrait me\u0302me e\u0302tre de\u0301livre\u0301 selon les informations que nous avons a\u0300 notre disposition.<\/p>\n<p>Maintenant, au fur et a\u0300 mesure que les jours passent, il n\u2019est plus question de leur libe\u0301ration mais pluto\u0302t tout le monde se demande comment pourraient-ils e\u0301chapper a\u0300 la prison vu les accusations qui pe\u0300sent sur eux.<\/p>\n<p>Me\u0302me si l\u2019avocat conseil de Justin Danwe nie que son client n\u2019a jamais de\u0301nonce\u0301 aucun membre du gouvernement dans cette affaire, d\u2019autres sources fiables indiquent que le collaborateur de Le\u0301opold Maxime Eko Eko s\u2019est bien mis a\u0300 table et a donne\u0301 des e\u0301le\u0301ments de preuve aux enque\u0302teurs qui les exploitent comme cela se doit.<\/p>\n<p><strong>Pour plus d&rsquo;informations et d&rsquo;analyses sur la <a href=\"https:\/\/www.africa-press.net\/cameroun\">Cameroun<\/a>, suivez <a href=\"https:\/\/www.africa-press.net\/\">Africa-Press<\/a><\/strong><\/p>\n","protected":false},"excerpt":{"rendered":"<p>Africa-Press &#8211; Cameroun. Il y a un moment maintenant que des personnes sont suspecte\u0301es d\u2019avoir assassine\u0301 le journaliste et directeur ge\u0301ne\u0301ral de la radio Amplitude FM Martinez Zogo. Elles ont e\u0301te\u0301 interpelle\u0301es et sont depuis plusieurs semaines de\u0301tenues par les enque\u0302teurs de la police et de la gendarmerie au Secre\u0301tariat d\u2019E\u0301tat a\u0300 la de\u0301fense (SED). [&hellip;]<\/p>\n","protected":false},"author":82,"featured_media":38225,"comment_status":"open","ping_status":"closed","sticky":false,"template":"","format":"standard","meta":{"footnotes":""},"categories":[21,10],"tags":[36,50,49],"class_list":["post-38227","post","type-post","status-publish","format-standard","has-post-thumbnail","hentry","category-communaute","category-toutes-les-actualites","tag-africa-press","tag-africa-press-cameroun","tag-cameroun"],"yoast_head":"<!-- This site is optimized with the Yoast SEO Premium plugin v26.1 (Yoast SEO v27.0) - https:\/\/yoast.com\/product\/yoast-seo-premium-wordpress\/ -->\n<title>C&#039;est le jour J : d\u00e9part des suspects du SED, Amougou Belinga entame son dernier virage - Cameroun<\/title>\n<meta name=\"robots\" content=\"index, follow, max-snippet:-1, max-image-preview:large, max-video-preview:-1\" \/>\n<link rel=\"canonical\" href=\"https:\/\/www.africa-press.net\/cameroun\/politique\/cest-le-jour-j-depart-des-suspects-du-sed-amougou-belinga-entame-son-dernier-virage\" \/>\n<meta property=\"og:locale\" content=\"fr_FR\" \/>\n<meta property=\"og:type\" content=\"article\" \/>\n<meta property=\"og:title\" content=\"C&#039;est le jour J : d\u00e9part des suspects du SED, Amougou Belinga entame son dernier virage\" \/>\n<meta property=\"og:description\" content=\"Africa-Press &#8211; Cameroun. Il y a un moment maintenant que des personnes sont suspecte\u0301es d\u2019avoir assassine\u0301 le journaliste et directeur ge\u0301ne\u0301ral de la radio Amplitude FM Martinez Zogo. Elles ont e\u0301te\u0301 interpelle\u0301es et sont depuis plusieurs semaines de\u0301tenues par les enque\u0302teurs de la police et de la gendarmerie au Secre\u0301tariat d\u2019E\u0301tat a\u0300 la de\u0301fense (SED). [&hellip;]\" \/>\n<meta property=\"og:url\" content=\"https:\/\/www.africa-press.net\/cameroun\/politique\/cest-le-jour-j-depart-des-suspects-du-sed-amougou-belinga-entame-son-dernier-virage\" \/>\n<meta property=\"og:site_name\" content=\"Cameroun\" \/>\n<meta property=\"article:published_time\" content=\"2023-03-03T12:29:07+00:00\" \/>\n<meta name=\"author\" content=\"cfeditorfr\" \/>\n<meta name=\"twitter:card\" content=\"summary_large_image\" \/>\n<meta name=\"twitter:label1\" content=\"\u00c9crit par\" \/>\n\t<meta name=\"twitter:data1\" content=\"cfeditorfr\" \/>\n\t<meta name=\"twitter:label2\" content=\"Dur\u00e9e de lecture estim\u00e9e\" \/>\n\t<meta name=\"twitter:data2\" content=\"3 minutes\" \/>\n<script type=\"application\/ld+json\" class=\"yoast-schema-graph\">{\"@context\":\"https:\/\/schema.org\",\"@graph\":[{\"@type\":\"Article\",\"@id\":\"https:\/\/www.africa-press.net\/cameroun\/politique\/cest-le-jour-j-depart-des-suspects-du-sed-amougou-belinga-entame-son-dernier-virage#article\",\"isPartOf\":{\"@id\":\"https:\/\/www.africa-press.net\/cameroun\/politique\/cest-le-jour-j-depart-des-suspects-du-sed-amougou-belinga-entame-son-dernier-virage\"},\"author\":{\"name\":\"cfeditorfr\",\"@id\":\"https:\/\/www.africa-press.net\/cameroun\/#\/schema\/person\/2b1cf3cd81a31e3cd26889ca66d677f1\"},\"headline\":\"C&rsquo;est le jour J : d\u00e9part des suspects du SED, Amougou Belinga entame son dernier virage\",\"datePublished\":\"2023-03-03T12:29:07+00:00\",\"mainEntityOfPage\":{\"@id\":\"https:\/\/www.africa-press.net\/cameroun\/politique\/cest-le-jour-j-depart-des-suspects-du-sed-amougou-belinga-entame-son-dernier-virage\"},\"wordCount\":536,\"commentCount\":0,\"image\":{\"@id\":\"https:\/\/www.africa-press.net\/cameroun\/politique\/cest-le-jour-j-depart-des-suspects-du-sed-amougou-belinga-entame-son-dernier-virage#primaryimage\"},\"thumbnailUrl\":\"https:\/\/static.africa-press.net\/cameroun\/sites\/57\/2023\/03\/postQueueImg_1677833949.64.jpg\",\"keywords\":[\"Africa Press\",\"Africa Press-Cameroun\",\"Cameroun\"],\"articleSection\":[\"Communaut\u00e9\",\"Toutes les actualit\u00e9s\"],\"inLanguage\":\"fr-FR\",\"potentialAction\":[{\"@type\":\"CommentAction\",\"name\":\"Comment\",\"target\":[\"https:\/\/www.africa-press.net\/cameroun\/politique\/cest-le-jour-j-depart-des-suspects-du-sed-amougou-belinga-entame-son-dernier-virage#respond\"]}]},{\"@type\":\"WebPage\",\"@id\":\"https:\/\/www.africa-press.net\/cameroun\/politique\/cest-le-jour-j-depart-des-suspects-du-sed-amougou-belinga-entame-son-dernier-virage\",\"url\":\"https:\/\/www.africa-press.net\/cameroun\/politique\/cest-le-jour-j-depart-des-suspects-du-sed-amougou-belinga-entame-son-dernier-virage\",\"name\":\"C'est le jour J : d\u00e9part des suspects du SED, Amougou Belinga entame son dernier virage - Cameroun\",\"isPartOf\":{\"@id\":\"https:\/\/www.africa-press.net\/cameroun\/#website\"},\"primaryImageOfPage\":{\"@id\":\"https:\/\/www.africa-press.net\/cameroun\/politique\/cest-le-jour-j-depart-des-suspects-du-sed-amougou-belinga-entame-son-dernier-virage#primaryimage\"},\"image\":{\"@id\":\"https:\/\/www.africa-press.net\/cameroun\/politique\/cest-le-jour-j-depart-des-suspects-du-sed-amougou-belinga-entame-son-dernier-virage#primaryimage\"},\"thumbnailUrl\":\"https:\/\/static.africa-press.net\/cameroun\/sites\/57\/2023\/03\/postQueueImg_1677833949.64.jpg\",\"datePublished\":\"2023-03-03T12:29:07+00:00\",\"author\":{\"@id\":\"https:\/\/www.africa-press.net\/cameroun\/#\/schema\/person\/2b1cf3cd81a31e3cd26889ca66d677f1\"},\"breadcrumb\":{\"@id\":\"https:\/\/www.africa-press.net\/cameroun\/politique\/cest-le-jour-j-depart-des-suspects-du-sed-amougou-belinga-entame-son-dernier-virage#breadcrumb\"},\"inLanguage\":\"fr-FR\",\"potentialAction\":[{\"@type\":\"ReadAction\",\"target\":[\"https:\/\/www.africa-press.net\/cameroun\/politique\/cest-le-jour-j-depart-des-suspects-du-sed-amougou-belinga-entame-son-dernier-virage\"]}]},{\"@type\":\"ImageObject\",\"inLanguage\":\"fr-FR\",\"@id\":\"https:\/\/www.africa-press.net\/cameroun\/politique\/cest-le-jour-j-depart-des-suspects-du-sed-amougou-belinga-entame-son-dernier-virage#primaryimage\",\"url\":\"https:\/\/static.africa-press.net\/cameroun\/sites\/57\/2023\/03\/postQueueImg_1677833949.64.jpg\",\"contentUrl\":\"https:\/\/static.africa-press.net\/cameroun\/sites\/57\/2023\/03\/postQueueImg_1677833949.64.jpg\",\"width\":720,\"height\":339,\"caption\":\"C'est le jour J : d\u00e9part des suspects du SED, Amougou Belinga entame son dernier virage\"},{\"@type\":\"BreadcrumbList\",\"@id\":\"https:\/\/www.africa-press.net\/cameroun\/politique\/cest-le-jour-j-depart-des-suspects-du-sed-amougou-belinga-entame-son-dernier-virage#breadcrumb\",\"itemListElement\":[{\"@type\":\"ListItem\",\"position\":1,\"name\":\"Accueil\",\"item\":\"https:\/\/www.africa-press.net\/cameroun\/\"},{\"@type\":\"ListItem\",\"position\":2,\"name\":\"C&rsquo;est le jour J : d\u00e9part des suspects du SED, Amougou Belinga entame son dernier virage\"}]},{\"@type\":\"WebSite\",\"@id\":\"https:\/\/www.africa-press.net\/cameroun\/#website\",\"url\":\"https:\/\/www.africa-press.net\/cameroun\/\",\"name\":\"Cameroun\",\"description\":\"Just another Africa News Agency Sites site\",\"potentialAction\":[{\"@type\":\"SearchAction\",\"target\":{\"@type\":\"EntryPoint\",\"urlTemplate\":\"https:\/\/www.africa-press.net\/cameroun\/?s={search_term_string}\"},\"query-input\":{\"@type\":\"PropertyValueSpecification\",\"valueRequired\":true,\"valueName\":\"search_term_string\"}}],\"inLanguage\":\"fr-FR\"},{\"@type\":\"Person\",\"@id\":\"https:\/\/www.africa-press.net\/cameroun\/#\/schema\/person\/2b1cf3cd81a31e3cd26889ca66d677f1\",\"name\":\"cfeditorfr\"}]}<\/script>\n<!-- \/ Yoast SEO Premium plugin. -->","yoast_head_json":{"title":"C'est le jour J : d\u00e9part des suspects du SED, Amougou Belinga entame son dernier virage - Cameroun","robots":{"index":"index","follow":"follow","max-snippet":"max-snippet:-1","max-image-preview":"max-image-preview:large","max-video-preview":"max-video-preview:-1"},"canonical":"https:\/\/www.africa-press.net\/cameroun\/politique\/cest-le-jour-j-depart-des-suspects-du-sed-amougou-belinga-entame-son-dernier-virage","og_locale":"fr_FR","og_type":"article","og_title":"C'est le jour J : d\u00e9part des suspects du SED, Amougou Belinga entame son dernier virage","og_description":"Africa-Press &#8211; Cameroun. Il y a un moment maintenant que des personnes sont suspecte\u0301es d\u2019avoir assassine\u0301 le journaliste et directeur ge\u0301ne\u0301ral de la radio Amplitude FM Martinez Zogo. Elles ont e\u0301te\u0301 interpelle\u0301es et sont depuis plusieurs semaines de\u0301tenues par les enque\u0302teurs de la police et de la gendarmerie au Secre\u0301tariat d\u2019E\u0301tat a\u0300 la de\u0301fense (SED). [&hellip;]","og_url":"https:\/\/www.africa-press.net\/cameroun\/politique\/cest-le-jour-j-depart-des-suspects-du-sed-amougou-belinga-entame-son-dernier-virage","og_site_name":"Cameroun","article_published_time":"2023-03-03T12:29:07+00:00","author":"cfeditorfr","twitter_card":"summary_large_image","twitter_misc":{"\u00c9crit par":"cfeditorfr","Dur\u00e9e de lecture estim\u00e9e":"3 minutes"},"schema":{"@context":"https:\/\/schema.org","@graph":[{"@type":"Article","@id":"https:\/\/www.africa-press.net\/cameroun\/politique\/cest-le-jour-j-depart-des-suspects-du-sed-amougou-belinga-entame-son-dernier-virage#article","isPartOf":{"@id":"https:\/\/www.africa-press.net\/cameroun\/politique\/cest-le-jour-j-depart-des-suspects-du-sed-amougou-belinga-entame-son-dernier-virage"},"author":{"name":"cfeditorfr","@id":"https:\/\/www.africa-press.net\/cameroun\/#\/schema\/person\/2b1cf3cd81a31e3cd26889ca66d677f1"},"headline":"C&rsquo;est le jour J : d\u00e9part des suspects du SED, Amougou Belinga entame son dernier virage","datePublished":"2023-03-03T12:29:07+00:00","mainEntityOfPage":{"@id":"https:\/\/www.africa-press.net\/cameroun\/politique\/cest-le-jour-j-depart-des-suspects-du-sed-amougou-belinga-entame-son-dernier-virage"},"wordCount":536,"commentCount":0,"image":{"@id":"https:\/\/www.africa-press.net\/cameroun\/politique\/cest-le-jour-j-depart-des-suspects-du-sed-amougou-belinga-entame-son-dernier-virage#primaryimage"},"thumbnailUrl":"https:\/\/static.africa-press.net\/cameroun\/sites\/57\/2023\/03\/postQueueImg_1677833949.64.jpg","keywords":["Africa Press","Africa Press-Cameroun","Cameroun"],"articleSection":["Communaut\u00e9","Toutes les actualit\u00e9s"],"inLanguage":"fr-FR","potentialAction":[{"@type":"CommentAction","name":"Comment","target":["https:\/\/www.africa-press.net\/cameroun\/politique\/cest-le-jour-j-depart-des-suspects-du-sed-amougou-belinga-entame-son-dernier-virage#respond"]}]},{"@type":"WebPage","@id":"https:\/\/www.africa-press.net\/cameroun\/politique\/cest-le-jour-j-depart-des-suspects-du-sed-amougou-belinga-entame-son-dernier-virage","url":"https:\/\/www.africa-press.net\/cameroun\/politique\/cest-le-jour-j-depart-des-suspects-du-sed-amougou-belinga-entame-son-dernier-virage","name":"C'est le jour J : d\u00e9part des suspects du SED, Amougou Belinga entame son dernier virage - Cameroun","isPartOf":{"@id":"https:\/\/www.africa-press.net\/cameroun\/#website"},"primaryImageOfPage":{"@id":"https:\/\/www.africa-press.net\/cameroun\/politique\/cest-le-jour-j-depart-des-suspects-du-sed-amougou-belinga-entame-son-dernier-virage#primaryimage"},"image":{"@id":"https:\/\/www.africa-press.net\/cameroun\/politique\/cest-le-jour-j-depart-des-suspects-du-sed-amougou-belinga-entame-son-dernier-virage#primaryimage"},"thumbnailUrl":"https:\/\/static.africa-press.net\/cameroun\/sites\/57\/2023\/03\/postQueueImg_1677833949.64.jpg","datePublished":"2023-03-03T12:29:07+00:00","author":{"@id":"https:\/\/www.africa-press.net\/cameroun\/#\/schema\/person\/2b1cf3cd81a31e3cd26889ca66d677f1"},"breadcrumb":{"@id":"https:\/\/www.africa-press.net\/cameroun\/politique\/cest-le-jour-j-depart-des-suspects-du-sed-amougou-belinga-entame-son-dernier-virage#breadcrumb"},"inLanguage":"fr-FR","potentialAction":[{"@type":"ReadAction","target":["https:\/\/www.africa-press.net\/cameroun\/politique\/cest-le-jour-j-depart-des-suspects-du-sed-amougou-belinga-entame-son-dernier-virage"]}]},{"@type":"ImageObject","inLanguage":"fr-FR","@id":"https:\/\/www.africa-press.net\/cameroun\/politique\/cest-le-jour-j-depart-des-suspects-du-sed-amougou-belinga-entame-son-dernier-virage#primaryimage","url":"https:\/\/static.africa-press.net\/cameroun\/sites\/57\/2023\/03\/postQueueImg_1677833949.64.jpg","contentUrl":"https:\/\/static.africa-press.net\/cameroun\/sites\/57\/2023\/03\/postQueueImg_1677833949.64.jpg","width":720,"height":339,"caption":"C'est le jour J : d\u00e9part des suspects du SED, Amougou Belinga entame son dernier virage"},{"@type":"BreadcrumbList","@id":"https:\/\/www.africa-press.net\/cameroun\/politique\/cest-le-jour-j-depart-des-suspects-du-sed-amougou-belinga-entame-son-dernier-virage#breadcrumb","itemListElement":[{"@type":"ListItem","position":1,"name":"Accueil","item":"https:\/\/www.africa-press.net\/cameroun\/"},{"@type":"ListItem","position":2,"name":"C&rsquo;est le jour J : d\u00e9part des suspects du SED, Amougou Belinga entame son dernier virage"}]},{"@type":"WebSite","@id":"https:\/\/www.africa-press.net\/cameroun\/#website","url":"https:\/\/www.africa-press.net\/cameroun\/","name":"Cameroun","description":"Just another Africa News Agency Sites site","potentialAction":[{"@type":"SearchAction","target":{"@type":"EntryPoint","urlTemplate":"https:\/\/www.africa-press.net\/cameroun\/?s={search_term_string}"},"query-input":{"@type":"PropertyValueSpecification","valueRequired":true,"valueName":"search_term_string"}}],"inLanguage":"fr-FR"},{"@type":"Person","@id":"https:\/\/www.africa-press.net\/cameroun\/#\/schema\/person\/2b1cf3cd81a31e3cd26889ca66d677f1","name":"cfeditorfr"}]}},"_links":{"self":[{"href":"https:\/\/www.africa-press.net\/cameroun\/wp-json\/wp\/v2\/posts\/38227","targetHints":{"allow":["GET"]}}],"collection":[{"href":"https:\/\/www.africa-press.net\/cameroun\/wp-json\/wp\/v2\/posts"}],"about":[{"href":"https:\/\/www.africa-press.net\/cameroun\/wp-json\/wp\/v2\/types\/post"}],"author":[{"embeddable":true,"href":"https:\/\/www.africa-press.net\/cameroun\/wp-json\/wp\/v2\/users\/82"}],"replies":[{"embeddable":true,"href":"https:\/\/www.africa-press.net\/cameroun\/wp-json\/wp\/v2\/comments?post=38227"}],"version-history":[{"count":0,"href":"https:\/\/www.africa-press.net\/cameroun\/wp-json\/wp\/v2\/posts\/38227\/revisions"}],"wp:featuredmedia":[{"embeddable":true,"href":"https:\/\/www.africa-press.net\/cameroun\/wp-json\/wp\/v2\/media\/38225"}],"wp:attachment":[{"href":"https:\/\/www.africa-press.net\/cameroun\/wp-json\/wp\/v2\/media?parent=38227"}],"wp:term":[{"taxonomy":"category","embeddable":true,"href":"https:\/\/www.africa-press.net\/cameroun\/wp-json\/wp\/v2\/categories?post=38227"},{"taxonomy":"post_tag","embeddable":true,"href":"https:\/\/www.africa-press.net\/cameroun\/wp-json\/wp\/v2\/tags?post=38227"}],"curies":[{"name":"wp","href":"https:\/\/api.w.org\/{rel}","templated":true}]}}