{"id":38231,"date":"2023-03-03T12:29:11","date_gmt":"2023-03-03T12:29:11","guid":{"rendered":"https:\/\/www.africa-press.net\/cameroun\/politique\/assemblee-nationale-le-remplacant-de-cavaye-yeguie-ouvre-la-session-de-mars-2023"},"modified":"2023-03-03T13:20:18","modified_gmt":"2023-03-03T13:20:18","slug":"assemblee-nationale-le-remplacant-de-cavaye-yeguie-ouvre-la-session-de-mars-2023","status":"publish","type":"post","link":"https:\/\/www.africa-press.net\/cameroun\/politique\/assemblee-nationale-le-remplacant-de-cavaye-yeguie-ouvre-la-session-de-mars-2023","title":{"rendered":"Assembl\u00e9e nationale: le rempla\u00e7ant de Cavaye Yegui\u00e9 ouvre la session de Mars 2023"},"content":{"rendered":"<p><span style=\"color: #ff6600\"><strong>Africa-Press &#8211; Cameroun. <\/strong><\/span>Depuis quelques jours, plusieurs journaux avaient annonce\u0301 que le pre\u0301sident de l&rsquo;Assemble\u0301e nationale en disgra\u0302ce aupre\u0300s de Biya, ne va plus diriger la troisie\u0300me institution du pays. Ce vendredi 3 mars, Cavaye Yeguie\u0301 e\u0301tait absent a\u0300 l&rsquo;ouverture des travaux de la session de mars 2023.<\/p>\n<p>La session a e\u0301te\u0301 ouverte par Koa Mengue Laurentine Epse Mbe\u0301de\u0301, Doyenne d\u2019a\u0302ge de l\u2019Assemble\u0301e nationale.<\/p>\n<p>Le journal Sans De\u0301tour, dans sa parution du lundi 27 fe\u0301vrier, annonc\u0327ait que le pre\u0301sident de l&rsquo;Assemble\u0301e nationale vivrait ses derniers jours.<\/p>\n<p>\u00ab\u00a0Cavaye Yeguie\u0301 vit-il ses dernie\u0300res heures au perchoir?\u00a0\u00bb, avait titre\u0301 le journal a\u0300 sa Une, avec une pre\u0301cision qui ne laisse pas indiffe\u0301rent.<\/p>\n<p>\u00ab\u00a0Son remplacement serait de\u0301ja\u0300 acte\u0301 et devrait intervenir au cours de la session de mars qui s&rsquo;ouvre ce vendredi, si l&rsquo;on s&rsquo;en tient aux discre\u0301tions qui fusent des coulisses du pouvoir de Yaounde\u0301\u00a0\u00bb, ajoute le journal. Notre confre\u0300re pre\u0301cise e\u0301galement que le remplac\u0327ant de la troisie\u0300me personnalite\u0301 du pays est d&rsquo;ailleurs de\u0301ja\u0300 connu.<\/p>\n<p>Ce vendredi, l&rsquo;ouverture des travaux a\u0300 l&rsquo;Assemble\u0301e par Koa Mengue Laurentine Epse Mbe\u0301de\u0301, semble donner raison a\u0300 nos confre\u0300res. Me\u0302me si officiellement, rien n&rsquo;est encore dit sur la pre\u0301sidence de l&rsquo;Assemble\u0301e nationale. Jusqu&rsquo;a\u0300 ce qu&rsquo;une note officielle n&rsquo;annonce que Yeguie\u0301 a e\u0301te\u0301 de\u0301mis de ses fonctions, il faut dire qu&rsquo;il est toujours l&rsquo;Assemble\u0301e nationale.<\/p>\n<p>La doyenne d&rsquo;a\u0302ge en ouvrant les travaux ce vendredi, a prononce\u0301 un discours. La re\u0301daction de CamerounWeb vous la propose:<\/p>\n<p>\u00ab\u00a0DISCOURS D\u2019OUVERTURE DE L\u2019HONORABLE KOA MFEGUE Laurentine DOYENNE D\u2019AGE<\/p>\n<p>DE L\u2019ASSEMBLEE NATIONALE DU CAMEROUN<\/p>\n<p>&#8211; Excellences,<\/p>\n<p>&#8211; Honorables De\u0301pute\u0301s et chers Colle\u0300gues,<\/p>\n<p>&#8211; Mesdames et Messieurs.<\/p>\n<p>Il s\u2019appelait TAK Bienvenu. Il e\u0301tait e\u0301lu de la nation, De\u0301pute\u0301 du Rassemblement De\u0301mocratique du Peuple Camerounais (RDPC), circonscription du Lom et Dje\u0301rem, Re\u0301gion de l\u2019Est Cameroun. Il nous a quitte\u0301s, le 22 De\u0301cembre 2022 des suites de maladie. Il e\u0301tait a\u0300 son deuxie\u0300me mandat dans cet he\u0301micycle, ou\u0300 il occupait les fonctions de Pre\u0301sident de la Commission des Re\u0301solutions et des Pe\u0301titions. Il a e\u0301te\u0301 conduit a\u0300 sa dernie\u0300re demeure a\u0300 YANDA I, son village natal, le 04 Fe\u0301vrier 2023.<\/p>\n<p>Par ma voix, et du haut de cette tribune, la Chambre entie\u0300re adresse a\u0300 la famille du de\u0301funt et a\u0300 son e\u0301lectorat si durement e\u0301prouve\u0301, ses condole\u0301ances les plus since\u0300res et l\u2019expression de sa profonde compassion.<\/p>\n<p>&#8211; Excellences<\/p>\n<p>&#8211; Mesdames et Messieurs,<\/p>\n<p>Beaucoup d\u2019entre nous ne l\u2019avons peut-e\u0302tre pas connu. Mais tous ici pre\u0301sents, veuillons nous lever pour observer une minute de silence en la me\u0301moire de notre regrette\u0301 Colle\u0300gue.<\/p>\n<p>&#8211; Excellences ;<\/p>\n<p>&#8211; Honorables De\u0301pute\u0301s et chers Colle\u0300gues ;<\/p>\n<p>&#8211; Mesdames et Messieurs.<\/p>\n<p>Nos de\u0301libe\u0301rations s\u2019ouvrent dans un contexte marque\u0301, une fois encore, par de nombreuses crises.<\/p>\n<p>Au plan international, a\u0300 la crise climatique, source de profondes inquie\u0301tudes, a\u0300 la menace terroriste, toujours difficile a\u0300 circonscrire, a\u0300 la guerre Russo\u2013Ukrainienne avec ses conse\u0301quences qui perdurent, il s\u2019est ajoute\u0301 des catastrophes naturelles de grande envergure. Les plus marquantes sont certainement les se\u0301ismes qui ont frappe\u0301, il y a quelques jours, la Turquie et la Syrie. Le bilan est des plus lourds. Les morts, les sans-abris, les personnes de\u0301place\u0301es ou refugie\u0301es, se comptent par dizaines de milliers.<\/p>\n<p>S\u2019associant au Pre\u0301sident de la Re\u0301publique, Son Excellence Monsieur Paul BIYA, ainsi qu\u2019a\u0300 l\u2019ensemble de la Communaute\u0301 Internationale, et au nom du peuple camerounais que nous avons l\u2019honneur de repre\u0301senter dans cet he\u0301micycle, les De\u0301pute\u0301s a\u0300 l\u2019Assemble\u0301e Nationale disent toute leur compassion aux peuples fre\u0300res et amis de Turquie et de Syrie. Aux familles endeuille\u0301es, nous adressons nos since\u0300res condole\u0301ances tout comme nous souhaitons un prompt re\u0301tablissement aux nombreux blesse\u0301s, victimes de ces tristes e\u0301ve\u0300nements.<\/p>\n<p>Au plan national, la situation se\u0301curitaire est, certes, globalement sous contro\u0302le, mais le peuple, les forces de de\u0301fense et de se\u0301curite\u0301 restent en alerte. A cet effet, je voudrais de\u0301noncer et condamner avec fermete\u0301, la dernie\u0300re attaque terroriste du 25 fe\u0301vrier 2023, lors de l\u2019ascension du Mont Cameroun a\u0300 Buea.<\/p>\n<p>Dans le me\u0302me contexte national, un grand moment de la vie politique est annonce\u0301 a\u0300 savoir : les e\u0301lections se\u0301natoriales du 12 mars prochain. Je voudrais adresser mes vives fe\u0301licitations a\u0300 ceux des candidats qui ont pu obtenir l\u2019investiture de leur parti. Je leur souhaite beaucoup de succe\u0300s pour la suite des ope\u0301rations. Mon v\u0153u le plus ardent, est que cette consultation se de\u0301roule dans une totale se\u0301re\u0301nite\u0301, sur l\u2019ensemble du territoire national.<\/p>\n<p>Par ailleurs, les femmes camerounaises seront en fe\u0302te le 08 Mars 2023, a\u0300 l\u2019occasion de la 38e\u0300me Journe\u0301e Internationale de la Femme. La Doyenne que je suis, mais femme avant tout, je leur dis : Mesdames, faites-vous belles. Faites-vous de\u0301sirer encore par vos hommes ce jour-la\u0300. Mais alors attention aux de\u0301bordements. Fe\u0302tons, re\u0301jouissons-nous, en toute dignite\u0301 et en toute responsabilite\u0301, sans exce\u0300s. Profitons de cette heureuse occasion pour me\u0301diter davantage, sur les proble\u0301matiques qui interpellent la femme camerounaise d\u2019aujourd\u2019hui et de demain. Je vous souhaite d\u2019avance une bonne fe\u0302te.<\/p>\n<p>Vous avez dit 57e\u0300me Fe\u0302te Nationale de la Jeunesse ? Vous vous en doutez, l\u2019Assemble\u0301e Nationale e\u0301tait de la partie avec une activite\u0301 phare. A travers le Re\u0301seau \u00ab Espe\u0301rance jeunesse \u00bb, notre Chambre a organise\u0301 le Parlement de la Jeunesse le 09 Fe\u0301vrier 2023. Sixie\u0300me e\u0301dition du genre et tre\u0300s courue, le the\u0300me des travaux e\u0301tait ; \u00ab Jeunesse, engagement civique et promotion de la sante\u0301 \u00bb. Au-dela\u0300 du succe\u0300s de l\u2019e\u0301ve\u0301nement, il faut retenir deux choses :<\/p>\n<p>&#8211; Premie\u0300rement, le Gouvernement est de\u0301termine\u0301 a\u0300 poursuivre sans rela\u0302che, la formation civique des jeunes ;<\/p>\n<p>&#8211; Deuxie\u0300mement, la jeunesse est bel et bien au c\u0153ur de la re\u0301forme de la sante\u0301 publique en cours dans notre pays sous le label \u00ab le temps d\u2019agir \u00bb. A titre d\u2019illustration, des me\u0301canismes spe\u0301ciaux de prise en charge sont re\u0301serve\u0301s aux jeunes dans le cadre du projet Couverture Sante\u0301 Universelle. Il en est de me\u0302me des strate\u0301gies qui sont e\u0301labore\u0301es pour inciter les jeunes a\u0300 s\u2019engager massivement dans la sante\u0301 communautaire.<\/p>\n<p>J\u2019adresse mes encouragements au Gouvernement. J\u2019exhorte tous les e\u0301lus a\u0300 ne me\u0301nager aucun effort dans l\u2019accompagnement et le soutien des pouvoirs publics quant a\u0300 la mise en \u0153uvre de chacune de ces options.<\/p>\n<p>Mesdames et Messieurs,<\/p>\n<p>Une certaine actualite\u0301 dans le pays m\u2019ame\u0300ne a\u0300 e\u0301voquer ce qu\u2019on pourrait appeler : les \u00ab scandales de la Re\u0301publique \u00bb, sauf a\u0300 croire que nous sommes dans une \u00ab Re\u0301publique des scandales \u00bb.<\/p>\n<p>&#8211; Affaire du chantier de construction du complexe sportif d\u2019Olembe ;<\/p>\n<p>&#8211; Affaire de la gestion des fonds COVID ;<\/p>\n<p>&#8211; Affaire des indemnisations relatives au projet de construction de l\u2019autoroute Yaounde\u0301-Douala ;<\/p>\n<p>&#8211; Affaire de la gestion des chapitres 94 et 65 de la Loi de Finances ;<\/p>\n<p>&#8211; Affaire de l\u2019assassinat de Monseigneur Jean Marie Benoi\u0302t BALLA, ancien e\u0301ve\u0302que de Bafia ;<\/p>\n<p>&#8211; Affaire de l\u2019assassinat du journaliste Martinez ZOGO ;<\/p>\n<p>&#8211; Affaire, Affaire, Affaire ;<\/p>\n<p>&#8211; Etc. etc. etc&#8230;<\/p>\n<p>Nous condamnons avec la dernie\u0300re e\u0301nergie les cas re\u0301pre\u0301hensibles que constituent toutes ces affaires. Il faut que cela cesse. Le Cameroun, notre cher et beau pays, ne saurait se muer en terre de scandales.<\/p>\n<p>Je souhaite ainsi, que ceux qui sont en charge de la gestion de la chose publique, puissent faire preuve de patriotisme et de rectitude morale. Ils doivent savoir, qu\u2019ils sont investis d\u2019une mission sacre\u0301e, celle de promouvoir, chacun a\u0300 son niveau, le de\u0301veloppement du Cameroun.<\/p>\n<p>Je les exhorte a\u0300 e\u0301viter tout acte susceptible de ternir, de quelque manie\u0300re que ce soit, la belle image de notre pays aupre\u0300s de l\u2019opinion nationale et internationale.<\/p>\n<p>S\u2019agissant des affaires pendantes, je voudrais tout de me\u0302me appeler les compatriotes a\u0300 la retenue et au discernement. Dois-je le rappeler ? Le Cameroun est un Etat de Droit. Des institutions existent pour connaitre des diffe\u0301rents cas. Nul ne saurait se substituer a\u0300 ces institutions. Faisons confiance au Chef de l\u2019Etat et a\u0300 la justice de notre pays.<\/p>\n<p>Certes, par le passe\u0301, nous avons connu des de\u0301ceptions. Nous sommes ainsi reste\u0301s sur notre faim. Mais ce n\u2019est gue\u0300re par re\u0301seaux sociaux interpose\u0301s ou par des lynchages me\u0301diatiques, que nous ferons valoir la ve\u0301rite\u0301 ou obtenir que justice soit faite. Je demeure convaincue, qu\u2019il n\u2019est pas ne\u0301cessaire d\u2019inonder la toile, les colonnes des journaux, les antennes des radios et des te\u0301le\u0301visions, a\u0300 l\u2019effet de vouer certains compatriotes aux ge\u0301monies, les jeter a\u0300 la vindicte populaire, les vilipender ou les diffamer. Tout cela n\u2019entrainera que la ruine de notre socie\u0301te\u0301. Par contre, le calme, le discernement, la raison et la ponde\u0301ration, nous conduiront assure\u0301ment au triomphe de la ve\u0301rite\u0301 et de la justice.<\/p>\n<p>Toutefois, pour des cas ave\u0301re\u0301s, la Repre\u0301sentation Nationale demande que les coupables rendent gorge et que la loi puisse se\u0301vir car, force doit toujours rester a\u0300 la loi.<\/p>\n<p>Mesdames et Messieurs,<\/p>\n<p>Pour clore mon propos, je voudrais m\u2019adresser, de fac\u0327on particulie\u0300re aux femmes et aux hommes des me\u0301dias. Nous saluons l\u2019important et talentueux travail que vous effectuez au quotidien. Dans une socie\u0301te\u0301 organise\u0301e et encadre\u0301e comme la no\u0302tre, il est bon, croyons-nous, d\u2019exercer dans le strict respect des re\u0300gles de\u0301ontologiques qui re\u0301gissent votre profession, dans le strict respect e\u0301galement de la le\u0301gislation en vigueur en la matie\u0300re, mais aussi conforme\u0301ment aux enseignements rec\u0327us pendant vos formations.<\/p>\n<p>Autant de garde-fous qui, a\u0300 mon sens, devraient garantir une saine pratique de votre me\u0301tier, garantir la qualite\u0301 des produits que vous servirez au public, garantir enfin, l\u2019honneur et les me\u0301rites des grands professionnels que vous e\u0302tes. Il y va aussi de l\u2019honneur me\u0302me de toute la profession.<\/p>\n<p>Vous-me\u0302me, mieux que quiconque, savez quelles graves conse\u0301quences peut avoir au sein de l\u2019opinion, une information mal exploite\u0301e. En vous invitant a\u0300 toujours rester professionnel, mais alors toujours professionnel, la Repre\u0301sentation Nationale vous adresse tous ses encouragements et vous souhaite un plein e\u0301panouissement dans l\u2019exercice de votre noble me\u0301tier. Le journalisme, le plus beau me\u0301tier du monde, a-t-on coutume de dire. N\u2019oubliez pas que vous e\u0302tes des apo\u0302tres. Des apo\u0302tres de la ve\u0301rite\u0301. N\u2019oubliez pas que vous e\u0302tes des historiens. Des historiens du passe\u0301, du pre\u0301sent et du futur.<\/p>\n<p>A bon entendeur salut !<\/p>\n<p>Je vous remercie\u00a0\u00bb.<\/p>\n<p><strong>Pour plus d&rsquo;informations et d&rsquo;analyses sur la <a href=\"https:\/\/www.africa-press.net\/cameroun\">Cameroun<\/a>, suivez <a href=\"https:\/\/www.africa-press.net\/\">Africa-Press<\/a><\/strong><\/p>\n","protected":false},"excerpt":{"rendered":"<p>Africa-Press &#8211; Cameroun. Depuis quelques jours, plusieurs journaux avaient annonce\u0301 que le pre\u0301sident de l&rsquo;Assemble\u0301e nationale en disgra\u0302ce aupre\u0300s de Biya, ne va plus diriger la troisie\u0300me institution du pays. Ce vendredi 3 mars, Cavaye Yeguie\u0301 e\u0301tait absent a\u0300 l&rsquo;ouverture des travaux de la session de mars 2023. La session a e\u0301te\u0301 ouverte par Koa [&hellip;]<\/p>\n","protected":false},"author":82,"featured_media":38229,"comment_status":"open","ping_status":"closed","sticky":false,"template":"","format":"standard","meta":{"footnotes":""},"categories":[2,10],"tags":[36,50,49],"class_list":["post-38231","post","type-post","status-publish","format-standard","has-post-thumbnail","hentry","category-politique","category-toutes-les-actualites","tag-africa-press","tag-africa-press-cameroun","tag-cameroun"],"yoast_head":"<!-- This site is optimized with the Yoast SEO Premium plugin v26.1 (Yoast SEO v27.0) - https:\/\/yoast.com\/product\/yoast-seo-premium-wordpress\/ -->\n<title>Assembl\u00e9e nationale: le rempla\u00e7ant de Cavaye Yegui\u00e9 ouvre la session de Mars 2023 - Cameroun<\/title>\n<meta name=\"description\" content=\"Depuis quelques jours, plusieurs journaux avaient annonce\u0301 que le pre\u0301sident de l&#039;Assemble\u0301e nationale en disgra\u0302ce aupr ...\" \/>\n<meta name=\"robots\" content=\"index, follow, max-snippet:-1, max-image-preview:large, max-video-preview:-1\" \/>\n<link rel=\"canonical\" href=\"https:\/\/www.africa-press.net\/cameroun\/politique\/assemblee-nationale-le-remplacant-de-cavaye-yeguie-ouvre-la-session-de-mars-2023\" \/>\n<meta property=\"og:locale\" content=\"fr_FR\" \/>\n<meta property=\"og:type\" content=\"article\" \/>\n<meta property=\"og:title\" content=\"Assembl\u00e9e nationale: le rempla\u00e7ant de Cavaye Yegui\u00e9 ouvre la session de Mars 2023\" \/>\n<meta property=\"og:description\" content=\"Depuis quelques jours, plusieurs journaux avaient annonce\u0301 que le pre\u0301sident de l&#039;Assemble\u0301e nationale en disgra\u0302ce aupr ...\" \/>\n<meta property=\"og:url\" content=\"https:\/\/www.africa-press.net\/cameroun\/politique\/assemblee-nationale-le-remplacant-de-cavaye-yeguie-ouvre-la-session-de-mars-2023\" \/>\n<meta property=\"og:site_name\" content=\"Cameroun\" \/>\n<meta property=\"article:published_time\" content=\"2023-03-03T12:29:11+00:00\" \/>\n<meta property=\"article:modified_time\" content=\"2023-03-03T13:20:18+00:00\" \/>\n<meta property=\"og:image\" content=\"https:\/\/static.africa-press.net\/cameroun\/sites\/57\/2023\/03\/postQueueImg_1677833953.64.jpg\" \/>\n\t<meta property=\"og:image:width\" content=\"720\" \/>\n\t<meta property=\"og:image:height\" content=\"360\" \/>\n\t<meta property=\"og:image:type\" content=\"image\/jpeg\" \/>\n<meta name=\"author\" content=\"cfeditorfr\" \/>\n<meta name=\"twitter:card\" content=\"summary_large_image\" \/>\n<meta name=\"twitter:label1\" content=\"\u00c9crit par\" \/>\n\t<meta name=\"twitter:data1\" content=\"cfeditorfr\" \/>\n\t<meta name=\"twitter:label2\" content=\"Dur\u00e9e de lecture estim\u00e9e\" \/>\n\t<meta name=\"twitter:data2\" content=\"10 minutes\" \/>\n<script type=\"application\/ld+json\" class=\"yoast-schema-graph\">{\"@context\":\"https:\/\/schema.org\",\"@graph\":[{\"@type\":\"Article\",\"@id\":\"https:\/\/www.africa-press.net\/cameroun\/politique\/assemblee-nationale-le-remplacant-de-cavaye-yeguie-ouvre-la-session-de-mars-2023#article\",\"isPartOf\":{\"@id\":\"https:\/\/www.africa-press.net\/cameroun\/politique\/assemblee-nationale-le-remplacant-de-cavaye-yeguie-ouvre-la-session-de-mars-2023\"},\"author\":{\"name\":\"cfeditorfr\",\"@id\":\"https:\/\/www.africa-press.net\/cameroun\/#\/schema\/person\/2b1cf3cd81a31e3cd26889ca66d677f1\"},\"headline\":\"Assembl\u00e9e nationale: le rempla\u00e7ant de Cavaye Yegui\u00e9 ouvre la session de Mars 2023\",\"datePublished\":\"2023-03-03T12:29:11+00:00\",\"dateModified\":\"2023-03-03T13:20:18+00:00\",\"mainEntityOfPage\":{\"@id\":\"https:\/\/www.africa-press.net\/cameroun\/politique\/assemblee-nationale-le-remplacant-de-cavaye-yeguie-ouvre-la-session-de-mars-2023\"},\"wordCount\":1936,\"commentCount\":0,\"image\":{\"@id\":\"https:\/\/www.africa-press.net\/cameroun\/politique\/assemblee-nationale-le-remplacant-de-cavaye-yeguie-ouvre-la-session-de-mars-2023#primaryimage\"},\"thumbnailUrl\":\"https:\/\/static.africa-press.net\/cameroun\/sites\/57\/2023\/03\/postQueueImg_1677833953.64.jpg\",\"keywords\":[\"Africa Press\",\"Africa Press-Cameroun\",\"Cameroun\"],\"articleSection\":[\"Politique\",\"Toutes les actualit\u00e9s\"],\"inLanguage\":\"fr-FR\",\"potentialAction\":[{\"@type\":\"CommentAction\",\"name\":\"Comment\",\"target\":[\"https:\/\/www.africa-press.net\/cameroun\/politique\/assemblee-nationale-le-remplacant-de-cavaye-yeguie-ouvre-la-session-de-mars-2023#respond\"]}]},{\"@type\":\"WebPage\",\"@id\":\"https:\/\/www.africa-press.net\/cameroun\/politique\/assemblee-nationale-le-remplacant-de-cavaye-yeguie-ouvre-la-session-de-mars-2023\",\"url\":\"https:\/\/www.africa-press.net\/cameroun\/politique\/assemblee-nationale-le-remplacant-de-cavaye-yeguie-ouvre-la-session-de-mars-2023\",\"name\":\"Assembl\u00e9e nationale: le rempla\u00e7ant de Cavaye Yegui\u00e9 ouvre la session de Mars 2023 - Cameroun\",\"isPartOf\":{\"@id\":\"https:\/\/www.africa-press.net\/cameroun\/#website\"},\"primaryImageOfPage\":{\"@id\":\"https:\/\/www.africa-press.net\/cameroun\/politique\/assemblee-nationale-le-remplacant-de-cavaye-yeguie-ouvre-la-session-de-mars-2023#primaryimage\"},\"image\":{\"@id\":\"https:\/\/www.africa-press.net\/cameroun\/politique\/assemblee-nationale-le-remplacant-de-cavaye-yeguie-ouvre-la-session-de-mars-2023#primaryimage\"},\"thumbnailUrl\":\"https:\/\/static.africa-press.net\/cameroun\/sites\/57\/2023\/03\/postQueueImg_1677833953.64.jpg\",\"datePublished\":\"2023-03-03T12:29:11+00:00\",\"dateModified\":\"2023-03-03T13:20:18+00:00\",\"author\":{\"@id\":\"https:\/\/www.africa-press.net\/cameroun\/#\/schema\/person\/2b1cf3cd81a31e3cd26889ca66d677f1\"},\"description\":\"Depuis quelques jours, plusieurs journaux avaient annonce\u0301 que le pre\u0301sident de l'Assemble\u0301e nationale en disgra\u0302ce aupr ...\",\"breadcrumb\":{\"@id\":\"https:\/\/www.africa-press.net\/cameroun\/politique\/assemblee-nationale-le-remplacant-de-cavaye-yeguie-ouvre-la-session-de-mars-2023#breadcrumb\"},\"inLanguage\":\"fr-FR\",\"potentialAction\":[{\"@type\":\"ReadAction\",\"target\":[\"https:\/\/www.africa-press.net\/cameroun\/politique\/assemblee-nationale-le-remplacant-de-cavaye-yeguie-ouvre-la-session-de-mars-2023\"]}]},{\"@type\":\"ImageObject\",\"inLanguage\":\"fr-FR\",\"@id\":\"https:\/\/www.africa-press.net\/cameroun\/politique\/assemblee-nationale-le-remplacant-de-cavaye-yeguie-ouvre-la-session-de-mars-2023#primaryimage\",\"url\":\"https:\/\/static.africa-press.net\/cameroun\/sites\/57\/2023\/03\/postQueueImg_1677833953.64.jpg\",\"contentUrl\":\"https:\/\/static.africa-press.net\/cameroun\/sites\/57\/2023\/03\/postQueueImg_1677833953.64.jpg\",\"width\":720,\"height\":360,\"caption\":\"Assembl\u00e9e nationale: le rempla\u00e7ant de Cavaye Yegui\u00e9 ouvre la session de Mars 2023\"},{\"@type\":\"BreadcrumbList\",\"@id\":\"https:\/\/www.africa-press.net\/cameroun\/politique\/assemblee-nationale-le-remplacant-de-cavaye-yeguie-ouvre-la-session-de-mars-2023#breadcrumb\",\"itemListElement\":[{\"@type\":\"ListItem\",\"position\":1,\"name\":\"Accueil\",\"item\":\"https:\/\/www.africa-press.net\/cameroun\/\"},{\"@type\":\"ListItem\",\"position\":2,\"name\":\"Assembl\u00e9e nationale: le rempla\u00e7ant de Cavaye Yegui\u00e9 ouvre la session de Mars 2023\"}]},{\"@type\":\"WebSite\",\"@id\":\"https:\/\/www.africa-press.net\/cameroun\/#website\",\"url\":\"https:\/\/www.africa-press.net\/cameroun\/\",\"name\":\"Cameroun\",\"description\":\"Just another Africa News Agency Sites site\",\"potentialAction\":[{\"@type\":\"SearchAction\",\"target\":{\"@type\":\"EntryPoint\",\"urlTemplate\":\"https:\/\/www.africa-press.net\/cameroun\/?s={search_term_string}\"},\"query-input\":{\"@type\":\"PropertyValueSpecification\",\"valueRequired\":true,\"valueName\":\"search_term_string\"}}],\"inLanguage\":\"fr-FR\"},{\"@type\":\"Person\",\"@id\":\"https:\/\/www.africa-press.net\/cameroun\/#\/schema\/person\/2b1cf3cd81a31e3cd26889ca66d677f1\",\"name\":\"cfeditorfr\"}]}<\/script>\n<!-- \/ Yoast SEO Premium plugin. -->","yoast_head_json":{"title":"Assembl\u00e9e nationale: le rempla\u00e7ant de Cavaye Yegui\u00e9 ouvre la session de Mars 2023 - Cameroun","description":"Depuis quelques jours, plusieurs journaux avaient annonce\u0301 que le pre\u0301sident de l'Assemble\u0301e nationale en disgra\u0302ce aupr ...","robots":{"index":"index","follow":"follow","max-snippet":"max-snippet:-1","max-image-preview":"max-image-preview:large","max-video-preview":"max-video-preview:-1"},"canonical":"https:\/\/www.africa-press.net\/cameroun\/politique\/assemblee-nationale-le-remplacant-de-cavaye-yeguie-ouvre-la-session-de-mars-2023","og_locale":"fr_FR","og_type":"article","og_title":"Assembl\u00e9e nationale: le rempla\u00e7ant de Cavaye Yegui\u00e9 ouvre la session de Mars 2023","og_description":"Depuis quelques jours, plusieurs journaux avaient annonce\u0301 que le pre\u0301sident de l'Assemble\u0301e nationale en disgra\u0302ce aupr ...","og_url":"https:\/\/www.africa-press.net\/cameroun\/politique\/assemblee-nationale-le-remplacant-de-cavaye-yeguie-ouvre-la-session-de-mars-2023","og_site_name":"Cameroun","article_published_time":"2023-03-03T12:29:11+00:00","article_modified_time":"2023-03-03T13:20:18+00:00","og_image":[{"width":720,"height":360,"url":"https:\/\/static.africa-press.net\/cameroun\/sites\/57\/2023\/03\/postQueueImg_1677833953.64.jpg","type":"image\/jpeg"}],"author":"cfeditorfr","twitter_card":"summary_large_image","twitter_misc":{"\u00c9crit par":"cfeditorfr","Dur\u00e9e de lecture estim\u00e9e":"10 minutes"},"schema":{"@context":"https:\/\/schema.org","@graph":[{"@type":"Article","@id":"https:\/\/www.africa-press.net\/cameroun\/politique\/assemblee-nationale-le-remplacant-de-cavaye-yeguie-ouvre-la-session-de-mars-2023#article","isPartOf":{"@id":"https:\/\/www.africa-press.net\/cameroun\/politique\/assemblee-nationale-le-remplacant-de-cavaye-yeguie-ouvre-la-session-de-mars-2023"},"author":{"name":"cfeditorfr","@id":"https:\/\/www.africa-press.net\/cameroun\/#\/schema\/person\/2b1cf3cd81a31e3cd26889ca66d677f1"},"headline":"Assembl\u00e9e nationale: le rempla\u00e7ant de Cavaye Yegui\u00e9 ouvre la session de Mars 2023","datePublished":"2023-03-03T12:29:11+00:00","dateModified":"2023-03-03T13:20:18+00:00","mainEntityOfPage":{"@id":"https:\/\/www.africa-press.net\/cameroun\/politique\/assemblee-nationale-le-remplacant-de-cavaye-yeguie-ouvre-la-session-de-mars-2023"},"wordCount":1936,"commentCount":0,"image":{"@id":"https:\/\/www.africa-press.net\/cameroun\/politique\/assemblee-nationale-le-remplacant-de-cavaye-yeguie-ouvre-la-session-de-mars-2023#primaryimage"},"thumbnailUrl":"https:\/\/static.africa-press.net\/cameroun\/sites\/57\/2023\/03\/postQueueImg_1677833953.64.jpg","keywords":["Africa Press","Africa Press-Cameroun","Cameroun"],"articleSection":["Politique","Toutes les actualit\u00e9s"],"inLanguage":"fr-FR","potentialAction":[{"@type":"CommentAction","name":"Comment","target":["https:\/\/www.africa-press.net\/cameroun\/politique\/assemblee-nationale-le-remplacant-de-cavaye-yeguie-ouvre-la-session-de-mars-2023#respond"]}]},{"@type":"WebPage","@id":"https:\/\/www.africa-press.net\/cameroun\/politique\/assemblee-nationale-le-remplacant-de-cavaye-yeguie-ouvre-la-session-de-mars-2023","url":"https:\/\/www.africa-press.net\/cameroun\/politique\/assemblee-nationale-le-remplacant-de-cavaye-yeguie-ouvre-la-session-de-mars-2023","name":"Assembl\u00e9e nationale: le rempla\u00e7ant de Cavaye Yegui\u00e9 ouvre la session de Mars 2023 - Cameroun","isPartOf":{"@id":"https:\/\/www.africa-press.net\/cameroun\/#website"},"primaryImageOfPage":{"@id":"https:\/\/www.africa-press.net\/cameroun\/politique\/assemblee-nationale-le-remplacant-de-cavaye-yeguie-ouvre-la-session-de-mars-2023#primaryimage"},"image":{"@id":"https:\/\/www.africa-press.net\/cameroun\/politique\/assemblee-nationale-le-remplacant-de-cavaye-yeguie-ouvre-la-session-de-mars-2023#primaryimage"},"thumbnailUrl":"https:\/\/static.africa-press.net\/cameroun\/sites\/57\/2023\/03\/postQueueImg_1677833953.64.jpg","datePublished":"2023-03-03T12:29:11+00:00","dateModified":"2023-03-03T13:20:18+00:00","author":{"@id":"https:\/\/www.africa-press.net\/cameroun\/#\/schema\/person\/2b1cf3cd81a31e3cd26889ca66d677f1"},"description":"Depuis quelques jours, plusieurs journaux avaient annonce\u0301 que le pre\u0301sident de l'Assemble\u0301e nationale en disgra\u0302ce aupr ...","breadcrumb":{"@id":"https:\/\/www.africa-press.net\/cameroun\/politique\/assemblee-nationale-le-remplacant-de-cavaye-yeguie-ouvre-la-session-de-mars-2023#breadcrumb"},"inLanguage":"fr-FR","potentialAction":[{"@type":"ReadAction","target":["https:\/\/www.africa-press.net\/cameroun\/politique\/assemblee-nationale-le-remplacant-de-cavaye-yeguie-ouvre-la-session-de-mars-2023"]}]},{"@type":"ImageObject","inLanguage":"fr-FR","@id":"https:\/\/www.africa-press.net\/cameroun\/politique\/assemblee-nationale-le-remplacant-de-cavaye-yeguie-ouvre-la-session-de-mars-2023#primaryimage","url":"https:\/\/static.africa-press.net\/cameroun\/sites\/57\/2023\/03\/postQueueImg_1677833953.64.jpg","contentUrl":"https:\/\/static.africa-press.net\/cameroun\/sites\/57\/2023\/03\/postQueueImg_1677833953.64.jpg","width":720,"height":360,"caption":"Assembl\u00e9e nationale: le rempla\u00e7ant de Cavaye Yegui\u00e9 ouvre la session de Mars 2023"},{"@type":"BreadcrumbList","@id":"https:\/\/www.africa-press.net\/cameroun\/politique\/assemblee-nationale-le-remplacant-de-cavaye-yeguie-ouvre-la-session-de-mars-2023#breadcrumb","itemListElement":[{"@type":"ListItem","position":1,"name":"Accueil","item":"https:\/\/www.africa-press.net\/cameroun\/"},{"@type":"ListItem","position":2,"name":"Assembl\u00e9e nationale: le rempla\u00e7ant de Cavaye Yegui\u00e9 ouvre la session de Mars 2023"}]},{"@type":"WebSite","@id":"https:\/\/www.africa-press.net\/cameroun\/#website","url":"https:\/\/www.africa-press.net\/cameroun\/","name":"Cameroun","description":"Just another Africa News Agency Sites site","potentialAction":[{"@type":"SearchAction","target":{"@type":"EntryPoint","urlTemplate":"https:\/\/www.africa-press.net\/cameroun\/?s={search_term_string}"},"query-input":{"@type":"PropertyValueSpecification","valueRequired":true,"valueName":"search_term_string"}}],"inLanguage":"fr-FR"},{"@type":"Person","@id":"https:\/\/www.africa-press.net\/cameroun\/#\/schema\/person\/2b1cf3cd81a31e3cd26889ca66d677f1","name":"cfeditorfr"}]}},"_links":{"self":[{"href":"https:\/\/www.africa-press.net\/cameroun\/wp-json\/wp\/v2\/posts\/38231","targetHints":{"allow":["GET"]}}],"collection":[{"href":"https:\/\/www.africa-press.net\/cameroun\/wp-json\/wp\/v2\/posts"}],"about":[{"href":"https:\/\/www.africa-press.net\/cameroun\/wp-json\/wp\/v2\/types\/post"}],"author":[{"embeddable":true,"href":"https:\/\/www.africa-press.net\/cameroun\/wp-json\/wp\/v2\/users\/82"}],"replies":[{"embeddable":true,"href":"https:\/\/www.africa-press.net\/cameroun\/wp-json\/wp\/v2\/comments?post=38231"}],"version-history":[{"count":0,"href":"https:\/\/www.africa-press.net\/cameroun\/wp-json\/wp\/v2\/posts\/38231\/revisions"}],"wp:featuredmedia":[{"embeddable":true,"href":"https:\/\/www.africa-press.net\/cameroun\/wp-json\/wp\/v2\/media\/38229"}],"wp:attachment":[{"href":"https:\/\/www.africa-press.net\/cameroun\/wp-json\/wp\/v2\/media?parent=38231"}],"wp:term":[{"taxonomy":"category","embeddable":true,"href":"https:\/\/www.africa-press.net\/cameroun\/wp-json\/wp\/v2\/categories?post=38231"},{"taxonomy":"post_tag","embeddable":true,"href":"https:\/\/www.africa-press.net\/cameroun\/wp-json\/wp\/v2\/tags?post=38231"}],"curies":[{"name":"wp","href":"https:\/\/api.w.org\/{rel}","templated":true}]}}