{"id":38239,"date":"2023-03-03T12:29:46","date_gmt":"2023-03-03T12:29:46","guid":{"rendered":"https:\/\/www.africa-press.net\/cameroun\/politique\/cameroun-paul-biya-promulgue-le-decret-dapplication-du-visa-electronique"},"modified":"2023-03-03T13:22:49","modified_gmt":"2023-03-03T13:22:49","slug":"cameroun-paul-biya-promulgue-le-decret-dapplication-du-visa-electronique","status":"publish","type":"post","link":"https:\/\/www.africa-press.net\/cameroun\/politique\/cameroun-paul-biya-promulgue-le-decret-dapplication-du-visa-electronique","title":{"rendered":"Cameroun : Paul Biya promulgue le d\u00e9cret d\u2019application du visa \u00e9lectronique"},"content":{"rendered":"<p><span style=\"color: #ff6600\"><strong>Africa-Press &#8211; Cameroun. <\/strong><\/span><b>Le pre\u0301sident de la Re\u0301publique a signe\u0301 ce 02 mars un de\u0301cret fixant les modalite\u0301s d\u2019applications de la Loi du 10 janvier 1997 relatives aux conditions d\u2019entre\u0301es, de se\u0301jour et de sortie des e\u0301trangers au Cameroun. <\/b><\/p>\n<p>Il aura fallu du temps. C\u2019est<b> <\/b>le 10 janvier 1997, lors d\u2019une session de l \u0301Assemble\u0301e nationale, que les de\u0301pute\u0301s ont vote\u0301 une loi sur l \u0301octroi de visa e\u0301lectronique. Paul Biya l \u0301a de\u0301pose\u0301 sur sa table. Il l \u0301a de\u0301poussie\u0301re\u0301 ce jeudi, 2 mars 2023. Cette loi devait permettre de faciliter l \u0301octroi des visas aux visiteurs de\u0301sirant se rendre au Cameroun.<\/p>\n<p>La majorite\u0301 des pays du monde entier profite de\u0301ja\u0300 d\u2019une telle structure et l \u0301on n \u0301est pas oblige\u0301 de se bousculer aux portillons des ambassades pour obtenir ce laissez-passer. A titre d \u0301exemple, si vous vivez a\u0300 Sotchi et que vous de\u0301sirez vous rendre au Kenya, nul besoin de faire 7 heures de vol jusqu \u0301a\u0300 Moscou pour faire votre demande de visa.<\/p>\n<p>A\u0300 partir du site web de l \u0301ambassade de ce pays en Russie, vous faites le ne\u0301cessaire en remplissant le formulaire et en payant les frais y affe\u0301rant et quelques heures plus tard, vous imprimez votre visa e\u0301lectronique. Partout ailleurs en Afrique, le syste\u0300me roule depuis des anne\u0301es. Il e\u0301tait donc temps.<\/p>\n<p>Le Cameroun avait pourtant e\u0301te\u0301 visionnaire il y a 26 ans. Sauf qu\u2019au Cameroun, l\u2019e\u0301picentre de l \u0301inertie se trouve sur le fauteuil pre\u0301sidentiel, pour parler comme le Pr Hubert Mono Ndjana<\/p>\n<p>Le pre\u0301sident de la Re\u0301publique, Paul Biya, a donc 26 ans apre\u0300s, retrouve\u0301 dans la pile des lois en attente sur son bureau celle-ci et l\u2019a trouve\u0301 au gou\u0302t du jour. Sauf que les termes et les dispositions de cette loi sont probablement devenus obsole\u0300tes par rapport aux attentes actuelles.<\/p>\n<p>Decre\u0301t du pre\u0301sident du pre\u0301sident de la Re\u0301publique<\/p>\n<p><strong>Pour plus d&rsquo;informations et d&rsquo;analyses sur la <a href=\"https:\/\/www.africa-press.net\/cameroun\">Cameroun<\/a>, suivez <a href=\"https:\/\/www.africa-press.net\/\">Africa-Press<\/a><\/strong><\/p>\n","protected":false},"excerpt":{"rendered":"<p>Africa-Press &#8211; Cameroun. Le pre\u0301sident de la Re\u0301publique a signe\u0301 ce 02 mars un de\u0301cret fixant les modalite\u0301s d\u2019applications de la Loi du 10 janvier 1997 relatives aux conditions d\u2019entre\u0301es, de se\u0301jour et de sortie des e\u0301trangers au Cameroun. Il aura fallu du temps. C\u2019est le 10 janvier 1997, lors d\u2019une session de l \u0301Assemble\u0301e [&hellip;]<\/p>\n","protected":false},"author":82,"featured_media":38237,"comment_status":"open","ping_status":"closed","sticky":false,"template":"","format":"standard","meta":{"footnotes":""},"categories":[2,10],"tags":[36,50,49],"class_list":["post-38239","post","type-post","status-publish","format-standard","has-post-thumbnail","hentry","category-politique","category-toutes-les-actualites","tag-africa-press","tag-africa-press-cameroun","tag-cameroun"],"yoast_head":"<!-- This site is optimized with the Yoast SEO Premium plugin v26.1 (Yoast SEO v27.0) - https:\/\/yoast.com\/product\/yoast-seo-premium-wordpress\/ -->\n<title>Cameroun : Paul Biya promulgue le d\u00e9cret d\u2019application du visa \u00e9lectronique - Cameroun<\/title>\n<meta name=\"description\" content=\"Le pre\u0301sident de la Re\u0301publique a signe\u0301 ce 02 mars un de\u0301cret fixant les modalite\u0301s d\u2019applications de la Loi du 10 j ...\" \/>\n<meta name=\"robots\" content=\"index, follow, max-snippet:-1, max-image-preview:large, max-video-preview:-1\" \/>\n<link rel=\"canonical\" href=\"https:\/\/www.africa-press.net\/cameroun\/politique\/cameroun-paul-biya-promulgue-le-decret-dapplication-du-visa-electronique\" \/>\n<meta property=\"og:locale\" content=\"fr_FR\" \/>\n<meta property=\"og:type\" content=\"article\" \/>\n<meta property=\"og:title\" content=\"Cameroun : Paul Biya promulgue le d\u00e9cret d\u2019application du visa \u00e9lectronique\" \/>\n<meta property=\"og:description\" content=\"Le pre\u0301sident de la Re\u0301publique a signe\u0301 ce 02 mars un de\u0301cret fixant les modalite\u0301s d\u2019applications de la Loi du 10 j ...\" \/>\n<meta property=\"og:url\" content=\"https:\/\/www.africa-press.net\/cameroun\/politique\/cameroun-paul-biya-promulgue-le-decret-dapplication-du-visa-electronique\" \/>\n<meta property=\"og:site_name\" content=\"Cameroun\" \/>\n<meta property=\"article:published_time\" content=\"2023-03-03T12:29:46+00:00\" \/>\n<meta property=\"article:modified_time\" content=\"2023-03-03T13:22:49+00:00\" \/>\n<meta property=\"og:image\" content=\"https:\/\/static.africa-press.net\/cameroun\/sites\/57\/2023\/03\/postQueueImg_1677833990.37.jpg\" \/>\n\t<meta property=\"og:image:width\" content=\"720\" \/>\n\t<meta property=\"og:image:height\" content=\"488\" \/>\n\t<meta property=\"og:image:type\" content=\"image\/jpeg\" \/>\n<meta name=\"author\" content=\"cfeditorfr\" \/>\n<meta name=\"twitter:card\" content=\"summary_large_image\" \/>\n<meta name=\"twitter:label1\" content=\"\u00c9crit par\" \/>\n\t<meta name=\"twitter:data1\" content=\"cfeditorfr\" \/>\n\t<meta name=\"twitter:label2\" content=\"Dur\u00e9e de lecture estim\u00e9e\" \/>\n\t<meta name=\"twitter:data2\" content=\"2 minutes\" \/>\n<script type=\"application\/ld+json\" class=\"yoast-schema-graph\">{\"@context\":\"https:\/\/schema.org\",\"@graph\":[{\"@type\":\"Article\",\"@id\":\"https:\/\/www.africa-press.net\/cameroun\/politique\/cameroun-paul-biya-promulgue-le-decret-dapplication-du-visa-electronique#article\",\"isPartOf\":{\"@id\":\"https:\/\/www.africa-press.net\/cameroun\/politique\/cameroun-paul-biya-promulgue-le-decret-dapplication-du-visa-electronique\"},\"author\":{\"name\":\"cfeditorfr\",\"@id\":\"https:\/\/www.africa-press.net\/cameroun\/#\/schema\/person\/2b1cf3cd81a31e3cd26889ca66d677f1\"},\"headline\":\"Cameroun : Paul Biya promulgue le d\u00e9cret d\u2019application du visa \u00e9lectronique\",\"datePublished\":\"2023-03-03T12:29:46+00:00\",\"dateModified\":\"2023-03-03T13:22:49+00:00\",\"mainEntityOfPage\":{\"@id\":\"https:\/\/www.africa-press.net\/cameroun\/politique\/cameroun-paul-biya-promulgue-le-decret-dapplication-du-visa-electronique\"},\"wordCount\":366,\"commentCount\":0,\"image\":{\"@id\":\"https:\/\/www.africa-press.net\/cameroun\/politique\/cameroun-paul-biya-promulgue-le-decret-dapplication-du-visa-electronique#primaryimage\"},\"thumbnailUrl\":\"https:\/\/static.africa-press.net\/cameroun\/sites\/57\/2023\/03\/postQueueImg_1677833990.37.jpg\",\"keywords\":[\"Africa Press\",\"Africa Press-Cameroun\",\"Cameroun\"],\"articleSection\":[\"Politique\",\"Toutes les actualit\u00e9s\"],\"inLanguage\":\"fr-FR\",\"potentialAction\":[{\"@type\":\"CommentAction\",\"name\":\"Comment\",\"target\":[\"https:\/\/www.africa-press.net\/cameroun\/politique\/cameroun-paul-biya-promulgue-le-decret-dapplication-du-visa-electronique#respond\"]}]},{\"@type\":\"WebPage\",\"@id\":\"https:\/\/www.africa-press.net\/cameroun\/politique\/cameroun-paul-biya-promulgue-le-decret-dapplication-du-visa-electronique\",\"url\":\"https:\/\/www.africa-press.net\/cameroun\/politique\/cameroun-paul-biya-promulgue-le-decret-dapplication-du-visa-electronique\",\"name\":\"Cameroun : Paul Biya promulgue le d\u00e9cret d\u2019application du visa \u00e9lectronique - Cameroun\",\"isPartOf\":{\"@id\":\"https:\/\/www.africa-press.net\/cameroun\/#website\"},\"primaryImageOfPage\":{\"@id\":\"https:\/\/www.africa-press.net\/cameroun\/politique\/cameroun-paul-biya-promulgue-le-decret-dapplication-du-visa-electronique#primaryimage\"},\"image\":{\"@id\":\"https:\/\/www.africa-press.net\/cameroun\/politique\/cameroun-paul-biya-promulgue-le-decret-dapplication-du-visa-electronique#primaryimage\"},\"thumbnailUrl\":\"https:\/\/static.africa-press.net\/cameroun\/sites\/57\/2023\/03\/postQueueImg_1677833990.37.jpg\",\"datePublished\":\"2023-03-03T12:29:46+00:00\",\"dateModified\":\"2023-03-03T13:22:49+00:00\",\"author\":{\"@id\":\"https:\/\/www.africa-press.net\/cameroun\/#\/schema\/person\/2b1cf3cd81a31e3cd26889ca66d677f1\"},\"description\":\"Le pre\u0301sident de la Re\u0301publique a signe\u0301 ce 02 mars un de\u0301cret fixant les modalite\u0301s d\u2019applications de la Loi du 10 j ...\",\"breadcrumb\":{\"@id\":\"https:\/\/www.africa-press.net\/cameroun\/politique\/cameroun-paul-biya-promulgue-le-decret-dapplication-du-visa-electronique#breadcrumb\"},\"inLanguage\":\"fr-FR\",\"potentialAction\":[{\"@type\":\"ReadAction\",\"target\":[\"https:\/\/www.africa-press.net\/cameroun\/politique\/cameroun-paul-biya-promulgue-le-decret-dapplication-du-visa-electronique\"]}]},{\"@type\":\"ImageObject\",\"inLanguage\":\"fr-FR\",\"@id\":\"https:\/\/www.africa-press.net\/cameroun\/politique\/cameroun-paul-biya-promulgue-le-decret-dapplication-du-visa-electronique#primaryimage\",\"url\":\"https:\/\/static.africa-press.net\/cameroun\/sites\/57\/2023\/03\/postQueueImg_1677833990.37.jpg\",\"contentUrl\":\"https:\/\/static.africa-press.net\/cameroun\/sites\/57\/2023\/03\/postQueueImg_1677833990.37.jpg\",\"width\":720,\"height\":488,\"caption\":\"Cameroun : Paul Biya promulgue le d\u00e9cret d\u2019application du visa \u00e9lectronique\"},{\"@type\":\"BreadcrumbList\",\"@id\":\"https:\/\/www.africa-press.net\/cameroun\/politique\/cameroun-paul-biya-promulgue-le-decret-dapplication-du-visa-electronique#breadcrumb\",\"itemListElement\":[{\"@type\":\"ListItem\",\"position\":1,\"name\":\"Accueil\",\"item\":\"https:\/\/www.africa-press.net\/cameroun\/\"},{\"@type\":\"ListItem\",\"position\":2,\"name\":\"Cameroun : Paul Biya promulgue le d\u00e9cret d\u2019application du visa \u00e9lectronique\"}]},{\"@type\":\"WebSite\",\"@id\":\"https:\/\/www.africa-press.net\/cameroun\/#website\",\"url\":\"https:\/\/www.africa-press.net\/cameroun\/\",\"name\":\"Cameroun\",\"description\":\"Just another Africa News Agency Sites site\",\"potentialAction\":[{\"@type\":\"SearchAction\",\"target\":{\"@type\":\"EntryPoint\",\"urlTemplate\":\"https:\/\/www.africa-press.net\/cameroun\/?s={search_term_string}\"},\"query-input\":{\"@type\":\"PropertyValueSpecification\",\"valueRequired\":true,\"valueName\":\"search_term_string\"}}],\"inLanguage\":\"fr-FR\"},{\"@type\":\"Person\",\"@id\":\"https:\/\/www.africa-press.net\/cameroun\/#\/schema\/person\/2b1cf3cd81a31e3cd26889ca66d677f1\",\"name\":\"cfeditorfr\"}]}<\/script>\n<!-- \/ Yoast SEO Premium plugin. -->","yoast_head_json":{"title":"Cameroun : Paul Biya promulgue le d\u00e9cret d\u2019application du visa \u00e9lectronique - Cameroun","description":"Le pre\u0301sident de la Re\u0301publique a signe\u0301 ce 02 mars un de\u0301cret fixant les modalite\u0301s d\u2019applications de la Loi du 10 j ...","robots":{"index":"index","follow":"follow","max-snippet":"max-snippet:-1","max-image-preview":"max-image-preview:large","max-video-preview":"max-video-preview:-1"},"canonical":"https:\/\/www.africa-press.net\/cameroun\/politique\/cameroun-paul-biya-promulgue-le-decret-dapplication-du-visa-electronique","og_locale":"fr_FR","og_type":"article","og_title":"Cameroun : Paul Biya promulgue le d\u00e9cret d\u2019application du visa \u00e9lectronique","og_description":"Le pre\u0301sident de la Re\u0301publique a signe\u0301 ce 02 mars un de\u0301cret fixant les modalite\u0301s d\u2019applications de la Loi du 10 j ...","og_url":"https:\/\/www.africa-press.net\/cameroun\/politique\/cameroun-paul-biya-promulgue-le-decret-dapplication-du-visa-electronique","og_site_name":"Cameroun","article_published_time":"2023-03-03T12:29:46+00:00","article_modified_time":"2023-03-03T13:22:49+00:00","og_image":[{"width":720,"height":488,"url":"https:\/\/static.africa-press.net\/cameroun\/sites\/57\/2023\/03\/postQueueImg_1677833990.37.jpg","type":"image\/jpeg"}],"author":"cfeditorfr","twitter_card":"summary_large_image","twitter_misc":{"\u00c9crit par":"cfeditorfr","Dur\u00e9e de lecture estim\u00e9e":"2 minutes"},"schema":{"@context":"https:\/\/schema.org","@graph":[{"@type":"Article","@id":"https:\/\/www.africa-press.net\/cameroun\/politique\/cameroun-paul-biya-promulgue-le-decret-dapplication-du-visa-electronique#article","isPartOf":{"@id":"https:\/\/www.africa-press.net\/cameroun\/politique\/cameroun-paul-biya-promulgue-le-decret-dapplication-du-visa-electronique"},"author":{"name":"cfeditorfr","@id":"https:\/\/www.africa-press.net\/cameroun\/#\/schema\/person\/2b1cf3cd81a31e3cd26889ca66d677f1"},"headline":"Cameroun : Paul Biya promulgue le d\u00e9cret d\u2019application du visa \u00e9lectronique","datePublished":"2023-03-03T12:29:46+00:00","dateModified":"2023-03-03T13:22:49+00:00","mainEntityOfPage":{"@id":"https:\/\/www.africa-press.net\/cameroun\/politique\/cameroun-paul-biya-promulgue-le-decret-dapplication-du-visa-electronique"},"wordCount":366,"commentCount":0,"image":{"@id":"https:\/\/www.africa-press.net\/cameroun\/politique\/cameroun-paul-biya-promulgue-le-decret-dapplication-du-visa-electronique#primaryimage"},"thumbnailUrl":"https:\/\/static.africa-press.net\/cameroun\/sites\/57\/2023\/03\/postQueueImg_1677833990.37.jpg","keywords":["Africa Press","Africa Press-Cameroun","Cameroun"],"articleSection":["Politique","Toutes les actualit\u00e9s"],"inLanguage":"fr-FR","potentialAction":[{"@type":"CommentAction","name":"Comment","target":["https:\/\/www.africa-press.net\/cameroun\/politique\/cameroun-paul-biya-promulgue-le-decret-dapplication-du-visa-electronique#respond"]}]},{"@type":"WebPage","@id":"https:\/\/www.africa-press.net\/cameroun\/politique\/cameroun-paul-biya-promulgue-le-decret-dapplication-du-visa-electronique","url":"https:\/\/www.africa-press.net\/cameroun\/politique\/cameroun-paul-biya-promulgue-le-decret-dapplication-du-visa-electronique","name":"Cameroun : Paul Biya promulgue le d\u00e9cret d\u2019application du visa \u00e9lectronique - Cameroun","isPartOf":{"@id":"https:\/\/www.africa-press.net\/cameroun\/#website"},"primaryImageOfPage":{"@id":"https:\/\/www.africa-press.net\/cameroun\/politique\/cameroun-paul-biya-promulgue-le-decret-dapplication-du-visa-electronique#primaryimage"},"image":{"@id":"https:\/\/www.africa-press.net\/cameroun\/politique\/cameroun-paul-biya-promulgue-le-decret-dapplication-du-visa-electronique#primaryimage"},"thumbnailUrl":"https:\/\/static.africa-press.net\/cameroun\/sites\/57\/2023\/03\/postQueueImg_1677833990.37.jpg","datePublished":"2023-03-03T12:29:46+00:00","dateModified":"2023-03-03T13:22:49+00:00","author":{"@id":"https:\/\/www.africa-press.net\/cameroun\/#\/schema\/person\/2b1cf3cd81a31e3cd26889ca66d677f1"},"description":"Le pre\u0301sident de la Re\u0301publique a signe\u0301 ce 02 mars un de\u0301cret fixant les modalite\u0301s d\u2019applications de la Loi du 10 j ...","breadcrumb":{"@id":"https:\/\/www.africa-press.net\/cameroun\/politique\/cameroun-paul-biya-promulgue-le-decret-dapplication-du-visa-electronique#breadcrumb"},"inLanguage":"fr-FR","potentialAction":[{"@type":"ReadAction","target":["https:\/\/www.africa-press.net\/cameroun\/politique\/cameroun-paul-biya-promulgue-le-decret-dapplication-du-visa-electronique"]}]},{"@type":"ImageObject","inLanguage":"fr-FR","@id":"https:\/\/www.africa-press.net\/cameroun\/politique\/cameroun-paul-biya-promulgue-le-decret-dapplication-du-visa-electronique#primaryimage","url":"https:\/\/static.africa-press.net\/cameroun\/sites\/57\/2023\/03\/postQueueImg_1677833990.37.jpg","contentUrl":"https:\/\/static.africa-press.net\/cameroun\/sites\/57\/2023\/03\/postQueueImg_1677833990.37.jpg","width":720,"height":488,"caption":"Cameroun : Paul Biya promulgue le d\u00e9cret d\u2019application du visa \u00e9lectronique"},{"@type":"BreadcrumbList","@id":"https:\/\/www.africa-press.net\/cameroun\/politique\/cameroun-paul-biya-promulgue-le-decret-dapplication-du-visa-electronique#breadcrumb","itemListElement":[{"@type":"ListItem","position":1,"name":"Accueil","item":"https:\/\/www.africa-press.net\/cameroun\/"},{"@type":"ListItem","position":2,"name":"Cameroun : Paul Biya promulgue le d\u00e9cret d\u2019application du visa \u00e9lectronique"}]},{"@type":"WebSite","@id":"https:\/\/www.africa-press.net\/cameroun\/#website","url":"https:\/\/www.africa-press.net\/cameroun\/","name":"Cameroun","description":"Just another Africa News Agency Sites site","potentialAction":[{"@type":"SearchAction","target":{"@type":"EntryPoint","urlTemplate":"https:\/\/www.africa-press.net\/cameroun\/?s={search_term_string}"},"query-input":{"@type":"PropertyValueSpecification","valueRequired":true,"valueName":"search_term_string"}}],"inLanguage":"fr-FR"},{"@type":"Person","@id":"https:\/\/www.africa-press.net\/cameroun\/#\/schema\/person\/2b1cf3cd81a31e3cd26889ca66d677f1","name":"cfeditorfr"}]}},"_links":{"self":[{"href":"https:\/\/www.africa-press.net\/cameroun\/wp-json\/wp\/v2\/posts\/38239","targetHints":{"allow":["GET"]}}],"collection":[{"href":"https:\/\/www.africa-press.net\/cameroun\/wp-json\/wp\/v2\/posts"}],"about":[{"href":"https:\/\/www.africa-press.net\/cameroun\/wp-json\/wp\/v2\/types\/post"}],"author":[{"embeddable":true,"href":"https:\/\/www.africa-press.net\/cameroun\/wp-json\/wp\/v2\/users\/82"}],"replies":[{"embeddable":true,"href":"https:\/\/www.africa-press.net\/cameroun\/wp-json\/wp\/v2\/comments?post=38239"}],"version-history":[{"count":0,"href":"https:\/\/www.africa-press.net\/cameroun\/wp-json\/wp\/v2\/posts\/38239\/revisions"}],"wp:featuredmedia":[{"embeddable":true,"href":"https:\/\/www.africa-press.net\/cameroun\/wp-json\/wp\/v2\/media\/38237"}],"wp:attachment":[{"href":"https:\/\/www.africa-press.net\/cameroun\/wp-json\/wp\/v2\/media?parent=38239"}],"wp:term":[{"taxonomy":"category","embeddable":true,"href":"https:\/\/www.africa-press.net\/cameroun\/wp-json\/wp\/v2\/categories?post=38239"},{"taxonomy":"post_tag","embeddable":true,"href":"https:\/\/www.africa-press.net\/cameroun\/wp-json\/wp\/v2\/tags?post=38239"}],"curies":[{"name":"wp","href":"https:\/\/api.w.org\/{rel}","templated":true}]}}