{"id":38242,"date":"2023-03-03T12:25:00","date_gmt":"2023-03-03T12:25:00","guid":{"rendered":"https:\/\/www.africa-press.net\/cameroun\/politique\/affaire-martinez-zogo-un-haut-cadre-du-rdpc-repond-a-rene-sadi-apres-son-communique"},"modified":"2023-03-03T13:23:33","modified_gmt":"2023-03-03T13:23:33","slug":"affaire-martinez-zogo-un-haut-cadre-du-rdpc-repond-a-rene-sadi-apres-son-communique","status":"publish","type":"post","link":"https:\/\/www.africa-press.net\/cameroun\/politique\/affaire-martinez-zogo-un-haut-cadre-du-rdpc-repond-a-rene-sadi-apres-son-communique","title":{"rendered":"Affaire Martinez Zogo : un haut cadre du RDPC r\u00e9pond \u00e0 Ren\u00e9 Sadi apr\u00e8s son communiqu\u00e9"},"content":{"rendered":"<p><span style=\"color: #ff6600\"><strong>Africa-Press &#8211; Cameroun. <\/strong><\/span>L&rsquo;affaire Martinez Zogo continue de connaitre de nouveaux chapitres chaque jour. Il y a deux jours, le ministre de la communication et porte-parole du gouvernement, Rene\u0301 Emmanuel Sadi a fait un communique\u0301 sur la pression que fait l&rsquo;opinion publique et sociale sur le gouvernement et sur les enque\u0302teurs concernant l&rsquo;affaire.<\/p>\n<p>Plusieurs re\u0301actions s&rsquo;en ont suivies. D&rsquo;autres soutiennent et saluent la sortie du ministre tandis que d&rsquo;autres sont tanc\u0327antes envers le porte-parole du gouvernement. Pour Andre\u0301 Luther Meka, communiquant du RDPC, parti au pouvoir, il est le\u0301gitime que la socie\u0301te\u0301 ne reste pas muette face a\u0300 ce crime mais il serait pre\u0301fe\u0301rable pour cette dernie\u0300re de laisser justice camerounaise faire son travail.<\/p>\n<p>\u00ab Les logiques de Coup d&rsquo;Etat commencent par la strate\u0301gie de la pense\u0301e. On divise la cohe\u0301sion gouvernementale en cre\u0301ant des camps factices qui s&rsquo;affrontent, on divise le peuple Ekang dont ils pensent qu&rsquo;il de\u0301tient le pouvoir central en strate\u0301gie d&rsquo;e\u0301miettement, en les opposant, car le grand groupe Ekang constitue en majorite\u0301 tout le grand Sud du Cameroun, et des re\u0301gions centre, Sud, Est, et surtout peuple majoritaire en Afrique Centrale.<\/p>\n<p>J&rsquo;ai lu des analyses aussi insolites que drolatiques sur l&rsquo;affaire MZ. Quel que soit le pays ou\u0300 le crime aurait eu lieu, aussi barbare que cruel comme jamais, il y&rsquo;aurait eu une enque\u0302te et une telle mobilisation. Le seul hic dans cette affaire macabre est que les groupes de pression veulent orienter et influencer les conclusions et re\u0301sultats de l&rsquo;enque\u0302te.<\/p>\n<p>L&rsquo;Affaire MZ a fait suffoquer la plane\u0300te, a fait transpirer toutes les instances mondiales des droits de l&rsquo;Homme et des peuples. Laissons la justice camerounaise faire son travail et rien que son travail. L&rsquo;analyse strate\u0301gique ou politicienne de l&rsquo;affrontement des camps me semble farfelue et saugrenue. Aucune socie\u0301te\u0301 ne saurait reste\u0301e muette face a\u0300 un tel crime \u00bb<\/p>\n<p><strong>Pour plus d&rsquo;informations et d&rsquo;analyses sur la <a href=\"https:\/\/www.africa-press.net\/cameroun\">Cameroun<\/a>, suivez <a href=\"https:\/\/www.africa-press.net\/\">Africa-Press<\/a><\/strong><\/p>\n","protected":false},"excerpt":{"rendered":"<p>Africa-Press &#8211; Cameroun. L&rsquo;affaire Martinez Zogo continue de connaitre de nouveaux chapitres chaque jour. Il y a deux jours, le ministre de la communication et porte-parole du gouvernement, Rene\u0301 Emmanuel Sadi a fait un communique\u0301 sur la pression que fait l&rsquo;opinion publique et sociale sur le gouvernement et sur les enque\u0302teurs concernant l&rsquo;affaire. Plusieurs re\u0301actions [&hellip;]<\/p>\n","protected":false},"author":82,"featured_media":38240,"comment_status":"open","ping_status":"closed","sticky":false,"template":"","format":"standard","meta":{"footnotes":""},"categories":[2,10],"tags":[36,50,49],"class_list":["post-38242","post","type-post","status-publish","format-standard","has-post-thumbnail","hentry","category-politique","category-toutes-les-actualites","tag-africa-press","tag-africa-press-cameroun","tag-cameroun"],"yoast_head":"<!-- This site is optimized with the Yoast SEO Premium plugin v26.1 (Yoast SEO v27.0) - https:\/\/yoast.com\/product\/yoast-seo-premium-wordpress\/ -->\n<title>Affaire Martinez Zogo : un haut cadre du RDPC r\u00e9pond \u00e0 Ren\u00e9 Sadi apr\u00e8s son communiqu\u00e9 - Cameroun<\/title>\n<meta name=\"description\" content=\"L&#039;affaire Martinez Zogo continue de connaitre de nouveaux chapitres chaque jour. Il y a deux jours, le ministre de la co ...\" \/>\n<meta name=\"robots\" content=\"index, follow, max-snippet:-1, max-image-preview:large, max-video-preview:-1\" \/>\n<link rel=\"canonical\" href=\"https:\/\/www.africa-press.net\/cameroun\/politique\/affaire-martinez-zogo-un-haut-cadre-du-rdpc-repond-a-rene-sadi-apres-son-communique\" \/>\n<meta property=\"og:locale\" content=\"fr_FR\" \/>\n<meta property=\"og:type\" content=\"article\" \/>\n<meta property=\"og:title\" content=\"Affaire Martinez Zogo : un haut cadre du RDPC r\u00e9pond \u00e0 Ren\u00e9 Sadi apr\u00e8s son communiqu\u00e9\" \/>\n<meta property=\"og:description\" content=\"L&#039;affaire Martinez Zogo continue de connaitre de nouveaux chapitres chaque jour. Il y a deux jours, le ministre de la co ...\" \/>\n<meta property=\"og:url\" content=\"https:\/\/www.africa-press.net\/cameroun\/politique\/affaire-martinez-zogo-un-haut-cadre-du-rdpc-repond-a-rene-sadi-apres-son-communique\" \/>\n<meta property=\"og:site_name\" content=\"Cameroun\" \/>\n<meta property=\"article:published_time\" content=\"2023-03-03T12:25:00+00:00\" \/>\n<meta property=\"article:modified_time\" content=\"2023-03-03T13:23:33+00:00\" \/>\n<meta property=\"og:image\" content=\"https:\/\/static.africa-press.net\/cameroun\/sites\/57\/2023\/03\/postQueueImg_1677833896.00.jpg\" \/>\n\t<meta property=\"og:image:width\" content=\"720\" \/>\n\t<meta property=\"og:image:height\" content=\"540\" \/>\n\t<meta property=\"og:image:type\" content=\"image\/jpeg\" \/>\n<meta name=\"author\" content=\"cfeditorfr\" \/>\n<meta name=\"twitter:card\" content=\"summary_large_image\" \/>\n<meta name=\"twitter:label1\" content=\"\u00c9crit par\" \/>\n\t<meta name=\"twitter:data1\" content=\"cfeditorfr\" \/>\n\t<meta name=\"twitter:label2\" content=\"Dur\u00e9e de lecture estim\u00e9e\" \/>\n\t<meta name=\"twitter:data2\" content=\"2 minutes\" \/>\n<script type=\"application\/ld+json\" class=\"yoast-schema-graph\">{\"@context\":\"https:\/\/schema.org\",\"@graph\":[{\"@type\":\"Article\",\"@id\":\"https:\/\/www.africa-press.net\/cameroun\/politique\/affaire-martinez-zogo-un-haut-cadre-du-rdpc-repond-a-rene-sadi-apres-son-communique#article\",\"isPartOf\":{\"@id\":\"https:\/\/www.africa-press.net\/cameroun\/politique\/affaire-martinez-zogo-un-haut-cadre-du-rdpc-repond-a-rene-sadi-apres-son-communique\"},\"author\":{\"name\":\"cfeditorfr\",\"@id\":\"https:\/\/www.africa-press.net\/cameroun\/#\/schema\/person\/2b1cf3cd81a31e3cd26889ca66d677f1\"},\"headline\":\"Affaire Martinez Zogo : un haut cadre du RDPC r\u00e9pond \u00e0 Ren\u00e9 Sadi apr\u00e8s son communiqu\u00e9\",\"datePublished\":\"2023-03-03T12:25:00+00:00\",\"dateModified\":\"2023-03-03T13:23:33+00:00\",\"mainEntityOfPage\":{\"@id\":\"https:\/\/www.africa-press.net\/cameroun\/politique\/affaire-martinez-zogo-un-haut-cadre-du-rdpc-repond-a-rene-sadi-apres-son-communique\"},\"wordCount\":370,\"commentCount\":0,\"image\":{\"@id\":\"https:\/\/www.africa-press.net\/cameroun\/politique\/affaire-martinez-zogo-un-haut-cadre-du-rdpc-repond-a-rene-sadi-apres-son-communique#primaryimage\"},\"thumbnailUrl\":\"https:\/\/static.africa-press.net\/cameroun\/sites\/57\/2023\/03\/postQueueImg_1677833896.00.jpg\",\"keywords\":[\"Africa Press\",\"Africa Press-Cameroun\",\"Cameroun\"],\"articleSection\":[\"Politique\",\"Toutes les actualit\u00e9s\"],\"inLanguage\":\"fr-FR\",\"potentialAction\":[{\"@type\":\"CommentAction\",\"name\":\"Comment\",\"target\":[\"https:\/\/www.africa-press.net\/cameroun\/politique\/affaire-martinez-zogo-un-haut-cadre-du-rdpc-repond-a-rene-sadi-apres-son-communique#respond\"]}]},{\"@type\":\"WebPage\",\"@id\":\"https:\/\/www.africa-press.net\/cameroun\/politique\/affaire-martinez-zogo-un-haut-cadre-du-rdpc-repond-a-rene-sadi-apres-son-communique\",\"url\":\"https:\/\/www.africa-press.net\/cameroun\/politique\/affaire-martinez-zogo-un-haut-cadre-du-rdpc-repond-a-rene-sadi-apres-son-communique\",\"name\":\"Affaire Martinez Zogo : un haut cadre du RDPC r\u00e9pond \u00e0 Ren\u00e9 Sadi apr\u00e8s son communiqu\u00e9 - Cameroun\",\"isPartOf\":{\"@id\":\"https:\/\/www.africa-press.net\/cameroun\/#website\"},\"primaryImageOfPage\":{\"@id\":\"https:\/\/www.africa-press.net\/cameroun\/politique\/affaire-martinez-zogo-un-haut-cadre-du-rdpc-repond-a-rene-sadi-apres-son-communique#primaryimage\"},\"image\":{\"@id\":\"https:\/\/www.africa-press.net\/cameroun\/politique\/affaire-martinez-zogo-un-haut-cadre-du-rdpc-repond-a-rene-sadi-apres-son-communique#primaryimage\"},\"thumbnailUrl\":\"https:\/\/static.africa-press.net\/cameroun\/sites\/57\/2023\/03\/postQueueImg_1677833896.00.jpg\",\"datePublished\":\"2023-03-03T12:25:00+00:00\",\"dateModified\":\"2023-03-03T13:23:33+00:00\",\"author\":{\"@id\":\"https:\/\/www.africa-press.net\/cameroun\/#\/schema\/person\/2b1cf3cd81a31e3cd26889ca66d677f1\"},\"description\":\"L'affaire Martinez Zogo continue de connaitre de nouveaux chapitres chaque jour. Il y a deux jours, le ministre de la co ...\",\"breadcrumb\":{\"@id\":\"https:\/\/www.africa-press.net\/cameroun\/politique\/affaire-martinez-zogo-un-haut-cadre-du-rdpc-repond-a-rene-sadi-apres-son-communique#breadcrumb\"},\"inLanguage\":\"fr-FR\",\"potentialAction\":[{\"@type\":\"ReadAction\",\"target\":[\"https:\/\/www.africa-press.net\/cameroun\/politique\/affaire-martinez-zogo-un-haut-cadre-du-rdpc-repond-a-rene-sadi-apres-son-communique\"]}]},{\"@type\":\"ImageObject\",\"inLanguage\":\"fr-FR\",\"@id\":\"https:\/\/www.africa-press.net\/cameroun\/politique\/affaire-martinez-zogo-un-haut-cadre-du-rdpc-repond-a-rene-sadi-apres-son-communique#primaryimage\",\"url\":\"https:\/\/static.africa-press.net\/cameroun\/sites\/57\/2023\/03\/postQueueImg_1677833896.00.jpg\",\"contentUrl\":\"https:\/\/static.africa-press.net\/cameroun\/sites\/57\/2023\/03\/postQueueImg_1677833896.00.jpg\",\"width\":720,\"height\":540,\"caption\":\"Affaire Martinez Zogo : un haut cadre du RDPC r\u00e9pond \u00e0 Ren\u00e9 Sadi apr\u00e8s son communiqu\u00e9\"},{\"@type\":\"BreadcrumbList\",\"@id\":\"https:\/\/www.africa-press.net\/cameroun\/politique\/affaire-martinez-zogo-un-haut-cadre-du-rdpc-repond-a-rene-sadi-apres-son-communique#breadcrumb\",\"itemListElement\":[{\"@type\":\"ListItem\",\"position\":1,\"name\":\"Accueil\",\"item\":\"https:\/\/www.africa-press.net\/cameroun\/\"},{\"@type\":\"ListItem\",\"position\":2,\"name\":\"Affaire Martinez Zogo : un haut cadre du RDPC r\u00e9pond \u00e0 Ren\u00e9 Sadi apr\u00e8s son communiqu\u00e9\"}]},{\"@type\":\"WebSite\",\"@id\":\"https:\/\/www.africa-press.net\/cameroun\/#website\",\"url\":\"https:\/\/www.africa-press.net\/cameroun\/\",\"name\":\"Cameroun\",\"description\":\"Just another Africa News Agency Sites site\",\"potentialAction\":[{\"@type\":\"SearchAction\",\"target\":{\"@type\":\"EntryPoint\",\"urlTemplate\":\"https:\/\/www.africa-press.net\/cameroun\/?s={search_term_string}\"},\"query-input\":{\"@type\":\"PropertyValueSpecification\",\"valueRequired\":true,\"valueName\":\"search_term_string\"}}],\"inLanguage\":\"fr-FR\"},{\"@type\":\"Person\",\"@id\":\"https:\/\/www.africa-press.net\/cameroun\/#\/schema\/person\/2b1cf3cd81a31e3cd26889ca66d677f1\",\"name\":\"cfeditorfr\"}]}<\/script>\n<!-- \/ Yoast SEO Premium plugin. -->","yoast_head_json":{"title":"Affaire Martinez Zogo : un haut cadre du RDPC r\u00e9pond \u00e0 Ren\u00e9 Sadi apr\u00e8s son communiqu\u00e9 - Cameroun","description":"L'affaire Martinez Zogo continue de connaitre de nouveaux chapitres chaque jour. Il y a deux jours, le ministre de la co ...","robots":{"index":"index","follow":"follow","max-snippet":"max-snippet:-1","max-image-preview":"max-image-preview:large","max-video-preview":"max-video-preview:-1"},"canonical":"https:\/\/www.africa-press.net\/cameroun\/politique\/affaire-martinez-zogo-un-haut-cadre-du-rdpc-repond-a-rene-sadi-apres-son-communique","og_locale":"fr_FR","og_type":"article","og_title":"Affaire Martinez Zogo : un haut cadre du RDPC r\u00e9pond \u00e0 Ren\u00e9 Sadi apr\u00e8s son communiqu\u00e9","og_description":"L'affaire Martinez Zogo continue de connaitre de nouveaux chapitres chaque jour. Il y a deux jours, le ministre de la co ...","og_url":"https:\/\/www.africa-press.net\/cameroun\/politique\/affaire-martinez-zogo-un-haut-cadre-du-rdpc-repond-a-rene-sadi-apres-son-communique","og_site_name":"Cameroun","article_published_time":"2023-03-03T12:25:00+00:00","article_modified_time":"2023-03-03T13:23:33+00:00","og_image":[{"width":720,"height":540,"url":"https:\/\/static.africa-press.net\/cameroun\/sites\/57\/2023\/03\/postQueueImg_1677833896.00.jpg","type":"image\/jpeg"}],"author":"cfeditorfr","twitter_card":"summary_large_image","twitter_misc":{"\u00c9crit par":"cfeditorfr","Dur\u00e9e de lecture estim\u00e9e":"2 minutes"},"schema":{"@context":"https:\/\/schema.org","@graph":[{"@type":"Article","@id":"https:\/\/www.africa-press.net\/cameroun\/politique\/affaire-martinez-zogo-un-haut-cadre-du-rdpc-repond-a-rene-sadi-apres-son-communique#article","isPartOf":{"@id":"https:\/\/www.africa-press.net\/cameroun\/politique\/affaire-martinez-zogo-un-haut-cadre-du-rdpc-repond-a-rene-sadi-apres-son-communique"},"author":{"name":"cfeditorfr","@id":"https:\/\/www.africa-press.net\/cameroun\/#\/schema\/person\/2b1cf3cd81a31e3cd26889ca66d677f1"},"headline":"Affaire Martinez Zogo : un haut cadre du RDPC r\u00e9pond \u00e0 Ren\u00e9 Sadi apr\u00e8s son communiqu\u00e9","datePublished":"2023-03-03T12:25:00+00:00","dateModified":"2023-03-03T13:23:33+00:00","mainEntityOfPage":{"@id":"https:\/\/www.africa-press.net\/cameroun\/politique\/affaire-martinez-zogo-un-haut-cadre-du-rdpc-repond-a-rene-sadi-apres-son-communique"},"wordCount":370,"commentCount":0,"image":{"@id":"https:\/\/www.africa-press.net\/cameroun\/politique\/affaire-martinez-zogo-un-haut-cadre-du-rdpc-repond-a-rene-sadi-apres-son-communique#primaryimage"},"thumbnailUrl":"https:\/\/static.africa-press.net\/cameroun\/sites\/57\/2023\/03\/postQueueImg_1677833896.00.jpg","keywords":["Africa Press","Africa Press-Cameroun","Cameroun"],"articleSection":["Politique","Toutes les actualit\u00e9s"],"inLanguage":"fr-FR","potentialAction":[{"@type":"CommentAction","name":"Comment","target":["https:\/\/www.africa-press.net\/cameroun\/politique\/affaire-martinez-zogo-un-haut-cadre-du-rdpc-repond-a-rene-sadi-apres-son-communique#respond"]}]},{"@type":"WebPage","@id":"https:\/\/www.africa-press.net\/cameroun\/politique\/affaire-martinez-zogo-un-haut-cadre-du-rdpc-repond-a-rene-sadi-apres-son-communique","url":"https:\/\/www.africa-press.net\/cameroun\/politique\/affaire-martinez-zogo-un-haut-cadre-du-rdpc-repond-a-rene-sadi-apres-son-communique","name":"Affaire Martinez Zogo : un haut cadre du RDPC r\u00e9pond \u00e0 Ren\u00e9 Sadi apr\u00e8s son communiqu\u00e9 - Cameroun","isPartOf":{"@id":"https:\/\/www.africa-press.net\/cameroun\/#website"},"primaryImageOfPage":{"@id":"https:\/\/www.africa-press.net\/cameroun\/politique\/affaire-martinez-zogo-un-haut-cadre-du-rdpc-repond-a-rene-sadi-apres-son-communique#primaryimage"},"image":{"@id":"https:\/\/www.africa-press.net\/cameroun\/politique\/affaire-martinez-zogo-un-haut-cadre-du-rdpc-repond-a-rene-sadi-apres-son-communique#primaryimage"},"thumbnailUrl":"https:\/\/static.africa-press.net\/cameroun\/sites\/57\/2023\/03\/postQueueImg_1677833896.00.jpg","datePublished":"2023-03-03T12:25:00+00:00","dateModified":"2023-03-03T13:23:33+00:00","author":{"@id":"https:\/\/www.africa-press.net\/cameroun\/#\/schema\/person\/2b1cf3cd81a31e3cd26889ca66d677f1"},"description":"L'affaire Martinez Zogo continue de connaitre de nouveaux chapitres chaque jour. Il y a deux jours, le ministre de la co ...","breadcrumb":{"@id":"https:\/\/www.africa-press.net\/cameroun\/politique\/affaire-martinez-zogo-un-haut-cadre-du-rdpc-repond-a-rene-sadi-apres-son-communique#breadcrumb"},"inLanguage":"fr-FR","potentialAction":[{"@type":"ReadAction","target":["https:\/\/www.africa-press.net\/cameroun\/politique\/affaire-martinez-zogo-un-haut-cadre-du-rdpc-repond-a-rene-sadi-apres-son-communique"]}]},{"@type":"ImageObject","inLanguage":"fr-FR","@id":"https:\/\/www.africa-press.net\/cameroun\/politique\/affaire-martinez-zogo-un-haut-cadre-du-rdpc-repond-a-rene-sadi-apres-son-communique#primaryimage","url":"https:\/\/static.africa-press.net\/cameroun\/sites\/57\/2023\/03\/postQueueImg_1677833896.00.jpg","contentUrl":"https:\/\/static.africa-press.net\/cameroun\/sites\/57\/2023\/03\/postQueueImg_1677833896.00.jpg","width":720,"height":540,"caption":"Affaire Martinez Zogo : un haut cadre du RDPC r\u00e9pond \u00e0 Ren\u00e9 Sadi apr\u00e8s son communiqu\u00e9"},{"@type":"BreadcrumbList","@id":"https:\/\/www.africa-press.net\/cameroun\/politique\/affaire-martinez-zogo-un-haut-cadre-du-rdpc-repond-a-rene-sadi-apres-son-communique#breadcrumb","itemListElement":[{"@type":"ListItem","position":1,"name":"Accueil","item":"https:\/\/www.africa-press.net\/cameroun\/"},{"@type":"ListItem","position":2,"name":"Affaire Martinez Zogo : un haut cadre du RDPC r\u00e9pond \u00e0 Ren\u00e9 Sadi apr\u00e8s son communiqu\u00e9"}]},{"@type":"WebSite","@id":"https:\/\/www.africa-press.net\/cameroun\/#website","url":"https:\/\/www.africa-press.net\/cameroun\/","name":"Cameroun","description":"Just another Africa News Agency Sites site","potentialAction":[{"@type":"SearchAction","target":{"@type":"EntryPoint","urlTemplate":"https:\/\/www.africa-press.net\/cameroun\/?s={search_term_string}"},"query-input":{"@type":"PropertyValueSpecification","valueRequired":true,"valueName":"search_term_string"}}],"inLanguage":"fr-FR"},{"@type":"Person","@id":"https:\/\/www.africa-press.net\/cameroun\/#\/schema\/person\/2b1cf3cd81a31e3cd26889ca66d677f1","name":"cfeditorfr"}]}},"_links":{"self":[{"href":"https:\/\/www.africa-press.net\/cameroun\/wp-json\/wp\/v2\/posts\/38242","targetHints":{"allow":["GET"]}}],"collection":[{"href":"https:\/\/www.africa-press.net\/cameroun\/wp-json\/wp\/v2\/posts"}],"about":[{"href":"https:\/\/www.africa-press.net\/cameroun\/wp-json\/wp\/v2\/types\/post"}],"author":[{"embeddable":true,"href":"https:\/\/www.africa-press.net\/cameroun\/wp-json\/wp\/v2\/users\/82"}],"replies":[{"embeddable":true,"href":"https:\/\/www.africa-press.net\/cameroun\/wp-json\/wp\/v2\/comments?post=38242"}],"version-history":[{"count":0,"href":"https:\/\/www.africa-press.net\/cameroun\/wp-json\/wp\/v2\/posts\/38242\/revisions"}],"wp:featuredmedia":[{"embeddable":true,"href":"https:\/\/www.africa-press.net\/cameroun\/wp-json\/wp\/v2\/media\/38240"}],"wp:attachment":[{"href":"https:\/\/www.africa-press.net\/cameroun\/wp-json\/wp\/v2\/media?parent=38242"}],"wp:term":[{"taxonomy":"category","embeddable":true,"href":"https:\/\/www.africa-press.net\/cameroun\/wp-json\/wp\/v2\/categories?post=38242"},{"taxonomy":"post_tag","embeddable":true,"href":"https:\/\/www.africa-press.net\/cameroun\/wp-json\/wp\/v2\/tags?post=38242"}],"curies":[{"name":"wp","href":"https:\/\/api.w.org\/{rel}","templated":true}]}}