{"id":38245,"date":"2023-03-03T12:28:19","date_gmt":"2023-03-03T12:28:19","guid":{"rendered":"https:\/\/www.africa-press.net\/cameroun\/politique\/le-barreau-du-cameroun-porte-plainte-contre-lhopital-laquintinie"},"modified":"2023-03-03T13:24:09","modified_gmt":"2023-03-03T13:24:09","slug":"le-barreau-du-cameroun-porte-plainte-contre-lhopital-laquintinie","status":"publish","type":"post","link":"https:\/\/www.africa-press.net\/cameroun\/politique\/le-barreau-du-cameroun-porte-plainte-contre-lhopital-laquintinie","title":{"rendered":"Le barreau du Cameroun porte plainte contre l\u2019h\u00f4pital Laquintinie"},"content":{"rendered":"<p><span style=\"color: #ff6600\"><strong>Africa-Press &#8211; Cameroun. <\/strong><\/span>L&rsquo;ordre des avocats du Cameroun re\u0301clame justice pour l&rsquo;avocat Me Diboma Victor Samuel. Victime d&rsquo;agression a\u0300 l&rsquo;arme blanche dans la nuit du 02 janvier, il fut e\u0301vacue\u0301 a\u0300 l&rsquo;ho\u0302pital Laquintinie de Douala ou\u0300 il rendra l&rsquo;a\u0302me. Ses proches a\u0300 l&rsquo;e\u0301poque avaient soutenu que l\u2019avocat n\u2019avait pas e\u0301te\u0301 pris en charge rapidement par le personnel soignant. Le barreau du Cameroun abonde dans ce sens et porte plainte pour prise en charge tardive et assassinat contre x. Une plainte est de\u0301pose\u0301e a\u0300 la police judiciaire de Douala et une autre introduite a\u0300 la brigade de la gendarmerie de Ndongbong.<\/p>\n<p>Retour sur les faits<\/p>\n<p>L&rsquo;assassinat violent de l&rsquo;avocat Me Samuel Victor DIBOMA dans la nuit du 2 janvier 2022 au quartier Cite\u0301 Scic dans le 5e\u0300me arrondissement de Douala continue de susciter des re\u0301actions. Les proches accusent l&rsquo;ho\u0302pital Laquintinie de non-assistance a\u0300 personne en danger. Selon les sources proches de la victime, l&rsquo;ho\u0302pital a laisse\u0301 Me Diboma sans soins pendant 45 minutes exigeant le re\u0300glement des frais affe\u0301rant a\u0300 son traitement. Cette version des faits est de\u0301mentie par les responsables du centre hospitalier qui remettent pluto\u0302t en cause l&rsquo;e\u0301tat du patient avant son arrive\u0301e.<\/p>\n<p>Ils e\u0301voquent la \u201d plaie he\u0301morragique de l\u2019avant bras droit post rixe\u201d et une \u201cagitation\u201d du syste\u0300me nerveux central du patient et de\u0301noncent une campagne de diabolisation de l\u2019ho\u0302pital Laquintinie. Cette \u00ab campagne de de\u0301sinformation, qui va a\u0300 l\u2019encontre de la politique d\u2019humanisation des soins pro\u0302ne\u0301e par le ministe\u0300re de la sante\u0301 publique, laquelle recommande une prise en charge imme\u0301diate et sans condition de paiement pre\u0301alable \u00bb, indique l\u2019ho\u0302pital.<\/p>\n<p>Pour rappel, Me Diboma e\u0301tait sorti avec ses amis pour une partie de plaisir. Sur le chemin du retour sa petite amie aurait e\u0301voque\u0301 les cas d\u2019agression re\u0301currentes dans le secteur. \u00ab A deux heures du matin pendant qu\u2019il rentrait l\u2019effroi s\u2019e\u0301tant installe\u0301 chez sa copine, elle a dit j\u2019ai peur des agressions dehors et naturellement la re\u0301action de feu le De Cujus e\u0301tait de rassurer en disant c\u2019est mon quartier d\u2019enfance juste apre\u0300s sa se\u0301paration de son ami Michel deux individus (qui ont emporte\u0301 les phones de DIBOMA et sa copine ) ont surgi pour lui asse\u0301ner 04 coups de poignard en pre\u0301sence de sa copine qui a rappele\u0301 son ami revenu sur les lieux trouver le confre\u0300re gisant dans une mare de sang \u00bb, rapporte une source proche de l\u2019affaire cite\u0301e par Mimi Mefo.<\/p>\n<p>Une enque\u0302te est ouverte pour faire la lumie\u0300re sur les circonstances de la mort de l\u2019avocat camerounais.<\/p>\n<p><strong>Pour plus d&rsquo;informations et d&rsquo;analyses sur la <a href=\"https:\/\/www.africa-press.net\/cameroun\">Cameroun<\/a>, suivez <a href=\"https:\/\/www.africa-press.net\/\">Africa-Press<\/a><\/strong><\/p>\n","protected":false},"excerpt":{"rendered":"<p>Africa-Press &#8211; Cameroun. L&rsquo;ordre des avocats du Cameroun re\u0301clame justice pour l&rsquo;avocat Me Diboma Victor Samuel. Victime d&rsquo;agression a\u0300 l&rsquo;arme blanche dans la nuit du 02 janvier, il fut e\u0301vacue\u0301 a\u0300 l&rsquo;ho\u0302pital Laquintinie de Douala ou\u0300 il rendra l&rsquo;a\u0302me. Ses proches a\u0300 l&rsquo;e\u0301poque avaient soutenu que l\u2019avocat n\u2019avait pas e\u0301te\u0301 pris en charge rapidement par [&hellip;]<\/p>\n","protected":false},"author":82,"featured_media":38243,"comment_status":"open","ping_status":"closed","sticky":false,"template":"","format":"standard","meta":{"footnotes":""},"categories":[2,10],"tags":[36,50,49],"class_list":["post-38245","post","type-post","status-publish","format-standard","has-post-thumbnail","hentry","category-politique","category-toutes-les-actualites","tag-africa-press","tag-africa-press-cameroun","tag-cameroun"],"yoast_head":"<!-- This site is optimized with the Yoast SEO Premium plugin v26.1 (Yoast SEO v27.0) - https:\/\/yoast.com\/product\/yoast-seo-premium-wordpress\/ -->\n<title>Le barreau du Cameroun porte plainte contre l\u2019h\u00f4pital Laquintinie - Cameroun<\/title>\n<meta name=\"description\" content=\"L&#039;ordre des avocats du Cameroun re\u0301clame justice pour l&#039;avocat Me Diboma Victor Samuel. Victime d&#039;agression a\u0300 l&#039;arme bl ...\" \/>\n<meta name=\"robots\" content=\"index, follow, max-snippet:-1, max-image-preview:large, max-video-preview:-1\" \/>\n<link rel=\"canonical\" href=\"https:\/\/www.africa-press.net\/cameroun\/politique\/le-barreau-du-cameroun-porte-plainte-contre-lhopital-laquintinie\" \/>\n<meta property=\"og:locale\" content=\"fr_FR\" \/>\n<meta property=\"og:type\" content=\"article\" \/>\n<meta property=\"og:title\" content=\"Le barreau du Cameroun porte plainte contre l\u2019h\u00f4pital Laquintinie\" \/>\n<meta property=\"og:description\" content=\"L&#039;ordre des avocats du Cameroun re\u0301clame justice pour l&#039;avocat Me Diboma Victor Samuel. Victime d&#039;agression a\u0300 l&#039;arme bl ...\" \/>\n<meta property=\"og:url\" content=\"https:\/\/www.africa-press.net\/cameroun\/politique\/le-barreau-du-cameroun-porte-plainte-contre-lhopital-laquintinie\" \/>\n<meta property=\"og:site_name\" content=\"Cameroun\" \/>\n<meta property=\"article:published_time\" content=\"2023-03-03T12:28:19+00:00\" \/>\n<meta property=\"article:modified_time\" content=\"2023-03-03T13:24:09+00:00\" \/>\n<meta property=\"og:image\" content=\"https:\/\/static.africa-press.net\/cameroun\/sites\/57\/2023\/03\/postQueueImg_1677833903.34.jpg\" \/>\n\t<meta property=\"og:image:width\" content=\"720\" \/>\n\t<meta property=\"og:image:height\" content=\"369\" \/>\n\t<meta property=\"og:image:type\" content=\"image\/jpeg\" \/>\n<meta name=\"author\" content=\"cfeditorfr\" \/>\n<meta name=\"twitter:card\" content=\"summary_large_image\" \/>\n<meta name=\"twitter:label1\" content=\"\u00c9crit par\" \/>\n\t<meta name=\"twitter:data1\" content=\"cfeditorfr\" \/>\n\t<meta name=\"twitter:label2\" content=\"Dur\u00e9e de lecture estim\u00e9e\" \/>\n\t<meta name=\"twitter:data2\" content=\"2 minutes\" \/>\n<script type=\"application\/ld+json\" class=\"yoast-schema-graph\">{\"@context\":\"https:\/\/schema.org\",\"@graph\":[{\"@type\":\"Article\",\"@id\":\"https:\/\/www.africa-press.net\/cameroun\/politique\/le-barreau-du-cameroun-porte-plainte-contre-lhopital-laquintinie#article\",\"isPartOf\":{\"@id\":\"https:\/\/www.africa-press.net\/cameroun\/politique\/le-barreau-du-cameroun-porte-plainte-contre-lhopital-laquintinie\"},\"author\":{\"name\":\"cfeditorfr\",\"@id\":\"https:\/\/www.africa-press.net\/cameroun\/#\/schema\/person\/2b1cf3cd81a31e3cd26889ca66d677f1\"},\"headline\":\"Le barreau du Cameroun porte plainte contre l\u2019h\u00f4pital Laquintinie\",\"datePublished\":\"2023-03-03T12:28:19+00:00\",\"dateModified\":\"2023-03-03T13:24:09+00:00\",\"mainEntityOfPage\":{\"@id\":\"https:\/\/www.africa-press.net\/cameroun\/politique\/le-barreau-du-cameroun-porte-plainte-contre-lhopital-laquintinie\"},\"wordCount\":500,\"commentCount\":0,\"image\":{\"@id\":\"https:\/\/www.africa-press.net\/cameroun\/politique\/le-barreau-du-cameroun-porte-plainte-contre-lhopital-laquintinie#primaryimage\"},\"thumbnailUrl\":\"https:\/\/static.africa-press.net\/cameroun\/sites\/57\/2023\/03\/postQueueImg_1677833903.34.jpg\",\"keywords\":[\"Africa Press\",\"Africa Press-Cameroun\",\"Cameroun\"],\"articleSection\":[\"Politique\",\"Toutes les actualit\u00e9s\"],\"inLanguage\":\"fr-FR\",\"potentialAction\":[{\"@type\":\"CommentAction\",\"name\":\"Comment\",\"target\":[\"https:\/\/www.africa-press.net\/cameroun\/politique\/le-barreau-du-cameroun-porte-plainte-contre-lhopital-laquintinie#respond\"]}]},{\"@type\":\"WebPage\",\"@id\":\"https:\/\/www.africa-press.net\/cameroun\/politique\/le-barreau-du-cameroun-porte-plainte-contre-lhopital-laquintinie\",\"url\":\"https:\/\/www.africa-press.net\/cameroun\/politique\/le-barreau-du-cameroun-porte-plainte-contre-lhopital-laquintinie\",\"name\":\"Le barreau du Cameroun porte plainte contre l\u2019h\u00f4pital Laquintinie - Cameroun\",\"isPartOf\":{\"@id\":\"https:\/\/www.africa-press.net\/cameroun\/#website\"},\"primaryImageOfPage\":{\"@id\":\"https:\/\/www.africa-press.net\/cameroun\/politique\/le-barreau-du-cameroun-porte-plainte-contre-lhopital-laquintinie#primaryimage\"},\"image\":{\"@id\":\"https:\/\/www.africa-press.net\/cameroun\/politique\/le-barreau-du-cameroun-porte-plainte-contre-lhopital-laquintinie#primaryimage\"},\"thumbnailUrl\":\"https:\/\/static.africa-press.net\/cameroun\/sites\/57\/2023\/03\/postQueueImg_1677833903.34.jpg\",\"datePublished\":\"2023-03-03T12:28:19+00:00\",\"dateModified\":\"2023-03-03T13:24:09+00:00\",\"author\":{\"@id\":\"https:\/\/www.africa-press.net\/cameroun\/#\/schema\/person\/2b1cf3cd81a31e3cd26889ca66d677f1\"},\"description\":\"L'ordre des avocats du Cameroun re\u0301clame justice pour l'avocat Me Diboma Victor Samuel. Victime d'agression a\u0300 l'arme bl ...\",\"breadcrumb\":{\"@id\":\"https:\/\/www.africa-press.net\/cameroun\/politique\/le-barreau-du-cameroun-porte-plainte-contre-lhopital-laquintinie#breadcrumb\"},\"inLanguage\":\"fr-FR\",\"potentialAction\":[{\"@type\":\"ReadAction\",\"target\":[\"https:\/\/www.africa-press.net\/cameroun\/politique\/le-barreau-du-cameroun-porte-plainte-contre-lhopital-laquintinie\"]}]},{\"@type\":\"ImageObject\",\"inLanguage\":\"fr-FR\",\"@id\":\"https:\/\/www.africa-press.net\/cameroun\/politique\/le-barreau-du-cameroun-porte-plainte-contre-lhopital-laquintinie#primaryimage\",\"url\":\"https:\/\/static.africa-press.net\/cameroun\/sites\/57\/2023\/03\/postQueueImg_1677833903.34.jpg\",\"contentUrl\":\"https:\/\/static.africa-press.net\/cameroun\/sites\/57\/2023\/03\/postQueueImg_1677833903.34.jpg\",\"width\":720,\"height\":369,\"caption\":\"Le barreau du Cameroun porte plainte contre l\u2019h\u00f4pital Laquintinie\"},{\"@type\":\"BreadcrumbList\",\"@id\":\"https:\/\/www.africa-press.net\/cameroun\/politique\/le-barreau-du-cameroun-porte-plainte-contre-lhopital-laquintinie#breadcrumb\",\"itemListElement\":[{\"@type\":\"ListItem\",\"position\":1,\"name\":\"Accueil\",\"item\":\"https:\/\/www.africa-press.net\/cameroun\/\"},{\"@type\":\"ListItem\",\"position\":2,\"name\":\"Le barreau du Cameroun porte plainte contre l\u2019h\u00f4pital Laquintinie\"}]},{\"@type\":\"WebSite\",\"@id\":\"https:\/\/www.africa-press.net\/cameroun\/#website\",\"url\":\"https:\/\/www.africa-press.net\/cameroun\/\",\"name\":\"Cameroun\",\"description\":\"Just another Africa News Agency Sites site\",\"potentialAction\":[{\"@type\":\"SearchAction\",\"target\":{\"@type\":\"EntryPoint\",\"urlTemplate\":\"https:\/\/www.africa-press.net\/cameroun\/?s={search_term_string}\"},\"query-input\":{\"@type\":\"PropertyValueSpecification\",\"valueRequired\":true,\"valueName\":\"search_term_string\"}}],\"inLanguage\":\"fr-FR\"},{\"@type\":\"Person\",\"@id\":\"https:\/\/www.africa-press.net\/cameroun\/#\/schema\/person\/2b1cf3cd81a31e3cd26889ca66d677f1\",\"name\":\"cfeditorfr\"}]}<\/script>\n<!-- \/ Yoast SEO Premium plugin. -->","yoast_head_json":{"title":"Le barreau du Cameroun porte plainte contre l\u2019h\u00f4pital Laquintinie - Cameroun","description":"L'ordre des avocats du Cameroun re\u0301clame justice pour l'avocat Me Diboma Victor Samuel. Victime d'agression a\u0300 l'arme bl ...","robots":{"index":"index","follow":"follow","max-snippet":"max-snippet:-1","max-image-preview":"max-image-preview:large","max-video-preview":"max-video-preview:-1"},"canonical":"https:\/\/www.africa-press.net\/cameroun\/politique\/le-barreau-du-cameroun-porte-plainte-contre-lhopital-laquintinie","og_locale":"fr_FR","og_type":"article","og_title":"Le barreau du Cameroun porte plainte contre l\u2019h\u00f4pital Laquintinie","og_description":"L'ordre des avocats du Cameroun re\u0301clame justice pour l'avocat Me Diboma Victor Samuel. Victime d'agression a\u0300 l'arme bl ...","og_url":"https:\/\/www.africa-press.net\/cameroun\/politique\/le-barreau-du-cameroun-porte-plainte-contre-lhopital-laquintinie","og_site_name":"Cameroun","article_published_time":"2023-03-03T12:28:19+00:00","article_modified_time":"2023-03-03T13:24:09+00:00","og_image":[{"width":720,"height":369,"url":"https:\/\/static.africa-press.net\/cameroun\/sites\/57\/2023\/03\/postQueueImg_1677833903.34.jpg","type":"image\/jpeg"}],"author":"cfeditorfr","twitter_card":"summary_large_image","twitter_misc":{"\u00c9crit par":"cfeditorfr","Dur\u00e9e de lecture estim\u00e9e":"2 minutes"},"schema":{"@context":"https:\/\/schema.org","@graph":[{"@type":"Article","@id":"https:\/\/www.africa-press.net\/cameroun\/politique\/le-barreau-du-cameroun-porte-plainte-contre-lhopital-laquintinie#article","isPartOf":{"@id":"https:\/\/www.africa-press.net\/cameroun\/politique\/le-barreau-du-cameroun-porte-plainte-contre-lhopital-laquintinie"},"author":{"name":"cfeditorfr","@id":"https:\/\/www.africa-press.net\/cameroun\/#\/schema\/person\/2b1cf3cd81a31e3cd26889ca66d677f1"},"headline":"Le barreau du Cameroun porte plainte contre l\u2019h\u00f4pital Laquintinie","datePublished":"2023-03-03T12:28:19+00:00","dateModified":"2023-03-03T13:24:09+00:00","mainEntityOfPage":{"@id":"https:\/\/www.africa-press.net\/cameroun\/politique\/le-barreau-du-cameroun-porte-plainte-contre-lhopital-laquintinie"},"wordCount":500,"commentCount":0,"image":{"@id":"https:\/\/www.africa-press.net\/cameroun\/politique\/le-barreau-du-cameroun-porte-plainte-contre-lhopital-laquintinie#primaryimage"},"thumbnailUrl":"https:\/\/static.africa-press.net\/cameroun\/sites\/57\/2023\/03\/postQueueImg_1677833903.34.jpg","keywords":["Africa Press","Africa Press-Cameroun","Cameroun"],"articleSection":["Politique","Toutes les actualit\u00e9s"],"inLanguage":"fr-FR","potentialAction":[{"@type":"CommentAction","name":"Comment","target":["https:\/\/www.africa-press.net\/cameroun\/politique\/le-barreau-du-cameroun-porte-plainte-contre-lhopital-laquintinie#respond"]}]},{"@type":"WebPage","@id":"https:\/\/www.africa-press.net\/cameroun\/politique\/le-barreau-du-cameroun-porte-plainte-contre-lhopital-laquintinie","url":"https:\/\/www.africa-press.net\/cameroun\/politique\/le-barreau-du-cameroun-porte-plainte-contre-lhopital-laquintinie","name":"Le barreau du Cameroun porte plainte contre l\u2019h\u00f4pital Laquintinie - Cameroun","isPartOf":{"@id":"https:\/\/www.africa-press.net\/cameroun\/#website"},"primaryImageOfPage":{"@id":"https:\/\/www.africa-press.net\/cameroun\/politique\/le-barreau-du-cameroun-porte-plainte-contre-lhopital-laquintinie#primaryimage"},"image":{"@id":"https:\/\/www.africa-press.net\/cameroun\/politique\/le-barreau-du-cameroun-porte-plainte-contre-lhopital-laquintinie#primaryimage"},"thumbnailUrl":"https:\/\/static.africa-press.net\/cameroun\/sites\/57\/2023\/03\/postQueueImg_1677833903.34.jpg","datePublished":"2023-03-03T12:28:19+00:00","dateModified":"2023-03-03T13:24:09+00:00","author":{"@id":"https:\/\/www.africa-press.net\/cameroun\/#\/schema\/person\/2b1cf3cd81a31e3cd26889ca66d677f1"},"description":"L'ordre des avocats du Cameroun re\u0301clame justice pour l'avocat Me Diboma Victor Samuel. Victime d'agression a\u0300 l'arme bl ...","breadcrumb":{"@id":"https:\/\/www.africa-press.net\/cameroun\/politique\/le-barreau-du-cameroun-porte-plainte-contre-lhopital-laquintinie#breadcrumb"},"inLanguage":"fr-FR","potentialAction":[{"@type":"ReadAction","target":["https:\/\/www.africa-press.net\/cameroun\/politique\/le-barreau-du-cameroun-porte-plainte-contre-lhopital-laquintinie"]}]},{"@type":"ImageObject","inLanguage":"fr-FR","@id":"https:\/\/www.africa-press.net\/cameroun\/politique\/le-barreau-du-cameroun-porte-plainte-contre-lhopital-laquintinie#primaryimage","url":"https:\/\/static.africa-press.net\/cameroun\/sites\/57\/2023\/03\/postQueueImg_1677833903.34.jpg","contentUrl":"https:\/\/static.africa-press.net\/cameroun\/sites\/57\/2023\/03\/postQueueImg_1677833903.34.jpg","width":720,"height":369,"caption":"Le barreau du Cameroun porte plainte contre l\u2019h\u00f4pital Laquintinie"},{"@type":"BreadcrumbList","@id":"https:\/\/www.africa-press.net\/cameroun\/politique\/le-barreau-du-cameroun-porte-plainte-contre-lhopital-laquintinie#breadcrumb","itemListElement":[{"@type":"ListItem","position":1,"name":"Accueil","item":"https:\/\/www.africa-press.net\/cameroun\/"},{"@type":"ListItem","position":2,"name":"Le barreau du Cameroun porte plainte contre l\u2019h\u00f4pital Laquintinie"}]},{"@type":"WebSite","@id":"https:\/\/www.africa-press.net\/cameroun\/#website","url":"https:\/\/www.africa-press.net\/cameroun\/","name":"Cameroun","description":"Just another Africa News Agency Sites site","potentialAction":[{"@type":"SearchAction","target":{"@type":"EntryPoint","urlTemplate":"https:\/\/www.africa-press.net\/cameroun\/?s={search_term_string}"},"query-input":{"@type":"PropertyValueSpecification","valueRequired":true,"valueName":"search_term_string"}}],"inLanguage":"fr-FR"},{"@type":"Person","@id":"https:\/\/www.africa-press.net\/cameroun\/#\/schema\/person\/2b1cf3cd81a31e3cd26889ca66d677f1","name":"cfeditorfr"}]}},"_links":{"self":[{"href":"https:\/\/www.africa-press.net\/cameroun\/wp-json\/wp\/v2\/posts\/38245","targetHints":{"allow":["GET"]}}],"collection":[{"href":"https:\/\/www.africa-press.net\/cameroun\/wp-json\/wp\/v2\/posts"}],"about":[{"href":"https:\/\/www.africa-press.net\/cameroun\/wp-json\/wp\/v2\/types\/post"}],"author":[{"embeddable":true,"href":"https:\/\/www.africa-press.net\/cameroun\/wp-json\/wp\/v2\/users\/82"}],"replies":[{"embeddable":true,"href":"https:\/\/www.africa-press.net\/cameroun\/wp-json\/wp\/v2\/comments?post=38245"}],"version-history":[{"count":0,"href":"https:\/\/www.africa-press.net\/cameroun\/wp-json\/wp\/v2\/posts\/38245\/revisions"}],"wp:featuredmedia":[{"embeddable":true,"href":"https:\/\/www.africa-press.net\/cameroun\/wp-json\/wp\/v2\/media\/38243"}],"wp:attachment":[{"href":"https:\/\/www.africa-press.net\/cameroun\/wp-json\/wp\/v2\/media?parent=38245"}],"wp:term":[{"taxonomy":"category","embeddable":true,"href":"https:\/\/www.africa-press.net\/cameroun\/wp-json\/wp\/v2\/categories?post=38245"},{"taxonomy":"post_tag","embeddable":true,"href":"https:\/\/www.africa-press.net\/cameroun\/wp-json\/wp\/v2\/tags?post=38245"}],"curies":[{"name":"wp","href":"https:\/\/api.w.org\/{rel}","templated":true}]}}