{"id":38250,"date":"2023-03-03T12:28:24","date_gmt":"2023-03-03T12:28:24","guid":{"rendered":"https:\/\/www.africa-press.net\/cameroun\/politique\/origines-grosse-desillusion-pour-le-peuple-ekang"},"modified":"2023-03-03T13:24:45","modified_gmt":"2023-03-03T13:24:45","slug":"origines-grosse-desillusion-pour-le-peuple-ekang","status":"publish","type":"post","link":"https:\/\/www.africa-press.net\/cameroun\/dossiers\/origines-grosse-desillusion-pour-le-peuple-ekang","title":{"rendered":"Origines : grosse d\u00e9sillusion pour le peuple Ekang"},"content":{"rendered":"<p><span style=\"color: #ff6600\"><strong>Africa-Press &#8211; Cameroun. <\/strong><\/span>Calixthe Beyala a publie\u0301 un message sur les re\u0301seaux sociaux. Dans celui-ci, l\u2019e\u0301crivaine franco-camerounaise informe que \u00ab pour ceux qui parlent en cachette, je re\u0301pe\u0300te : le peuple Ekang n&rsquo;existe pas. Il existe un peuple appele\u0301 les Fang-Beti. Les Ekang sont des pre\u0302tres, des grands guerriers, des scribes et initie\u0301s chez les Fang-Beti. C&rsquo;est comme si soudain, on appelait tous les Bassa des Mbombog \u00bb.<\/p>\n<p>Alors que beaucoup de personnes ont rec\u0327u une douche froide avec cette re\u0301ve\u0301lation faite par Calixthe Beyala, l\u2019avocat Me Christian Bomo Ntimbane soutient que sa compatriote n\u2019a tout de me\u0302me pas tort. L\u2019acteur de la Socie\u0301te\u0301 civile des re\u0301conciliateurs a re\u0301pondu a\u0300 Calixthe Beyala en ces termes ci-dessous.<\/p>\n<p>\u00ab Calixthe Beyala a pourtant raison. Malgre\u0301 ces grossie\u0300rete\u0301s injustifie\u0301es de monsieur Eloi Bonavanture Bidoung sur l&rsquo;intimite\u0301 de madame Calixthe Beyala que je ne saurais poster sur mon mur, celle-ci a parfaitement raison d&rsquo;affirmer que tous les Fang-Beti-Bulu ne sont pas des Ekang.<\/p>\n<p>Les Ekang sont un clan mis a\u0300 part dans la grande communaute\u0301 Fang-Beti qui jouait autrefois le ro\u0302le de scribe et protecteur de la communaute\u0301. C&rsquo;e\u0301tait des hommes spirituels, des adorateurs d&rsquo;ou\u0300 (ekan qui signifie louer, et ekanga qui veut dire e\u0301criture).<\/p>\n<p>A\u0300 cet effet, il mai\u0302trisait les myste\u0300res et les secrets de la guerre tant physique que spirituelle. Ce sont des guerriers. Des hommes et femmes jouissant d&rsquo;un grand charisme.<\/p>\n<p>Les Ekang sont par exemple chez les Bulu les membres du clan Yekombo, appele\u0301 Emombo chez les Ewondo, Yebekolo chez les Akonolinga, Mendum chez les Eton, etc.<\/p>\n<p>Sur le fronton des maisons et cases d&rsquo;un Ekang, il y e\u0301tait plaque\u0301 une e\u0301toile qui ressemblait a\u0300 celle de David. (Ote\u0301te\u0301 Yekombo = e\u0301toile des Yekombo).<\/p>\n<p>E\u0301tant du clan Yekombo, on m&rsquo;a appris de\u0300s l&rsquo;enfance que j&rsquo;e\u0301tais un Ekang. D&rsquo;ailleurs dans la communaute\u0301 Bulu, les autres clans appellent les Yekombo : Ekang.<\/p>\n<p>C&rsquo;est un he\u0301ritage de nos ance\u0302tres dont les vrais Ekang comme moi doivent prote\u0301ger pour e\u0301viter son appropriation par tous ceux qui ne le sont pas. C&rsquo;est une appellation sacre\u0301e et prote\u0301ge\u0301e au sein du groupe ethnique Bulu-Fang-Beti&#8230; \u00bb.<\/p>\n<p><strong>Pour plus d&rsquo;informations et d&rsquo;analyses sur la <a href=\"https:\/\/www.africa-press.net\/cameroun\">Cameroun<\/a>, suivez <a href=\"https:\/\/www.africa-press.net\/\">Africa-Press<\/a><\/strong><\/p>\n","protected":false},"excerpt":{"rendered":"<p>Africa-Press &#8211; Cameroun. Calixthe Beyala a publie\u0301 un message sur les re\u0301seaux sociaux. Dans celui-ci, l\u2019e\u0301crivaine franco-camerounaise informe que \u00ab pour ceux qui parlent en cachette, je re\u0301pe\u0300te : le peuple Ekang n&rsquo;existe pas. Il existe un peuple appele\u0301 les Fang-Beti. Les Ekang sont des pre\u0302tres, des grands guerriers, des scribes et initie\u0301s chez les [&hellip;]<\/p>\n","protected":false},"author":82,"featured_media":38247,"comment_status":"open","ping_status":"closed","sticky":false,"template":"","format":"standard","meta":{"footnotes":""},"categories":[7,10],"tags":[36,50,49],"class_list":["post-38250","post","type-post","status-publish","format-standard","has-post-thumbnail","hentry","category-dossiers","category-toutes-les-actualites","tag-africa-press","tag-africa-press-cameroun","tag-cameroun"],"yoast_head":"<!-- This site is optimized with the Yoast SEO Premium plugin v26.1 (Yoast SEO v27.0) - https:\/\/yoast.com\/product\/yoast-seo-premium-wordpress\/ -->\n<title>Origines : grosse d\u00e9sillusion pour le peuple Ekang - Cameroun<\/title>\n<meta name=\"description\" content=\"Calixthe Beyala a publie\u0301 un message sur les re\u0301seaux sociaux. Dans celui-ci, l\u2019e\u0301crivaine franco-camerounaise informe q ...\" \/>\n<meta name=\"robots\" content=\"index, follow, max-snippet:-1, max-image-preview:large, max-video-preview:-1\" \/>\n<link rel=\"canonical\" href=\"https:\/\/www.africa-press.net\/cameroun\/dossiers\/origines-grosse-desillusion-pour-le-peuple-ekang\" \/>\n<meta property=\"og:locale\" content=\"fr_FR\" \/>\n<meta property=\"og:type\" content=\"article\" \/>\n<meta property=\"og:title\" content=\"Origines : grosse d\u00e9sillusion pour le peuple Ekang\" \/>\n<meta property=\"og:description\" content=\"Calixthe Beyala a publie\u0301 un message sur les re\u0301seaux sociaux. Dans celui-ci, l\u2019e\u0301crivaine franco-camerounaise informe q ...\" \/>\n<meta property=\"og:url\" content=\"https:\/\/www.africa-press.net\/cameroun\/dossiers\/origines-grosse-desillusion-pour-le-peuple-ekang\" \/>\n<meta property=\"og:site_name\" content=\"Cameroun\" \/>\n<meta property=\"article:published_time\" content=\"2023-03-03T12:28:24+00:00\" \/>\n<meta property=\"article:modified_time\" content=\"2023-03-03T13:24:45+00:00\" \/>\n<meta property=\"og:image\" content=\"https:\/\/static.africa-press.net\/cameroun\/sites\/57\/2023\/03\/postQueueImg_1677833908.82.jpg\" \/>\n\t<meta property=\"og:image:width\" content=\"720\" \/>\n\t<meta property=\"og:image:height\" content=\"500\" \/>\n\t<meta property=\"og:image:type\" content=\"image\/jpeg\" \/>\n<meta name=\"author\" content=\"cfeditorfr\" \/>\n<meta name=\"twitter:card\" content=\"summary_large_image\" \/>\n<meta name=\"twitter:label1\" content=\"\u00c9crit par\" \/>\n\t<meta name=\"twitter:data1\" content=\"cfeditorfr\" \/>\n\t<meta name=\"twitter:label2\" content=\"Dur\u00e9e de lecture estim\u00e9e\" \/>\n\t<meta name=\"twitter:data2\" content=\"2 minutes\" \/>\n<script type=\"application\/ld+json\" class=\"yoast-schema-graph\">{\"@context\":\"https:\/\/schema.org\",\"@graph\":[{\"@type\":\"Article\",\"@id\":\"https:\/\/www.africa-press.net\/cameroun\/dossiers\/origines-grosse-desillusion-pour-le-peuple-ekang#article\",\"isPartOf\":{\"@id\":\"https:\/\/www.africa-press.net\/cameroun\/dossiers\/origines-grosse-desillusion-pour-le-peuple-ekang\"},\"author\":{\"name\":\"cfeditorfr\",\"@id\":\"https:\/\/www.africa-press.net\/cameroun\/#\/schema\/person\/2b1cf3cd81a31e3cd26889ca66d677f1\"},\"headline\":\"Origines : grosse d\u00e9sillusion pour le peuple Ekang\",\"datePublished\":\"2023-03-03T12:28:24+00:00\",\"dateModified\":\"2023-03-03T13:24:45+00:00\",\"mainEntityOfPage\":{\"@id\":\"https:\/\/www.africa-press.net\/cameroun\/dossiers\/origines-grosse-desillusion-pour-le-peuple-ekang\"},\"wordCount\":415,\"commentCount\":0,\"image\":{\"@id\":\"https:\/\/www.africa-press.net\/cameroun\/dossiers\/origines-grosse-desillusion-pour-le-peuple-ekang#primaryimage\"},\"thumbnailUrl\":\"https:\/\/static.africa-press.net\/cameroun\/sites\/57\/2023\/03\/postQueueImg_1677833908.82.jpg\",\"keywords\":[\"Africa Press\",\"Africa Press-Cameroun\",\"Cameroun\"],\"articleSection\":[\"Dossiers\",\"Toutes les actualit\u00e9s\"],\"inLanguage\":\"fr-FR\",\"potentialAction\":[{\"@type\":\"CommentAction\",\"name\":\"Comment\",\"target\":[\"https:\/\/www.africa-press.net\/cameroun\/dossiers\/origines-grosse-desillusion-pour-le-peuple-ekang#respond\"]}]},{\"@type\":\"WebPage\",\"@id\":\"https:\/\/www.africa-press.net\/cameroun\/dossiers\/origines-grosse-desillusion-pour-le-peuple-ekang\",\"url\":\"https:\/\/www.africa-press.net\/cameroun\/dossiers\/origines-grosse-desillusion-pour-le-peuple-ekang\",\"name\":\"Origines : grosse d\u00e9sillusion pour le peuple Ekang - Cameroun\",\"isPartOf\":{\"@id\":\"https:\/\/www.africa-press.net\/cameroun\/#website\"},\"primaryImageOfPage\":{\"@id\":\"https:\/\/www.africa-press.net\/cameroun\/dossiers\/origines-grosse-desillusion-pour-le-peuple-ekang#primaryimage\"},\"image\":{\"@id\":\"https:\/\/www.africa-press.net\/cameroun\/dossiers\/origines-grosse-desillusion-pour-le-peuple-ekang#primaryimage\"},\"thumbnailUrl\":\"https:\/\/static.africa-press.net\/cameroun\/sites\/57\/2023\/03\/postQueueImg_1677833908.82.jpg\",\"datePublished\":\"2023-03-03T12:28:24+00:00\",\"dateModified\":\"2023-03-03T13:24:45+00:00\",\"author\":{\"@id\":\"https:\/\/www.africa-press.net\/cameroun\/#\/schema\/person\/2b1cf3cd81a31e3cd26889ca66d677f1\"},\"description\":\"Calixthe Beyala a publie\u0301 un message sur les re\u0301seaux sociaux. Dans celui-ci, l\u2019e\u0301crivaine franco-camerounaise informe q ...\",\"breadcrumb\":{\"@id\":\"https:\/\/www.africa-press.net\/cameroun\/dossiers\/origines-grosse-desillusion-pour-le-peuple-ekang#breadcrumb\"},\"inLanguage\":\"fr-FR\",\"potentialAction\":[{\"@type\":\"ReadAction\",\"target\":[\"https:\/\/www.africa-press.net\/cameroun\/dossiers\/origines-grosse-desillusion-pour-le-peuple-ekang\"]}]},{\"@type\":\"ImageObject\",\"inLanguage\":\"fr-FR\",\"@id\":\"https:\/\/www.africa-press.net\/cameroun\/dossiers\/origines-grosse-desillusion-pour-le-peuple-ekang#primaryimage\",\"url\":\"https:\/\/static.africa-press.net\/cameroun\/sites\/57\/2023\/03\/postQueueImg_1677833908.82.jpg\",\"contentUrl\":\"https:\/\/static.africa-press.net\/cameroun\/sites\/57\/2023\/03\/postQueueImg_1677833908.82.jpg\",\"width\":720,\"height\":500,\"caption\":\"Origines : grosse d\u00e9sillusion pour le peuple Ekang\"},{\"@type\":\"BreadcrumbList\",\"@id\":\"https:\/\/www.africa-press.net\/cameroun\/dossiers\/origines-grosse-desillusion-pour-le-peuple-ekang#breadcrumb\",\"itemListElement\":[{\"@type\":\"ListItem\",\"position\":1,\"name\":\"Accueil\",\"item\":\"https:\/\/www.africa-press.net\/cameroun\/\"},{\"@type\":\"ListItem\",\"position\":2,\"name\":\"Origines : grosse d\u00e9sillusion pour le peuple Ekang\"}]},{\"@type\":\"WebSite\",\"@id\":\"https:\/\/www.africa-press.net\/cameroun\/#website\",\"url\":\"https:\/\/www.africa-press.net\/cameroun\/\",\"name\":\"Cameroun\",\"description\":\"Just another Africa News Agency Sites site\",\"potentialAction\":[{\"@type\":\"SearchAction\",\"target\":{\"@type\":\"EntryPoint\",\"urlTemplate\":\"https:\/\/www.africa-press.net\/cameroun\/?s={search_term_string}\"},\"query-input\":{\"@type\":\"PropertyValueSpecification\",\"valueRequired\":true,\"valueName\":\"search_term_string\"}}],\"inLanguage\":\"fr-FR\"},{\"@type\":\"Person\",\"@id\":\"https:\/\/www.africa-press.net\/cameroun\/#\/schema\/person\/2b1cf3cd81a31e3cd26889ca66d677f1\",\"name\":\"cfeditorfr\"}]}<\/script>\n<!-- \/ Yoast SEO Premium plugin. -->","yoast_head_json":{"title":"Origines : grosse d\u00e9sillusion pour le peuple Ekang - Cameroun","description":"Calixthe Beyala a publie\u0301 un message sur les re\u0301seaux sociaux. Dans celui-ci, l\u2019e\u0301crivaine franco-camerounaise informe q ...","robots":{"index":"index","follow":"follow","max-snippet":"max-snippet:-1","max-image-preview":"max-image-preview:large","max-video-preview":"max-video-preview:-1"},"canonical":"https:\/\/www.africa-press.net\/cameroun\/dossiers\/origines-grosse-desillusion-pour-le-peuple-ekang","og_locale":"fr_FR","og_type":"article","og_title":"Origines : grosse d\u00e9sillusion pour le peuple Ekang","og_description":"Calixthe Beyala a publie\u0301 un message sur les re\u0301seaux sociaux. Dans celui-ci, l\u2019e\u0301crivaine franco-camerounaise informe q ...","og_url":"https:\/\/www.africa-press.net\/cameroun\/dossiers\/origines-grosse-desillusion-pour-le-peuple-ekang","og_site_name":"Cameroun","article_published_time":"2023-03-03T12:28:24+00:00","article_modified_time":"2023-03-03T13:24:45+00:00","og_image":[{"width":720,"height":500,"url":"https:\/\/static.africa-press.net\/cameroun\/sites\/57\/2023\/03\/postQueueImg_1677833908.82.jpg","type":"image\/jpeg"}],"author":"cfeditorfr","twitter_card":"summary_large_image","twitter_misc":{"\u00c9crit par":"cfeditorfr","Dur\u00e9e de lecture estim\u00e9e":"2 minutes"},"schema":{"@context":"https:\/\/schema.org","@graph":[{"@type":"Article","@id":"https:\/\/www.africa-press.net\/cameroun\/dossiers\/origines-grosse-desillusion-pour-le-peuple-ekang#article","isPartOf":{"@id":"https:\/\/www.africa-press.net\/cameroun\/dossiers\/origines-grosse-desillusion-pour-le-peuple-ekang"},"author":{"name":"cfeditorfr","@id":"https:\/\/www.africa-press.net\/cameroun\/#\/schema\/person\/2b1cf3cd81a31e3cd26889ca66d677f1"},"headline":"Origines : grosse d\u00e9sillusion pour le peuple Ekang","datePublished":"2023-03-03T12:28:24+00:00","dateModified":"2023-03-03T13:24:45+00:00","mainEntityOfPage":{"@id":"https:\/\/www.africa-press.net\/cameroun\/dossiers\/origines-grosse-desillusion-pour-le-peuple-ekang"},"wordCount":415,"commentCount":0,"image":{"@id":"https:\/\/www.africa-press.net\/cameroun\/dossiers\/origines-grosse-desillusion-pour-le-peuple-ekang#primaryimage"},"thumbnailUrl":"https:\/\/static.africa-press.net\/cameroun\/sites\/57\/2023\/03\/postQueueImg_1677833908.82.jpg","keywords":["Africa Press","Africa Press-Cameroun","Cameroun"],"articleSection":["Dossiers","Toutes les actualit\u00e9s"],"inLanguage":"fr-FR","potentialAction":[{"@type":"CommentAction","name":"Comment","target":["https:\/\/www.africa-press.net\/cameroun\/dossiers\/origines-grosse-desillusion-pour-le-peuple-ekang#respond"]}]},{"@type":"WebPage","@id":"https:\/\/www.africa-press.net\/cameroun\/dossiers\/origines-grosse-desillusion-pour-le-peuple-ekang","url":"https:\/\/www.africa-press.net\/cameroun\/dossiers\/origines-grosse-desillusion-pour-le-peuple-ekang","name":"Origines : grosse d\u00e9sillusion pour le peuple Ekang - Cameroun","isPartOf":{"@id":"https:\/\/www.africa-press.net\/cameroun\/#website"},"primaryImageOfPage":{"@id":"https:\/\/www.africa-press.net\/cameroun\/dossiers\/origines-grosse-desillusion-pour-le-peuple-ekang#primaryimage"},"image":{"@id":"https:\/\/www.africa-press.net\/cameroun\/dossiers\/origines-grosse-desillusion-pour-le-peuple-ekang#primaryimage"},"thumbnailUrl":"https:\/\/static.africa-press.net\/cameroun\/sites\/57\/2023\/03\/postQueueImg_1677833908.82.jpg","datePublished":"2023-03-03T12:28:24+00:00","dateModified":"2023-03-03T13:24:45+00:00","author":{"@id":"https:\/\/www.africa-press.net\/cameroun\/#\/schema\/person\/2b1cf3cd81a31e3cd26889ca66d677f1"},"description":"Calixthe Beyala a publie\u0301 un message sur les re\u0301seaux sociaux. Dans celui-ci, l\u2019e\u0301crivaine franco-camerounaise informe q ...","breadcrumb":{"@id":"https:\/\/www.africa-press.net\/cameroun\/dossiers\/origines-grosse-desillusion-pour-le-peuple-ekang#breadcrumb"},"inLanguage":"fr-FR","potentialAction":[{"@type":"ReadAction","target":["https:\/\/www.africa-press.net\/cameroun\/dossiers\/origines-grosse-desillusion-pour-le-peuple-ekang"]}]},{"@type":"ImageObject","inLanguage":"fr-FR","@id":"https:\/\/www.africa-press.net\/cameroun\/dossiers\/origines-grosse-desillusion-pour-le-peuple-ekang#primaryimage","url":"https:\/\/static.africa-press.net\/cameroun\/sites\/57\/2023\/03\/postQueueImg_1677833908.82.jpg","contentUrl":"https:\/\/static.africa-press.net\/cameroun\/sites\/57\/2023\/03\/postQueueImg_1677833908.82.jpg","width":720,"height":500,"caption":"Origines : grosse d\u00e9sillusion pour le peuple Ekang"},{"@type":"BreadcrumbList","@id":"https:\/\/www.africa-press.net\/cameroun\/dossiers\/origines-grosse-desillusion-pour-le-peuple-ekang#breadcrumb","itemListElement":[{"@type":"ListItem","position":1,"name":"Accueil","item":"https:\/\/www.africa-press.net\/cameroun\/"},{"@type":"ListItem","position":2,"name":"Origines : grosse d\u00e9sillusion pour le peuple Ekang"}]},{"@type":"WebSite","@id":"https:\/\/www.africa-press.net\/cameroun\/#website","url":"https:\/\/www.africa-press.net\/cameroun\/","name":"Cameroun","description":"Just another Africa News Agency Sites site","potentialAction":[{"@type":"SearchAction","target":{"@type":"EntryPoint","urlTemplate":"https:\/\/www.africa-press.net\/cameroun\/?s={search_term_string}"},"query-input":{"@type":"PropertyValueSpecification","valueRequired":true,"valueName":"search_term_string"}}],"inLanguage":"fr-FR"},{"@type":"Person","@id":"https:\/\/www.africa-press.net\/cameroun\/#\/schema\/person\/2b1cf3cd81a31e3cd26889ca66d677f1","name":"cfeditorfr"}]}},"_links":{"self":[{"href":"https:\/\/www.africa-press.net\/cameroun\/wp-json\/wp\/v2\/posts\/38250","targetHints":{"allow":["GET"]}}],"collection":[{"href":"https:\/\/www.africa-press.net\/cameroun\/wp-json\/wp\/v2\/posts"}],"about":[{"href":"https:\/\/www.africa-press.net\/cameroun\/wp-json\/wp\/v2\/types\/post"}],"author":[{"embeddable":true,"href":"https:\/\/www.africa-press.net\/cameroun\/wp-json\/wp\/v2\/users\/82"}],"replies":[{"embeddable":true,"href":"https:\/\/www.africa-press.net\/cameroun\/wp-json\/wp\/v2\/comments?post=38250"}],"version-history":[{"count":0,"href":"https:\/\/www.africa-press.net\/cameroun\/wp-json\/wp\/v2\/posts\/38250\/revisions"}],"wp:featuredmedia":[{"embeddable":true,"href":"https:\/\/www.africa-press.net\/cameroun\/wp-json\/wp\/v2\/media\/38247"}],"wp:attachment":[{"href":"https:\/\/www.africa-press.net\/cameroun\/wp-json\/wp\/v2\/media?parent=38250"}],"wp:term":[{"taxonomy":"category","embeddable":true,"href":"https:\/\/www.africa-press.net\/cameroun\/wp-json\/wp\/v2\/categories?post=38250"},{"taxonomy":"post_tag","embeddable":true,"href":"https:\/\/www.africa-press.net\/cameroun\/wp-json\/wp\/v2\/tags?post=38250"}],"curies":[{"name":"wp","href":"https:\/\/api.w.org\/{rel}","templated":true}]}}