{"id":38253,"date":"2023-03-03T12:39:02","date_gmt":"2023-03-03T12:39:02","guid":{"rendered":"https:\/\/www.africa-press.net\/cameroun\/politique\/chine-le-marche-du-cuivre-au-vert"},"modified":"2023-03-03T13:25:04","modified_gmt":"2023-03-03T13:25:04","slug":"chine-le-marche-du-cuivre-au-vert","status":"publish","type":"post","link":"https:\/\/www.africa-press.net\/cameroun\/economie\/chine-le-marche-du-cuivre-au-vert","title":{"rendered":"Chine : le march\u00e9 du cuivre au vert"},"content":{"rendered":"<p><span style=\"color: #ff6600\"><strong>Africa-Press &#8211; Cameroun. <\/strong><\/span><b>La Chine, qui aspire a\u0300 fixer au mois de mars 2023 son objectif de croissance du PIB a\u0300 5,5%-6% lors de l\u2019ouverture de la re\u0301union parlementaire, enregistre une augmentation du prix du cuivre.<\/b>\u00ab L\u2019indice des directeurs d\u2019achat du secteur manufacturier est passe\u0301 a\u0300 52,6 le mois dernier, soit son plus haut niveau depuis 2012. Un indicateur non manufacturier mesurant l\u2019activite\u0301 dans les secteurs des services et de construction s\u2019est ame\u0301liore\u0301 a\u0300 56,3 \u00bb, a annonce\u0301, le mercredi 1er mars 2023, le Bureau national des statistiques.<\/p>\n<p>Au cours de l\u2019anne\u0301e 2022, la livraison du cuivre sur le marche\u0301 Comex de New-York se ne\u0301gociait a\u0300 4,16 USD la livre (9 152 USD la tonne), soit en hausse pour le moment de 1,9.<\/p>\n<p>Une tendance qui, selon l\u2019e\u0301conomiste en chef Chez Guotai Junan international, Zhou Hao, reste solide quant a\u0300 la reprise de l\u2019e\u0301conomie chinoise au de\u0301but 2023.<\/p>\n<p>\u00ab La tendance globale indique toujours une solide reprise au de\u0301but de 2023 \u00bb, souligne Zhou Hao.<\/p>\n<p>Cet analyste appelle cependant le Gouvernement chinois a\u0300 miser sur de nouveaux paradigmes en vue de soutenir la reprise de l\u2019e\u0301conomie.<\/p>\n<p>\u00ab Les lectures de\u0301centes du PMI fournissent une note positive pour le prochain congre\u0300s national du peuple, le Gouvernement devant de\u0301ployer de nouvelles politiques de soutien pour cimenter la reprise \u00bb, a-t-il note\u0301.<\/p>\n<p>Flory Musiswa\/Stagiaire<\/p>\n<p><strong>Pour plus d&rsquo;informations et d&rsquo;analyses sur la <a href=\"https:\/\/www.africa-press.net\/cameroun\">Cameroun<\/a>, suivez <a href=\"https:\/\/www.africa-press.net\/\">Africa-Press<\/a><\/strong><\/p>\n","protected":false},"excerpt":{"rendered":"<p>Africa-Press &#8211; Cameroun. La Chine, qui aspire a\u0300 fixer au mois de mars 2023 son objectif de croissance du PIB a\u0300 5,5%-6% lors de l\u2019ouverture de la re\u0301union parlementaire, enregistre une augmentation du prix du cuivre.\u00ab L\u2019indice des directeurs d\u2019achat du secteur manufacturier est passe\u0301 a\u0300 52,6 le mois dernier, soit son plus haut niveau [&hellip;]<\/p>\n","protected":false},"author":82,"featured_media":38249,"comment_status":"open","ping_status":"closed","sticky":false,"template":"","format":"standard","meta":{"footnotes":""},"categories":[3,10],"tags":[36,50,49],"class_list":["post-38253","post","type-post","status-publish","format-standard","has-post-thumbnail","hentry","category-economie","category-toutes-les-actualites","tag-africa-press","tag-africa-press-cameroun","tag-cameroun"],"yoast_head":"<!-- This site is optimized with the Yoast SEO Premium plugin v26.1 (Yoast SEO v27.0) - https:\/\/yoast.com\/product\/yoast-seo-premium-wordpress\/ -->\n<title>Chine : le march\u00e9 du cuivre au vert - Cameroun<\/title>\n<meta name=\"description\" content=\"La Chine, qui aspire a\u0300 fixer au mois de mars 2023 son objectif de croissance du PIB a\u0300 5,5%-6% lors de l\u2019ouverture d ...\" \/>\n<meta name=\"robots\" content=\"index, follow, max-snippet:-1, max-image-preview:large, max-video-preview:-1\" \/>\n<link rel=\"canonical\" href=\"https:\/\/www.africa-press.net\/cameroun\/economie\/chine-le-marche-du-cuivre-au-vert\" \/>\n<meta property=\"og:locale\" content=\"fr_FR\" \/>\n<meta property=\"og:type\" content=\"article\" \/>\n<meta property=\"og:title\" content=\"Chine : le march\u00e9 du cuivre au vert\" \/>\n<meta property=\"og:description\" content=\"La Chine, qui aspire a\u0300 fixer au mois de mars 2023 son objectif de croissance du PIB a\u0300 5,5%-6% lors de l\u2019ouverture d ...\" \/>\n<meta property=\"og:url\" content=\"https:\/\/www.africa-press.net\/cameroun\/economie\/chine-le-marche-du-cuivre-au-vert\" \/>\n<meta property=\"og:site_name\" content=\"Cameroun\" \/>\n<meta property=\"article:published_time\" content=\"2023-03-03T12:39:02+00:00\" \/>\n<meta property=\"article:modified_time\" content=\"2023-03-03T13:25:04+00:00\" \/>\n<meta property=\"og:image\" content=\"https:\/\/static.africa-press.net\/cameroun\/sites\/57\/2023\/03\/postQueueImg_1677834661.60.jpg\" \/>\n\t<meta property=\"og:image:width\" content=\"1280\" \/>\n\t<meta property=\"og:image:height\" content=\"720\" \/>\n\t<meta property=\"og:image:type\" content=\"image\/jpeg\" \/>\n<meta name=\"author\" content=\"cfeditorfr\" \/>\n<meta name=\"twitter:card\" content=\"summary_large_image\" \/>\n<meta name=\"twitter:label1\" content=\"\u00c9crit par\" \/>\n\t<meta name=\"twitter:data1\" content=\"cfeditorfr\" \/>\n\t<meta name=\"twitter:label2\" content=\"Dur\u00e9e de lecture estim\u00e9e\" \/>\n\t<meta name=\"twitter:data2\" content=\"1 minute\" \/>\n<script type=\"application\/ld+json\" class=\"yoast-schema-graph\">{\"@context\":\"https:\/\/schema.org\",\"@graph\":[{\"@type\":\"Article\",\"@id\":\"https:\/\/www.africa-press.net\/cameroun\/economie\/chine-le-marche-du-cuivre-au-vert#article\",\"isPartOf\":{\"@id\":\"https:\/\/www.africa-press.net\/cameroun\/economie\/chine-le-marche-du-cuivre-au-vert\"},\"author\":{\"name\":\"cfeditorfr\",\"@id\":\"https:\/\/www.africa-press.net\/cameroun\/#\/schema\/person\/2b1cf3cd81a31e3cd26889ca66d677f1\"},\"headline\":\"Chine : le march\u00e9 du cuivre au vert\",\"datePublished\":\"2023-03-03T12:39:02+00:00\",\"dateModified\":\"2023-03-03T13:25:04+00:00\",\"mainEntityOfPage\":{\"@id\":\"https:\/\/www.africa-press.net\/cameroun\/economie\/chine-le-marche-du-cuivre-au-vert\"},\"wordCount\":245,\"commentCount\":0,\"image\":{\"@id\":\"https:\/\/www.africa-press.net\/cameroun\/economie\/chine-le-marche-du-cuivre-au-vert#primaryimage\"},\"thumbnailUrl\":\"https:\/\/static.africa-press.net\/cameroun\/sites\/57\/2023\/03\/postQueueImg_1677834661.60.jpg\",\"keywords\":[\"Africa Press\",\"Africa Press-Cameroun\",\"Cameroun\"],\"articleSection\":[\"\u00c9conomie\",\"Toutes les actualit\u00e9s\"],\"inLanguage\":\"fr-FR\",\"potentialAction\":[{\"@type\":\"CommentAction\",\"name\":\"Comment\",\"target\":[\"https:\/\/www.africa-press.net\/cameroun\/economie\/chine-le-marche-du-cuivre-au-vert#respond\"]}]},{\"@type\":\"WebPage\",\"@id\":\"https:\/\/www.africa-press.net\/cameroun\/economie\/chine-le-marche-du-cuivre-au-vert\",\"url\":\"https:\/\/www.africa-press.net\/cameroun\/economie\/chine-le-marche-du-cuivre-au-vert\",\"name\":\"Chine : le march\u00e9 du cuivre au vert - Cameroun\",\"isPartOf\":{\"@id\":\"https:\/\/www.africa-press.net\/cameroun\/#website\"},\"primaryImageOfPage\":{\"@id\":\"https:\/\/www.africa-press.net\/cameroun\/economie\/chine-le-marche-du-cuivre-au-vert#primaryimage\"},\"image\":{\"@id\":\"https:\/\/www.africa-press.net\/cameroun\/economie\/chine-le-marche-du-cuivre-au-vert#primaryimage\"},\"thumbnailUrl\":\"https:\/\/static.africa-press.net\/cameroun\/sites\/57\/2023\/03\/postQueueImg_1677834661.60.jpg\",\"datePublished\":\"2023-03-03T12:39:02+00:00\",\"dateModified\":\"2023-03-03T13:25:04+00:00\",\"author\":{\"@id\":\"https:\/\/www.africa-press.net\/cameroun\/#\/schema\/person\/2b1cf3cd81a31e3cd26889ca66d677f1\"},\"description\":\"La Chine, qui aspire a\u0300 fixer au mois de mars 2023 son objectif de croissance du PIB a\u0300 5,5%-6% lors de l\u2019ouverture d ...\",\"breadcrumb\":{\"@id\":\"https:\/\/www.africa-press.net\/cameroun\/economie\/chine-le-marche-du-cuivre-au-vert#breadcrumb\"},\"inLanguage\":\"fr-FR\",\"potentialAction\":[{\"@type\":\"ReadAction\",\"target\":[\"https:\/\/www.africa-press.net\/cameroun\/economie\/chine-le-marche-du-cuivre-au-vert\"]}]},{\"@type\":\"ImageObject\",\"inLanguage\":\"fr-FR\",\"@id\":\"https:\/\/www.africa-press.net\/cameroun\/economie\/chine-le-marche-du-cuivre-au-vert#primaryimage\",\"url\":\"https:\/\/static.africa-press.net\/cameroun\/sites\/57\/2023\/03\/postQueueImg_1677834661.60.jpg\",\"contentUrl\":\"https:\/\/static.africa-press.net\/cameroun\/sites\/57\/2023\/03\/postQueueImg_1677834661.60.jpg\",\"width\":1280,\"height\":720,\"caption\":\"Chine : le march\u00e9 du cuivre au vert\"},{\"@type\":\"BreadcrumbList\",\"@id\":\"https:\/\/www.africa-press.net\/cameroun\/economie\/chine-le-marche-du-cuivre-au-vert#breadcrumb\",\"itemListElement\":[{\"@type\":\"ListItem\",\"position\":1,\"name\":\"Accueil\",\"item\":\"https:\/\/www.africa-press.net\/cameroun\/\"},{\"@type\":\"ListItem\",\"position\":2,\"name\":\"Chine : le march\u00e9 du cuivre au vert\"}]},{\"@type\":\"WebSite\",\"@id\":\"https:\/\/www.africa-press.net\/cameroun\/#website\",\"url\":\"https:\/\/www.africa-press.net\/cameroun\/\",\"name\":\"Cameroun\",\"description\":\"Just another Africa News Agency Sites site\",\"potentialAction\":[{\"@type\":\"SearchAction\",\"target\":{\"@type\":\"EntryPoint\",\"urlTemplate\":\"https:\/\/www.africa-press.net\/cameroun\/?s={search_term_string}\"},\"query-input\":{\"@type\":\"PropertyValueSpecification\",\"valueRequired\":true,\"valueName\":\"search_term_string\"}}],\"inLanguage\":\"fr-FR\"},{\"@type\":\"Person\",\"@id\":\"https:\/\/www.africa-press.net\/cameroun\/#\/schema\/person\/2b1cf3cd81a31e3cd26889ca66d677f1\",\"name\":\"cfeditorfr\"}]}<\/script>\n<!-- \/ Yoast SEO Premium plugin. -->","yoast_head_json":{"title":"Chine : le march\u00e9 du cuivre au vert - Cameroun","description":"La Chine, qui aspire a\u0300 fixer au mois de mars 2023 son objectif de croissance du PIB a\u0300 5,5%-6% lors de l\u2019ouverture d ...","robots":{"index":"index","follow":"follow","max-snippet":"max-snippet:-1","max-image-preview":"max-image-preview:large","max-video-preview":"max-video-preview:-1"},"canonical":"https:\/\/www.africa-press.net\/cameroun\/economie\/chine-le-marche-du-cuivre-au-vert","og_locale":"fr_FR","og_type":"article","og_title":"Chine : le march\u00e9 du cuivre au vert","og_description":"La Chine, qui aspire a\u0300 fixer au mois de mars 2023 son objectif de croissance du PIB a\u0300 5,5%-6% lors de l\u2019ouverture d ...","og_url":"https:\/\/www.africa-press.net\/cameroun\/economie\/chine-le-marche-du-cuivre-au-vert","og_site_name":"Cameroun","article_published_time":"2023-03-03T12:39:02+00:00","article_modified_time":"2023-03-03T13:25:04+00:00","og_image":[{"width":1280,"height":720,"url":"https:\/\/static.africa-press.net\/cameroun\/sites\/57\/2023\/03\/postQueueImg_1677834661.60.jpg","type":"image\/jpeg"}],"author":"cfeditorfr","twitter_card":"summary_large_image","twitter_misc":{"\u00c9crit par":"cfeditorfr","Dur\u00e9e de lecture estim\u00e9e":"1 minute"},"schema":{"@context":"https:\/\/schema.org","@graph":[{"@type":"Article","@id":"https:\/\/www.africa-press.net\/cameroun\/economie\/chine-le-marche-du-cuivre-au-vert#article","isPartOf":{"@id":"https:\/\/www.africa-press.net\/cameroun\/economie\/chine-le-marche-du-cuivre-au-vert"},"author":{"name":"cfeditorfr","@id":"https:\/\/www.africa-press.net\/cameroun\/#\/schema\/person\/2b1cf3cd81a31e3cd26889ca66d677f1"},"headline":"Chine : le march\u00e9 du cuivre au vert","datePublished":"2023-03-03T12:39:02+00:00","dateModified":"2023-03-03T13:25:04+00:00","mainEntityOfPage":{"@id":"https:\/\/www.africa-press.net\/cameroun\/economie\/chine-le-marche-du-cuivre-au-vert"},"wordCount":245,"commentCount":0,"image":{"@id":"https:\/\/www.africa-press.net\/cameroun\/economie\/chine-le-marche-du-cuivre-au-vert#primaryimage"},"thumbnailUrl":"https:\/\/static.africa-press.net\/cameroun\/sites\/57\/2023\/03\/postQueueImg_1677834661.60.jpg","keywords":["Africa Press","Africa Press-Cameroun","Cameroun"],"articleSection":["\u00c9conomie","Toutes les actualit\u00e9s"],"inLanguage":"fr-FR","potentialAction":[{"@type":"CommentAction","name":"Comment","target":["https:\/\/www.africa-press.net\/cameroun\/economie\/chine-le-marche-du-cuivre-au-vert#respond"]}]},{"@type":"WebPage","@id":"https:\/\/www.africa-press.net\/cameroun\/economie\/chine-le-marche-du-cuivre-au-vert","url":"https:\/\/www.africa-press.net\/cameroun\/economie\/chine-le-marche-du-cuivre-au-vert","name":"Chine : le march\u00e9 du cuivre au vert - Cameroun","isPartOf":{"@id":"https:\/\/www.africa-press.net\/cameroun\/#website"},"primaryImageOfPage":{"@id":"https:\/\/www.africa-press.net\/cameroun\/economie\/chine-le-marche-du-cuivre-au-vert#primaryimage"},"image":{"@id":"https:\/\/www.africa-press.net\/cameroun\/economie\/chine-le-marche-du-cuivre-au-vert#primaryimage"},"thumbnailUrl":"https:\/\/static.africa-press.net\/cameroun\/sites\/57\/2023\/03\/postQueueImg_1677834661.60.jpg","datePublished":"2023-03-03T12:39:02+00:00","dateModified":"2023-03-03T13:25:04+00:00","author":{"@id":"https:\/\/www.africa-press.net\/cameroun\/#\/schema\/person\/2b1cf3cd81a31e3cd26889ca66d677f1"},"description":"La Chine, qui aspire a\u0300 fixer au mois de mars 2023 son objectif de croissance du PIB a\u0300 5,5%-6% lors de l\u2019ouverture d ...","breadcrumb":{"@id":"https:\/\/www.africa-press.net\/cameroun\/economie\/chine-le-marche-du-cuivre-au-vert#breadcrumb"},"inLanguage":"fr-FR","potentialAction":[{"@type":"ReadAction","target":["https:\/\/www.africa-press.net\/cameroun\/economie\/chine-le-marche-du-cuivre-au-vert"]}]},{"@type":"ImageObject","inLanguage":"fr-FR","@id":"https:\/\/www.africa-press.net\/cameroun\/economie\/chine-le-marche-du-cuivre-au-vert#primaryimage","url":"https:\/\/static.africa-press.net\/cameroun\/sites\/57\/2023\/03\/postQueueImg_1677834661.60.jpg","contentUrl":"https:\/\/static.africa-press.net\/cameroun\/sites\/57\/2023\/03\/postQueueImg_1677834661.60.jpg","width":1280,"height":720,"caption":"Chine : le march\u00e9 du cuivre au vert"},{"@type":"BreadcrumbList","@id":"https:\/\/www.africa-press.net\/cameroun\/economie\/chine-le-marche-du-cuivre-au-vert#breadcrumb","itemListElement":[{"@type":"ListItem","position":1,"name":"Accueil","item":"https:\/\/www.africa-press.net\/cameroun\/"},{"@type":"ListItem","position":2,"name":"Chine : le march\u00e9 du cuivre au vert"}]},{"@type":"WebSite","@id":"https:\/\/www.africa-press.net\/cameroun\/#website","url":"https:\/\/www.africa-press.net\/cameroun\/","name":"Cameroun","description":"Just another Africa News Agency Sites site","potentialAction":[{"@type":"SearchAction","target":{"@type":"EntryPoint","urlTemplate":"https:\/\/www.africa-press.net\/cameroun\/?s={search_term_string}"},"query-input":{"@type":"PropertyValueSpecification","valueRequired":true,"valueName":"search_term_string"}}],"inLanguage":"fr-FR"},{"@type":"Person","@id":"https:\/\/www.africa-press.net\/cameroun\/#\/schema\/person\/2b1cf3cd81a31e3cd26889ca66d677f1","name":"cfeditorfr"}]}},"_links":{"self":[{"href":"https:\/\/www.africa-press.net\/cameroun\/wp-json\/wp\/v2\/posts\/38253","targetHints":{"allow":["GET"]}}],"collection":[{"href":"https:\/\/www.africa-press.net\/cameroun\/wp-json\/wp\/v2\/posts"}],"about":[{"href":"https:\/\/www.africa-press.net\/cameroun\/wp-json\/wp\/v2\/types\/post"}],"author":[{"embeddable":true,"href":"https:\/\/www.africa-press.net\/cameroun\/wp-json\/wp\/v2\/users\/82"}],"replies":[{"embeddable":true,"href":"https:\/\/www.africa-press.net\/cameroun\/wp-json\/wp\/v2\/comments?post=38253"}],"version-history":[{"count":0,"href":"https:\/\/www.africa-press.net\/cameroun\/wp-json\/wp\/v2\/posts\/38253\/revisions"}],"wp:featuredmedia":[{"embeddable":true,"href":"https:\/\/www.africa-press.net\/cameroun\/wp-json\/wp\/v2\/media\/38249"}],"wp:attachment":[{"href":"https:\/\/www.africa-press.net\/cameroun\/wp-json\/wp\/v2\/media?parent=38253"}],"wp:term":[{"taxonomy":"category","embeddable":true,"href":"https:\/\/www.africa-press.net\/cameroun\/wp-json\/wp\/v2\/categories?post=38253"},{"taxonomy":"post_tag","embeddable":true,"href":"https:\/\/www.africa-press.net\/cameroun\/wp-json\/wp\/v2\/tags?post=38253"}],"curies":[{"name":"wp","href":"https:\/\/api.w.org\/{rel}","templated":true}]}}