{"id":38255,"date":"2023-03-03T12:28:30","date_gmt":"2023-03-03T12:28:30","guid":{"rendered":"https:\/\/www.africa-press.net\/cameroun\/politique\/ton-champion-est-en-prison-et-il-y-demeurera-wilfried-ekanga-fracasse-dieudonne-essomba"},"modified":"2023-03-03T13:25:27","modified_gmt":"2023-03-03T13:25:27","slug":"ton-champion-est-en-prison-et-il-y-demeurera-wilfried-ekanga-fracasse-dieudonne-essomba","status":"publish","type":"post","link":"https:\/\/www.africa-press.net\/cameroun\/toutes-les-actualites\/ton-champion-est-en-prison-et-il-y-demeurera-wilfried-ekanga-fracasse-dieudonne-essomba","title":{"rendered":"&lsquo;Ton champion est en prison, et il y demeurera&rsquo;: Wilfried Ekanga fracasse Dieudonn\u00e9 Essomba"},"content":{"rendered":"<p><span style=\"color: #ff6600\"><strong>Africa-Press &#8211; Cameroun. <\/strong><\/span>Les deux dernie\u0300res sorties du Dr Dieudonne\u0301 Essomba, consultant a\u0300 Vision 4, ont suscite\u0301 la re\u0301action de l&rsquo;analyste Wilfried Ekanga. Dans une tribune publie\u0301e il y a quelques heures, il de\u0301shabille et lave proprement l&rsquo;e\u0301conomiste a\u0300 la retraite.<\/p>\n<p>\u00ab\u00a0Apre\u0300s l&rsquo;amougouite, c&rsquo;est le syndrome Dreyfus. Tu termineras par le bacille zomlo&rsquo;oique, mais rien n&rsquo;y fera : ton champion est en prison, et il y demeurera!<\/p>\n<p>Depuis quand les mises en garde d&rsquo;un tribaliste &#8211; anime\u0301 par ailleurs par le syndrome de la panique gastrique &#8211; ont droit de cite\u0301 ? Tu ne trouves pas c\u0327a totalement clownesque de mettre en garde \u00ab contre les re\u0301seaux sociaux qui n&rsquo;adhe\u0300rent qu&rsquo;a\u0300 des sce\u0301narios hollywoodiens \u00bb quand toi-me\u0302me tu excelles dans une sorcellerie argumentative digne de Nollywood ? Comment l&rsquo;exe\u0301cutant peut dire de sa propre bouche qu&rsquo;il y a un commanditaire et en designer me\u0302me le nom &#8211; nom sur lequel il persiste et signe jusqu&rsquo;a\u0300 ce jour &#8211; et toi, depuis ta ve\u0301randa et devant ton verre de Arki, tu de\u0301cre\u0300tes qu&rsquo;il s&rsquo;agit d&rsquo;un meurtre sans commanditaire, et, pire encore, tu te laisses convaincre des semaines durant par tes propres mensonges ?<\/p>\n<p>Quelle est donc ta cre\u0301dibilite\u0301 face a\u0300 quelqu&rsquo;un qui lui a e\u0301te\u0301 de cette funeste ope\u0301ration nocturne, et qui ne fait que relater le fait ? \u00ab Toi qui dans la sauce \u00bb, comme on dit dans ton village ?<\/p>\n<p>Danwe aurait de\u0301voye\u0301 de son propre chef les missions de la DGRE&#8230; pourtant on ne l&rsquo;a jamais entendu dire \u00ab Vous me la bouclez \u00bb a\u0300 un ambassadeur. Qu&rsquo;est-ce qui est donc plus plausible ? Un homme qui du jour au lendemain &#8211; et dans le petit esprit de Dieudonne\u0301 Essomba &#8211; serait devenu fou (et alors me\u0302me qu&rsquo;il e\u0301tait bien normal quand il venait livrer des infos au Cannibale et que ce dernier le \u00ab de\u0301pannait \u00bb) ? Ou un Amougou Belinga, dont le narcissisme et la megalomanie connus de tous correspondent trait pour trait a\u0300 ce que Danwe de\u0301crit de lui ? D&rsquo;ailleurs as-tu jamais entendu Martinez e\u0301voquer ce Danwe de son vivant ? Serais-tu devenu de surcroi\u0302t plus cre\u0301dible que la victime elle-me\u0302me qui nous a pourtant annonce\u0301 a\u0300 l&rsquo;avance et en noir et blanc l&rsquo;identite\u0301 de son tortionnaire ?<\/p>\n<p>Les mois qui viennent s&rsquo;annoncent terribles pour toi, mon pauvre. Le syndrome de la panique gastrique est tre\u0300s manifestement en phase de me\u0301tastase.<\/p>\n<p>\u00ab C&rsquo;est une ope\u0301ration mafieuse entre les gens de la mafia \u00bb. La\u0300 au moins tu as raison. Le souci, c&rsquo;est qu&rsquo;il t&rsquo;a fallu combien de verres de ton Arki pour re\u0301ussir a\u0300 te persuader que ton patron n&rsquo;est pas le Pre\u0301sident du Conseil d&rsquo;Administration de ladite mafia ? Un Madoff des temps modernes pre\u0302t a\u0300 claquer 30 millions dans une affaire judiciaire pour en re\u0301chapper (ou alors tu n&rsquo;as pas e\u0301coute\u0301 les fuites audios de sa conversation avec le faux agent de l&rsquo;E\u0301tat base\u0301 en Suisse ? Tu e\u0301tais trop occupe\u0301 a\u0300 caresser les bourses de ton Zomloa)? Tu ne te rends pas compte que le seul qui se perd dans des sce\u0301narios sans queue ni te\u0302te, c&rsquo;est ta petite personne ?<\/p>\n<p>Tu affirmes sur Facebook que ce sont les enque\u0302teurs qui ont sugge\u0301re\u0301 a\u0300 Danwe d&rsquo;accuser Belinga&#8230; et tu ne veux pas qu&rsquo;on te traite d&rsquo;ivrogne ? Le proble\u0300me c&rsquo;est qu&rsquo;il est difficile de s&rsquo;imaginer qu&rsquo;un individu qui a toute sa te\u0302te &#8211; ou dont le tube digestif n&rsquo;est pas dangereusement en situation de rupture &#8211; soit en mesure de pondre pareilles salete\u0301s. En gros, heureusement que San Essomba est la\u0300, car sans lui, ces me\u0301diocres enque\u0302teurs auraient oblige\u0301 Danwe a\u0300 incriminer une personne innocente a\u0300 tout hasard ! C&rsquo;est ce que tu essayes de nous dire, n&rsquo;est-ce pas ?<\/p>\n<p>La raison c&rsquo;est quoi ? Les enque\u0302teurs aussi sont jaloux de Jack l&rsquo;E\u0301ventreur comme nous autres ? Tu serais capable de porter tes vieilles chaussures et d&rsquo;aller de\u0301fendre cette the\u0300se odontolique devant eux au SED ? Pourquoi tu proposes un examen psychiatrique de Danwe &#8211; qui lui au moins a de\u0301ja\u0300 admis avoir commis le meurtre &#8211; et non un examen de ton boss &#8211; qui s&rsquo;invente une amitie\u0301 avec Biya, qui a mis sur pied la te\u0301le\u0301vision la plus tribaliste de l&rsquo;he\u0301misphe\u0300re nord, et qui rabroue un SG de la police comme s&rsquo;il s&rsquo;agissait de son fiston &#8211; ? Je ne demande pas d&rsquo;examen a\u0300 ton sujet parce qu&rsquo;a\u0300 ce niveau le diagnostic est clair : ton cerveau a de\u0301clare\u0301 fe\u0301rie\u0301 et chome\u0301 il y a belle lurette. Tu n&rsquo;es plus a\u0300 sauver. Surtout quand l&rsquo;estomac s&rsquo;en me\u0302le.<\/p>\n<p>En outre, c&rsquo;est toi qui parles de \u00ab mafia \u00bb, et c&rsquo;est encore toi qui t&rsquo;e\u0301tonnes du fait que tout l&rsquo;entourage d&rsquo;Amougou Belinga soit implique\u0301 dans cette affaire que tu qualifies de \u00ab tentaculaire \u00bb. Ah, mon pauvre, tu ne vois donc pas que tu viens te t&rsquo;enfoncer toi-me\u0302me ? Car vois-tu, C&rsquo;EST JUSTEMENT C\u0327A, la signification de \u00ab mafia \u00bb! C&rsquo;est tout un re\u0301seau qui va de la famille aux amis en passant par des agents des services de la Re\u0301publique ! Me\u0302me ma nie\u0300ce de 6 mois connait la de\u0301finition de mafia ; mais je te comprends : ventre affame\u0301 n&rsquo;a point de jugeote !<\/p>\n<p>Pendant que tu affirmes que Jack l&rsquo;E\u0301ventreur n&rsquo;est pas le commanditaire, tu peux constater toi-me\u0302me que non seulement il est de\u0301tenu, mais avec lui toute une caste autour de lui, en passant par Bidjang et me\u0302me ses e\u0301pouses qui ont ope\u0301re\u0301 moult va-et-vient entre le SED et leurs domiciles pour besoins d&rsquo;enque\u0302te. Bon, je suppose qu&rsquo;ils sont aussi jaloux de Bidjang&#8230; selon l&rsquo;investigation de la Essomba Gastric Corporation.<\/p>\n<p>\u00ab Depuis quand on traite les meurtres par te\u0301le\u0301phone \u00bb? On les traite par quoi, le pe\u0300re ? Dis-nous : en 2023 on utilise le tambour ? Ou le corbeau messager ? Dans tes meurtres tu utilises quoi ? Tu sembles bien t&rsquo;y connai\u0302tre. Parle donc&#8230; De toute fac\u0327on, j&rsquo;admire la fac\u0327on dont tu es en train de pre\u0301parer ta propre chambre a\u0300 Kondengui ; ne t&rsquo;en fais pas, c\u0327a vient. Qui cherche trouve. Biento\u0302t tu expliqueras le vent qui te poussait a\u0300 vouloir prote\u0301ger aussi obstine\u0301ment une fripouille narcissique et pourvoyeuse de te\u0301ne\u0300bres comme cet ignoble individu.<\/p>\n<p>Pendant que tout le peuple re\u0301clame de plus en plus la condamnation de\u0301finitive des inculpe\u0301s, toi tu parviens a\u0300 voir \u00abun acharnement de plus en plus illogique\u00bb. A\u0300 l&rsquo;e\u0301poque ou\u0300 la sorcellerie attendait minuit pour se manifester, on pouvait encore respirer. Mais gra\u0302ce a\u0300 toi c\u0327a se passe de\u0301sormais en plein jour ! Me\u0302me Eko Eko ne demande plus sa libe\u0301ration, mais Essomba re\u0301clame qu&rsquo;on le libe\u0300re. A\u0300 ce niveau on passe au syndrome du Tchinda plus agite\u0301 que le porteur lui-me\u0302me. Demain, tu demanderas pourquoi Hitler s&rsquo;est suicide\u0301 alors qu&rsquo;il sauvait les Juifs.<\/p>\n<p>Pour une fois que l&rsquo;institution militaire surprend les Camerounais en faisant bien son boulot, pour une fois que le peuple a\u0300 l&rsquo;unisson entrevoit un de\u0301but de justice, tu veux nous ramener deux sie\u0300cles en arrie\u0300re en leur demandant carre\u0301ment de libe\u0301rer ton fre\u0300re du village, au nom de ton nause\u0301abond tribalisme alimentaire. Tu fustiges les de\u0301clarations pe\u0301remptoires, mais tu affirmes sans sourciller ici que \u00ab les accuse\u0301s ne sont pour rien dans le meurtre de Martinez Zogo \u00bb. Ce n&rsquo;est pas pour rien qu&rsquo;on te surnomme EKOUTA MEBI. Je laisse le soin aux lecteurs de traduire l&rsquo;ensemble, mais qu&rsquo;ils savent d&rsquo;ores et de\u0301ja\u0300 que \u00ab MEBI \u00bb signifie \u00ab LE CACA \u00bb.<\/p>\n<p>Car le fruit ne tombe jamais loin de l&rsquo;arbre\u00a0\u00bb.<\/p>\n<p><strong>Pour plus d&rsquo;informations et d&rsquo;analyses sur la <a href=\"https:\/\/www.africa-press.net\/cameroun\">Cameroun<\/a>, suivez <a href=\"https:\/\/www.africa-press.net\/\">Africa-Press<\/a><\/strong><\/p>\n","protected":false},"excerpt":{"rendered":"<p>Africa-Press &#8211; Cameroun. Les deux dernie\u0300res sorties du Dr Dieudonne\u0301 Essomba, consultant a\u0300 Vision 4, ont suscite\u0301 la re\u0301action de l&rsquo;analyste Wilfried Ekanga. Dans une tribune publie\u0301e il y a quelques heures, il de\u0301shabille et lave proprement l&rsquo;e\u0301conomiste a\u0300 la retraite. \u00ab\u00a0Apre\u0300s l&rsquo;amougouite, c&rsquo;est le syndrome Dreyfus. Tu termineras par le bacille zomlo&rsquo;oique, mais rien [&hellip;]<\/p>\n","protected":false},"author":82,"featured_media":38252,"comment_status":"open","ping_status":"closed","sticky":false,"template":"","format":"standard","meta":{"footnotes":""},"categories":[21,10],"tags":[36,50,49],"class_list":["post-38255","post","type-post","status-publish","format-standard","has-post-thumbnail","hentry","category-communaute","category-toutes-les-actualites","tag-africa-press","tag-africa-press-cameroun","tag-cameroun"],"yoast_head":"<!-- This site is optimized with the Yoast SEO Premium plugin v26.1 (Yoast SEO v27.0) - https:\/\/yoast.com\/product\/yoast-seo-premium-wordpress\/ -->\n<title>&#039;Ton champion est en prison, et il y demeurera&#039;: Wilfried Ekanga fracasse Dieudonn\u00e9 Essomba - Cameroun<\/title>\n<meta name=\"description\" content=\"Les deux dernie\u0300res sorties du Dr Dieudonne\u0301 Essomba, consultant a\u0300 Vision 4, ont suscite\u0301 la re\u0301action de l&#039;analyste Wi ...\" \/>\n<meta name=\"robots\" content=\"index, follow, max-snippet:-1, max-image-preview:large, max-video-preview:-1\" \/>\n<link rel=\"canonical\" href=\"https:\/\/www.africa-press.net\/cameroun\/toutes-les-actualites\/ton-champion-est-en-prison-et-il-y-demeurera-wilfried-ekanga-fracasse-dieudonne-essomba\" \/>\n<meta property=\"og:locale\" content=\"fr_FR\" \/>\n<meta property=\"og:type\" content=\"article\" \/>\n<meta property=\"og:title\" content=\"&#039;Ton champion est en prison, et il y demeurera&#039;: Wilfried Ekanga fracasse Dieudonn\u00e9 Essomba\" \/>\n<meta property=\"og:description\" content=\"Les deux dernie\u0300res sorties du Dr Dieudonne\u0301 Essomba, consultant a\u0300 Vision 4, ont suscite\u0301 la re\u0301action de l&#039;analyste Wi ...\" \/>\n<meta property=\"og:url\" content=\"https:\/\/www.africa-press.net\/cameroun\/toutes-les-actualites\/ton-champion-est-en-prison-et-il-y-demeurera-wilfried-ekanga-fracasse-dieudonne-essomba\" \/>\n<meta property=\"og:site_name\" content=\"Cameroun\" \/>\n<meta property=\"article:published_time\" content=\"2023-03-03T12:28:30+00:00\" \/>\n<meta property=\"article:modified_time\" content=\"2023-03-03T13:25:27+00:00\" \/>\n<meta property=\"og:image\" content=\"https:\/\/static.africa-press.net\/cameroun\/sites\/57\/2023\/03\/postQueueImg_1677833916.04.jpg\" \/>\n\t<meta property=\"og:image:width\" content=\"720\" \/>\n\t<meta property=\"og:image:height\" content=\"360\" \/>\n\t<meta property=\"og:image:type\" content=\"image\/jpeg\" \/>\n<meta name=\"author\" content=\"cfeditorfr\" \/>\n<meta name=\"twitter:card\" content=\"summary_large_image\" \/>\n<meta name=\"twitter:label1\" content=\"\u00c9crit par\" \/>\n\t<meta name=\"twitter:data1\" content=\"cfeditorfr\" \/>\n\t<meta name=\"twitter:label2\" content=\"Dur\u00e9e de lecture estim\u00e9e\" \/>\n\t<meta name=\"twitter:data2\" content=\"7 minutes\" \/>\n<script type=\"application\/ld+json\" class=\"yoast-schema-graph\">{\"@context\":\"https:\/\/schema.org\",\"@graph\":[{\"@type\":\"Article\",\"@id\":\"https:\/\/www.africa-press.net\/cameroun\/toutes-les-actualites\/ton-champion-est-en-prison-et-il-y-demeurera-wilfried-ekanga-fracasse-dieudonne-essomba#article\",\"isPartOf\":{\"@id\":\"https:\/\/www.africa-press.net\/cameroun\/toutes-les-actualites\/ton-champion-est-en-prison-et-il-y-demeurera-wilfried-ekanga-fracasse-dieudonne-essomba\"},\"author\":{\"name\":\"cfeditorfr\",\"@id\":\"https:\/\/www.africa-press.net\/cameroun\/#\/schema\/person\/2b1cf3cd81a31e3cd26889ca66d677f1\"},\"headline\":\"&lsquo;Ton champion est en prison, et il y demeurera&rsquo;: Wilfried Ekanga fracasse Dieudonn\u00e9 Essomba\",\"datePublished\":\"2023-03-03T12:28:30+00:00\",\"dateModified\":\"2023-03-03T13:25:27+00:00\",\"mainEntityOfPage\":{\"@id\":\"https:\/\/www.africa-press.net\/cameroun\/toutes-les-actualites\/ton-champion-est-en-prison-et-il-y-demeurera-wilfried-ekanga-fracasse-dieudonne-essomba\"},\"wordCount\":1404,\"commentCount\":0,\"image\":{\"@id\":\"https:\/\/www.africa-press.net\/cameroun\/toutes-les-actualites\/ton-champion-est-en-prison-et-il-y-demeurera-wilfried-ekanga-fracasse-dieudonne-essomba#primaryimage\"},\"thumbnailUrl\":\"https:\/\/static.africa-press.net\/cameroun\/sites\/57\/2023\/03\/postQueueImg_1677833916.04.jpg\",\"keywords\":[\"Africa Press\",\"Africa Press-Cameroun\",\"Cameroun\"],\"articleSection\":[\"Communaut\u00e9\",\"Toutes les actualit\u00e9s\"],\"inLanguage\":\"fr-FR\",\"potentialAction\":[{\"@type\":\"CommentAction\",\"name\":\"Comment\",\"target\":[\"https:\/\/www.africa-press.net\/cameroun\/toutes-les-actualites\/ton-champion-est-en-prison-et-il-y-demeurera-wilfried-ekanga-fracasse-dieudonne-essomba#respond\"]}]},{\"@type\":\"WebPage\",\"@id\":\"https:\/\/www.africa-press.net\/cameroun\/toutes-les-actualites\/ton-champion-est-en-prison-et-il-y-demeurera-wilfried-ekanga-fracasse-dieudonne-essomba\",\"url\":\"https:\/\/www.africa-press.net\/cameroun\/toutes-les-actualites\/ton-champion-est-en-prison-et-il-y-demeurera-wilfried-ekanga-fracasse-dieudonne-essomba\",\"name\":\"'Ton champion est en prison, et il y demeurera': Wilfried Ekanga fracasse Dieudonn\u00e9 Essomba - Cameroun\",\"isPartOf\":{\"@id\":\"https:\/\/www.africa-press.net\/cameroun\/#website\"},\"primaryImageOfPage\":{\"@id\":\"https:\/\/www.africa-press.net\/cameroun\/toutes-les-actualites\/ton-champion-est-en-prison-et-il-y-demeurera-wilfried-ekanga-fracasse-dieudonne-essomba#primaryimage\"},\"image\":{\"@id\":\"https:\/\/www.africa-press.net\/cameroun\/toutes-les-actualites\/ton-champion-est-en-prison-et-il-y-demeurera-wilfried-ekanga-fracasse-dieudonne-essomba#primaryimage\"},\"thumbnailUrl\":\"https:\/\/static.africa-press.net\/cameroun\/sites\/57\/2023\/03\/postQueueImg_1677833916.04.jpg\",\"datePublished\":\"2023-03-03T12:28:30+00:00\",\"dateModified\":\"2023-03-03T13:25:27+00:00\",\"author\":{\"@id\":\"https:\/\/www.africa-press.net\/cameroun\/#\/schema\/person\/2b1cf3cd81a31e3cd26889ca66d677f1\"},\"description\":\"Les deux dernie\u0300res sorties du Dr Dieudonne\u0301 Essomba, consultant a\u0300 Vision 4, ont suscite\u0301 la re\u0301action de l'analyste Wi ...\",\"breadcrumb\":{\"@id\":\"https:\/\/www.africa-press.net\/cameroun\/toutes-les-actualites\/ton-champion-est-en-prison-et-il-y-demeurera-wilfried-ekanga-fracasse-dieudonne-essomba#breadcrumb\"},\"inLanguage\":\"fr-FR\",\"potentialAction\":[{\"@type\":\"ReadAction\",\"target\":[\"https:\/\/www.africa-press.net\/cameroun\/toutes-les-actualites\/ton-champion-est-en-prison-et-il-y-demeurera-wilfried-ekanga-fracasse-dieudonne-essomba\"]}]},{\"@type\":\"ImageObject\",\"inLanguage\":\"fr-FR\",\"@id\":\"https:\/\/www.africa-press.net\/cameroun\/toutes-les-actualites\/ton-champion-est-en-prison-et-il-y-demeurera-wilfried-ekanga-fracasse-dieudonne-essomba#primaryimage\",\"url\":\"https:\/\/static.africa-press.net\/cameroun\/sites\/57\/2023\/03\/postQueueImg_1677833916.04.jpg\",\"contentUrl\":\"https:\/\/static.africa-press.net\/cameroun\/sites\/57\/2023\/03\/postQueueImg_1677833916.04.jpg\",\"width\":720,\"height\":360,\"caption\":\"'Ton champion est en prison, et il y demeurera': Wilfried Ekanga fracasse Dieudonn\u00e9 Essomba\"},{\"@type\":\"BreadcrumbList\",\"@id\":\"https:\/\/www.africa-press.net\/cameroun\/toutes-les-actualites\/ton-champion-est-en-prison-et-il-y-demeurera-wilfried-ekanga-fracasse-dieudonne-essomba#breadcrumb\",\"itemListElement\":[{\"@type\":\"ListItem\",\"position\":1,\"name\":\"Accueil\",\"item\":\"https:\/\/www.africa-press.net\/cameroun\/\"},{\"@type\":\"ListItem\",\"position\":2,\"name\":\"&lsquo;Ton champion est en prison, et il y demeurera&rsquo;: Wilfried Ekanga fracasse Dieudonn\u00e9 Essomba\"}]},{\"@type\":\"WebSite\",\"@id\":\"https:\/\/www.africa-press.net\/cameroun\/#website\",\"url\":\"https:\/\/www.africa-press.net\/cameroun\/\",\"name\":\"Cameroun\",\"description\":\"Just another Africa News Agency Sites site\",\"potentialAction\":[{\"@type\":\"SearchAction\",\"target\":{\"@type\":\"EntryPoint\",\"urlTemplate\":\"https:\/\/www.africa-press.net\/cameroun\/?s={search_term_string}\"},\"query-input\":{\"@type\":\"PropertyValueSpecification\",\"valueRequired\":true,\"valueName\":\"search_term_string\"}}],\"inLanguage\":\"fr-FR\"},{\"@type\":\"Person\",\"@id\":\"https:\/\/www.africa-press.net\/cameroun\/#\/schema\/person\/2b1cf3cd81a31e3cd26889ca66d677f1\",\"name\":\"cfeditorfr\"}]}<\/script>\n<!-- \/ Yoast SEO Premium plugin. -->","yoast_head_json":{"title":"'Ton champion est en prison, et il y demeurera': Wilfried Ekanga fracasse Dieudonn\u00e9 Essomba - Cameroun","description":"Les deux dernie\u0300res sorties du Dr Dieudonne\u0301 Essomba, consultant a\u0300 Vision 4, ont suscite\u0301 la re\u0301action de l'analyste Wi ...","robots":{"index":"index","follow":"follow","max-snippet":"max-snippet:-1","max-image-preview":"max-image-preview:large","max-video-preview":"max-video-preview:-1"},"canonical":"https:\/\/www.africa-press.net\/cameroun\/toutes-les-actualites\/ton-champion-est-en-prison-et-il-y-demeurera-wilfried-ekanga-fracasse-dieudonne-essomba","og_locale":"fr_FR","og_type":"article","og_title":"'Ton champion est en prison, et il y demeurera': Wilfried Ekanga fracasse Dieudonn\u00e9 Essomba","og_description":"Les deux dernie\u0300res sorties du Dr Dieudonne\u0301 Essomba, consultant a\u0300 Vision 4, ont suscite\u0301 la re\u0301action de l'analyste Wi ...","og_url":"https:\/\/www.africa-press.net\/cameroun\/toutes-les-actualites\/ton-champion-est-en-prison-et-il-y-demeurera-wilfried-ekanga-fracasse-dieudonne-essomba","og_site_name":"Cameroun","article_published_time":"2023-03-03T12:28:30+00:00","article_modified_time":"2023-03-03T13:25:27+00:00","og_image":[{"width":720,"height":360,"url":"https:\/\/static.africa-press.net\/cameroun\/sites\/57\/2023\/03\/postQueueImg_1677833916.04.jpg","type":"image\/jpeg"}],"author":"cfeditorfr","twitter_card":"summary_large_image","twitter_misc":{"\u00c9crit par":"cfeditorfr","Dur\u00e9e de lecture estim\u00e9e":"7 minutes"},"schema":{"@context":"https:\/\/schema.org","@graph":[{"@type":"Article","@id":"https:\/\/www.africa-press.net\/cameroun\/toutes-les-actualites\/ton-champion-est-en-prison-et-il-y-demeurera-wilfried-ekanga-fracasse-dieudonne-essomba#article","isPartOf":{"@id":"https:\/\/www.africa-press.net\/cameroun\/toutes-les-actualites\/ton-champion-est-en-prison-et-il-y-demeurera-wilfried-ekanga-fracasse-dieudonne-essomba"},"author":{"name":"cfeditorfr","@id":"https:\/\/www.africa-press.net\/cameroun\/#\/schema\/person\/2b1cf3cd81a31e3cd26889ca66d677f1"},"headline":"&lsquo;Ton champion est en prison, et il y demeurera&rsquo;: Wilfried Ekanga fracasse Dieudonn\u00e9 Essomba","datePublished":"2023-03-03T12:28:30+00:00","dateModified":"2023-03-03T13:25:27+00:00","mainEntityOfPage":{"@id":"https:\/\/www.africa-press.net\/cameroun\/toutes-les-actualites\/ton-champion-est-en-prison-et-il-y-demeurera-wilfried-ekanga-fracasse-dieudonne-essomba"},"wordCount":1404,"commentCount":0,"image":{"@id":"https:\/\/www.africa-press.net\/cameroun\/toutes-les-actualites\/ton-champion-est-en-prison-et-il-y-demeurera-wilfried-ekanga-fracasse-dieudonne-essomba#primaryimage"},"thumbnailUrl":"https:\/\/static.africa-press.net\/cameroun\/sites\/57\/2023\/03\/postQueueImg_1677833916.04.jpg","keywords":["Africa Press","Africa Press-Cameroun","Cameroun"],"articleSection":["Communaut\u00e9","Toutes les actualit\u00e9s"],"inLanguage":"fr-FR","potentialAction":[{"@type":"CommentAction","name":"Comment","target":["https:\/\/www.africa-press.net\/cameroun\/toutes-les-actualites\/ton-champion-est-en-prison-et-il-y-demeurera-wilfried-ekanga-fracasse-dieudonne-essomba#respond"]}]},{"@type":"WebPage","@id":"https:\/\/www.africa-press.net\/cameroun\/toutes-les-actualites\/ton-champion-est-en-prison-et-il-y-demeurera-wilfried-ekanga-fracasse-dieudonne-essomba","url":"https:\/\/www.africa-press.net\/cameroun\/toutes-les-actualites\/ton-champion-est-en-prison-et-il-y-demeurera-wilfried-ekanga-fracasse-dieudonne-essomba","name":"'Ton champion est en prison, et il y demeurera': Wilfried Ekanga fracasse Dieudonn\u00e9 Essomba - Cameroun","isPartOf":{"@id":"https:\/\/www.africa-press.net\/cameroun\/#website"},"primaryImageOfPage":{"@id":"https:\/\/www.africa-press.net\/cameroun\/toutes-les-actualites\/ton-champion-est-en-prison-et-il-y-demeurera-wilfried-ekanga-fracasse-dieudonne-essomba#primaryimage"},"image":{"@id":"https:\/\/www.africa-press.net\/cameroun\/toutes-les-actualites\/ton-champion-est-en-prison-et-il-y-demeurera-wilfried-ekanga-fracasse-dieudonne-essomba#primaryimage"},"thumbnailUrl":"https:\/\/static.africa-press.net\/cameroun\/sites\/57\/2023\/03\/postQueueImg_1677833916.04.jpg","datePublished":"2023-03-03T12:28:30+00:00","dateModified":"2023-03-03T13:25:27+00:00","author":{"@id":"https:\/\/www.africa-press.net\/cameroun\/#\/schema\/person\/2b1cf3cd81a31e3cd26889ca66d677f1"},"description":"Les deux dernie\u0300res sorties du Dr Dieudonne\u0301 Essomba, consultant a\u0300 Vision 4, ont suscite\u0301 la re\u0301action de l'analyste Wi ...","breadcrumb":{"@id":"https:\/\/www.africa-press.net\/cameroun\/toutes-les-actualites\/ton-champion-est-en-prison-et-il-y-demeurera-wilfried-ekanga-fracasse-dieudonne-essomba#breadcrumb"},"inLanguage":"fr-FR","potentialAction":[{"@type":"ReadAction","target":["https:\/\/www.africa-press.net\/cameroun\/toutes-les-actualites\/ton-champion-est-en-prison-et-il-y-demeurera-wilfried-ekanga-fracasse-dieudonne-essomba"]}]},{"@type":"ImageObject","inLanguage":"fr-FR","@id":"https:\/\/www.africa-press.net\/cameroun\/toutes-les-actualites\/ton-champion-est-en-prison-et-il-y-demeurera-wilfried-ekanga-fracasse-dieudonne-essomba#primaryimage","url":"https:\/\/static.africa-press.net\/cameroun\/sites\/57\/2023\/03\/postQueueImg_1677833916.04.jpg","contentUrl":"https:\/\/static.africa-press.net\/cameroun\/sites\/57\/2023\/03\/postQueueImg_1677833916.04.jpg","width":720,"height":360,"caption":"'Ton champion est en prison, et il y demeurera': Wilfried Ekanga fracasse Dieudonn\u00e9 Essomba"},{"@type":"BreadcrumbList","@id":"https:\/\/www.africa-press.net\/cameroun\/toutes-les-actualites\/ton-champion-est-en-prison-et-il-y-demeurera-wilfried-ekanga-fracasse-dieudonne-essomba#breadcrumb","itemListElement":[{"@type":"ListItem","position":1,"name":"Accueil","item":"https:\/\/www.africa-press.net\/cameroun\/"},{"@type":"ListItem","position":2,"name":"&lsquo;Ton champion est en prison, et il y demeurera&rsquo;: Wilfried Ekanga fracasse Dieudonn\u00e9 Essomba"}]},{"@type":"WebSite","@id":"https:\/\/www.africa-press.net\/cameroun\/#website","url":"https:\/\/www.africa-press.net\/cameroun\/","name":"Cameroun","description":"Just another Africa News Agency Sites site","potentialAction":[{"@type":"SearchAction","target":{"@type":"EntryPoint","urlTemplate":"https:\/\/www.africa-press.net\/cameroun\/?s={search_term_string}"},"query-input":{"@type":"PropertyValueSpecification","valueRequired":true,"valueName":"search_term_string"}}],"inLanguage":"fr-FR"},{"@type":"Person","@id":"https:\/\/www.africa-press.net\/cameroun\/#\/schema\/person\/2b1cf3cd81a31e3cd26889ca66d677f1","name":"cfeditorfr"}]}},"_links":{"self":[{"href":"https:\/\/www.africa-press.net\/cameroun\/wp-json\/wp\/v2\/posts\/38255","targetHints":{"allow":["GET"]}}],"collection":[{"href":"https:\/\/www.africa-press.net\/cameroun\/wp-json\/wp\/v2\/posts"}],"about":[{"href":"https:\/\/www.africa-press.net\/cameroun\/wp-json\/wp\/v2\/types\/post"}],"author":[{"embeddable":true,"href":"https:\/\/www.africa-press.net\/cameroun\/wp-json\/wp\/v2\/users\/82"}],"replies":[{"embeddable":true,"href":"https:\/\/www.africa-press.net\/cameroun\/wp-json\/wp\/v2\/comments?post=38255"}],"version-history":[{"count":0,"href":"https:\/\/www.africa-press.net\/cameroun\/wp-json\/wp\/v2\/posts\/38255\/revisions"}],"wp:featuredmedia":[{"embeddable":true,"href":"https:\/\/www.africa-press.net\/cameroun\/wp-json\/wp\/v2\/media\/38252"}],"wp:attachment":[{"href":"https:\/\/www.africa-press.net\/cameroun\/wp-json\/wp\/v2\/media?parent=38255"}],"wp:term":[{"taxonomy":"category","embeddable":true,"href":"https:\/\/www.africa-press.net\/cameroun\/wp-json\/wp\/v2\/categories?post=38255"},{"taxonomy":"post_tag","embeddable":true,"href":"https:\/\/www.africa-press.net\/cameroun\/wp-json\/wp\/v2\/tags?post=38255"}],"curies":[{"name":"wp","href":"https:\/\/api.w.org\/{rel}","templated":true}]}}