{"id":38261,"date":"2023-03-03T12:28:50","date_gmt":"2023-03-03T12:28:50","guid":{"rendered":"https:\/\/www.africa-press.net\/cameroun\/politique\/vol-dobjets-precieux-sale-journee-pour-trois-freres-brigands-captures-par-la-population"},"modified":"2023-03-03T13:27:33","modified_gmt":"2023-03-03T13:27:33","slug":"vol-dobjets-precieux-sale-journee-pour-trois-freres-brigands-captures-par-la-population","status":"publish","type":"post","link":"https:\/\/www.africa-press.net\/cameroun\/toutes-les-actualites\/vol-dobjets-precieux-sale-journee-pour-trois-freres-brigands-captures-par-la-population","title":{"rendered":"Vol d&rsquo;objets pr\u00e9cieux : sale journ\u00e9e pour trois fr\u00e8res brigands captur\u00e9s par la population"},"content":{"rendered":"<p><span style=\"color: #ff6600\"><strong>Africa-Press &#8211; Cameroun. <\/strong><\/span>L\u2019une des conse\u0301quences directes du vol est la mort ou la prison. Plusieurs fre\u0300res spe\u0301cialistes de la man\u0153uvre ont e\u0301te\u0301 pris la main dans le sac. Et ils ont e\u0301te\u0301 tue\u0301s par le proprie\u0301taire de l\u2019objet qu\u2019ils sont venus voler, devant une foule revancharde dans laquelle se trouvaient aussi d\u2019autres personnes victimes de vol par le passe\u0301.<\/p>\n<p>Ce que le lanceur d\u2019alerte Nzui Manto qualifie d\u2019accident de travail a\u0300 Maroua, a mortellement fauche\u0301 les brigands qui n\u2019ont pas eu de chance sur ce coup-ci.<\/p>\n<p>\u00ab Accuse\u0301s de vol et arre\u0302te\u0301s par la population, trois (03) fre\u0300res pe\u0301rissent sous des roues enflamme\u0301es \u00bb, informe la source susmentionne\u0301e.<\/p>\n<p>En re\u0301alite\u0301 dit-il, \u00ab le quartier Mahil B (orthographe peut-e\u0302tre pas correcte) a e\u0301te\u0301 au centre d&rsquo;un film d&rsquo;horreur a\u0300 l&rsquo;issue mortelle \u00bb.<\/p>\n<p>Les faits sont que \u00ab trois (03) fre\u0300res, tous marie\u0301s dont certains avec des enfants comme le rapportent des te\u0301moignages, avaient de\u0301cide\u0301 d&rsquo;aller \u00ab\u00a0voler\u00a0\u00bb selon les me\u0302mes sources \u00bb.<\/p>\n<p>\u00ab De\u0301cision qui leur fu\u0302t fatale car, rencontrant la mort lors de l&rsquo;ope\u0301ration. Une foule furieuse substitue\u0301e en juge de la rue condamna a\u0300 mort les trois (03) fre\u0300res \u00bb, pre\u0301cise Manto.<\/p>\n<p>En effet, \u00ab c&rsquo;est sous des pneus enflamme\u0301s que les secours de\u0301pe\u0302che\u0301s sur les lieux ont tente\u0301 de leur venir en aide malheureusement, sans succe\u0300s \u00bb.<\/p>\n<p>Voila\u0300 une tre\u0300s intrigante nouvelle qui devrait dissuader d\u2019autres voleurs a\u0300 continuer sur leur lance\u0301e. Il devient de plus en plus raisonnable d\u2019abandonner la pratique faine\u0301ante pour se consacrer a\u0300 une activite\u0301 ge\u0301ne\u0301ratrice de revenus peu importe sa grandeur.<\/p>\n<p>Il y a quelques heures, nous informons aussi qu\u2019un jeune surnomme\u0301 Pitou a double\u0301 sa tante qui l\u2019accueillait pourtant bien et le nourrissait comme cela se doit dans la capitale e\u0301conomique du pays.<\/p>\n<p>\u00ab Apre\u0300s avoir eu le fax que sa tante a de\u0301caisse\u0301 2,5 millions de francs CFA, il envoie son combi l&#8217;embrouiller et chicotte l&rsquo;argent avant de prendre une violente tangente. C&rsquo;est a\u0300 l&rsquo;a\u0302ge de trois (03) ans que la tante re\u0301cupe\u0301ra Tomg Sianto Ulrich, le nourrit, l&rsquo;e\u0301duqua comme son propre fils jusqu&rsquo;a\u0300 l&rsquo;universite\u0301. La pauvre femme ignorait que le petit serpent dont elle prenait soin pendant toutes ces anne\u0301es allait grandir et l&rsquo;avaler \u00bb, a informe\u0301 Manto.<\/p>\n<p>Pour la suite, \u00ab apre\u0300s avoir de\u0301caisse\u0301 la somme de 2 500 000 francs, toute joyeuse et surtout ne se doutant de rien, la tata rejoignit la maison ou\u0300 l&rsquo;accueillit son neveu Pitou. Elle rec\u0327oit un coup de fil de l&rsquo;homme, mit l&rsquo;argent dans sa chambre puis se rendit se\u0301ance tenante a\u0300 Nkonlbong retrouver ce dernier. Pitou s&#8217;empressa aussito\u0302t dans la pie\u0300ce et retrouva sans le moindre effort le magot \u00bb. Il s\u2019est enfui a\u0300 l&rsquo;heure ou\u0300 nous mettons en ligne ces mots.<\/p>\n<p><strong>Pour plus d&rsquo;informations et d&rsquo;analyses sur la <a href=\"https:\/\/www.africa-press.net\/cameroun\">Cameroun<\/a>, suivez <a href=\"https:\/\/www.africa-press.net\/\">Africa-Press<\/a><\/strong><\/p>\n","protected":false},"excerpt":{"rendered":"<p>Africa-Press &#8211; Cameroun. L\u2019une des conse\u0301quences directes du vol est la mort ou la prison. Plusieurs fre\u0300res spe\u0301cialistes de la man\u0153uvre ont e\u0301te\u0301 pris la main dans le sac. Et ils ont e\u0301te\u0301 tue\u0301s par le proprie\u0301taire de l\u2019objet qu\u2019ils sont venus voler, devant une foule revancharde dans laquelle se trouvaient aussi d\u2019autres personnes victimes [&hellip;]<\/p>\n","protected":false},"author":82,"featured_media":38260,"comment_status":"open","ping_status":"closed","sticky":false,"template":"","format":"standard","meta":{"footnotes":""},"categories":[21,10],"tags":[36,50,49],"class_list":["post-38261","post","type-post","status-publish","format-standard","has-post-thumbnail","hentry","category-communaute","category-toutes-les-actualites","tag-africa-press","tag-africa-press-cameroun","tag-cameroun"],"yoast_head":"<!-- This site is optimized with the Yoast SEO Premium plugin v26.1 (Yoast SEO v27.0) - https:\/\/yoast.com\/product\/yoast-seo-premium-wordpress\/ -->\n<title>Vol d&#039;objets pr\u00e9cieux : sale journ\u00e9e pour trois fr\u00e8res brigands captur\u00e9s par la population - Cameroun<\/title>\n<meta name=\"description\" content=\"L\u2019une des conse\u0301quences directes du vol est la mort ou la prison. Plusieurs fre\u0300res spe\u0301cialistes de la man\u0153uvre ont e\u0301t ...\" \/>\n<meta name=\"robots\" content=\"index, follow, max-snippet:-1, max-image-preview:large, max-video-preview:-1\" \/>\n<link rel=\"canonical\" href=\"https:\/\/www.africa-press.net\/cameroun\/toutes-les-actualites\/vol-dobjets-precieux-sale-journee-pour-trois-freres-brigands-captures-par-la-population\" \/>\n<meta property=\"og:locale\" content=\"fr_FR\" \/>\n<meta property=\"og:type\" content=\"article\" \/>\n<meta property=\"og:title\" content=\"Vol d&#039;objets pr\u00e9cieux : sale journ\u00e9e pour trois fr\u00e8res brigands captur\u00e9s par la population\" \/>\n<meta property=\"og:description\" content=\"L\u2019une des conse\u0301quences directes du vol est la mort ou la prison. Plusieurs fre\u0300res spe\u0301cialistes de la man\u0153uvre ont e\u0301t ...\" \/>\n<meta property=\"og:url\" content=\"https:\/\/www.africa-press.net\/cameroun\/toutes-les-actualites\/vol-dobjets-precieux-sale-journee-pour-trois-freres-brigands-captures-par-la-population\" \/>\n<meta property=\"og:site_name\" content=\"Cameroun\" \/>\n<meta property=\"article:published_time\" content=\"2023-03-03T12:28:50+00:00\" \/>\n<meta property=\"article:modified_time\" content=\"2023-03-03T13:27:33+00:00\" \/>\n<meta property=\"og:image\" content=\"https:\/\/static.africa-press.net\/cameroun\/sites\/57\/2023\/03\/postQueueImg_1677833932.75.jpg\" \/>\n\t<meta property=\"og:image:width\" content=\"720\" \/>\n\t<meta property=\"og:image:height\" content=\"411\" \/>\n\t<meta property=\"og:image:type\" content=\"image\/jpeg\" \/>\n<meta name=\"author\" content=\"cfeditorfr\" \/>\n<meta name=\"twitter:card\" content=\"summary_large_image\" \/>\n<meta name=\"twitter:label1\" content=\"\u00c9crit par\" \/>\n\t<meta name=\"twitter:data1\" content=\"cfeditorfr\" \/>\n\t<meta name=\"twitter:label2\" content=\"Dur\u00e9e de lecture estim\u00e9e\" \/>\n\t<meta name=\"twitter:data2\" content=\"3 minutes\" \/>\n<script type=\"application\/ld+json\" class=\"yoast-schema-graph\">{\"@context\":\"https:\/\/schema.org\",\"@graph\":[{\"@type\":\"Article\",\"@id\":\"https:\/\/www.africa-press.net\/cameroun\/toutes-les-actualites\/vol-dobjets-precieux-sale-journee-pour-trois-freres-brigands-captures-par-la-population#article\",\"isPartOf\":{\"@id\":\"https:\/\/www.africa-press.net\/cameroun\/toutes-les-actualites\/vol-dobjets-precieux-sale-journee-pour-trois-freres-brigands-captures-par-la-population\"},\"author\":{\"name\":\"cfeditorfr\",\"@id\":\"https:\/\/www.africa-press.net\/cameroun\/#\/schema\/person\/2b1cf3cd81a31e3cd26889ca66d677f1\"},\"headline\":\"Vol d&rsquo;objets pr\u00e9cieux : sale journ\u00e9e pour trois fr\u00e8res brigands captur\u00e9s par la population\",\"datePublished\":\"2023-03-03T12:28:50+00:00\",\"dateModified\":\"2023-03-03T13:27:33+00:00\",\"mainEntityOfPage\":{\"@id\":\"https:\/\/www.africa-press.net\/cameroun\/toutes-les-actualites\/vol-dobjets-precieux-sale-journee-pour-trois-freres-brigands-captures-par-la-population\"},\"wordCount\":543,\"commentCount\":0,\"image\":{\"@id\":\"https:\/\/www.africa-press.net\/cameroun\/toutes-les-actualites\/vol-dobjets-precieux-sale-journee-pour-trois-freres-brigands-captures-par-la-population#primaryimage\"},\"thumbnailUrl\":\"https:\/\/static.africa-press.net\/cameroun\/sites\/57\/2023\/03\/postQueueImg_1677833932.75.jpg\",\"keywords\":[\"Africa Press\",\"Africa Press-Cameroun\",\"Cameroun\"],\"articleSection\":[\"Communaut\u00e9\",\"Toutes les actualit\u00e9s\"],\"inLanguage\":\"fr-FR\",\"potentialAction\":[{\"@type\":\"CommentAction\",\"name\":\"Comment\",\"target\":[\"https:\/\/www.africa-press.net\/cameroun\/toutes-les-actualites\/vol-dobjets-precieux-sale-journee-pour-trois-freres-brigands-captures-par-la-population#respond\"]}]},{\"@type\":\"WebPage\",\"@id\":\"https:\/\/www.africa-press.net\/cameroun\/toutes-les-actualites\/vol-dobjets-precieux-sale-journee-pour-trois-freres-brigands-captures-par-la-population\",\"url\":\"https:\/\/www.africa-press.net\/cameroun\/toutes-les-actualites\/vol-dobjets-precieux-sale-journee-pour-trois-freres-brigands-captures-par-la-population\",\"name\":\"Vol d'objets pr\u00e9cieux : sale journ\u00e9e pour trois fr\u00e8res brigands captur\u00e9s par la population - Cameroun\",\"isPartOf\":{\"@id\":\"https:\/\/www.africa-press.net\/cameroun\/#website\"},\"primaryImageOfPage\":{\"@id\":\"https:\/\/www.africa-press.net\/cameroun\/toutes-les-actualites\/vol-dobjets-precieux-sale-journee-pour-trois-freres-brigands-captures-par-la-population#primaryimage\"},\"image\":{\"@id\":\"https:\/\/www.africa-press.net\/cameroun\/toutes-les-actualites\/vol-dobjets-precieux-sale-journee-pour-trois-freres-brigands-captures-par-la-population#primaryimage\"},\"thumbnailUrl\":\"https:\/\/static.africa-press.net\/cameroun\/sites\/57\/2023\/03\/postQueueImg_1677833932.75.jpg\",\"datePublished\":\"2023-03-03T12:28:50+00:00\",\"dateModified\":\"2023-03-03T13:27:33+00:00\",\"author\":{\"@id\":\"https:\/\/www.africa-press.net\/cameroun\/#\/schema\/person\/2b1cf3cd81a31e3cd26889ca66d677f1\"},\"description\":\"L\u2019une des conse\u0301quences directes du vol est la mort ou la prison. Plusieurs fre\u0300res spe\u0301cialistes de la man\u0153uvre ont e\u0301t ...\",\"breadcrumb\":{\"@id\":\"https:\/\/www.africa-press.net\/cameroun\/toutes-les-actualites\/vol-dobjets-precieux-sale-journee-pour-trois-freres-brigands-captures-par-la-population#breadcrumb\"},\"inLanguage\":\"fr-FR\",\"potentialAction\":[{\"@type\":\"ReadAction\",\"target\":[\"https:\/\/www.africa-press.net\/cameroun\/toutes-les-actualites\/vol-dobjets-precieux-sale-journee-pour-trois-freres-brigands-captures-par-la-population\"]}]},{\"@type\":\"ImageObject\",\"inLanguage\":\"fr-FR\",\"@id\":\"https:\/\/www.africa-press.net\/cameroun\/toutes-les-actualites\/vol-dobjets-precieux-sale-journee-pour-trois-freres-brigands-captures-par-la-population#primaryimage\",\"url\":\"https:\/\/static.africa-press.net\/cameroun\/sites\/57\/2023\/03\/postQueueImg_1677833932.75.jpg\",\"contentUrl\":\"https:\/\/static.africa-press.net\/cameroun\/sites\/57\/2023\/03\/postQueueImg_1677833932.75.jpg\",\"width\":720,\"height\":411,\"caption\":\"Vol d'objets pr\u00e9cieux : sale journ\u00e9e pour trois fr\u00e8res brigands captur\u00e9s par la population\"},{\"@type\":\"BreadcrumbList\",\"@id\":\"https:\/\/www.africa-press.net\/cameroun\/toutes-les-actualites\/vol-dobjets-precieux-sale-journee-pour-trois-freres-brigands-captures-par-la-population#breadcrumb\",\"itemListElement\":[{\"@type\":\"ListItem\",\"position\":1,\"name\":\"Accueil\",\"item\":\"https:\/\/www.africa-press.net\/cameroun\/\"},{\"@type\":\"ListItem\",\"position\":2,\"name\":\"Vol d&rsquo;objets pr\u00e9cieux : sale journ\u00e9e pour trois fr\u00e8res brigands captur\u00e9s par la population\"}]},{\"@type\":\"WebSite\",\"@id\":\"https:\/\/www.africa-press.net\/cameroun\/#website\",\"url\":\"https:\/\/www.africa-press.net\/cameroun\/\",\"name\":\"Cameroun\",\"description\":\"Just another Africa News Agency Sites site\",\"potentialAction\":[{\"@type\":\"SearchAction\",\"target\":{\"@type\":\"EntryPoint\",\"urlTemplate\":\"https:\/\/www.africa-press.net\/cameroun\/?s={search_term_string}\"},\"query-input\":{\"@type\":\"PropertyValueSpecification\",\"valueRequired\":true,\"valueName\":\"search_term_string\"}}],\"inLanguage\":\"fr-FR\"},{\"@type\":\"Person\",\"@id\":\"https:\/\/www.africa-press.net\/cameroun\/#\/schema\/person\/2b1cf3cd81a31e3cd26889ca66d677f1\",\"name\":\"cfeditorfr\"}]}<\/script>\n<!-- \/ Yoast SEO Premium plugin. -->","yoast_head_json":{"title":"Vol d'objets pr\u00e9cieux : sale journ\u00e9e pour trois fr\u00e8res brigands captur\u00e9s par la population - Cameroun","description":"L\u2019une des conse\u0301quences directes du vol est la mort ou la prison. Plusieurs fre\u0300res spe\u0301cialistes de la man\u0153uvre ont e\u0301t ...","robots":{"index":"index","follow":"follow","max-snippet":"max-snippet:-1","max-image-preview":"max-image-preview:large","max-video-preview":"max-video-preview:-1"},"canonical":"https:\/\/www.africa-press.net\/cameroun\/toutes-les-actualites\/vol-dobjets-precieux-sale-journee-pour-trois-freres-brigands-captures-par-la-population","og_locale":"fr_FR","og_type":"article","og_title":"Vol d'objets pr\u00e9cieux : sale journ\u00e9e pour trois fr\u00e8res brigands captur\u00e9s par la population","og_description":"L\u2019une des conse\u0301quences directes du vol est la mort ou la prison. Plusieurs fre\u0300res spe\u0301cialistes de la man\u0153uvre ont e\u0301t ...","og_url":"https:\/\/www.africa-press.net\/cameroun\/toutes-les-actualites\/vol-dobjets-precieux-sale-journee-pour-trois-freres-brigands-captures-par-la-population","og_site_name":"Cameroun","article_published_time":"2023-03-03T12:28:50+00:00","article_modified_time":"2023-03-03T13:27:33+00:00","og_image":[{"width":720,"height":411,"url":"https:\/\/static.africa-press.net\/cameroun\/sites\/57\/2023\/03\/postQueueImg_1677833932.75.jpg","type":"image\/jpeg"}],"author":"cfeditorfr","twitter_card":"summary_large_image","twitter_misc":{"\u00c9crit par":"cfeditorfr","Dur\u00e9e de lecture estim\u00e9e":"3 minutes"},"schema":{"@context":"https:\/\/schema.org","@graph":[{"@type":"Article","@id":"https:\/\/www.africa-press.net\/cameroun\/toutes-les-actualites\/vol-dobjets-precieux-sale-journee-pour-trois-freres-brigands-captures-par-la-population#article","isPartOf":{"@id":"https:\/\/www.africa-press.net\/cameroun\/toutes-les-actualites\/vol-dobjets-precieux-sale-journee-pour-trois-freres-brigands-captures-par-la-population"},"author":{"name":"cfeditorfr","@id":"https:\/\/www.africa-press.net\/cameroun\/#\/schema\/person\/2b1cf3cd81a31e3cd26889ca66d677f1"},"headline":"Vol d&rsquo;objets pr\u00e9cieux : sale journ\u00e9e pour trois fr\u00e8res brigands captur\u00e9s par la population","datePublished":"2023-03-03T12:28:50+00:00","dateModified":"2023-03-03T13:27:33+00:00","mainEntityOfPage":{"@id":"https:\/\/www.africa-press.net\/cameroun\/toutes-les-actualites\/vol-dobjets-precieux-sale-journee-pour-trois-freres-brigands-captures-par-la-population"},"wordCount":543,"commentCount":0,"image":{"@id":"https:\/\/www.africa-press.net\/cameroun\/toutes-les-actualites\/vol-dobjets-precieux-sale-journee-pour-trois-freres-brigands-captures-par-la-population#primaryimage"},"thumbnailUrl":"https:\/\/static.africa-press.net\/cameroun\/sites\/57\/2023\/03\/postQueueImg_1677833932.75.jpg","keywords":["Africa Press","Africa Press-Cameroun","Cameroun"],"articleSection":["Communaut\u00e9","Toutes les actualit\u00e9s"],"inLanguage":"fr-FR","potentialAction":[{"@type":"CommentAction","name":"Comment","target":["https:\/\/www.africa-press.net\/cameroun\/toutes-les-actualites\/vol-dobjets-precieux-sale-journee-pour-trois-freres-brigands-captures-par-la-population#respond"]}]},{"@type":"WebPage","@id":"https:\/\/www.africa-press.net\/cameroun\/toutes-les-actualites\/vol-dobjets-precieux-sale-journee-pour-trois-freres-brigands-captures-par-la-population","url":"https:\/\/www.africa-press.net\/cameroun\/toutes-les-actualites\/vol-dobjets-precieux-sale-journee-pour-trois-freres-brigands-captures-par-la-population","name":"Vol d'objets pr\u00e9cieux : sale journ\u00e9e pour trois fr\u00e8res brigands captur\u00e9s par la population - Cameroun","isPartOf":{"@id":"https:\/\/www.africa-press.net\/cameroun\/#website"},"primaryImageOfPage":{"@id":"https:\/\/www.africa-press.net\/cameroun\/toutes-les-actualites\/vol-dobjets-precieux-sale-journee-pour-trois-freres-brigands-captures-par-la-population#primaryimage"},"image":{"@id":"https:\/\/www.africa-press.net\/cameroun\/toutes-les-actualites\/vol-dobjets-precieux-sale-journee-pour-trois-freres-brigands-captures-par-la-population#primaryimage"},"thumbnailUrl":"https:\/\/static.africa-press.net\/cameroun\/sites\/57\/2023\/03\/postQueueImg_1677833932.75.jpg","datePublished":"2023-03-03T12:28:50+00:00","dateModified":"2023-03-03T13:27:33+00:00","author":{"@id":"https:\/\/www.africa-press.net\/cameroun\/#\/schema\/person\/2b1cf3cd81a31e3cd26889ca66d677f1"},"description":"L\u2019une des conse\u0301quences directes du vol est la mort ou la prison. Plusieurs fre\u0300res spe\u0301cialistes de la man\u0153uvre ont e\u0301t ...","breadcrumb":{"@id":"https:\/\/www.africa-press.net\/cameroun\/toutes-les-actualites\/vol-dobjets-precieux-sale-journee-pour-trois-freres-brigands-captures-par-la-population#breadcrumb"},"inLanguage":"fr-FR","potentialAction":[{"@type":"ReadAction","target":["https:\/\/www.africa-press.net\/cameroun\/toutes-les-actualites\/vol-dobjets-precieux-sale-journee-pour-trois-freres-brigands-captures-par-la-population"]}]},{"@type":"ImageObject","inLanguage":"fr-FR","@id":"https:\/\/www.africa-press.net\/cameroun\/toutes-les-actualites\/vol-dobjets-precieux-sale-journee-pour-trois-freres-brigands-captures-par-la-population#primaryimage","url":"https:\/\/static.africa-press.net\/cameroun\/sites\/57\/2023\/03\/postQueueImg_1677833932.75.jpg","contentUrl":"https:\/\/static.africa-press.net\/cameroun\/sites\/57\/2023\/03\/postQueueImg_1677833932.75.jpg","width":720,"height":411,"caption":"Vol d'objets pr\u00e9cieux : sale journ\u00e9e pour trois fr\u00e8res brigands captur\u00e9s par la population"},{"@type":"BreadcrumbList","@id":"https:\/\/www.africa-press.net\/cameroun\/toutes-les-actualites\/vol-dobjets-precieux-sale-journee-pour-trois-freres-brigands-captures-par-la-population#breadcrumb","itemListElement":[{"@type":"ListItem","position":1,"name":"Accueil","item":"https:\/\/www.africa-press.net\/cameroun\/"},{"@type":"ListItem","position":2,"name":"Vol d&rsquo;objets pr\u00e9cieux : sale journ\u00e9e pour trois fr\u00e8res brigands captur\u00e9s par la population"}]},{"@type":"WebSite","@id":"https:\/\/www.africa-press.net\/cameroun\/#website","url":"https:\/\/www.africa-press.net\/cameroun\/","name":"Cameroun","description":"Just another Africa News Agency Sites site","potentialAction":[{"@type":"SearchAction","target":{"@type":"EntryPoint","urlTemplate":"https:\/\/www.africa-press.net\/cameroun\/?s={search_term_string}"},"query-input":{"@type":"PropertyValueSpecification","valueRequired":true,"valueName":"search_term_string"}}],"inLanguage":"fr-FR"},{"@type":"Person","@id":"https:\/\/www.africa-press.net\/cameroun\/#\/schema\/person\/2b1cf3cd81a31e3cd26889ca66d677f1","name":"cfeditorfr"}]}},"_links":{"self":[{"href":"https:\/\/www.africa-press.net\/cameroun\/wp-json\/wp\/v2\/posts\/38261","targetHints":{"allow":["GET"]}}],"collection":[{"href":"https:\/\/www.africa-press.net\/cameroun\/wp-json\/wp\/v2\/posts"}],"about":[{"href":"https:\/\/www.africa-press.net\/cameroun\/wp-json\/wp\/v2\/types\/post"}],"author":[{"embeddable":true,"href":"https:\/\/www.africa-press.net\/cameroun\/wp-json\/wp\/v2\/users\/82"}],"replies":[{"embeddable":true,"href":"https:\/\/www.africa-press.net\/cameroun\/wp-json\/wp\/v2\/comments?post=38261"}],"version-history":[{"count":0,"href":"https:\/\/www.africa-press.net\/cameroun\/wp-json\/wp\/v2\/posts\/38261\/revisions"}],"wp:featuredmedia":[{"embeddable":true,"href":"https:\/\/www.africa-press.net\/cameroun\/wp-json\/wp\/v2\/media\/38260"}],"wp:attachment":[{"href":"https:\/\/www.africa-press.net\/cameroun\/wp-json\/wp\/v2\/media?parent=38261"}],"wp:term":[{"taxonomy":"category","embeddable":true,"href":"https:\/\/www.africa-press.net\/cameroun\/wp-json\/wp\/v2\/categories?post=38261"},{"taxonomy":"post_tag","embeddable":true,"href":"https:\/\/www.africa-press.net\/cameroun\/wp-json\/wp\/v2\/tags?post=38261"}],"curies":[{"name":"wp","href":"https:\/\/api.w.org\/{rel}","templated":true}]}}