{"id":38263,"date":"2023-03-03T12:28:57","date_gmt":"2023-03-03T12:28:57","guid":{"rendered":"https:\/\/www.africa-press.net\/cameroun\/politique\/affaire-amougou-belinga-la-rencontre-froide-entre-ngoh-ngoh-et-laurent-esso-a-finalement-eu-lieu"},"modified":"2023-03-03T13:28:10","modified_gmt":"2023-03-03T13:28:10","slug":"affaire-amougou-belinga-la-rencontre-froide-entre-ngoh-ngoh-et-laurent-esso-a-finalement-eu-lieu","status":"publish","type":"post","link":"https:\/\/www.africa-press.net\/cameroun\/politique\/affaire-amougou-belinga-la-rencontre-froide-entre-ngoh-ngoh-et-laurent-esso-a-finalement-eu-lieu","title":{"rendered":"Affaire Amougou Belinga: la rencontre &lsquo;froide&rsquo; entre Ngoh Ngoh et Laurent Esso a finalement eu lieu"},"content":{"rendered":"<p><span style=\"color: #ff6600\"><strong>Africa-Press &#8211; Cameroun. <\/strong><\/span>Le ministre d&rsquo;Etat, SGPR Ferdinand Ngoh Ngoh et le ministre d&rsquo;Etat en charge de la Justice et Garde des sceaux, se sont finalement vu les yeux dans les yeux et se sont me\u0302me serre\u0301 les mains, ce vendredi 03 mars 2023.<\/p>\n<p>Invite\u0301s, tout comme plusieurs ministres, a\u0300 prendre part a\u0300 l&rsquo;ouverture des travaux de l&rsquo;Assemble\u0301e nationale, session de mars 2023, les deux figure de proue des deux plus grands clans qui s&rsquo;affrontent pour le contro\u0302le de l&rsquo;appareil de l&rsquo;Etat, e\u0301taient co\u0302te a\u0300 co\u0302te au Parlement.<\/p>\n<p>Les deux \u00ab\u00a0dauphins\u00a0\u00bb de Biya qui s&rsquo;affronteraient e\u0301galement dans le cadre de l&rsquo;affaire Martinez Zogo, semblent s&rsquo;e\u0301viter depuis plusieurs jours.<\/p>\n<p>Tout d&rsquo;abord, lors de la re\u0301union organise\u0301e par Ferdinand Ngoh Ngoh avec les membres du se\u0301rail pour ce\u0301le\u0301brer l&rsquo;anniversaire du pre\u0301sident Biya, Laurent Esso aurait e\u0301te\u0301 mis a\u0300 l&rsquo;e\u0301cart.<\/p>\n<p>Le Garde des Sceaux n&rsquo;avait pas e\u0301galement pris part a\u0300 la fe\u0302te qui a e\u0301te\u0301 organise\u0301e par Biya a\u0300 Mvomeka&rsquo;a, alors que tous les proches du pre\u0301sident dont Ngoh Ngoh et Mvondo Ayolo e\u0301taient pre\u0301sents.<\/p>\n<p>Ce vendredi 3 mars, les deux &lsquo;adversaires&rsquo; n&rsquo;ont pas pu s&rsquo;e\u0301viter a\u0300 l&rsquo;Assemble\u0301e nationale. Ils e\u0301taient assis co\u0302te a\u0300 co\u0302te, mais se sont a\u0300 peine e\u0301changer la parole. Me\u0302me s&rsquo;il y a eu quelques minutes d&rsquo;e\u0301changes avec les salutations notamment, l&rsquo;on a pu constater que Ngoh Ngoh et Laurent Esso ne sont pas des amis. Qu&rsquo;ils ne s&rsquo;appre\u0301cient pas n&rsquo;est pas un secret.<\/p>\n<p><strong>Pour plus d&rsquo;informations et d&rsquo;analyses sur la <a href=\"https:\/\/www.africa-press.net\/cameroun\">Cameroun<\/a>, suivez <a href=\"https:\/\/www.africa-press.net\/\">Africa-Press<\/a><\/strong><\/p>\n","protected":false},"excerpt":{"rendered":"<p>Africa-Press &#8211; Cameroun. Le ministre d&rsquo;Etat, SGPR Ferdinand Ngoh Ngoh et le ministre d&rsquo;Etat en charge de la Justice et Garde des sceaux, se sont finalement vu les yeux dans les yeux et se sont me\u0302me serre\u0301 les mains, ce vendredi 03 mars 2023. Invite\u0301s, tout comme plusieurs ministres, a\u0300 prendre part a\u0300 l&rsquo;ouverture des [&hellip;]<\/p>\n","protected":false},"author":82,"featured_media":38262,"comment_status":"open","ping_status":"closed","sticky":false,"template":"","format":"standard","meta":{"footnotes":""},"categories":[2,10],"tags":[36,50,49],"class_list":["post-38263","post","type-post","status-publish","format-standard","has-post-thumbnail","hentry","category-politique","category-toutes-les-actualites","tag-africa-press","tag-africa-press-cameroun","tag-cameroun"],"yoast_head":"<!-- This site is optimized with the Yoast SEO Premium plugin v26.1 (Yoast SEO v27.0) - https:\/\/yoast.com\/product\/yoast-seo-premium-wordpress\/ -->\n<title>Affaire Amougou Belinga: la rencontre &#039;froide&#039; entre Ngoh Ngoh et Laurent Esso a finalement eu lieu - Cameroun<\/title>\n<meta name=\"description\" content=\"Le ministre d&#039;Etat, SGPR Ferdinand Ngoh Ngoh et le ministre d&#039;Etat en charge de la Justice et Garde des sceaux, se sont ...\" \/>\n<meta name=\"robots\" content=\"index, follow, max-snippet:-1, max-image-preview:large, max-video-preview:-1\" \/>\n<link rel=\"canonical\" href=\"https:\/\/www.africa-press.net\/cameroun\/politique\/affaire-amougou-belinga-la-rencontre-froide-entre-ngoh-ngoh-et-laurent-esso-a-finalement-eu-lieu\" \/>\n<meta property=\"og:locale\" content=\"fr_FR\" \/>\n<meta property=\"og:type\" content=\"article\" \/>\n<meta property=\"og:title\" content=\"Affaire Amougou Belinga: la rencontre &#039;froide&#039; entre Ngoh Ngoh et Laurent Esso a finalement eu lieu\" \/>\n<meta property=\"og:description\" content=\"Le ministre d&#039;Etat, SGPR Ferdinand Ngoh Ngoh et le ministre d&#039;Etat en charge de la Justice et Garde des sceaux, se sont ...\" \/>\n<meta property=\"og:url\" content=\"https:\/\/www.africa-press.net\/cameroun\/politique\/affaire-amougou-belinga-la-rencontre-froide-entre-ngoh-ngoh-et-laurent-esso-a-finalement-eu-lieu\" \/>\n<meta property=\"og:site_name\" content=\"Cameroun\" \/>\n<meta property=\"article:published_time\" content=\"2023-03-03T12:28:57+00:00\" \/>\n<meta property=\"article:modified_time\" content=\"2023-03-03T13:28:10+00:00\" \/>\n<meta property=\"og:image\" content=\"https:\/\/static.africa-press.net\/cameroun\/sites\/57\/2023\/03\/postQueueImg_1677833941.39.jpg\" \/>\n\t<meta property=\"og:image:width\" content=\"720\" \/>\n\t<meta property=\"og:image:height\" content=\"360\" \/>\n\t<meta property=\"og:image:type\" content=\"image\/jpeg\" \/>\n<meta name=\"author\" content=\"cfeditorfr\" \/>\n<meta name=\"twitter:card\" content=\"summary_large_image\" \/>\n<meta name=\"twitter:label1\" content=\"\u00c9crit par\" \/>\n\t<meta name=\"twitter:data1\" content=\"cfeditorfr\" \/>\n\t<meta name=\"twitter:label2\" content=\"Dur\u00e9e de lecture estim\u00e9e\" \/>\n\t<meta name=\"twitter:data2\" content=\"1 minute\" \/>\n<script type=\"application\/ld+json\" class=\"yoast-schema-graph\">{\"@context\":\"https:\/\/schema.org\",\"@graph\":[{\"@type\":\"Article\",\"@id\":\"https:\/\/www.africa-press.net\/cameroun\/politique\/affaire-amougou-belinga-la-rencontre-froide-entre-ngoh-ngoh-et-laurent-esso-a-finalement-eu-lieu#article\",\"isPartOf\":{\"@id\":\"https:\/\/www.africa-press.net\/cameroun\/politique\/affaire-amougou-belinga-la-rencontre-froide-entre-ngoh-ngoh-et-laurent-esso-a-finalement-eu-lieu\"},\"author\":{\"name\":\"cfeditorfr\",\"@id\":\"https:\/\/www.africa-press.net\/cameroun\/#\/schema\/person\/2b1cf3cd81a31e3cd26889ca66d677f1\"},\"headline\":\"Affaire Amougou Belinga: la rencontre &lsquo;froide&rsquo; entre Ngoh Ngoh et Laurent Esso a finalement eu lieu\",\"datePublished\":\"2023-03-03T12:28:57+00:00\",\"dateModified\":\"2023-03-03T13:28:10+00:00\",\"mainEntityOfPage\":{\"@id\":\"https:\/\/www.africa-press.net\/cameroun\/politique\/affaire-amougou-belinga-la-rencontre-froide-entre-ngoh-ngoh-et-laurent-esso-a-finalement-eu-lieu\"},\"wordCount\":316,\"commentCount\":0,\"image\":{\"@id\":\"https:\/\/www.africa-press.net\/cameroun\/politique\/affaire-amougou-belinga-la-rencontre-froide-entre-ngoh-ngoh-et-laurent-esso-a-finalement-eu-lieu#primaryimage\"},\"thumbnailUrl\":\"https:\/\/static.africa-press.net\/cameroun\/sites\/57\/2023\/03\/postQueueImg_1677833941.39.jpg\",\"keywords\":[\"Africa Press\",\"Africa Press-Cameroun\",\"Cameroun\"],\"articleSection\":[\"Politique\",\"Toutes les actualit\u00e9s\"],\"inLanguage\":\"fr-FR\",\"potentialAction\":[{\"@type\":\"CommentAction\",\"name\":\"Comment\",\"target\":[\"https:\/\/www.africa-press.net\/cameroun\/politique\/affaire-amougou-belinga-la-rencontre-froide-entre-ngoh-ngoh-et-laurent-esso-a-finalement-eu-lieu#respond\"]}]},{\"@type\":\"WebPage\",\"@id\":\"https:\/\/www.africa-press.net\/cameroun\/politique\/affaire-amougou-belinga-la-rencontre-froide-entre-ngoh-ngoh-et-laurent-esso-a-finalement-eu-lieu\",\"url\":\"https:\/\/www.africa-press.net\/cameroun\/politique\/affaire-amougou-belinga-la-rencontre-froide-entre-ngoh-ngoh-et-laurent-esso-a-finalement-eu-lieu\",\"name\":\"Affaire Amougou Belinga: la rencontre 'froide' entre Ngoh Ngoh et Laurent Esso a finalement eu lieu - Cameroun\",\"isPartOf\":{\"@id\":\"https:\/\/www.africa-press.net\/cameroun\/#website\"},\"primaryImageOfPage\":{\"@id\":\"https:\/\/www.africa-press.net\/cameroun\/politique\/affaire-amougou-belinga-la-rencontre-froide-entre-ngoh-ngoh-et-laurent-esso-a-finalement-eu-lieu#primaryimage\"},\"image\":{\"@id\":\"https:\/\/www.africa-press.net\/cameroun\/politique\/affaire-amougou-belinga-la-rencontre-froide-entre-ngoh-ngoh-et-laurent-esso-a-finalement-eu-lieu#primaryimage\"},\"thumbnailUrl\":\"https:\/\/static.africa-press.net\/cameroun\/sites\/57\/2023\/03\/postQueueImg_1677833941.39.jpg\",\"datePublished\":\"2023-03-03T12:28:57+00:00\",\"dateModified\":\"2023-03-03T13:28:10+00:00\",\"author\":{\"@id\":\"https:\/\/www.africa-press.net\/cameroun\/#\/schema\/person\/2b1cf3cd81a31e3cd26889ca66d677f1\"},\"description\":\"Le ministre d'Etat, SGPR Ferdinand Ngoh Ngoh et le ministre d'Etat en charge de la Justice et Garde des sceaux, se sont ...\",\"breadcrumb\":{\"@id\":\"https:\/\/www.africa-press.net\/cameroun\/politique\/affaire-amougou-belinga-la-rencontre-froide-entre-ngoh-ngoh-et-laurent-esso-a-finalement-eu-lieu#breadcrumb\"},\"inLanguage\":\"fr-FR\",\"potentialAction\":[{\"@type\":\"ReadAction\",\"target\":[\"https:\/\/www.africa-press.net\/cameroun\/politique\/affaire-amougou-belinga-la-rencontre-froide-entre-ngoh-ngoh-et-laurent-esso-a-finalement-eu-lieu\"]}]},{\"@type\":\"ImageObject\",\"inLanguage\":\"fr-FR\",\"@id\":\"https:\/\/www.africa-press.net\/cameroun\/politique\/affaire-amougou-belinga-la-rencontre-froide-entre-ngoh-ngoh-et-laurent-esso-a-finalement-eu-lieu#primaryimage\",\"url\":\"https:\/\/static.africa-press.net\/cameroun\/sites\/57\/2023\/03\/postQueueImg_1677833941.39.jpg\",\"contentUrl\":\"https:\/\/static.africa-press.net\/cameroun\/sites\/57\/2023\/03\/postQueueImg_1677833941.39.jpg\",\"width\":720,\"height\":360,\"caption\":\"Affaire Amougou Belinga: la rencontre 'froide' entre Ngoh Ngoh et Laurent Esso a finalement eu lieu\"},{\"@type\":\"BreadcrumbList\",\"@id\":\"https:\/\/www.africa-press.net\/cameroun\/politique\/affaire-amougou-belinga-la-rencontre-froide-entre-ngoh-ngoh-et-laurent-esso-a-finalement-eu-lieu#breadcrumb\",\"itemListElement\":[{\"@type\":\"ListItem\",\"position\":1,\"name\":\"Accueil\",\"item\":\"https:\/\/www.africa-press.net\/cameroun\/\"},{\"@type\":\"ListItem\",\"position\":2,\"name\":\"Affaire Amougou Belinga: la rencontre &lsquo;froide&rsquo; entre Ngoh Ngoh et Laurent Esso a finalement eu lieu\"}]},{\"@type\":\"WebSite\",\"@id\":\"https:\/\/www.africa-press.net\/cameroun\/#website\",\"url\":\"https:\/\/www.africa-press.net\/cameroun\/\",\"name\":\"Cameroun\",\"description\":\"Just another Africa News Agency Sites site\",\"potentialAction\":[{\"@type\":\"SearchAction\",\"target\":{\"@type\":\"EntryPoint\",\"urlTemplate\":\"https:\/\/www.africa-press.net\/cameroun\/?s={search_term_string}\"},\"query-input\":{\"@type\":\"PropertyValueSpecification\",\"valueRequired\":true,\"valueName\":\"search_term_string\"}}],\"inLanguage\":\"fr-FR\"},{\"@type\":\"Person\",\"@id\":\"https:\/\/www.africa-press.net\/cameroun\/#\/schema\/person\/2b1cf3cd81a31e3cd26889ca66d677f1\",\"name\":\"cfeditorfr\"}]}<\/script>\n<!-- \/ Yoast SEO Premium plugin. -->","yoast_head_json":{"title":"Affaire Amougou Belinga: la rencontre 'froide' entre Ngoh Ngoh et Laurent Esso a finalement eu lieu - Cameroun","description":"Le ministre d'Etat, SGPR Ferdinand Ngoh Ngoh et le ministre d'Etat en charge de la Justice et Garde des sceaux, se sont ...","robots":{"index":"index","follow":"follow","max-snippet":"max-snippet:-1","max-image-preview":"max-image-preview:large","max-video-preview":"max-video-preview:-1"},"canonical":"https:\/\/www.africa-press.net\/cameroun\/politique\/affaire-amougou-belinga-la-rencontre-froide-entre-ngoh-ngoh-et-laurent-esso-a-finalement-eu-lieu","og_locale":"fr_FR","og_type":"article","og_title":"Affaire Amougou Belinga: la rencontre 'froide' entre Ngoh Ngoh et Laurent Esso a finalement eu lieu","og_description":"Le ministre d'Etat, SGPR Ferdinand Ngoh Ngoh et le ministre d'Etat en charge de la Justice et Garde des sceaux, se sont ...","og_url":"https:\/\/www.africa-press.net\/cameroun\/politique\/affaire-amougou-belinga-la-rencontre-froide-entre-ngoh-ngoh-et-laurent-esso-a-finalement-eu-lieu","og_site_name":"Cameroun","article_published_time":"2023-03-03T12:28:57+00:00","article_modified_time":"2023-03-03T13:28:10+00:00","og_image":[{"width":720,"height":360,"url":"https:\/\/static.africa-press.net\/cameroun\/sites\/57\/2023\/03\/postQueueImg_1677833941.39.jpg","type":"image\/jpeg"}],"author":"cfeditorfr","twitter_card":"summary_large_image","twitter_misc":{"\u00c9crit par":"cfeditorfr","Dur\u00e9e de lecture estim\u00e9e":"1 minute"},"schema":{"@context":"https:\/\/schema.org","@graph":[{"@type":"Article","@id":"https:\/\/www.africa-press.net\/cameroun\/politique\/affaire-amougou-belinga-la-rencontre-froide-entre-ngoh-ngoh-et-laurent-esso-a-finalement-eu-lieu#article","isPartOf":{"@id":"https:\/\/www.africa-press.net\/cameroun\/politique\/affaire-amougou-belinga-la-rencontre-froide-entre-ngoh-ngoh-et-laurent-esso-a-finalement-eu-lieu"},"author":{"name":"cfeditorfr","@id":"https:\/\/www.africa-press.net\/cameroun\/#\/schema\/person\/2b1cf3cd81a31e3cd26889ca66d677f1"},"headline":"Affaire Amougou Belinga: la rencontre &lsquo;froide&rsquo; entre Ngoh Ngoh et Laurent Esso a finalement eu lieu","datePublished":"2023-03-03T12:28:57+00:00","dateModified":"2023-03-03T13:28:10+00:00","mainEntityOfPage":{"@id":"https:\/\/www.africa-press.net\/cameroun\/politique\/affaire-amougou-belinga-la-rencontre-froide-entre-ngoh-ngoh-et-laurent-esso-a-finalement-eu-lieu"},"wordCount":316,"commentCount":0,"image":{"@id":"https:\/\/www.africa-press.net\/cameroun\/politique\/affaire-amougou-belinga-la-rencontre-froide-entre-ngoh-ngoh-et-laurent-esso-a-finalement-eu-lieu#primaryimage"},"thumbnailUrl":"https:\/\/static.africa-press.net\/cameroun\/sites\/57\/2023\/03\/postQueueImg_1677833941.39.jpg","keywords":["Africa Press","Africa Press-Cameroun","Cameroun"],"articleSection":["Politique","Toutes les actualit\u00e9s"],"inLanguage":"fr-FR","potentialAction":[{"@type":"CommentAction","name":"Comment","target":["https:\/\/www.africa-press.net\/cameroun\/politique\/affaire-amougou-belinga-la-rencontre-froide-entre-ngoh-ngoh-et-laurent-esso-a-finalement-eu-lieu#respond"]}]},{"@type":"WebPage","@id":"https:\/\/www.africa-press.net\/cameroun\/politique\/affaire-amougou-belinga-la-rencontre-froide-entre-ngoh-ngoh-et-laurent-esso-a-finalement-eu-lieu","url":"https:\/\/www.africa-press.net\/cameroun\/politique\/affaire-amougou-belinga-la-rencontre-froide-entre-ngoh-ngoh-et-laurent-esso-a-finalement-eu-lieu","name":"Affaire Amougou Belinga: la rencontre 'froide' entre Ngoh Ngoh et Laurent Esso a finalement eu lieu - Cameroun","isPartOf":{"@id":"https:\/\/www.africa-press.net\/cameroun\/#website"},"primaryImageOfPage":{"@id":"https:\/\/www.africa-press.net\/cameroun\/politique\/affaire-amougou-belinga-la-rencontre-froide-entre-ngoh-ngoh-et-laurent-esso-a-finalement-eu-lieu#primaryimage"},"image":{"@id":"https:\/\/www.africa-press.net\/cameroun\/politique\/affaire-amougou-belinga-la-rencontre-froide-entre-ngoh-ngoh-et-laurent-esso-a-finalement-eu-lieu#primaryimage"},"thumbnailUrl":"https:\/\/static.africa-press.net\/cameroun\/sites\/57\/2023\/03\/postQueueImg_1677833941.39.jpg","datePublished":"2023-03-03T12:28:57+00:00","dateModified":"2023-03-03T13:28:10+00:00","author":{"@id":"https:\/\/www.africa-press.net\/cameroun\/#\/schema\/person\/2b1cf3cd81a31e3cd26889ca66d677f1"},"description":"Le ministre d'Etat, SGPR Ferdinand Ngoh Ngoh et le ministre d'Etat en charge de la Justice et Garde des sceaux, se sont ...","breadcrumb":{"@id":"https:\/\/www.africa-press.net\/cameroun\/politique\/affaire-amougou-belinga-la-rencontre-froide-entre-ngoh-ngoh-et-laurent-esso-a-finalement-eu-lieu#breadcrumb"},"inLanguage":"fr-FR","potentialAction":[{"@type":"ReadAction","target":["https:\/\/www.africa-press.net\/cameroun\/politique\/affaire-amougou-belinga-la-rencontre-froide-entre-ngoh-ngoh-et-laurent-esso-a-finalement-eu-lieu"]}]},{"@type":"ImageObject","inLanguage":"fr-FR","@id":"https:\/\/www.africa-press.net\/cameroun\/politique\/affaire-amougou-belinga-la-rencontre-froide-entre-ngoh-ngoh-et-laurent-esso-a-finalement-eu-lieu#primaryimage","url":"https:\/\/static.africa-press.net\/cameroun\/sites\/57\/2023\/03\/postQueueImg_1677833941.39.jpg","contentUrl":"https:\/\/static.africa-press.net\/cameroun\/sites\/57\/2023\/03\/postQueueImg_1677833941.39.jpg","width":720,"height":360,"caption":"Affaire Amougou Belinga: la rencontre 'froide' entre Ngoh Ngoh et Laurent Esso a finalement eu lieu"},{"@type":"BreadcrumbList","@id":"https:\/\/www.africa-press.net\/cameroun\/politique\/affaire-amougou-belinga-la-rencontre-froide-entre-ngoh-ngoh-et-laurent-esso-a-finalement-eu-lieu#breadcrumb","itemListElement":[{"@type":"ListItem","position":1,"name":"Accueil","item":"https:\/\/www.africa-press.net\/cameroun\/"},{"@type":"ListItem","position":2,"name":"Affaire Amougou Belinga: la rencontre &lsquo;froide&rsquo; entre Ngoh Ngoh et Laurent Esso a finalement eu lieu"}]},{"@type":"WebSite","@id":"https:\/\/www.africa-press.net\/cameroun\/#website","url":"https:\/\/www.africa-press.net\/cameroun\/","name":"Cameroun","description":"Just another Africa News Agency Sites site","potentialAction":[{"@type":"SearchAction","target":{"@type":"EntryPoint","urlTemplate":"https:\/\/www.africa-press.net\/cameroun\/?s={search_term_string}"},"query-input":{"@type":"PropertyValueSpecification","valueRequired":true,"valueName":"search_term_string"}}],"inLanguage":"fr-FR"},{"@type":"Person","@id":"https:\/\/www.africa-press.net\/cameroun\/#\/schema\/person\/2b1cf3cd81a31e3cd26889ca66d677f1","name":"cfeditorfr"}]}},"_links":{"self":[{"href":"https:\/\/www.africa-press.net\/cameroun\/wp-json\/wp\/v2\/posts\/38263","targetHints":{"allow":["GET"]}}],"collection":[{"href":"https:\/\/www.africa-press.net\/cameroun\/wp-json\/wp\/v2\/posts"}],"about":[{"href":"https:\/\/www.africa-press.net\/cameroun\/wp-json\/wp\/v2\/types\/post"}],"author":[{"embeddable":true,"href":"https:\/\/www.africa-press.net\/cameroun\/wp-json\/wp\/v2\/users\/82"}],"replies":[{"embeddable":true,"href":"https:\/\/www.africa-press.net\/cameroun\/wp-json\/wp\/v2\/comments?post=38263"}],"version-history":[{"count":0,"href":"https:\/\/www.africa-press.net\/cameroun\/wp-json\/wp\/v2\/posts\/38263\/revisions"}],"wp:featuredmedia":[{"embeddable":true,"href":"https:\/\/www.africa-press.net\/cameroun\/wp-json\/wp\/v2\/media\/38262"}],"wp:attachment":[{"href":"https:\/\/www.africa-press.net\/cameroun\/wp-json\/wp\/v2\/media?parent=38263"}],"wp:term":[{"taxonomy":"category","embeddable":true,"href":"https:\/\/www.africa-press.net\/cameroun\/wp-json\/wp\/v2\/categories?post=38263"},{"taxonomy":"post_tag","embeddable":true,"href":"https:\/\/www.africa-press.net\/cameroun\/wp-json\/wp\/v2\/tags?post=38263"}],"curies":[{"name":"wp","href":"https:\/\/api.w.org\/{rel}","templated":true}]}}