{"id":38288,"date":"2023-03-03T17:25:16","date_gmt":"2023-03-03T17:25:16","guid":{"rendered":"https:\/\/www.africa-press.net\/cameroun\/politique\/cameroun-ae-assemblae-nationalea-la-doyenne-daea%c2%a2ge-laurentine-mbede-avoque-les-a-scandales-de-la-rapublique-a-non-sans-inviter-ceux-qui"},"modified":"2023-03-03T17:53:07","modified_gmt":"2023-03-03T17:53:07","slug":"cameroun-ae-assemblae-nationalea-la-doyenne-daea%c2%a2ge-laurentine-mbede-avoque-les-a-scandales-de-la-rapublique-a-non-sans-inviter-ceux-qui","status":"publish","type":"post","link":"https:\/\/www.africa-press.net\/cameroun\/politique\/cameroun-ae-assemblae-nationalea-la-doyenne-daea%c2%a2ge-laurentine-mbede-avoque-les-a-scandales-de-la-rapublique-a-non-sans-inviter-ceux-qui","title":{"rendered":"Cameroun \u00e2\u20ac\u201c Assembl\u00c3\u00a9e nationale\u00c2\u00a0: La doyenne d\u00e2\u20ac\u2122\u00c3\u00a2ge, Laurentine Mbede, \u00c3\u00a9voque les \u00c2\u00ab scandales de la R\u00c3\u00a9publique \u00c2\u00bb, non sans inviter ceux qui sont charg\u00c3\u00a9s de la gestion de la chose publique, \u00c3\u00a0 faire preuve de patriotisme et de rectitude morale."},"content":{"rendered":"<p><span style=\"color: #ff6600\"><strong>Africa-Press &#8211; Cameroun. <\/strong><\/span>Aux co\u0302te\u0301s des de\u0301pute\u0301s, l&rsquo;on a note\u0301 la pre\u0301sence des invite\u0301s de marque tels que les membres du gouvernement, les chefs de mission diplomatique au Cameroun.<\/p>\n<p>En attendant l&rsquo;e\u0301lection d&rsquo;un nouveau bureau de la chambre basse du Parlement, avec une probable reconduction de Cavaye Yeguie Djibril au perchoir, la rentre\u0301e parlementaire est place\u0301e sous la pre\u0301sidence de la Doyenne d&rsquo;a\u0302ge, l&rsquo;honorable Laurentine Koa Mengue <b>e\u0301pse Mbede<\/b><\/p>\n<p>Dans son discours d&rsquo;ouverture, l&rsquo;e\u0301lue <b>RDPC<\/b> de la Mefou-et-Afamba, a e\u0301voque\u0301 les sujets bru\u0302lants de l&rsquo;actualite\u0301 qui tournent autour de graves affaires publiques ou\u0300 des personnalite\u0301s sont compromises.<\/p>\n<p>\u00ab Une certaine actualite\u0301 dans le pays m&rsquo;ame\u0300ne a\u0300 e\u0301voquer ce qu&rsquo;on pourrait appeler les \u00ab scandales de la Re\u0301publique \u00bb, sauf a\u0300 croire que nous sommes dans une \u00ab Re\u0301publique des scandales \u00bb. Affaire du chantier de construction du complexe sportif d&rsquo;Olembe ; Affaire de la gestion des fonds COVID ; Affaire des indemnisations relatives au projet de construction de l&rsquo;autoroute Yaounde\u0301-Douala ; Affaire de la gestion des chapitres 94 et 65 de la Loi de Finances ; Affaire de l&rsquo;assassinat de Monseigneur Jean Marie Benoi\u0302t BALLA, ancien e\u0301ve\u0302que de Bafia ; Affaire de l&rsquo;assassinat du journaliste Martinez ZOGO ; Affaire, Affaire, Affaire ; Etc.\u00a0\u00bb a de\u0301clare\u0301 Laurentine Mbede.<\/p>\n<p>Apre\u0300s avoir exe\u0301cute\u0301 cette litanie de scandales, la doyenne d&rsquo;a\u0302ge a condamne\u0301 ceux qui fument des liberte\u0301s dans la gestion de la chose publique.<\/p>\n<p>\u00ab Nous condamnons avec la dernie\u0300re e\u0301nergie les cas re\u0301pre\u0301hensibles que constituant toutes ces affaires. Il faut que cela cesse. Le Cameroun, notre cher et beau pays, ne saurait se muer en terre de scandales. Je souhaite ainsi, que ceux qui sont en charge de la gestion de la chose publique, puissent faire preuve de patriotisme et de rectitude morale. Ils doivent savoir qu&rsquo;ils sont investis d&rsquo;une mission sacre\u0301e, celle de promouvoir, chacun a\u0300 son niveau, le de\u0301veloppement du Cameroun \u00bb.<\/p>\n<p><strong>Pour plus d&rsquo;informations et d&rsquo;analyses sur la <a href=\"https:\/\/www.africa-press.net\/cameroun\">Cameroun<\/a>, suivez <a href=\"https:\/\/www.africa-press.net\/\">Africa-Press<\/a><\/strong><\/p>\n","protected":false},"excerpt":{"rendered":"<p>Africa-Press &#8211; Cameroun. Aux co\u0302te\u0301s des de\u0301pute\u0301s, l&rsquo;on a note\u0301 la pre\u0301sence des invite\u0301s de marque tels que les membres du gouvernement, les chefs de mission diplomatique au Cameroun. En attendant l&rsquo;e\u0301lection d&rsquo;un nouveau bureau de la chambre basse du Parlement, avec une probable reconduction de Cavaye Yeguie Djibril au perchoir, la rentre\u0301e parlementaire est [&hellip;]<\/p>\n","protected":false},"author":82,"featured_media":38287,"comment_status":"open","ping_status":"closed","sticky":false,"template":"","format":"standard","meta":{"footnotes":""},"categories":[2,10],"tags":[36,50,49],"class_list":["post-38288","post","type-post","status-publish","format-standard","has-post-thumbnail","hentry","category-politique","category-toutes-les-actualites","tag-africa-press","tag-africa-press-cameroun","tag-cameroun"],"yoast_head":"<!-- This site is optimized with the Yoast SEO Premium plugin v26.1 (Yoast SEO v27.0) - https:\/\/yoast.com\/product\/yoast-seo-premium-wordpress\/ -->\n<title>Cameroun \u00e2\u20ac\u201c Assembl\u00c3\u00a9e nationale\u00c2\u00a0: La doyenne d\u00e2\u20ac\u2122\u00c3\u00a2ge, Laurentine Mbede, \u00c3\u00a9voque les \u00c2\u00ab scandales de la R\u00c3\u00a9publique \u00c2\u00bb, non sans inviter ceux qui sont charg\u00c3\u00a9s de la gestion de la chose publique, \u00c3\u00a0 faire preuve de patriotisme et de rectitude morale. - Cameroun<\/title>\n<meta name=\"description\" content=\"Aux co\u0302te\u0301s des de\u0301pute\u0301s, l&#039;on a note\u0301 la pre\u0301sence des invite\u0301s de marque tels que les membres du gouvernement, les ch ...\" \/>\n<meta name=\"robots\" content=\"index, follow, max-snippet:-1, max-image-preview:large, max-video-preview:-1\" \/>\n<link rel=\"canonical\" href=\"https:\/\/www.africa-press.net\/cameroun\/politique\/cameroun-ae-assemblae-nationalea-la-doyenne-daea\u00a2ge-laurentine-mbede-avoque-les-a-scandales-de-la-rapublique-a-non-sans-inviter-ceux-qui\" \/>\n<meta property=\"og:locale\" content=\"fr_FR\" \/>\n<meta property=\"og:type\" content=\"article\" \/>\n<meta property=\"og:title\" content=\"Cameroun \u00e2\u20ac\u201c Assembl\u00c3\u00a9e nationale\u00c2\u00a0: La doyenne d\u00e2\u20ac\u2122\u00c3\u00a2ge, Laurentine Mbede, \u00c3\u00a9voque les \u00c2\u00ab scandales de la R\u00c3\u00a9publique \u00c2\u00bb, non sans inviter ceux qui sont charg\u00c3\u00a9s de la gestion de la chose publique, \u00c3\u00a0 faire preuve de patriotisme et de rectitude morale.\" \/>\n<meta property=\"og:description\" content=\"Aux co\u0302te\u0301s des de\u0301pute\u0301s, l&#039;on a note\u0301 la pre\u0301sence des invite\u0301s de marque tels que les membres du gouvernement, les ch ...\" \/>\n<meta property=\"og:url\" content=\"https:\/\/www.africa-press.net\/cameroun\/politique\/cameroun-ae-assemblae-nationalea-la-doyenne-daea\u00a2ge-laurentine-mbede-avoque-les-a-scandales-de-la-rapublique-a-non-sans-inviter-ceux-qui\" \/>\n<meta property=\"og:site_name\" content=\"Cameroun\" \/>\n<meta property=\"article:published_time\" content=\"2023-03-03T17:25:16+00:00\" \/>\n<meta property=\"article:modified_time\" content=\"2023-03-03T17:53:07+00:00\" \/>\n<meta property=\"og:image\" content=\"https:\/\/static.africa-press.net\/cameroun\/sites\/57\/2023\/03\/postQueueImg_1677851724.42.jpg\" \/>\n\t<meta property=\"og:image:width\" content=\"1280\" \/>\n\t<meta property=\"og:image:height\" content=\"720\" \/>\n\t<meta property=\"og:image:type\" content=\"image\/jpeg\" \/>\n<meta name=\"author\" content=\"cfeditorfr\" \/>\n<meta name=\"twitter:card\" content=\"summary_large_image\" \/>\n<meta name=\"twitter:label1\" content=\"\u00c9crit par\" \/>\n\t<meta name=\"twitter:data1\" content=\"cfeditorfr\" \/>\n\t<meta name=\"twitter:label2\" content=\"Dur\u00e9e de lecture estim\u00e9e\" \/>\n\t<meta name=\"twitter:data2\" content=\"2 minutes\" \/>\n<script type=\"application\/ld+json\" class=\"yoast-schema-graph\">{\"@context\":\"https:\/\/schema.org\",\"@graph\":[{\"@type\":\"Article\",\"@id\":\"https:\/\/www.africa-press.net\/cameroun\/politique\/cameroun-ae-assemblae-nationalea-la-doyenne-daea%c2%a2ge-laurentine-mbede-avoque-les-a-scandales-de-la-rapublique-a-non-sans-inviter-ceux-qui#article\",\"isPartOf\":{\"@id\":\"https:\/\/www.africa-press.net\/cameroun\/politique\/cameroun-ae-assemblae-nationalea-la-doyenne-daea%c2%a2ge-laurentine-mbede-avoque-les-a-scandales-de-la-rapublique-a-non-sans-inviter-ceux-qui\"},\"author\":{\"name\":\"cfeditorfr\",\"@id\":\"https:\/\/www.africa-press.net\/cameroun\/#\/schema\/person\/2b1cf3cd81a31e3cd26889ca66d677f1\"},\"headline\":\"Cameroun \u00e2\u20ac\u201c Assembl\u00c3\u00a9e nationale\u00c2\u00a0: La doyenne d\u00e2\u20ac\u2122\u00c3\u00a2ge, Laurentine Mbede, \u00c3\u00a9voque les \u00c2\u00ab scandales de la R\u00c3\u00a9publique \u00c2\u00bb, non sans inviter ceux qui sont charg\u00c3\u00a9s de la gestion de la chose publique, \u00c3\u00a0 faire preuve de patriotisme et de rectitude morale.\",\"datePublished\":\"2023-03-03T17:25:16+00:00\",\"dateModified\":\"2023-03-03T17:53:07+00:00\",\"mainEntityOfPage\":{\"@id\":\"https:\/\/www.africa-press.net\/cameroun\/politique\/cameroun-ae-assemblae-nationalea-la-doyenne-daea%c2%a2ge-laurentine-mbede-avoque-les-a-scandales-de-la-rapublique-a-non-sans-inviter-ceux-qui\"},\"wordCount\":400,\"commentCount\":0,\"image\":{\"@id\":\"https:\/\/www.africa-press.net\/cameroun\/politique\/cameroun-ae-assemblae-nationalea-la-doyenne-daea%c2%a2ge-laurentine-mbede-avoque-les-a-scandales-de-la-rapublique-a-non-sans-inviter-ceux-qui#primaryimage\"},\"thumbnailUrl\":\"https:\/\/static.africa-press.net\/cameroun\/sites\/57\/2023\/03\/postQueueImg_1677851724.42.jpg\",\"keywords\":[\"Africa Press\",\"Africa Press-Cameroun\",\"Cameroun\"],\"articleSection\":[\"Politique\",\"Toutes les actualit\u00e9s\"],\"inLanguage\":\"fr-FR\",\"potentialAction\":[{\"@type\":\"CommentAction\",\"name\":\"Comment\",\"target\":[\"https:\/\/www.africa-press.net\/cameroun\/politique\/cameroun-ae-assemblae-nationalea-la-doyenne-daea%c2%a2ge-laurentine-mbede-avoque-les-a-scandales-de-la-rapublique-a-non-sans-inviter-ceux-qui#respond\"]}]},{\"@type\":\"WebPage\",\"@id\":\"https:\/\/www.africa-press.net\/cameroun\/politique\/cameroun-ae-assemblae-nationalea-la-doyenne-daea%c2%a2ge-laurentine-mbede-avoque-les-a-scandales-de-la-rapublique-a-non-sans-inviter-ceux-qui\",\"url\":\"https:\/\/www.africa-press.net\/cameroun\/politique\/cameroun-ae-assemblae-nationalea-la-doyenne-daea%c2%a2ge-laurentine-mbede-avoque-les-a-scandales-de-la-rapublique-a-non-sans-inviter-ceux-qui\",\"name\":\"Cameroun \u00e2\u20ac\u201c Assembl\u00c3\u00a9e nationale\u00c2\u00a0: La doyenne d\u00e2\u20ac\u2122\u00c3\u00a2ge, Laurentine Mbede, \u00c3\u00a9voque les \u00c2\u00ab scandales de la R\u00c3\u00a9publique \u00c2\u00bb, non sans inviter ceux qui sont charg\u00c3\u00a9s de la gestion de la chose publique, \u00c3\u00a0 faire preuve de patriotisme et de rectitude morale. - Cameroun\",\"isPartOf\":{\"@id\":\"https:\/\/www.africa-press.net\/cameroun\/#website\"},\"primaryImageOfPage\":{\"@id\":\"https:\/\/www.africa-press.net\/cameroun\/politique\/cameroun-ae-assemblae-nationalea-la-doyenne-daea%c2%a2ge-laurentine-mbede-avoque-les-a-scandales-de-la-rapublique-a-non-sans-inviter-ceux-qui#primaryimage\"},\"image\":{\"@id\":\"https:\/\/www.africa-press.net\/cameroun\/politique\/cameroun-ae-assemblae-nationalea-la-doyenne-daea%c2%a2ge-laurentine-mbede-avoque-les-a-scandales-de-la-rapublique-a-non-sans-inviter-ceux-qui#primaryimage\"},\"thumbnailUrl\":\"https:\/\/static.africa-press.net\/cameroun\/sites\/57\/2023\/03\/postQueueImg_1677851724.42.jpg\",\"datePublished\":\"2023-03-03T17:25:16+00:00\",\"dateModified\":\"2023-03-03T17:53:07+00:00\",\"author\":{\"@id\":\"https:\/\/www.africa-press.net\/cameroun\/#\/schema\/person\/2b1cf3cd81a31e3cd26889ca66d677f1\"},\"description\":\"Aux co\u0302te\u0301s des de\u0301pute\u0301s, l'on a note\u0301 la pre\u0301sence des invite\u0301s de marque tels que les membres du gouvernement, les ch ...\",\"breadcrumb\":{\"@id\":\"https:\/\/www.africa-press.net\/cameroun\/politique\/cameroun-ae-assemblae-nationalea-la-doyenne-daea%c2%a2ge-laurentine-mbede-avoque-les-a-scandales-de-la-rapublique-a-non-sans-inviter-ceux-qui#breadcrumb\"},\"inLanguage\":\"fr-FR\",\"potentialAction\":[{\"@type\":\"ReadAction\",\"target\":[\"https:\/\/www.africa-press.net\/cameroun\/politique\/cameroun-ae-assemblae-nationalea-la-doyenne-daea%c2%a2ge-laurentine-mbede-avoque-les-a-scandales-de-la-rapublique-a-non-sans-inviter-ceux-qui\"]}]},{\"@type\":\"ImageObject\",\"inLanguage\":\"fr-FR\",\"@id\":\"https:\/\/www.africa-press.net\/cameroun\/politique\/cameroun-ae-assemblae-nationalea-la-doyenne-daea%c2%a2ge-laurentine-mbede-avoque-les-a-scandales-de-la-rapublique-a-non-sans-inviter-ceux-qui#primaryimage\",\"url\":\"https:\/\/static.africa-press.net\/cameroun\/sites\/57\/2023\/03\/postQueueImg_1677851724.42.jpg\",\"contentUrl\":\"https:\/\/static.africa-press.net\/cameroun\/sites\/57\/2023\/03\/postQueueImg_1677851724.42.jpg\",\"width\":1280,\"height\":720,\"caption\":\"Cameroun \u00e2\u20ac\u201c Assembl\u00c3\u00a9e nationale\u00c2\u00a0: La doyenne d\u00e2\u20ac\u2122\u00c3\u00a2ge, Laurentine Mbede, \u00c3\u00a9voque les \u00c2\u00ab scandales de la R\u00c3\u00a9publique \u00c2\u00bb, non sans inviter ceux qui sont charg\u00c3\u00a9s de la gestion de la chose publique, \u00c3\u00a0 faire preuve de patriotisme et de rectitude morale.\"},{\"@type\":\"BreadcrumbList\",\"@id\":\"https:\/\/www.africa-press.net\/cameroun\/politique\/cameroun-ae-assemblae-nationalea-la-doyenne-daea%c2%a2ge-laurentine-mbede-avoque-les-a-scandales-de-la-rapublique-a-non-sans-inviter-ceux-qui#breadcrumb\",\"itemListElement\":[{\"@type\":\"ListItem\",\"position\":1,\"name\":\"Accueil\",\"item\":\"https:\/\/www.africa-press.net\/cameroun\/\"},{\"@type\":\"ListItem\",\"position\":2,\"name\":\"Cameroun \u00e2\u20ac\u201c Assembl\u00c3\u00a9e nationale\u00c2\u00a0: La doyenne d\u00e2\u20ac\u2122\u00c3\u00a2ge, Laurentine Mbede, \u00c3\u00a9voque les \u00c2\u00ab scandales de la R\u00c3\u00a9publique \u00c2\u00bb, non sans inviter ceux qui sont charg\u00c3\u00a9s de la gestion de la chose publique, \u00c3\u00a0 faire preuve de patriotisme et de rectitude morale.\"}]},{\"@type\":\"WebSite\",\"@id\":\"https:\/\/www.africa-press.net\/cameroun\/#website\",\"url\":\"https:\/\/www.africa-press.net\/cameroun\/\",\"name\":\"Cameroun\",\"description\":\"Just another Africa News Agency Sites site\",\"potentialAction\":[{\"@type\":\"SearchAction\",\"target\":{\"@type\":\"EntryPoint\",\"urlTemplate\":\"https:\/\/www.africa-press.net\/cameroun\/?s={search_term_string}\"},\"query-input\":{\"@type\":\"PropertyValueSpecification\",\"valueRequired\":true,\"valueName\":\"search_term_string\"}}],\"inLanguage\":\"fr-FR\"},{\"@type\":\"Person\",\"@id\":\"https:\/\/www.africa-press.net\/cameroun\/#\/schema\/person\/2b1cf3cd81a31e3cd26889ca66d677f1\",\"name\":\"cfeditorfr\"}]}<\/script>\n<!-- \/ Yoast SEO Premium plugin. -->","yoast_head_json":{"title":"Cameroun \u00e2\u20ac\u201c Assembl\u00c3\u00a9e nationale\u00c2\u00a0: La doyenne d\u00e2\u20ac\u2122\u00c3\u00a2ge, Laurentine Mbede, \u00c3\u00a9voque les \u00c2\u00ab scandales de la R\u00c3\u00a9publique \u00c2\u00bb, non sans inviter ceux qui sont charg\u00c3\u00a9s de la gestion de la chose publique, \u00c3\u00a0 faire preuve de patriotisme et de rectitude morale. - Cameroun","description":"Aux co\u0302te\u0301s des de\u0301pute\u0301s, l'on a note\u0301 la pre\u0301sence des invite\u0301s de marque tels que les membres du gouvernement, les ch ...","robots":{"index":"index","follow":"follow","max-snippet":"max-snippet:-1","max-image-preview":"max-image-preview:large","max-video-preview":"max-video-preview:-1"},"canonical":"https:\/\/www.africa-press.net\/cameroun\/politique\/cameroun-ae-assemblae-nationalea-la-doyenne-daea\u00a2ge-laurentine-mbede-avoque-les-a-scandales-de-la-rapublique-a-non-sans-inviter-ceux-qui","og_locale":"fr_FR","og_type":"article","og_title":"Cameroun \u00e2\u20ac\u201c Assembl\u00c3\u00a9e nationale\u00c2\u00a0: La doyenne d\u00e2\u20ac\u2122\u00c3\u00a2ge, Laurentine Mbede, \u00c3\u00a9voque les \u00c2\u00ab scandales de la R\u00c3\u00a9publique \u00c2\u00bb, non sans inviter ceux qui sont charg\u00c3\u00a9s de la gestion de la chose publique, \u00c3\u00a0 faire preuve de patriotisme et de rectitude morale.","og_description":"Aux co\u0302te\u0301s des de\u0301pute\u0301s, l'on a note\u0301 la pre\u0301sence des invite\u0301s de marque tels que les membres du gouvernement, les ch ...","og_url":"https:\/\/www.africa-press.net\/cameroun\/politique\/cameroun-ae-assemblae-nationalea-la-doyenne-daea\u00a2ge-laurentine-mbede-avoque-les-a-scandales-de-la-rapublique-a-non-sans-inviter-ceux-qui","og_site_name":"Cameroun","article_published_time":"2023-03-03T17:25:16+00:00","article_modified_time":"2023-03-03T17:53:07+00:00","og_image":[{"width":1280,"height":720,"url":"https:\/\/static.africa-press.net\/cameroun\/sites\/57\/2023\/03\/postQueueImg_1677851724.42.jpg","type":"image\/jpeg"}],"author":"cfeditorfr","twitter_card":"summary_large_image","twitter_misc":{"\u00c9crit par":"cfeditorfr","Dur\u00e9e de lecture estim\u00e9e":"2 minutes"},"schema":{"@context":"https:\/\/schema.org","@graph":[{"@type":"Article","@id":"https:\/\/www.africa-press.net\/cameroun\/politique\/cameroun-ae-assemblae-nationalea-la-doyenne-daea%c2%a2ge-laurentine-mbede-avoque-les-a-scandales-de-la-rapublique-a-non-sans-inviter-ceux-qui#article","isPartOf":{"@id":"https:\/\/www.africa-press.net\/cameroun\/politique\/cameroun-ae-assemblae-nationalea-la-doyenne-daea%c2%a2ge-laurentine-mbede-avoque-les-a-scandales-de-la-rapublique-a-non-sans-inviter-ceux-qui"},"author":{"name":"cfeditorfr","@id":"https:\/\/www.africa-press.net\/cameroun\/#\/schema\/person\/2b1cf3cd81a31e3cd26889ca66d677f1"},"headline":"Cameroun \u00e2\u20ac\u201c Assembl\u00c3\u00a9e nationale\u00c2\u00a0: La doyenne d\u00e2\u20ac\u2122\u00c3\u00a2ge, Laurentine Mbede, \u00c3\u00a9voque les \u00c2\u00ab scandales de la R\u00c3\u00a9publique \u00c2\u00bb, non sans inviter ceux qui sont charg\u00c3\u00a9s de la gestion de la chose publique, \u00c3\u00a0 faire preuve de patriotisme et de rectitude morale.","datePublished":"2023-03-03T17:25:16+00:00","dateModified":"2023-03-03T17:53:07+00:00","mainEntityOfPage":{"@id":"https:\/\/www.africa-press.net\/cameroun\/politique\/cameroun-ae-assemblae-nationalea-la-doyenne-daea%c2%a2ge-laurentine-mbede-avoque-les-a-scandales-de-la-rapublique-a-non-sans-inviter-ceux-qui"},"wordCount":400,"commentCount":0,"image":{"@id":"https:\/\/www.africa-press.net\/cameroun\/politique\/cameroun-ae-assemblae-nationalea-la-doyenne-daea%c2%a2ge-laurentine-mbede-avoque-les-a-scandales-de-la-rapublique-a-non-sans-inviter-ceux-qui#primaryimage"},"thumbnailUrl":"https:\/\/static.africa-press.net\/cameroun\/sites\/57\/2023\/03\/postQueueImg_1677851724.42.jpg","keywords":["Africa Press","Africa Press-Cameroun","Cameroun"],"articleSection":["Politique","Toutes les actualit\u00e9s"],"inLanguage":"fr-FR","potentialAction":[{"@type":"CommentAction","name":"Comment","target":["https:\/\/www.africa-press.net\/cameroun\/politique\/cameroun-ae-assemblae-nationalea-la-doyenne-daea%c2%a2ge-laurentine-mbede-avoque-les-a-scandales-de-la-rapublique-a-non-sans-inviter-ceux-qui#respond"]}]},{"@type":"WebPage","@id":"https:\/\/www.africa-press.net\/cameroun\/politique\/cameroun-ae-assemblae-nationalea-la-doyenne-daea%c2%a2ge-laurentine-mbede-avoque-les-a-scandales-de-la-rapublique-a-non-sans-inviter-ceux-qui","url":"https:\/\/www.africa-press.net\/cameroun\/politique\/cameroun-ae-assemblae-nationalea-la-doyenne-daea%c2%a2ge-laurentine-mbede-avoque-les-a-scandales-de-la-rapublique-a-non-sans-inviter-ceux-qui","name":"Cameroun \u00e2\u20ac\u201c Assembl\u00c3\u00a9e nationale\u00c2\u00a0: La doyenne d\u00e2\u20ac\u2122\u00c3\u00a2ge, Laurentine Mbede, \u00c3\u00a9voque les \u00c2\u00ab scandales de la R\u00c3\u00a9publique \u00c2\u00bb, non sans inviter ceux qui sont charg\u00c3\u00a9s de la gestion de la chose publique, \u00c3\u00a0 faire preuve de patriotisme et de rectitude morale. - Cameroun","isPartOf":{"@id":"https:\/\/www.africa-press.net\/cameroun\/#website"},"primaryImageOfPage":{"@id":"https:\/\/www.africa-press.net\/cameroun\/politique\/cameroun-ae-assemblae-nationalea-la-doyenne-daea%c2%a2ge-laurentine-mbede-avoque-les-a-scandales-de-la-rapublique-a-non-sans-inviter-ceux-qui#primaryimage"},"image":{"@id":"https:\/\/www.africa-press.net\/cameroun\/politique\/cameroun-ae-assemblae-nationalea-la-doyenne-daea%c2%a2ge-laurentine-mbede-avoque-les-a-scandales-de-la-rapublique-a-non-sans-inviter-ceux-qui#primaryimage"},"thumbnailUrl":"https:\/\/static.africa-press.net\/cameroun\/sites\/57\/2023\/03\/postQueueImg_1677851724.42.jpg","datePublished":"2023-03-03T17:25:16+00:00","dateModified":"2023-03-03T17:53:07+00:00","author":{"@id":"https:\/\/www.africa-press.net\/cameroun\/#\/schema\/person\/2b1cf3cd81a31e3cd26889ca66d677f1"},"description":"Aux co\u0302te\u0301s des de\u0301pute\u0301s, l'on a note\u0301 la pre\u0301sence des invite\u0301s de marque tels que les membres du gouvernement, les ch ...","breadcrumb":{"@id":"https:\/\/www.africa-press.net\/cameroun\/politique\/cameroun-ae-assemblae-nationalea-la-doyenne-daea%c2%a2ge-laurentine-mbede-avoque-les-a-scandales-de-la-rapublique-a-non-sans-inviter-ceux-qui#breadcrumb"},"inLanguage":"fr-FR","potentialAction":[{"@type":"ReadAction","target":["https:\/\/www.africa-press.net\/cameroun\/politique\/cameroun-ae-assemblae-nationalea-la-doyenne-daea%c2%a2ge-laurentine-mbede-avoque-les-a-scandales-de-la-rapublique-a-non-sans-inviter-ceux-qui"]}]},{"@type":"ImageObject","inLanguage":"fr-FR","@id":"https:\/\/www.africa-press.net\/cameroun\/politique\/cameroun-ae-assemblae-nationalea-la-doyenne-daea%c2%a2ge-laurentine-mbede-avoque-les-a-scandales-de-la-rapublique-a-non-sans-inviter-ceux-qui#primaryimage","url":"https:\/\/static.africa-press.net\/cameroun\/sites\/57\/2023\/03\/postQueueImg_1677851724.42.jpg","contentUrl":"https:\/\/static.africa-press.net\/cameroun\/sites\/57\/2023\/03\/postQueueImg_1677851724.42.jpg","width":1280,"height":720,"caption":"Cameroun \u00e2\u20ac\u201c Assembl\u00c3\u00a9e nationale\u00c2\u00a0: La doyenne d\u00e2\u20ac\u2122\u00c3\u00a2ge, Laurentine Mbede, \u00c3\u00a9voque les \u00c2\u00ab scandales de la R\u00c3\u00a9publique \u00c2\u00bb, non sans inviter ceux qui sont charg\u00c3\u00a9s de la gestion de la chose publique, \u00c3\u00a0 faire preuve de patriotisme et de rectitude morale."},{"@type":"BreadcrumbList","@id":"https:\/\/www.africa-press.net\/cameroun\/politique\/cameroun-ae-assemblae-nationalea-la-doyenne-daea%c2%a2ge-laurentine-mbede-avoque-les-a-scandales-de-la-rapublique-a-non-sans-inviter-ceux-qui#breadcrumb","itemListElement":[{"@type":"ListItem","position":1,"name":"Accueil","item":"https:\/\/www.africa-press.net\/cameroun\/"},{"@type":"ListItem","position":2,"name":"Cameroun \u00e2\u20ac\u201c Assembl\u00c3\u00a9e nationale\u00c2\u00a0: La doyenne d\u00e2\u20ac\u2122\u00c3\u00a2ge, Laurentine Mbede, \u00c3\u00a9voque les \u00c2\u00ab scandales de la R\u00c3\u00a9publique \u00c2\u00bb, non sans inviter ceux qui sont charg\u00c3\u00a9s de la gestion de la chose publique, \u00c3\u00a0 faire preuve de patriotisme et de rectitude morale."}]},{"@type":"WebSite","@id":"https:\/\/www.africa-press.net\/cameroun\/#website","url":"https:\/\/www.africa-press.net\/cameroun\/","name":"Cameroun","description":"Just another Africa News Agency Sites site","potentialAction":[{"@type":"SearchAction","target":{"@type":"EntryPoint","urlTemplate":"https:\/\/www.africa-press.net\/cameroun\/?s={search_term_string}"},"query-input":{"@type":"PropertyValueSpecification","valueRequired":true,"valueName":"search_term_string"}}],"inLanguage":"fr-FR"},{"@type":"Person","@id":"https:\/\/www.africa-press.net\/cameroun\/#\/schema\/person\/2b1cf3cd81a31e3cd26889ca66d677f1","name":"cfeditorfr"}]}},"_links":{"self":[{"href":"https:\/\/www.africa-press.net\/cameroun\/wp-json\/wp\/v2\/posts\/38288","targetHints":{"allow":["GET"]}}],"collection":[{"href":"https:\/\/www.africa-press.net\/cameroun\/wp-json\/wp\/v2\/posts"}],"about":[{"href":"https:\/\/www.africa-press.net\/cameroun\/wp-json\/wp\/v2\/types\/post"}],"author":[{"embeddable":true,"href":"https:\/\/www.africa-press.net\/cameroun\/wp-json\/wp\/v2\/users\/82"}],"replies":[{"embeddable":true,"href":"https:\/\/www.africa-press.net\/cameroun\/wp-json\/wp\/v2\/comments?post=38288"}],"version-history":[{"count":0,"href":"https:\/\/www.africa-press.net\/cameroun\/wp-json\/wp\/v2\/posts\/38288\/revisions"}],"wp:featuredmedia":[{"embeddable":true,"href":"https:\/\/www.africa-press.net\/cameroun\/wp-json\/wp\/v2\/media\/38287"}],"wp:attachment":[{"href":"https:\/\/www.africa-press.net\/cameroun\/wp-json\/wp\/v2\/media?parent=38288"}],"wp:term":[{"taxonomy":"category","embeddable":true,"href":"https:\/\/www.africa-press.net\/cameroun\/wp-json\/wp\/v2\/categories?post=38288"},{"taxonomy":"post_tag","embeddable":true,"href":"https:\/\/www.africa-press.net\/cameroun\/wp-json\/wp\/v2\/tags?post=38288"}],"curies":[{"name":"wp","href":"https:\/\/api.w.org\/{rel}","templated":true}]}}