{"id":38300,"date":"2023-03-03T17:26:49","date_gmt":"2023-03-03T17:26:49","guid":{"rendered":"https:\/\/www.africa-press.net\/cameroun\/politique\/atmosphere-tres-tendue-au-sed-les-policiers-et-les-gendarmes-ne-saccordent-pas-la-soiree-sannonce-tres-longue"},"modified":"2023-03-03T18:00:30","modified_gmt":"2023-03-03T18:00:30","slug":"atmosphere-tres-tendue-au-sed-les-policiers-et-les-gendarmes-ne-saccordent-pas-la-soiree-sannonce-tres-longue","status":"publish","type":"post","link":"https:\/\/www.africa-press.net\/cameroun\/toutes-les-actualites\/atmosphere-tres-tendue-au-sed-les-policiers-et-les-gendarmes-ne-saccordent-pas-la-soiree-sannonce-tres-longue","title":{"rendered":"Atmosph\u00e8re tr\u00e8s tendue au SED : les policiers et les gendarmes ne s&rsquo;accordent pas ; la soir\u00e9e s&rsquo;annonce tr\u00e8s longue"},"content":{"rendered":"<p><span style=\"color: #ff6600\"><strong>Africa-Press &#8211; Cameroun. <\/strong><\/span>Elle e\u0301tait tre\u0300s attendue cette journe\u0301e qui pourra marquer l\u2019histoire de la machine judiciaire du Cameroun. Amougou Belinga, principal accuse\u0301 dans l\u2019affaire de l\u2019assassinat du journaliste Martinez Zogo et ses co-accuse\u0301s, sont attendus une nouvelle fois devant le Commissaire du Gouvernement au Tribunal Militaire.<\/p>\n<p>Ils sont pour le moment toujours au SED en attendant leur transfe\u0300rement dans les locaux du Commissaire Ge\u0301ne\u0301ral. On annonce de\u0301ja\u0300 que l\u2019atmosphe\u0300re est tre\u0300s tendue au SED et pour cause, policiers et les gendarmes ne s&rsquo;accordent pas sur Eko Eko.<\/p>\n<p>\u00ab Cette soire\u0301e s&rsquo;annonce longue et palpitante dans l&rsquo;affaire Martinez Zogo. Les policiers et les gendarmes ne s&rsquo;accordent pas sur Eko Eko. Le proble\u0300me c&rsquo;est que a\u0300 Mvomeka le vieux dort donc il va falloir le re\u0301veiller \u00bb, a e\u0301crit le journaliste Boris Bertolt.<\/p>\n<p>L\u2019affaire a de\u0301ja\u0300 e\u0301te\u0301 renvoye\u0301e plusieurs fois mais est tre\u0300s suivi de pre\u0300s par les Camerounais. Pour Bomo, il y a lieu de rappeler aux autorite\u0301s camerounaises que l&rsquo;affaire Martinez Zogo n&rsquo;est pas une affaire de de\u0301tournement de deniers publics avec leurs multiples renvois, il s&rsquo;agit ici de la mort d&rsquo;un homme, de l&rsquo;assassinat crapuleux d&rsquo;un pe\u0300re de famille dans lequel sont suspecte\u0301es des barbouzes.<\/p>\n<p>De\u0301ja\u0300, on apprend que c\u2019est le juge civil Bias Albert Joe\u0308l qui pourrait faire le job ce soir. Curieusement ce juge civil, c&rsquo;est un type de Amougou Belinga. C&rsquo;est d\u2019ailleurs lui qui avait signe\u0301 les mandats de de\u0301po\u0302t des militants du MRC de Maurice Kamto.<\/p>\n<p>Il faut noter aussi que son fre\u0300re jumeau, Bias Albert Fe\u0301lix est Colonel au BIR. Il aurait me\u0302me e\u0301te\u0301 re\u0301cemment convoque\u0301 par le Mindef. Il est arrive\u0301 de l&rsquo;extre\u0302me nord ou\u0300 il est en poste<\/p>\n<p><strong>Pour plus d&rsquo;informations et d&rsquo;analyses sur la <a href=\"https:\/\/www.africa-press.net\/cameroun\">Cameroun<\/a>, suivez <a href=\"https:\/\/www.africa-press.net\/\">Africa-Press<\/a><\/strong><\/p>\n","protected":false},"excerpt":{"rendered":"<p>Africa-Press &#8211; Cameroun. Elle e\u0301tait tre\u0300s attendue cette journe\u0301e qui pourra marquer l\u2019histoire de la machine judiciaire du Cameroun. Amougou Belinga, principal accuse\u0301 dans l\u2019affaire de l\u2019assassinat du journaliste Martinez Zogo et ses co-accuse\u0301s, sont attendus une nouvelle fois devant le Commissaire du Gouvernement au Tribunal Militaire. Ils sont pour le moment toujours au SED [&hellip;]<\/p>\n","protected":false},"author":82,"featured_media":38299,"comment_status":"open","ping_status":"closed","sticky":false,"template":"","format":"standard","meta":{"footnotes":""},"categories":[21,10],"tags":[36,50,49],"class_list":["post-38300","post","type-post","status-publish","format-standard","has-post-thumbnail","hentry","category-communaute","category-toutes-les-actualites","tag-africa-press","tag-africa-press-cameroun","tag-cameroun"],"yoast_head":"<!-- This site is optimized with the Yoast SEO Premium plugin v26.1 (Yoast SEO v27.0) - https:\/\/yoast.com\/product\/yoast-seo-premium-wordpress\/ -->\n<title>Atmosph\u00e8re tr\u00e8s tendue au SED : les policiers et les gendarmes ne s&#039;accordent pas ; la soir\u00e9e s&#039;annonce tr\u00e8s longue - Cameroun<\/title>\n<meta name=\"description\" content=\"Elle e\u0301tait tre\u0300s attendue cette journe\u0301e qui pourra marquer l\u2019histoire de la machine judiciaire du Cameroun. Amougou Be ...\" \/>\n<meta name=\"robots\" content=\"index, follow, max-snippet:-1, max-image-preview:large, max-video-preview:-1\" \/>\n<link rel=\"canonical\" href=\"https:\/\/www.africa-press.net\/cameroun\/toutes-les-actualites\/atmosphere-tres-tendue-au-sed-les-policiers-et-les-gendarmes-ne-saccordent-pas-la-soiree-sannonce-tres-longue\" \/>\n<meta property=\"og:locale\" content=\"fr_FR\" \/>\n<meta property=\"og:type\" content=\"article\" \/>\n<meta property=\"og:title\" content=\"Atmosph\u00e8re tr\u00e8s tendue au SED : les policiers et les gendarmes ne s&#039;accordent pas ; la soir\u00e9e s&#039;annonce tr\u00e8s longue\" \/>\n<meta property=\"og:description\" content=\"Elle e\u0301tait tre\u0300s attendue cette journe\u0301e qui pourra marquer l\u2019histoire de la machine judiciaire du Cameroun. Amougou Be ...\" \/>\n<meta property=\"og:url\" content=\"https:\/\/www.africa-press.net\/cameroun\/toutes-les-actualites\/atmosphere-tres-tendue-au-sed-les-policiers-et-les-gendarmes-ne-saccordent-pas-la-soiree-sannonce-tres-longue\" \/>\n<meta property=\"og:site_name\" content=\"Cameroun\" \/>\n<meta property=\"article:published_time\" content=\"2023-03-03T17:26:49+00:00\" \/>\n<meta property=\"article:modified_time\" content=\"2023-03-03T18:00:30+00:00\" \/>\n<meta property=\"og:image\" content=\"https:\/\/static.africa-press.net\/cameroun\/sites\/57\/2023\/03\/postQueueImg_1677851811.81.jpg\" \/>\n\t<meta property=\"og:image:width\" content=\"720\" \/>\n\t<meta property=\"og:image:height\" content=\"423\" \/>\n\t<meta property=\"og:image:type\" content=\"image\/jpeg\" \/>\n<meta name=\"author\" content=\"cfeditorfr\" \/>\n<meta name=\"twitter:card\" content=\"summary_large_image\" \/>\n<meta name=\"twitter:label1\" content=\"\u00c9crit par\" \/>\n\t<meta name=\"twitter:data1\" content=\"cfeditorfr\" \/>\n\t<meta name=\"twitter:label2\" content=\"Dur\u00e9e de lecture estim\u00e9e\" \/>\n\t<meta name=\"twitter:data2\" content=\"2 minutes\" \/>\n<script type=\"application\/ld+json\" class=\"yoast-schema-graph\">{\"@context\":\"https:\/\/schema.org\",\"@graph\":[{\"@type\":\"Article\",\"@id\":\"https:\/\/www.africa-press.net\/cameroun\/toutes-les-actualites\/atmosphere-tres-tendue-au-sed-les-policiers-et-les-gendarmes-ne-saccordent-pas-la-soiree-sannonce-tres-longue#article\",\"isPartOf\":{\"@id\":\"https:\/\/www.africa-press.net\/cameroun\/toutes-les-actualites\/atmosphere-tres-tendue-au-sed-les-policiers-et-les-gendarmes-ne-saccordent-pas-la-soiree-sannonce-tres-longue\"},\"author\":{\"name\":\"cfeditorfr\",\"@id\":\"https:\/\/www.africa-press.net\/cameroun\/#\/schema\/person\/2b1cf3cd81a31e3cd26889ca66d677f1\"},\"headline\":\"Atmosph\u00e8re tr\u00e8s tendue au SED : les policiers et les gendarmes ne s&rsquo;accordent pas ; la soir\u00e9e s&rsquo;annonce tr\u00e8s longue\",\"datePublished\":\"2023-03-03T17:26:49+00:00\",\"dateModified\":\"2023-03-03T18:00:30+00:00\",\"mainEntityOfPage\":{\"@id\":\"https:\/\/www.africa-press.net\/cameroun\/toutes-les-actualites\/atmosphere-tres-tendue-au-sed-les-policiers-et-les-gendarmes-ne-saccordent-pas-la-soiree-sannonce-tres-longue\"},\"wordCount\":365,\"commentCount\":0,\"image\":{\"@id\":\"https:\/\/www.africa-press.net\/cameroun\/toutes-les-actualites\/atmosphere-tres-tendue-au-sed-les-policiers-et-les-gendarmes-ne-saccordent-pas-la-soiree-sannonce-tres-longue#primaryimage\"},\"thumbnailUrl\":\"https:\/\/static.africa-press.net\/cameroun\/sites\/57\/2023\/03\/postQueueImg_1677851811.81.jpg\",\"keywords\":[\"Africa Press\",\"Africa Press-Cameroun\",\"Cameroun\"],\"articleSection\":[\"Communaut\u00e9\",\"Toutes les actualit\u00e9s\"],\"inLanguage\":\"fr-FR\",\"potentialAction\":[{\"@type\":\"CommentAction\",\"name\":\"Comment\",\"target\":[\"https:\/\/www.africa-press.net\/cameroun\/toutes-les-actualites\/atmosphere-tres-tendue-au-sed-les-policiers-et-les-gendarmes-ne-saccordent-pas-la-soiree-sannonce-tres-longue#respond\"]}]},{\"@type\":\"WebPage\",\"@id\":\"https:\/\/www.africa-press.net\/cameroun\/toutes-les-actualites\/atmosphere-tres-tendue-au-sed-les-policiers-et-les-gendarmes-ne-saccordent-pas-la-soiree-sannonce-tres-longue\",\"url\":\"https:\/\/www.africa-press.net\/cameroun\/toutes-les-actualites\/atmosphere-tres-tendue-au-sed-les-policiers-et-les-gendarmes-ne-saccordent-pas-la-soiree-sannonce-tres-longue\",\"name\":\"Atmosph\u00e8re tr\u00e8s tendue au SED : les policiers et les gendarmes ne s'accordent pas ; la soir\u00e9e s'annonce tr\u00e8s longue - Cameroun\",\"isPartOf\":{\"@id\":\"https:\/\/www.africa-press.net\/cameroun\/#website\"},\"primaryImageOfPage\":{\"@id\":\"https:\/\/www.africa-press.net\/cameroun\/toutes-les-actualites\/atmosphere-tres-tendue-au-sed-les-policiers-et-les-gendarmes-ne-saccordent-pas-la-soiree-sannonce-tres-longue#primaryimage\"},\"image\":{\"@id\":\"https:\/\/www.africa-press.net\/cameroun\/toutes-les-actualites\/atmosphere-tres-tendue-au-sed-les-policiers-et-les-gendarmes-ne-saccordent-pas-la-soiree-sannonce-tres-longue#primaryimage\"},\"thumbnailUrl\":\"https:\/\/static.africa-press.net\/cameroun\/sites\/57\/2023\/03\/postQueueImg_1677851811.81.jpg\",\"datePublished\":\"2023-03-03T17:26:49+00:00\",\"dateModified\":\"2023-03-03T18:00:30+00:00\",\"author\":{\"@id\":\"https:\/\/www.africa-press.net\/cameroun\/#\/schema\/person\/2b1cf3cd81a31e3cd26889ca66d677f1\"},\"description\":\"Elle e\u0301tait tre\u0300s attendue cette journe\u0301e qui pourra marquer l\u2019histoire de la machine judiciaire du Cameroun. Amougou Be ...\",\"breadcrumb\":{\"@id\":\"https:\/\/www.africa-press.net\/cameroun\/toutes-les-actualites\/atmosphere-tres-tendue-au-sed-les-policiers-et-les-gendarmes-ne-saccordent-pas-la-soiree-sannonce-tres-longue#breadcrumb\"},\"inLanguage\":\"fr-FR\",\"potentialAction\":[{\"@type\":\"ReadAction\",\"target\":[\"https:\/\/www.africa-press.net\/cameroun\/toutes-les-actualites\/atmosphere-tres-tendue-au-sed-les-policiers-et-les-gendarmes-ne-saccordent-pas-la-soiree-sannonce-tres-longue\"]}]},{\"@type\":\"ImageObject\",\"inLanguage\":\"fr-FR\",\"@id\":\"https:\/\/www.africa-press.net\/cameroun\/toutes-les-actualites\/atmosphere-tres-tendue-au-sed-les-policiers-et-les-gendarmes-ne-saccordent-pas-la-soiree-sannonce-tres-longue#primaryimage\",\"url\":\"https:\/\/static.africa-press.net\/cameroun\/sites\/57\/2023\/03\/postQueueImg_1677851811.81.jpg\",\"contentUrl\":\"https:\/\/static.africa-press.net\/cameroun\/sites\/57\/2023\/03\/postQueueImg_1677851811.81.jpg\",\"width\":720,\"height\":423,\"caption\":\"Atmosph\u00e8re tr\u00e8s tendue au SED : les policiers et les gendarmes ne s'accordent pas ; la soir\u00e9e s'annonce tr\u00e8s longue\"},{\"@type\":\"BreadcrumbList\",\"@id\":\"https:\/\/www.africa-press.net\/cameroun\/toutes-les-actualites\/atmosphere-tres-tendue-au-sed-les-policiers-et-les-gendarmes-ne-saccordent-pas-la-soiree-sannonce-tres-longue#breadcrumb\",\"itemListElement\":[{\"@type\":\"ListItem\",\"position\":1,\"name\":\"Accueil\",\"item\":\"https:\/\/www.africa-press.net\/cameroun\/\"},{\"@type\":\"ListItem\",\"position\":2,\"name\":\"Atmosph\u00e8re tr\u00e8s tendue au SED : les policiers et les gendarmes ne s&rsquo;accordent pas ; la soir\u00e9e s&rsquo;annonce tr\u00e8s longue\"}]},{\"@type\":\"WebSite\",\"@id\":\"https:\/\/www.africa-press.net\/cameroun\/#website\",\"url\":\"https:\/\/www.africa-press.net\/cameroun\/\",\"name\":\"Cameroun\",\"description\":\"Just another Africa News Agency Sites site\",\"potentialAction\":[{\"@type\":\"SearchAction\",\"target\":{\"@type\":\"EntryPoint\",\"urlTemplate\":\"https:\/\/www.africa-press.net\/cameroun\/?s={search_term_string}\"},\"query-input\":{\"@type\":\"PropertyValueSpecification\",\"valueRequired\":true,\"valueName\":\"search_term_string\"}}],\"inLanguage\":\"fr-FR\"},{\"@type\":\"Person\",\"@id\":\"https:\/\/www.africa-press.net\/cameroun\/#\/schema\/person\/2b1cf3cd81a31e3cd26889ca66d677f1\",\"name\":\"cfeditorfr\"}]}<\/script>\n<!-- \/ Yoast SEO Premium plugin. -->","yoast_head_json":{"title":"Atmosph\u00e8re tr\u00e8s tendue au SED : les policiers et les gendarmes ne s'accordent pas ; la soir\u00e9e s'annonce tr\u00e8s longue - Cameroun","description":"Elle e\u0301tait tre\u0300s attendue cette journe\u0301e qui pourra marquer l\u2019histoire de la machine judiciaire du Cameroun. Amougou Be ...","robots":{"index":"index","follow":"follow","max-snippet":"max-snippet:-1","max-image-preview":"max-image-preview:large","max-video-preview":"max-video-preview:-1"},"canonical":"https:\/\/www.africa-press.net\/cameroun\/toutes-les-actualites\/atmosphere-tres-tendue-au-sed-les-policiers-et-les-gendarmes-ne-saccordent-pas-la-soiree-sannonce-tres-longue","og_locale":"fr_FR","og_type":"article","og_title":"Atmosph\u00e8re tr\u00e8s tendue au SED : les policiers et les gendarmes ne s'accordent pas ; la soir\u00e9e s'annonce tr\u00e8s longue","og_description":"Elle e\u0301tait tre\u0300s attendue cette journe\u0301e qui pourra marquer l\u2019histoire de la machine judiciaire du Cameroun. Amougou Be ...","og_url":"https:\/\/www.africa-press.net\/cameroun\/toutes-les-actualites\/atmosphere-tres-tendue-au-sed-les-policiers-et-les-gendarmes-ne-saccordent-pas-la-soiree-sannonce-tres-longue","og_site_name":"Cameroun","article_published_time":"2023-03-03T17:26:49+00:00","article_modified_time":"2023-03-03T18:00:30+00:00","og_image":[{"width":720,"height":423,"url":"https:\/\/static.africa-press.net\/cameroun\/sites\/57\/2023\/03\/postQueueImg_1677851811.81.jpg","type":"image\/jpeg"}],"author":"cfeditorfr","twitter_card":"summary_large_image","twitter_misc":{"\u00c9crit par":"cfeditorfr","Dur\u00e9e de lecture estim\u00e9e":"2 minutes"},"schema":{"@context":"https:\/\/schema.org","@graph":[{"@type":"Article","@id":"https:\/\/www.africa-press.net\/cameroun\/toutes-les-actualites\/atmosphere-tres-tendue-au-sed-les-policiers-et-les-gendarmes-ne-saccordent-pas-la-soiree-sannonce-tres-longue#article","isPartOf":{"@id":"https:\/\/www.africa-press.net\/cameroun\/toutes-les-actualites\/atmosphere-tres-tendue-au-sed-les-policiers-et-les-gendarmes-ne-saccordent-pas-la-soiree-sannonce-tres-longue"},"author":{"name":"cfeditorfr","@id":"https:\/\/www.africa-press.net\/cameroun\/#\/schema\/person\/2b1cf3cd81a31e3cd26889ca66d677f1"},"headline":"Atmosph\u00e8re tr\u00e8s tendue au SED : les policiers et les gendarmes ne s&rsquo;accordent pas ; la soir\u00e9e s&rsquo;annonce tr\u00e8s longue","datePublished":"2023-03-03T17:26:49+00:00","dateModified":"2023-03-03T18:00:30+00:00","mainEntityOfPage":{"@id":"https:\/\/www.africa-press.net\/cameroun\/toutes-les-actualites\/atmosphere-tres-tendue-au-sed-les-policiers-et-les-gendarmes-ne-saccordent-pas-la-soiree-sannonce-tres-longue"},"wordCount":365,"commentCount":0,"image":{"@id":"https:\/\/www.africa-press.net\/cameroun\/toutes-les-actualites\/atmosphere-tres-tendue-au-sed-les-policiers-et-les-gendarmes-ne-saccordent-pas-la-soiree-sannonce-tres-longue#primaryimage"},"thumbnailUrl":"https:\/\/static.africa-press.net\/cameroun\/sites\/57\/2023\/03\/postQueueImg_1677851811.81.jpg","keywords":["Africa Press","Africa Press-Cameroun","Cameroun"],"articleSection":["Communaut\u00e9","Toutes les actualit\u00e9s"],"inLanguage":"fr-FR","potentialAction":[{"@type":"CommentAction","name":"Comment","target":["https:\/\/www.africa-press.net\/cameroun\/toutes-les-actualites\/atmosphere-tres-tendue-au-sed-les-policiers-et-les-gendarmes-ne-saccordent-pas-la-soiree-sannonce-tres-longue#respond"]}]},{"@type":"WebPage","@id":"https:\/\/www.africa-press.net\/cameroun\/toutes-les-actualites\/atmosphere-tres-tendue-au-sed-les-policiers-et-les-gendarmes-ne-saccordent-pas-la-soiree-sannonce-tres-longue","url":"https:\/\/www.africa-press.net\/cameroun\/toutes-les-actualites\/atmosphere-tres-tendue-au-sed-les-policiers-et-les-gendarmes-ne-saccordent-pas-la-soiree-sannonce-tres-longue","name":"Atmosph\u00e8re tr\u00e8s tendue au SED : les policiers et les gendarmes ne s'accordent pas ; la soir\u00e9e s'annonce tr\u00e8s longue - Cameroun","isPartOf":{"@id":"https:\/\/www.africa-press.net\/cameroun\/#website"},"primaryImageOfPage":{"@id":"https:\/\/www.africa-press.net\/cameroun\/toutes-les-actualites\/atmosphere-tres-tendue-au-sed-les-policiers-et-les-gendarmes-ne-saccordent-pas-la-soiree-sannonce-tres-longue#primaryimage"},"image":{"@id":"https:\/\/www.africa-press.net\/cameroun\/toutes-les-actualites\/atmosphere-tres-tendue-au-sed-les-policiers-et-les-gendarmes-ne-saccordent-pas-la-soiree-sannonce-tres-longue#primaryimage"},"thumbnailUrl":"https:\/\/static.africa-press.net\/cameroun\/sites\/57\/2023\/03\/postQueueImg_1677851811.81.jpg","datePublished":"2023-03-03T17:26:49+00:00","dateModified":"2023-03-03T18:00:30+00:00","author":{"@id":"https:\/\/www.africa-press.net\/cameroun\/#\/schema\/person\/2b1cf3cd81a31e3cd26889ca66d677f1"},"description":"Elle e\u0301tait tre\u0300s attendue cette journe\u0301e qui pourra marquer l\u2019histoire de la machine judiciaire du Cameroun. Amougou Be ...","breadcrumb":{"@id":"https:\/\/www.africa-press.net\/cameroun\/toutes-les-actualites\/atmosphere-tres-tendue-au-sed-les-policiers-et-les-gendarmes-ne-saccordent-pas-la-soiree-sannonce-tres-longue#breadcrumb"},"inLanguage":"fr-FR","potentialAction":[{"@type":"ReadAction","target":["https:\/\/www.africa-press.net\/cameroun\/toutes-les-actualites\/atmosphere-tres-tendue-au-sed-les-policiers-et-les-gendarmes-ne-saccordent-pas-la-soiree-sannonce-tres-longue"]}]},{"@type":"ImageObject","inLanguage":"fr-FR","@id":"https:\/\/www.africa-press.net\/cameroun\/toutes-les-actualites\/atmosphere-tres-tendue-au-sed-les-policiers-et-les-gendarmes-ne-saccordent-pas-la-soiree-sannonce-tres-longue#primaryimage","url":"https:\/\/static.africa-press.net\/cameroun\/sites\/57\/2023\/03\/postQueueImg_1677851811.81.jpg","contentUrl":"https:\/\/static.africa-press.net\/cameroun\/sites\/57\/2023\/03\/postQueueImg_1677851811.81.jpg","width":720,"height":423,"caption":"Atmosph\u00e8re tr\u00e8s tendue au SED : les policiers et les gendarmes ne s'accordent pas ; la soir\u00e9e s'annonce tr\u00e8s longue"},{"@type":"BreadcrumbList","@id":"https:\/\/www.africa-press.net\/cameroun\/toutes-les-actualites\/atmosphere-tres-tendue-au-sed-les-policiers-et-les-gendarmes-ne-saccordent-pas-la-soiree-sannonce-tres-longue#breadcrumb","itemListElement":[{"@type":"ListItem","position":1,"name":"Accueil","item":"https:\/\/www.africa-press.net\/cameroun\/"},{"@type":"ListItem","position":2,"name":"Atmosph\u00e8re tr\u00e8s tendue au SED : les policiers et les gendarmes ne s&rsquo;accordent pas ; la soir\u00e9e s&rsquo;annonce tr\u00e8s longue"}]},{"@type":"WebSite","@id":"https:\/\/www.africa-press.net\/cameroun\/#website","url":"https:\/\/www.africa-press.net\/cameroun\/","name":"Cameroun","description":"Just another Africa News Agency Sites site","potentialAction":[{"@type":"SearchAction","target":{"@type":"EntryPoint","urlTemplate":"https:\/\/www.africa-press.net\/cameroun\/?s={search_term_string}"},"query-input":{"@type":"PropertyValueSpecification","valueRequired":true,"valueName":"search_term_string"}}],"inLanguage":"fr-FR"},{"@type":"Person","@id":"https:\/\/www.africa-press.net\/cameroun\/#\/schema\/person\/2b1cf3cd81a31e3cd26889ca66d677f1","name":"cfeditorfr"}]}},"_links":{"self":[{"href":"https:\/\/www.africa-press.net\/cameroun\/wp-json\/wp\/v2\/posts\/38300","targetHints":{"allow":["GET"]}}],"collection":[{"href":"https:\/\/www.africa-press.net\/cameroun\/wp-json\/wp\/v2\/posts"}],"about":[{"href":"https:\/\/www.africa-press.net\/cameroun\/wp-json\/wp\/v2\/types\/post"}],"author":[{"embeddable":true,"href":"https:\/\/www.africa-press.net\/cameroun\/wp-json\/wp\/v2\/users\/82"}],"replies":[{"embeddable":true,"href":"https:\/\/www.africa-press.net\/cameroun\/wp-json\/wp\/v2\/comments?post=38300"}],"version-history":[{"count":0,"href":"https:\/\/www.africa-press.net\/cameroun\/wp-json\/wp\/v2\/posts\/38300\/revisions"}],"wp:featuredmedia":[{"embeddable":true,"href":"https:\/\/www.africa-press.net\/cameroun\/wp-json\/wp\/v2\/media\/38299"}],"wp:attachment":[{"href":"https:\/\/www.africa-press.net\/cameroun\/wp-json\/wp\/v2\/media?parent=38300"}],"wp:term":[{"taxonomy":"category","embeddable":true,"href":"https:\/\/www.africa-press.net\/cameroun\/wp-json\/wp\/v2\/categories?post=38300"},{"taxonomy":"post_tag","embeddable":true,"href":"https:\/\/www.africa-press.net\/cameroun\/wp-json\/wp\/v2\/tags?post=38300"}],"curies":[{"name":"wp","href":"https:\/\/api.w.org\/{rel}","templated":true}]}}