{"id":38304,"date":"2023-03-03T17:27:13","date_gmt":"2023-03-03T17:27:13","guid":{"rendered":"https:\/\/www.africa-press.net\/cameroun\/politique\/cameroun-zones-a-risques-atanga-nji-tire-la-sonnette-dalarme"},"modified":"2023-03-03T18:02:16","modified_gmt":"2023-03-03T18:02:16","slug":"cameroun-zones-a-risques-atanga-nji-tire-la-sonnette-dalarme","status":"publish","type":"post","link":"https:\/\/www.africa-press.net\/cameroun\/toutes-les-actualites\/cameroun-zones-a-risques-atanga-nji-tire-la-sonnette-dalarme","title":{"rendered":"Cameroun-zones \u00e0 risques : Atanga Nji tire la sonnette d\u2019alarme"},"content":{"rendered":"<p><span style=\"color: #ff6600\"><strong>Africa-Press &#8211; Cameroun. <\/strong><\/span><b>Le ministre de l\u2019Administration territoriale vient d\u2019effectuer une tourne\u0301e de sensibilisation sur les chantiers de construction dans les zones a\u0300 risques.<\/b><\/p>\n<p>En de\u0301cembre 2022, le Cameroun, notamment la ville de Yaounde\u0301, a connu une soire\u0301e noire apre\u0300s un <b>glissement de terrain<\/b> dans le quartier de Damase. C\u2019e\u0301tait quelques anne\u0301es apre\u0300s la catastrophe de Gouache a\u0300 Bafoussam en 2019. Une trage\u0301die toujours cause\u0301e par un glissement de terrain qui avait emporte\u0301 de nombreuses maisons et vies humaines.<\/p>\n<p>C\u2019est conscient de ces situations et afin d\u2019en e\u0301viter d\u2019autres que le ministre de l\u2019Administration territoriale, <b>Paul Atanga Nji<\/b> a effectue\u0301 une visite au quartier <b>Mimboman-lyce\u0301e<\/b> de Yaounde\u0301 le 1er mars dernier. Ce choix s\u2019explique par la disparition en octobre 2022 de trois personnes vivant dans un bas-fond suite a\u0300 un affaissement de terrain.<\/p>\n<p>Cette visite de travail a e\u0301te\u0301 l\u2019occasion de sensibiliser les populations sur les dangers de la construction dans les <b>zones a\u0300 risques.<\/b> C\u2019e\u0301tait aussi une manie\u0300re pour le ministre de marquer la journe\u0301e du 1er mars, de\u0301clare\u0301e journe\u0301e mondiale de la protection civile.<\/p>\n<p><strong>Pour plus d&rsquo;informations et d&rsquo;analyses sur la <a href=\"https:\/\/www.africa-press.net\/cameroun\">Cameroun<\/a>, suivez <a href=\"https:\/\/www.africa-press.net\/\">Africa-Press<\/a><\/strong><\/p>\n","protected":false},"excerpt":{"rendered":"<p>Africa-Press &#8211; Cameroun. Le ministre de l\u2019Administration territoriale vient d\u2019effectuer une tourne\u0301e de sensibilisation sur les chantiers de construction dans les zones a\u0300 risques. En de\u0301cembre 2022, le Cameroun, notamment la ville de Yaounde\u0301, a connu une soire\u0301e noire apre\u0300s un glissement de terrain dans le quartier de Damase. C\u2019e\u0301tait quelques anne\u0301es apre\u0300s la catastrophe [&hellip;]<\/p>\n","protected":false},"author":82,"featured_media":38303,"comment_status":"open","ping_status":"closed","sticky":false,"template":"","format":"standard","meta":{"footnotes":""},"categories":[21,10],"tags":[36,50,49],"class_list":["post-38304","post","type-post","status-publish","format-standard","has-post-thumbnail","hentry","category-communaute","category-toutes-les-actualites","tag-africa-press","tag-africa-press-cameroun","tag-cameroun"],"yoast_head":"<!-- This site is optimized with the Yoast SEO Premium plugin v26.1 (Yoast SEO v27.0) - https:\/\/yoast.com\/product\/yoast-seo-premium-wordpress\/ -->\n<title>Cameroun-zones \u00e0 risques : Atanga Nji tire la sonnette d\u2019alarme - Cameroun<\/title>\n<meta name=\"description\" content=\"Le ministre de l\u2019Administration territoriale vient d\u2019effectuer une tourne\u0301e de sensibilisation sur les chantiers de c ...\" \/>\n<meta name=\"robots\" content=\"index, follow, max-snippet:-1, max-image-preview:large, max-video-preview:-1\" \/>\n<link rel=\"canonical\" href=\"https:\/\/www.africa-press.net\/cameroun\/toutes-les-actualites\/cameroun-zones-a-risques-atanga-nji-tire-la-sonnette-dalarme\" \/>\n<meta property=\"og:locale\" content=\"fr_FR\" \/>\n<meta property=\"og:type\" content=\"article\" \/>\n<meta property=\"og:title\" content=\"Cameroun-zones \u00e0 risques : Atanga Nji tire la sonnette d\u2019alarme\" \/>\n<meta property=\"og:description\" content=\"Le ministre de l\u2019Administration territoriale vient d\u2019effectuer une tourne\u0301e de sensibilisation sur les chantiers de c ...\" \/>\n<meta property=\"og:url\" content=\"https:\/\/www.africa-press.net\/cameroun\/toutes-les-actualites\/cameroun-zones-a-risques-atanga-nji-tire-la-sonnette-dalarme\" \/>\n<meta property=\"og:site_name\" content=\"Cameroun\" \/>\n<meta property=\"article:published_time\" content=\"2023-03-03T17:27:13+00:00\" \/>\n<meta property=\"article:modified_time\" content=\"2023-03-03T18:02:16+00:00\" \/>\n<meta property=\"og:image\" content=\"https:\/\/static.africa-press.net\/cameroun\/sites\/57\/2023\/03\/postQueueImg_1677851835.48.jpg\" \/>\n\t<meta property=\"og:image:width\" content=\"960\" \/>\n\t<meta property=\"og:image:height\" content=\"720\" \/>\n\t<meta property=\"og:image:type\" content=\"image\/jpeg\" \/>\n<meta name=\"author\" content=\"cfeditorfr\" \/>\n<meta name=\"twitter:card\" content=\"summary_large_image\" \/>\n<meta name=\"twitter:label1\" content=\"\u00c9crit par\" \/>\n\t<meta name=\"twitter:data1\" content=\"cfeditorfr\" \/>\n\t<meta name=\"twitter:label2\" content=\"Dur\u00e9e de lecture estim\u00e9e\" \/>\n\t<meta name=\"twitter:data2\" content=\"1 minute\" \/>\n<script type=\"application\/ld+json\" class=\"yoast-schema-graph\">{\"@context\":\"https:\/\/schema.org\",\"@graph\":[{\"@type\":\"Article\",\"@id\":\"https:\/\/www.africa-press.net\/cameroun\/toutes-les-actualites\/cameroun-zones-a-risques-atanga-nji-tire-la-sonnette-dalarme#article\",\"isPartOf\":{\"@id\":\"https:\/\/www.africa-press.net\/cameroun\/toutes-les-actualites\/cameroun-zones-a-risques-atanga-nji-tire-la-sonnette-dalarme\"},\"author\":{\"name\":\"cfeditorfr\",\"@id\":\"https:\/\/www.africa-press.net\/cameroun\/#\/schema\/person\/2b1cf3cd81a31e3cd26889ca66d677f1\"},\"headline\":\"Cameroun-zones \u00e0 risques : Atanga Nji tire la sonnette d\u2019alarme\",\"datePublished\":\"2023-03-03T17:27:13+00:00\",\"dateModified\":\"2023-03-03T18:02:16+00:00\",\"mainEntityOfPage\":{\"@id\":\"https:\/\/www.africa-press.net\/cameroun\/toutes-les-actualites\/cameroun-zones-a-risques-atanga-nji-tire-la-sonnette-dalarme\"},\"wordCount\":222,\"commentCount\":0,\"image\":{\"@id\":\"https:\/\/www.africa-press.net\/cameroun\/toutes-les-actualites\/cameroun-zones-a-risques-atanga-nji-tire-la-sonnette-dalarme#primaryimage\"},\"thumbnailUrl\":\"https:\/\/static.africa-press.net\/cameroun\/sites\/57\/2023\/03\/postQueueImg_1677851835.48.jpg\",\"keywords\":[\"Africa Press\",\"Africa Press-Cameroun\",\"Cameroun\"],\"articleSection\":[\"Communaut\u00e9\",\"Toutes les actualit\u00e9s\"],\"inLanguage\":\"fr-FR\",\"potentialAction\":[{\"@type\":\"CommentAction\",\"name\":\"Comment\",\"target\":[\"https:\/\/www.africa-press.net\/cameroun\/toutes-les-actualites\/cameroun-zones-a-risques-atanga-nji-tire-la-sonnette-dalarme#respond\"]}]},{\"@type\":\"WebPage\",\"@id\":\"https:\/\/www.africa-press.net\/cameroun\/toutes-les-actualites\/cameroun-zones-a-risques-atanga-nji-tire-la-sonnette-dalarme\",\"url\":\"https:\/\/www.africa-press.net\/cameroun\/toutes-les-actualites\/cameroun-zones-a-risques-atanga-nji-tire-la-sonnette-dalarme\",\"name\":\"Cameroun-zones \u00e0 risques : Atanga Nji tire la sonnette d\u2019alarme - Cameroun\",\"isPartOf\":{\"@id\":\"https:\/\/www.africa-press.net\/cameroun\/#website\"},\"primaryImageOfPage\":{\"@id\":\"https:\/\/www.africa-press.net\/cameroun\/toutes-les-actualites\/cameroun-zones-a-risques-atanga-nji-tire-la-sonnette-dalarme#primaryimage\"},\"image\":{\"@id\":\"https:\/\/www.africa-press.net\/cameroun\/toutes-les-actualites\/cameroun-zones-a-risques-atanga-nji-tire-la-sonnette-dalarme#primaryimage\"},\"thumbnailUrl\":\"https:\/\/static.africa-press.net\/cameroun\/sites\/57\/2023\/03\/postQueueImg_1677851835.48.jpg\",\"datePublished\":\"2023-03-03T17:27:13+00:00\",\"dateModified\":\"2023-03-03T18:02:16+00:00\",\"author\":{\"@id\":\"https:\/\/www.africa-press.net\/cameroun\/#\/schema\/person\/2b1cf3cd81a31e3cd26889ca66d677f1\"},\"description\":\"Le ministre de l\u2019Administration territoriale vient d\u2019effectuer une tourne\u0301e de sensibilisation sur les chantiers de c ...\",\"breadcrumb\":{\"@id\":\"https:\/\/www.africa-press.net\/cameroun\/toutes-les-actualites\/cameroun-zones-a-risques-atanga-nji-tire-la-sonnette-dalarme#breadcrumb\"},\"inLanguage\":\"fr-FR\",\"potentialAction\":[{\"@type\":\"ReadAction\",\"target\":[\"https:\/\/www.africa-press.net\/cameroun\/toutes-les-actualites\/cameroun-zones-a-risques-atanga-nji-tire-la-sonnette-dalarme\"]}]},{\"@type\":\"ImageObject\",\"inLanguage\":\"fr-FR\",\"@id\":\"https:\/\/www.africa-press.net\/cameroun\/toutes-les-actualites\/cameroun-zones-a-risques-atanga-nji-tire-la-sonnette-dalarme#primaryimage\",\"url\":\"https:\/\/static.africa-press.net\/cameroun\/sites\/57\/2023\/03\/postQueueImg_1677851835.48.jpg\",\"contentUrl\":\"https:\/\/static.africa-press.net\/cameroun\/sites\/57\/2023\/03\/postQueueImg_1677851835.48.jpg\",\"width\":960,\"height\":720,\"caption\":\"Cameroun-zones \u00e0 risques : Atanga Nji tire la sonnette d\u2019alarme\"},{\"@type\":\"BreadcrumbList\",\"@id\":\"https:\/\/www.africa-press.net\/cameroun\/toutes-les-actualites\/cameroun-zones-a-risques-atanga-nji-tire-la-sonnette-dalarme#breadcrumb\",\"itemListElement\":[{\"@type\":\"ListItem\",\"position\":1,\"name\":\"Accueil\",\"item\":\"https:\/\/www.africa-press.net\/cameroun\/\"},{\"@type\":\"ListItem\",\"position\":2,\"name\":\"Cameroun-zones \u00e0 risques : Atanga Nji tire la sonnette d\u2019alarme\"}]},{\"@type\":\"WebSite\",\"@id\":\"https:\/\/www.africa-press.net\/cameroun\/#website\",\"url\":\"https:\/\/www.africa-press.net\/cameroun\/\",\"name\":\"Cameroun\",\"description\":\"Just another Africa News Agency Sites site\",\"potentialAction\":[{\"@type\":\"SearchAction\",\"target\":{\"@type\":\"EntryPoint\",\"urlTemplate\":\"https:\/\/www.africa-press.net\/cameroun\/?s={search_term_string}\"},\"query-input\":{\"@type\":\"PropertyValueSpecification\",\"valueRequired\":true,\"valueName\":\"search_term_string\"}}],\"inLanguage\":\"fr-FR\"},{\"@type\":\"Person\",\"@id\":\"https:\/\/www.africa-press.net\/cameroun\/#\/schema\/person\/2b1cf3cd81a31e3cd26889ca66d677f1\",\"name\":\"cfeditorfr\"}]}<\/script>\n<!-- \/ Yoast SEO Premium plugin. -->","yoast_head_json":{"title":"Cameroun-zones \u00e0 risques : Atanga Nji tire la sonnette d\u2019alarme - Cameroun","description":"Le ministre de l\u2019Administration territoriale vient d\u2019effectuer une tourne\u0301e de sensibilisation sur les chantiers de c ...","robots":{"index":"index","follow":"follow","max-snippet":"max-snippet:-1","max-image-preview":"max-image-preview:large","max-video-preview":"max-video-preview:-1"},"canonical":"https:\/\/www.africa-press.net\/cameroun\/toutes-les-actualites\/cameroun-zones-a-risques-atanga-nji-tire-la-sonnette-dalarme","og_locale":"fr_FR","og_type":"article","og_title":"Cameroun-zones \u00e0 risques : Atanga Nji tire la sonnette d\u2019alarme","og_description":"Le ministre de l\u2019Administration territoriale vient d\u2019effectuer une tourne\u0301e de sensibilisation sur les chantiers de c ...","og_url":"https:\/\/www.africa-press.net\/cameroun\/toutes-les-actualites\/cameroun-zones-a-risques-atanga-nji-tire-la-sonnette-dalarme","og_site_name":"Cameroun","article_published_time":"2023-03-03T17:27:13+00:00","article_modified_time":"2023-03-03T18:02:16+00:00","og_image":[{"width":960,"height":720,"url":"https:\/\/static.africa-press.net\/cameroun\/sites\/57\/2023\/03\/postQueueImg_1677851835.48.jpg","type":"image\/jpeg"}],"author":"cfeditorfr","twitter_card":"summary_large_image","twitter_misc":{"\u00c9crit par":"cfeditorfr","Dur\u00e9e de lecture estim\u00e9e":"1 minute"},"schema":{"@context":"https:\/\/schema.org","@graph":[{"@type":"Article","@id":"https:\/\/www.africa-press.net\/cameroun\/toutes-les-actualites\/cameroun-zones-a-risques-atanga-nji-tire-la-sonnette-dalarme#article","isPartOf":{"@id":"https:\/\/www.africa-press.net\/cameroun\/toutes-les-actualites\/cameroun-zones-a-risques-atanga-nji-tire-la-sonnette-dalarme"},"author":{"name":"cfeditorfr","@id":"https:\/\/www.africa-press.net\/cameroun\/#\/schema\/person\/2b1cf3cd81a31e3cd26889ca66d677f1"},"headline":"Cameroun-zones \u00e0 risques : Atanga Nji tire la sonnette d\u2019alarme","datePublished":"2023-03-03T17:27:13+00:00","dateModified":"2023-03-03T18:02:16+00:00","mainEntityOfPage":{"@id":"https:\/\/www.africa-press.net\/cameroun\/toutes-les-actualites\/cameroun-zones-a-risques-atanga-nji-tire-la-sonnette-dalarme"},"wordCount":222,"commentCount":0,"image":{"@id":"https:\/\/www.africa-press.net\/cameroun\/toutes-les-actualites\/cameroun-zones-a-risques-atanga-nji-tire-la-sonnette-dalarme#primaryimage"},"thumbnailUrl":"https:\/\/static.africa-press.net\/cameroun\/sites\/57\/2023\/03\/postQueueImg_1677851835.48.jpg","keywords":["Africa Press","Africa Press-Cameroun","Cameroun"],"articleSection":["Communaut\u00e9","Toutes les actualit\u00e9s"],"inLanguage":"fr-FR","potentialAction":[{"@type":"CommentAction","name":"Comment","target":["https:\/\/www.africa-press.net\/cameroun\/toutes-les-actualites\/cameroun-zones-a-risques-atanga-nji-tire-la-sonnette-dalarme#respond"]}]},{"@type":"WebPage","@id":"https:\/\/www.africa-press.net\/cameroun\/toutes-les-actualites\/cameroun-zones-a-risques-atanga-nji-tire-la-sonnette-dalarme","url":"https:\/\/www.africa-press.net\/cameroun\/toutes-les-actualites\/cameroun-zones-a-risques-atanga-nji-tire-la-sonnette-dalarme","name":"Cameroun-zones \u00e0 risques : Atanga Nji tire la sonnette d\u2019alarme - Cameroun","isPartOf":{"@id":"https:\/\/www.africa-press.net\/cameroun\/#website"},"primaryImageOfPage":{"@id":"https:\/\/www.africa-press.net\/cameroun\/toutes-les-actualites\/cameroun-zones-a-risques-atanga-nji-tire-la-sonnette-dalarme#primaryimage"},"image":{"@id":"https:\/\/www.africa-press.net\/cameroun\/toutes-les-actualites\/cameroun-zones-a-risques-atanga-nji-tire-la-sonnette-dalarme#primaryimage"},"thumbnailUrl":"https:\/\/static.africa-press.net\/cameroun\/sites\/57\/2023\/03\/postQueueImg_1677851835.48.jpg","datePublished":"2023-03-03T17:27:13+00:00","dateModified":"2023-03-03T18:02:16+00:00","author":{"@id":"https:\/\/www.africa-press.net\/cameroun\/#\/schema\/person\/2b1cf3cd81a31e3cd26889ca66d677f1"},"description":"Le ministre de l\u2019Administration territoriale vient d\u2019effectuer une tourne\u0301e de sensibilisation sur les chantiers de c ...","breadcrumb":{"@id":"https:\/\/www.africa-press.net\/cameroun\/toutes-les-actualites\/cameroun-zones-a-risques-atanga-nji-tire-la-sonnette-dalarme#breadcrumb"},"inLanguage":"fr-FR","potentialAction":[{"@type":"ReadAction","target":["https:\/\/www.africa-press.net\/cameroun\/toutes-les-actualites\/cameroun-zones-a-risques-atanga-nji-tire-la-sonnette-dalarme"]}]},{"@type":"ImageObject","inLanguage":"fr-FR","@id":"https:\/\/www.africa-press.net\/cameroun\/toutes-les-actualites\/cameroun-zones-a-risques-atanga-nji-tire-la-sonnette-dalarme#primaryimage","url":"https:\/\/static.africa-press.net\/cameroun\/sites\/57\/2023\/03\/postQueueImg_1677851835.48.jpg","contentUrl":"https:\/\/static.africa-press.net\/cameroun\/sites\/57\/2023\/03\/postQueueImg_1677851835.48.jpg","width":960,"height":720,"caption":"Cameroun-zones \u00e0 risques : Atanga Nji tire la sonnette d\u2019alarme"},{"@type":"BreadcrumbList","@id":"https:\/\/www.africa-press.net\/cameroun\/toutes-les-actualites\/cameroun-zones-a-risques-atanga-nji-tire-la-sonnette-dalarme#breadcrumb","itemListElement":[{"@type":"ListItem","position":1,"name":"Accueil","item":"https:\/\/www.africa-press.net\/cameroun\/"},{"@type":"ListItem","position":2,"name":"Cameroun-zones \u00e0 risques : Atanga Nji tire la sonnette d\u2019alarme"}]},{"@type":"WebSite","@id":"https:\/\/www.africa-press.net\/cameroun\/#website","url":"https:\/\/www.africa-press.net\/cameroun\/","name":"Cameroun","description":"Just another Africa News Agency Sites site","potentialAction":[{"@type":"SearchAction","target":{"@type":"EntryPoint","urlTemplate":"https:\/\/www.africa-press.net\/cameroun\/?s={search_term_string}"},"query-input":{"@type":"PropertyValueSpecification","valueRequired":true,"valueName":"search_term_string"}}],"inLanguage":"fr-FR"},{"@type":"Person","@id":"https:\/\/www.africa-press.net\/cameroun\/#\/schema\/person\/2b1cf3cd81a31e3cd26889ca66d677f1","name":"cfeditorfr"}]}},"_links":{"self":[{"href":"https:\/\/www.africa-press.net\/cameroun\/wp-json\/wp\/v2\/posts\/38304","targetHints":{"allow":["GET"]}}],"collection":[{"href":"https:\/\/www.africa-press.net\/cameroun\/wp-json\/wp\/v2\/posts"}],"about":[{"href":"https:\/\/www.africa-press.net\/cameroun\/wp-json\/wp\/v2\/types\/post"}],"author":[{"embeddable":true,"href":"https:\/\/www.africa-press.net\/cameroun\/wp-json\/wp\/v2\/users\/82"}],"replies":[{"embeddable":true,"href":"https:\/\/www.africa-press.net\/cameroun\/wp-json\/wp\/v2\/comments?post=38304"}],"version-history":[{"count":0,"href":"https:\/\/www.africa-press.net\/cameroun\/wp-json\/wp\/v2\/posts\/38304\/revisions"}],"wp:featuredmedia":[{"embeddable":true,"href":"https:\/\/www.africa-press.net\/cameroun\/wp-json\/wp\/v2\/media\/38303"}],"wp:attachment":[{"href":"https:\/\/www.africa-press.net\/cameroun\/wp-json\/wp\/v2\/media?parent=38304"}],"wp:term":[{"taxonomy":"category","embeddable":true,"href":"https:\/\/www.africa-press.net\/cameroun\/wp-json\/wp\/v2\/categories?post=38304"},{"taxonomy":"post_tag","embeddable":true,"href":"https:\/\/www.africa-press.net\/cameroun\/wp-json\/wp\/v2\/tags?post=38304"}],"curies":[{"name":"wp","href":"https:\/\/api.w.org\/{rel}","templated":true}]}}