{"id":38306,"date":"2023-03-03T17:27:20","date_gmt":"2023-03-03T17:27:20","guid":{"rendered":"https:\/\/www.africa-press.net\/cameroun\/politique\/afrique-emmanuel-macron-promet-un-fonds-de-65-milliards-de-f-pour-preserver-la-foret"},"modified":"2023-03-03T18:03:00","modified_gmt":"2023-03-03T18:03:00","slug":"afrique-emmanuel-macron-promet-un-fonds-de-65-milliards-de-f-pour-preserver-la-foret","status":"publish","type":"post","link":"https:\/\/www.africa-press.net\/cameroun\/politique\/afrique-emmanuel-macron-promet-un-fonds-de-65-milliards-de-f-pour-preserver-la-foret","title":{"rendered":"Afrique\u00a0: Emmanuel Macron promet un fonds de 65 milliards de F pour pr\u00e9server la for\u00eat"},"content":{"rendered":"<p><span style=\"color: #ff6600\"><strong>Africa-Press &#8211; Cameroun. <\/strong><\/span>La promesse a e\u0301te\u0301 faite par Emmanuel Macron lors de la confe\u0301rence One Summit Forest, qui s\u2019est tenue a\u0300 Libreville au Gabon.<\/p>\n<p>100 millions d\u2019euros soit plus de 65 000 000 000 de FCFA. \u00ab Nous allons mettre 100 millions d\u2019euros additionnels pour les pays qui souhaitent acce\u0301le\u0301rer leur strate\u0301gie de protection des re\u0301serves vitales de carbone et de biodiversite\u0301 dans le cadre des partenariats \u00bb, a de\u0301clare\u0301 le pre\u0301sident franc\u0327ais Emmanuel Macron au sujet de partenariats de \u00ab conservation positive \u00bb.<\/p>\n<p>La Fondation Walton participera a\u0300 hauteur de 20 millions d\u2019euros, Conservation international pour 30 millions d\u2019euros et la France met sur la table 50 millions d\u2019euros, a de\u0301taille\u0301 le pre\u0301sident franc\u0327ais.<\/p>\n<p>Pre\u0301cise\u0301ment, ce fonds servira a\u0300 financer un me\u0301canisme de re\u0301mune\u0301ration des pays exemplaires dans la conservation des fore\u0302ts et la sauvegarde de leurs stocks vitaux de carbone et de biodiversite\u0301, via des \u00ab certificats biodiversite\u0301 \u00bb. Ces certificats pourront e\u0302tre e\u0301change\u0301s avec des E\u0301tats souverains ou avec le secteur prive\u0301 \u00ab au titre de contribution a\u0300 la protection de la nature \u00bb.<\/p>\n<p>Selon RFI, les chefs d\u2019entreprises, re\u0301unis dans un One Forest Business Forum, ont pour leur part lance\u0301 une initiative qui vise a\u0300 cre\u0301er dix millions d\u2019emplois dans les activite\u0301s lie\u0301es a\u0300 la gestion durable des fore\u0302ts d\u2019ici 2030. Le plan de Libreville est volontariste et met au c\u0153ur de toutes ces actions les populations locales qui vivent autour des fore\u0302ts.<\/p>\n<p><strong>Pour plus d&rsquo;informations et d&rsquo;analyses sur la <a href=\"https:\/\/www.africa-press.net\/cameroun\">Cameroun<\/a>, suivez <a href=\"https:\/\/www.africa-press.net\/\">Africa-Press<\/a><\/strong><\/p>\n","protected":false},"excerpt":{"rendered":"<p>Africa-Press &#8211; Cameroun. La promesse a e\u0301te\u0301 faite par Emmanuel Macron lors de la confe\u0301rence One Summit Forest, qui s\u2019est tenue a\u0300 Libreville au Gabon. 100 millions d\u2019euros soit plus de 65 000 000 000 de FCFA. \u00ab Nous allons mettre 100 millions d\u2019euros additionnels pour les pays qui souhaitent acce\u0301le\u0301rer leur strate\u0301gie de protection [&hellip;]<\/p>\n","protected":false},"author":82,"featured_media":38305,"comment_status":"open","ping_status":"closed","sticky":false,"template":"","format":"standard","meta":{"footnotes":""},"categories":[2,10],"tags":[36,50,49],"class_list":["post-38306","post","type-post","status-publish","format-standard","has-post-thumbnail","hentry","category-politique","category-toutes-les-actualites","tag-africa-press","tag-africa-press-cameroun","tag-cameroun"],"yoast_head":"<!-- This site is optimized with the Yoast SEO Premium plugin v26.1 (Yoast SEO v27.0) - https:\/\/yoast.com\/product\/yoast-seo-premium-wordpress\/ -->\n<title>Afrique\u00a0: Emmanuel Macron promet un fonds de 65 milliards de F pour pr\u00e9server la for\u00eat - Cameroun<\/title>\n<meta name=\"description\" content=\"La promesse a e\u0301te\u0301 faite par Emmanuel Macron lors de la confe\u0301rence One Summit Forest, qui s\u2019est tenue a\u0300 Libreville au ...\" \/>\n<meta name=\"robots\" content=\"index, follow, max-snippet:-1, max-image-preview:large, max-video-preview:-1\" \/>\n<link rel=\"canonical\" href=\"https:\/\/www.africa-press.net\/cameroun\/politique\/afrique-emmanuel-macron-promet-un-fonds-de-65-milliards-de-f-pour-preserver-la-foret\" \/>\n<meta property=\"og:locale\" content=\"fr_FR\" \/>\n<meta property=\"og:type\" content=\"article\" \/>\n<meta property=\"og:title\" content=\"Afrique\u00a0: Emmanuel Macron promet un fonds de 65 milliards de F pour pr\u00e9server la for\u00eat\" \/>\n<meta property=\"og:description\" content=\"La promesse a e\u0301te\u0301 faite par Emmanuel Macron lors de la confe\u0301rence One Summit Forest, qui s\u2019est tenue a\u0300 Libreville au ...\" \/>\n<meta property=\"og:url\" content=\"https:\/\/www.africa-press.net\/cameroun\/politique\/afrique-emmanuel-macron-promet-un-fonds-de-65-milliards-de-f-pour-preserver-la-foret\" \/>\n<meta property=\"og:site_name\" content=\"Cameroun\" \/>\n<meta property=\"article:published_time\" content=\"2023-03-03T17:27:20+00:00\" \/>\n<meta property=\"article:modified_time\" content=\"2023-03-03T18:03:00+00:00\" \/>\n<meta property=\"og:image\" content=\"https:\/\/static.africa-press.net\/cameroun\/sites\/57\/2023\/03\/postQueueImg_1677851848.81.jpg\" \/>\n\t<meta property=\"og:image:width\" content=\"1280\" \/>\n\t<meta property=\"og:image:height\" content=\"720\" \/>\n\t<meta property=\"og:image:type\" content=\"image\/jpeg\" \/>\n<meta name=\"author\" content=\"cfeditorfr\" \/>\n<meta name=\"twitter:card\" content=\"summary_large_image\" \/>\n<meta name=\"twitter:label1\" content=\"\u00c9crit par\" \/>\n\t<meta name=\"twitter:data1\" content=\"cfeditorfr\" \/>\n\t<meta name=\"twitter:label2\" content=\"Dur\u00e9e de lecture estim\u00e9e\" \/>\n\t<meta name=\"twitter:data2\" content=\"2 minutes\" \/>\n<script type=\"application\/ld+json\" class=\"yoast-schema-graph\">{\"@context\":\"https:\/\/schema.org\",\"@graph\":[{\"@type\":\"Article\",\"@id\":\"https:\/\/www.africa-press.net\/cameroun\/politique\/afrique-emmanuel-macron-promet-un-fonds-de-65-milliards-de-f-pour-preserver-la-foret#article\",\"isPartOf\":{\"@id\":\"https:\/\/www.africa-press.net\/cameroun\/politique\/afrique-emmanuel-macron-promet-un-fonds-de-65-milliards-de-f-pour-preserver-la-foret\"},\"author\":{\"name\":\"cfeditorfr\",\"@id\":\"https:\/\/www.africa-press.net\/cameroun\/#\/schema\/person\/2b1cf3cd81a31e3cd26889ca66d677f1\"},\"headline\":\"Afrique\u00a0: Emmanuel Macron promet un fonds de 65 milliards de F pour pr\u00e9server la for\u00eat\",\"datePublished\":\"2023-03-03T17:27:20+00:00\",\"dateModified\":\"2023-03-03T18:03:00+00:00\",\"mainEntityOfPage\":{\"@id\":\"https:\/\/www.africa-press.net\/cameroun\/politique\/afrique-emmanuel-macron-promet-un-fonds-de-65-milliards-de-f-pour-preserver-la-foret\"},\"wordCount\":286,\"commentCount\":0,\"image\":{\"@id\":\"https:\/\/www.africa-press.net\/cameroun\/politique\/afrique-emmanuel-macron-promet-un-fonds-de-65-milliards-de-f-pour-preserver-la-foret#primaryimage\"},\"thumbnailUrl\":\"https:\/\/static.africa-press.net\/cameroun\/sites\/57\/2023\/03\/postQueueImg_1677851848.81.jpg\",\"keywords\":[\"Africa Press\",\"Africa Press-Cameroun\",\"Cameroun\"],\"articleSection\":[\"Politique\",\"Toutes les actualit\u00e9s\"],\"inLanguage\":\"fr-FR\",\"potentialAction\":[{\"@type\":\"CommentAction\",\"name\":\"Comment\",\"target\":[\"https:\/\/www.africa-press.net\/cameroun\/politique\/afrique-emmanuel-macron-promet-un-fonds-de-65-milliards-de-f-pour-preserver-la-foret#respond\"]}]},{\"@type\":\"WebPage\",\"@id\":\"https:\/\/www.africa-press.net\/cameroun\/politique\/afrique-emmanuel-macron-promet-un-fonds-de-65-milliards-de-f-pour-preserver-la-foret\",\"url\":\"https:\/\/www.africa-press.net\/cameroun\/politique\/afrique-emmanuel-macron-promet-un-fonds-de-65-milliards-de-f-pour-preserver-la-foret\",\"name\":\"Afrique\u00a0: Emmanuel Macron promet un fonds de 65 milliards de F pour pr\u00e9server la for\u00eat - Cameroun\",\"isPartOf\":{\"@id\":\"https:\/\/www.africa-press.net\/cameroun\/#website\"},\"primaryImageOfPage\":{\"@id\":\"https:\/\/www.africa-press.net\/cameroun\/politique\/afrique-emmanuel-macron-promet-un-fonds-de-65-milliards-de-f-pour-preserver-la-foret#primaryimage\"},\"image\":{\"@id\":\"https:\/\/www.africa-press.net\/cameroun\/politique\/afrique-emmanuel-macron-promet-un-fonds-de-65-milliards-de-f-pour-preserver-la-foret#primaryimage\"},\"thumbnailUrl\":\"https:\/\/static.africa-press.net\/cameroun\/sites\/57\/2023\/03\/postQueueImg_1677851848.81.jpg\",\"datePublished\":\"2023-03-03T17:27:20+00:00\",\"dateModified\":\"2023-03-03T18:03:00+00:00\",\"author\":{\"@id\":\"https:\/\/www.africa-press.net\/cameroun\/#\/schema\/person\/2b1cf3cd81a31e3cd26889ca66d677f1\"},\"description\":\"La promesse a e\u0301te\u0301 faite par Emmanuel Macron lors de la confe\u0301rence One Summit Forest, qui s\u2019est tenue a\u0300 Libreville au ...\",\"breadcrumb\":{\"@id\":\"https:\/\/www.africa-press.net\/cameroun\/politique\/afrique-emmanuel-macron-promet-un-fonds-de-65-milliards-de-f-pour-preserver-la-foret#breadcrumb\"},\"inLanguage\":\"fr-FR\",\"potentialAction\":[{\"@type\":\"ReadAction\",\"target\":[\"https:\/\/www.africa-press.net\/cameroun\/politique\/afrique-emmanuel-macron-promet-un-fonds-de-65-milliards-de-f-pour-preserver-la-foret\"]}]},{\"@type\":\"ImageObject\",\"inLanguage\":\"fr-FR\",\"@id\":\"https:\/\/www.africa-press.net\/cameroun\/politique\/afrique-emmanuel-macron-promet-un-fonds-de-65-milliards-de-f-pour-preserver-la-foret#primaryimage\",\"url\":\"https:\/\/static.africa-press.net\/cameroun\/sites\/57\/2023\/03\/postQueueImg_1677851848.81.jpg\",\"contentUrl\":\"https:\/\/static.africa-press.net\/cameroun\/sites\/57\/2023\/03\/postQueueImg_1677851848.81.jpg\",\"width\":1280,\"height\":720,\"caption\":\"Afrique\u00a0: Emmanuel Macron promet un fonds de 65 milliards de F pour pr\u00e9server la for\u00eat\"},{\"@type\":\"BreadcrumbList\",\"@id\":\"https:\/\/www.africa-press.net\/cameroun\/politique\/afrique-emmanuel-macron-promet-un-fonds-de-65-milliards-de-f-pour-preserver-la-foret#breadcrumb\",\"itemListElement\":[{\"@type\":\"ListItem\",\"position\":1,\"name\":\"Accueil\",\"item\":\"https:\/\/www.africa-press.net\/cameroun\/\"},{\"@type\":\"ListItem\",\"position\":2,\"name\":\"Afrique\u00a0: Emmanuel Macron promet un fonds de 65 milliards de F pour pr\u00e9server la for\u00eat\"}]},{\"@type\":\"WebSite\",\"@id\":\"https:\/\/www.africa-press.net\/cameroun\/#website\",\"url\":\"https:\/\/www.africa-press.net\/cameroun\/\",\"name\":\"Cameroun\",\"description\":\"Just another Africa News Agency Sites site\",\"potentialAction\":[{\"@type\":\"SearchAction\",\"target\":{\"@type\":\"EntryPoint\",\"urlTemplate\":\"https:\/\/www.africa-press.net\/cameroun\/?s={search_term_string}\"},\"query-input\":{\"@type\":\"PropertyValueSpecification\",\"valueRequired\":true,\"valueName\":\"search_term_string\"}}],\"inLanguage\":\"fr-FR\"},{\"@type\":\"Person\",\"@id\":\"https:\/\/www.africa-press.net\/cameroun\/#\/schema\/person\/2b1cf3cd81a31e3cd26889ca66d677f1\",\"name\":\"cfeditorfr\"}]}<\/script>\n<!-- \/ Yoast SEO Premium plugin. -->","yoast_head_json":{"title":"Afrique\u00a0: Emmanuel Macron promet un fonds de 65 milliards de F pour pr\u00e9server la for\u00eat - Cameroun","description":"La promesse a e\u0301te\u0301 faite par Emmanuel Macron lors de la confe\u0301rence One Summit Forest, qui s\u2019est tenue a\u0300 Libreville au ...","robots":{"index":"index","follow":"follow","max-snippet":"max-snippet:-1","max-image-preview":"max-image-preview:large","max-video-preview":"max-video-preview:-1"},"canonical":"https:\/\/www.africa-press.net\/cameroun\/politique\/afrique-emmanuel-macron-promet-un-fonds-de-65-milliards-de-f-pour-preserver-la-foret","og_locale":"fr_FR","og_type":"article","og_title":"Afrique\u00a0: Emmanuel Macron promet un fonds de 65 milliards de F pour pr\u00e9server la for\u00eat","og_description":"La promesse a e\u0301te\u0301 faite par Emmanuel Macron lors de la confe\u0301rence One Summit Forest, qui s\u2019est tenue a\u0300 Libreville au ...","og_url":"https:\/\/www.africa-press.net\/cameroun\/politique\/afrique-emmanuel-macron-promet-un-fonds-de-65-milliards-de-f-pour-preserver-la-foret","og_site_name":"Cameroun","article_published_time":"2023-03-03T17:27:20+00:00","article_modified_time":"2023-03-03T18:03:00+00:00","og_image":[{"width":1280,"height":720,"url":"https:\/\/static.africa-press.net\/cameroun\/sites\/57\/2023\/03\/postQueueImg_1677851848.81.jpg","type":"image\/jpeg"}],"author":"cfeditorfr","twitter_card":"summary_large_image","twitter_misc":{"\u00c9crit par":"cfeditorfr","Dur\u00e9e de lecture estim\u00e9e":"2 minutes"},"schema":{"@context":"https:\/\/schema.org","@graph":[{"@type":"Article","@id":"https:\/\/www.africa-press.net\/cameroun\/politique\/afrique-emmanuel-macron-promet-un-fonds-de-65-milliards-de-f-pour-preserver-la-foret#article","isPartOf":{"@id":"https:\/\/www.africa-press.net\/cameroun\/politique\/afrique-emmanuel-macron-promet-un-fonds-de-65-milliards-de-f-pour-preserver-la-foret"},"author":{"name":"cfeditorfr","@id":"https:\/\/www.africa-press.net\/cameroun\/#\/schema\/person\/2b1cf3cd81a31e3cd26889ca66d677f1"},"headline":"Afrique\u00a0: Emmanuel Macron promet un fonds de 65 milliards de F pour pr\u00e9server la for\u00eat","datePublished":"2023-03-03T17:27:20+00:00","dateModified":"2023-03-03T18:03:00+00:00","mainEntityOfPage":{"@id":"https:\/\/www.africa-press.net\/cameroun\/politique\/afrique-emmanuel-macron-promet-un-fonds-de-65-milliards-de-f-pour-preserver-la-foret"},"wordCount":286,"commentCount":0,"image":{"@id":"https:\/\/www.africa-press.net\/cameroun\/politique\/afrique-emmanuel-macron-promet-un-fonds-de-65-milliards-de-f-pour-preserver-la-foret#primaryimage"},"thumbnailUrl":"https:\/\/static.africa-press.net\/cameroun\/sites\/57\/2023\/03\/postQueueImg_1677851848.81.jpg","keywords":["Africa Press","Africa Press-Cameroun","Cameroun"],"articleSection":["Politique","Toutes les actualit\u00e9s"],"inLanguage":"fr-FR","potentialAction":[{"@type":"CommentAction","name":"Comment","target":["https:\/\/www.africa-press.net\/cameroun\/politique\/afrique-emmanuel-macron-promet-un-fonds-de-65-milliards-de-f-pour-preserver-la-foret#respond"]}]},{"@type":"WebPage","@id":"https:\/\/www.africa-press.net\/cameroun\/politique\/afrique-emmanuel-macron-promet-un-fonds-de-65-milliards-de-f-pour-preserver-la-foret","url":"https:\/\/www.africa-press.net\/cameroun\/politique\/afrique-emmanuel-macron-promet-un-fonds-de-65-milliards-de-f-pour-preserver-la-foret","name":"Afrique\u00a0: Emmanuel Macron promet un fonds de 65 milliards de F pour pr\u00e9server la for\u00eat - Cameroun","isPartOf":{"@id":"https:\/\/www.africa-press.net\/cameroun\/#website"},"primaryImageOfPage":{"@id":"https:\/\/www.africa-press.net\/cameroun\/politique\/afrique-emmanuel-macron-promet-un-fonds-de-65-milliards-de-f-pour-preserver-la-foret#primaryimage"},"image":{"@id":"https:\/\/www.africa-press.net\/cameroun\/politique\/afrique-emmanuel-macron-promet-un-fonds-de-65-milliards-de-f-pour-preserver-la-foret#primaryimage"},"thumbnailUrl":"https:\/\/static.africa-press.net\/cameroun\/sites\/57\/2023\/03\/postQueueImg_1677851848.81.jpg","datePublished":"2023-03-03T17:27:20+00:00","dateModified":"2023-03-03T18:03:00+00:00","author":{"@id":"https:\/\/www.africa-press.net\/cameroun\/#\/schema\/person\/2b1cf3cd81a31e3cd26889ca66d677f1"},"description":"La promesse a e\u0301te\u0301 faite par Emmanuel Macron lors de la confe\u0301rence One Summit Forest, qui s\u2019est tenue a\u0300 Libreville au ...","breadcrumb":{"@id":"https:\/\/www.africa-press.net\/cameroun\/politique\/afrique-emmanuel-macron-promet-un-fonds-de-65-milliards-de-f-pour-preserver-la-foret#breadcrumb"},"inLanguage":"fr-FR","potentialAction":[{"@type":"ReadAction","target":["https:\/\/www.africa-press.net\/cameroun\/politique\/afrique-emmanuel-macron-promet-un-fonds-de-65-milliards-de-f-pour-preserver-la-foret"]}]},{"@type":"ImageObject","inLanguage":"fr-FR","@id":"https:\/\/www.africa-press.net\/cameroun\/politique\/afrique-emmanuel-macron-promet-un-fonds-de-65-milliards-de-f-pour-preserver-la-foret#primaryimage","url":"https:\/\/static.africa-press.net\/cameroun\/sites\/57\/2023\/03\/postQueueImg_1677851848.81.jpg","contentUrl":"https:\/\/static.africa-press.net\/cameroun\/sites\/57\/2023\/03\/postQueueImg_1677851848.81.jpg","width":1280,"height":720,"caption":"Afrique\u00a0: Emmanuel Macron promet un fonds de 65 milliards de F pour pr\u00e9server la for\u00eat"},{"@type":"BreadcrumbList","@id":"https:\/\/www.africa-press.net\/cameroun\/politique\/afrique-emmanuel-macron-promet-un-fonds-de-65-milliards-de-f-pour-preserver-la-foret#breadcrumb","itemListElement":[{"@type":"ListItem","position":1,"name":"Accueil","item":"https:\/\/www.africa-press.net\/cameroun\/"},{"@type":"ListItem","position":2,"name":"Afrique\u00a0: Emmanuel Macron promet un fonds de 65 milliards de F pour pr\u00e9server la for\u00eat"}]},{"@type":"WebSite","@id":"https:\/\/www.africa-press.net\/cameroun\/#website","url":"https:\/\/www.africa-press.net\/cameroun\/","name":"Cameroun","description":"Just another Africa News Agency Sites site","potentialAction":[{"@type":"SearchAction","target":{"@type":"EntryPoint","urlTemplate":"https:\/\/www.africa-press.net\/cameroun\/?s={search_term_string}"},"query-input":{"@type":"PropertyValueSpecification","valueRequired":true,"valueName":"search_term_string"}}],"inLanguage":"fr-FR"},{"@type":"Person","@id":"https:\/\/www.africa-press.net\/cameroun\/#\/schema\/person\/2b1cf3cd81a31e3cd26889ca66d677f1","name":"cfeditorfr"}]}},"_links":{"self":[{"href":"https:\/\/www.africa-press.net\/cameroun\/wp-json\/wp\/v2\/posts\/38306","targetHints":{"allow":["GET"]}}],"collection":[{"href":"https:\/\/www.africa-press.net\/cameroun\/wp-json\/wp\/v2\/posts"}],"about":[{"href":"https:\/\/www.africa-press.net\/cameroun\/wp-json\/wp\/v2\/types\/post"}],"author":[{"embeddable":true,"href":"https:\/\/www.africa-press.net\/cameroun\/wp-json\/wp\/v2\/users\/82"}],"replies":[{"embeddable":true,"href":"https:\/\/www.africa-press.net\/cameroun\/wp-json\/wp\/v2\/comments?post=38306"}],"version-history":[{"count":0,"href":"https:\/\/www.africa-press.net\/cameroun\/wp-json\/wp\/v2\/posts\/38306\/revisions"}],"wp:featuredmedia":[{"embeddable":true,"href":"https:\/\/www.africa-press.net\/cameroun\/wp-json\/wp\/v2\/media\/38305"}],"wp:attachment":[{"href":"https:\/\/www.africa-press.net\/cameroun\/wp-json\/wp\/v2\/media?parent=38306"}],"wp:term":[{"taxonomy":"category","embeddable":true,"href":"https:\/\/www.africa-press.net\/cameroun\/wp-json\/wp\/v2\/categories?post=38306"},{"taxonomy":"post_tag","embeddable":true,"href":"https:\/\/www.africa-press.net\/cameroun\/wp-json\/wp\/v2\/tags?post=38306"}],"curies":[{"name":"wp","href":"https:\/\/api.w.org\/{rel}","templated":true}]}}