{"id":38314,"date":"2023-03-03T17:28:11","date_gmt":"2023-03-03T17:28:11","guid":{"rendered":"https:\/\/www.africa-press.net\/cameroun\/politique\/bvmac-le-gouverneur-de-la-beac-confirme-lintroduction-imminente-en-bourse-de-la-commercial-bank-cameroun"},"modified":"2023-03-03T18:12:25","modified_gmt":"2023-03-03T18:12:25","slug":"bvmac-le-gouverneur-de-la-beac-confirme-lintroduction-imminente-en-bourse-de-la-commercial-bank-cameroun","status":"publish","type":"post","link":"https:\/\/www.africa-press.net\/cameroun\/economie\/bvmac-le-gouverneur-de-la-beac-confirme-lintroduction-imminente-en-bourse-de-la-commercial-bank-cameroun","title":{"rendered":"Bvmac\u00a0: le gouverneur de la Beac confirme l\u2019introduction imminente en bourse de la Commercial Bank Cameroun"},"content":{"rendered":"<p><span style=\"color: #ff6600\"><strong>Africa-Press &#8211; Cameroun. <\/strong><\/span>Investir au Cameroun) &#8211; S\u2019exprimant en confe\u0301rence de presse le 2 mars 2023 a\u0300 Douala, la capitale e\u0301conomique camerounaise, au sortir d\u2019une se\u0301ance de travail avec les actionnaires de la Bourse des valeurs mobilie\u0300res de l\u2019Afrique centrale (Bvmac), Abbas Mahamat Tolli, le gouverneur de la Beac, a annonce\u0301 l\u2019introduction prochaine en bourse de la Commercial Bank Cameroun (CBC). \u00ab Toutes les autorisations ont de\u0301ja\u0300 e\u0301te\u0301 obtenues \u00bb pour de\u0301clencher le processus, confie pour sa part Louis Banga Ntolo, le directeur ge\u0301ne\u0301ral de la Bvmac, qui pre\u0301cise cependant que le dossier n\u2019est pas encore sur la table des responsables du marche\u0301 financier unifie\u0301 de l\u2019Afrique centrale.<\/p>\n<p>L\u2019on se souvient que de\u0301but mars 2022, Louis Paul Motaze, le ministre des Finances, a lance\u0301 un avis a\u0300 manifestation d\u2019inte\u0301re\u0302t pour le recrutement du conseil de l\u2019E\u0301tat du Cameroun, dans le processus de finalisation de la restructuration de la CBC. Le cabinet recherche\u0301 avait notamment pour missions d\u2019e\u0301laborer le calendrier global de l\u2019ope\u0301ration devant aboutir au retrait partiel de l\u2019E\u0301tat du capital de cette banque, ou encore d\u2019aider au recrutement de l\u2019entreprise devant se charger de l\u2019introduction en bourse de la CBC.<\/p>\n<p>Cette prestation devait e\u0302tre exe\u0301cute\u0301e en 12 mois, selon le de\u0301lai prescrit par l\u2019avis a\u0300 manifestation d\u2019inte\u0301re\u0302t. Ce qui signifie qu\u2019en principe, au 2e trimestre 2023, cette prestation devrait e\u0302tre boucle\u0301e, afin d\u2019ouvrir la porte au processus proprement dit d\u2019introduction de la CBC en bourse. Il est question de mettre en vente a\u0300 la Bvmac 30% des actions de\u0301tenues par l\u2019E\u0301tat du Cameroun dans le tour de table de cette ancienne banque prive\u0301e, contro\u0302le\u0301e par le de\u0301funt milliardaire Victor Fotso jusqu\u2019a\u0300 l\u2019arrive\u0301e de l\u2019E\u0301tat.<\/p>\n<p><b>Partenaire strate\u0301gique<\/b><\/p>\n<p>Sauve\u0301e de la faillite, apre\u0300s une longue pe\u0301riode d\u2019administration provisoire impose\u0301e par le re\u0301gulateur du secteur bancaire (Cobac), a\u0300 la suite de la de\u0301couverte de difficulte\u0301s lie\u0301es au respect des ratios prudentiels et la pre\u0301servation des fonds propres, la CBC a du\u0302 e\u0302tre recapitalise\u0301e par l\u2019E\u0301tat. Pour ce faire, le Tre\u0301sor public y a injecte\u0301 12 milliards de FCFA en 2013, permettant ainsi a\u0300 l\u2019E\u0301tat de contro\u0302ler 98% du capital.<\/p>\n<p>Au terme de l\u2019assainissement de son bilan, la CBC pre\u0301sente au 31 de\u0301cembre 2020 un produit net bancaire de 24,22 milliards de FCFA, contre 12,33 milliards de FCFA trois ans plus to\u0302t. Les provisions a\u0300 la me\u0302me date avoisinent 6,62 milliards de FCFA et le be\u0301ne\u0301fice s\u2019e\u0301tablit a\u0300 3,60 milliards, soit une hausse de 44%, compare\u0301 aux 2,5 milliards de FCFA re\u0301alise\u0301s en 2019.<\/p>\n<p>Fort de ces re\u0301sultats encourageants, qui se poursuivent jusqu\u2019a\u0300 nos jours, apprend-on de bonnes sources, et conforme\u0301ment aux dispositions de son plan de restructuration et des exigences du FMI, l\u2019E\u0301tat souhaite se de\u0301sengager partiellement de la CBC. Ceci, selon le sche\u0301ma ci-apre\u0300s : cession de 51% du capital de la banque a\u0300 un partenaire strate\u0301gique a\u0300 se\u0301lectionner par appel a\u0300 concurrence ; ouverture de 30% de la CBC aux investisseurs de la Bvmac ; conservation du reliquat de 17% des actions de l\u2019E\u0301tat dans le capital social de la CBC.<\/p>\n<p><b>Brice R. Mbodiam<\/b><\/p>\n<p><strong>Pour plus d&rsquo;informations et d&rsquo;analyses sur la <a href=\"https:\/\/www.africa-press.net\/cameroun\">Cameroun<\/a>, suivez <a href=\"https:\/\/www.africa-press.net\/\">Africa-Press<\/a><\/strong><\/p>\n","protected":false},"excerpt":{"rendered":"<p>Africa-Press &#8211; Cameroun. Investir au Cameroun) &#8211; S\u2019exprimant en confe\u0301rence de presse le 2 mars 2023 a\u0300 Douala, la capitale e\u0301conomique camerounaise, au sortir d\u2019une se\u0301ance de travail avec les actionnaires de la Bourse des valeurs mobilie\u0300res de l\u2019Afrique centrale (Bvmac), Abbas Mahamat Tolli, le gouverneur de la Beac, a annonce\u0301 l\u2019introduction prochaine en bourse [&hellip;]<\/p>\n","protected":false},"author":82,"featured_media":38313,"comment_status":"open","ping_status":"closed","sticky":false,"template":"","format":"standard","meta":{"footnotes":""},"categories":[3,10],"tags":[36,50,49],"class_list":["post-38314","post","type-post","status-publish","format-standard","has-post-thumbnail","hentry","category-economie","category-toutes-les-actualites","tag-africa-press","tag-africa-press-cameroun","tag-cameroun"],"yoast_head":"<!-- This site is optimized with the Yoast SEO Premium plugin v26.1 (Yoast SEO v27.0) - https:\/\/yoast.com\/product\/yoast-seo-premium-wordpress\/ -->\n<title>Bvmac\u00a0: le gouverneur de la Beac confirme l\u2019introduction imminente en bourse de la Commercial Bank Cameroun - Cameroun<\/title>\n<meta name=\"description\" content=\"Investir au Cameroun) - S\u2019exprimant en confe\u0301rence de presse le 2 mars 2023 a\u0300 Douala, la capitale e\u0301conomique camerouna ...\" \/>\n<meta name=\"robots\" content=\"index, follow, max-snippet:-1, max-image-preview:large, max-video-preview:-1\" \/>\n<link rel=\"canonical\" href=\"https:\/\/www.africa-press.net\/cameroun\/economie\/bvmac-le-gouverneur-de-la-beac-confirme-lintroduction-imminente-en-bourse-de-la-commercial-bank-cameroun\" \/>\n<meta property=\"og:locale\" content=\"fr_FR\" \/>\n<meta property=\"og:type\" content=\"article\" \/>\n<meta property=\"og:title\" content=\"Bvmac\u00a0: le gouverneur de la Beac confirme l\u2019introduction imminente en bourse de la Commercial Bank Cameroun\" \/>\n<meta property=\"og:description\" content=\"Investir au Cameroun) - S\u2019exprimant en confe\u0301rence de presse le 2 mars 2023 a\u0300 Douala, la capitale e\u0301conomique camerouna ...\" \/>\n<meta property=\"og:url\" content=\"https:\/\/www.africa-press.net\/cameroun\/economie\/bvmac-le-gouverneur-de-la-beac-confirme-lintroduction-imminente-en-bourse-de-la-commercial-bank-cameroun\" \/>\n<meta property=\"og:site_name\" content=\"Cameroun\" \/>\n<meta property=\"article:published_time\" content=\"2023-03-03T17:28:11+00:00\" \/>\n<meta property=\"article:modified_time\" content=\"2023-03-03T18:12:25+00:00\" \/>\n<meta property=\"og:image\" content=\"https:\/\/static.africa-press.net\/cameroun\/sites\/57\/2023\/03\/postQueueImg_1677851895.59.jpg\" \/>\n\t<meta property=\"og:image:width\" content=\"720\" \/>\n\t<meta property=\"og:image:height\" content=\"480\" \/>\n\t<meta property=\"og:image:type\" content=\"image\/jpeg\" \/>\n<meta name=\"author\" content=\"cfeditorfr\" \/>\n<meta name=\"twitter:card\" content=\"summary_large_image\" \/>\n<meta name=\"twitter:label1\" content=\"\u00c9crit par\" \/>\n\t<meta name=\"twitter:data1\" content=\"cfeditorfr\" \/>\n\t<meta name=\"twitter:label2\" content=\"Dur\u00e9e de lecture estim\u00e9e\" \/>\n\t<meta name=\"twitter:data2\" content=\"3 minutes\" \/>\n<script type=\"application\/ld+json\" class=\"yoast-schema-graph\">{\"@context\":\"https:\/\/schema.org\",\"@graph\":[{\"@type\":\"Article\",\"@id\":\"https:\/\/www.africa-press.net\/cameroun\/economie\/bvmac-le-gouverneur-de-la-beac-confirme-lintroduction-imminente-en-bourse-de-la-commercial-bank-cameroun#article\",\"isPartOf\":{\"@id\":\"https:\/\/www.africa-press.net\/cameroun\/economie\/bvmac-le-gouverneur-de-la-beac-confirme-lintroduction-imminente-en-bourse-de-la-commercial-bank-cameroun\"},\"author\":{\"name\":\"cfeditorfr\",\"@id\":\"https:\/\/www.africa-press.net\/cameroun\/#\/schema\/person\/2b1cf3cd81a31e3cd26889ca66d677f1\"},\"headline\":\"Bvmac\u00a0: le gouverneur de la Beac confirme l\u2019introduction imminente en bourse de la Commercial Bank Cameroun\",\"datePublished\":\"2023-03-03T17:28:11+00:00\",\"dateModified\":\"2023-03-03T18:12:25+00:00\",\"mainEntityOfPage\":{\"@id\":\"https:\/\/www.africa-press.net\/cameroun\/economie\/bvmac-le-gouverneur-de-la-beac-confirme-lintroduction-imminente-en-bourse-de-la-commercial-bank-cameroun\"},\"wordCount\":606,\"commentCount\":0,\"image\":{\"@id\":\"https:\/\/www.africa-press.net\/cameroun\/economie\/bvmac-le-gouverneur-de-la-beac-confirme-lintroduction-imminente-en-bourse-de-la-commercial-bank-cameroun#primaryimage\"},\"thumbnailUrl\":\"https:\/\/static.africa-press.net\/cameroun\/sites\/57\/2023\/03\/postQueueImg_1677851895.59.jpg\",\"keywords\":[\"Africa Press\",\"Africa Press-Cameroun\",\"Cameroun\"],\"articleSection\":[\"\u00c9conomie\",\"Toutes les actualit\u00e9s\"],\"inLanguage\":\"fr-FR\",\"potentialAction\":[{\"@type\":\"CommentAction\",\"name\":\"Comment\",\"target\":[\"https:\/\/www.africa-press.net\/cameroun\/economie\/bvmac-le-gouverneur-de-la-beac-confirme-lintroduction-imminente-en-bourse-de-la-commercial-bank-cameroun#respond\"]}]},{\"@type\":\"WebPage\",\"@id\":\"https:\/\/www.africa-press.net\/cameroun\/economie\/bvmac-le-gouverneur-de-la-beac-confirme-lintroduction-imminente-en-bourse-de-la-commercial-bank-cameroun\",\"url\":\"https:\/\/www.africa-press.net\/cameroun\/economie\/bvmac-le-gouverneur-de-la-beac-confirme-lintroduction-imminente-en-bourse-de-la-commercial-bank-cameroun\",\"name\":\"Bvmac\u00a0: le gouverneur de la Beac confirme l\u2019introduction imminente en bourse de la Commercial Bank Cameroun - Cameroun\",\"isPartOf\":{\"@id\":\"https:\/\/www.africa-press.net\/cameroun\/#website\"},\"primaryImageOfPage\":{\"@id\":\"https:\/\/www.africa-press.net\/cameroun\/economie\/bvmac-le-gouverneur-de-la-beac-confirme-lintroduction-imminente-en-bourse-de-la-commercial-bank-cameroun#primaryimage\"},\"image\":{\"@id\":\"https:\/\/www.africa-press.net\/cameroun\/economie\/bvmac-le-gouverneur-de-la-beac-confirme-lintroduction-imminente-en-bourse-de-la-commercial-bank-cameroun#primaryimage\"},\"thumbnailUrl\":\"https:\/\/static.africa-press.net\/cameroun\/sites\/57\/2023\/03\/postQueueImg_1677851895.59.jpg\",\"datePublished\":\"2023-03-03T17:28:11+00:00\",\"dateModified\":\"2023-03-03T18:12:25+00:00\",\"author\":{\"@id\":\"https:\/\/www.africa-press.net\/cameroun\/#\/schema\/person\/2b1cf3cd81a31e3cd26889ca66d677f1\"},\"description\":\"Investir au Cameroun) - S\u2019exprimant en confe\u0301rence de presse le 2 mars 2023 a\u0300 Douala, la capitale e\u0301conomique camerouna ...\",\"breadcrumb\":{\"@id\":\"https:\/\/www.africa-press.net\/cameroun\/economie\/bvmac-le-gouverneur-de-la-beac-confirme-lintroduction-imminente-en-bourse-de-la-commercial-bank-cameroun#breadcrumb\"},\"inLanguage\":\"fr-FR\",\"potentialAction\":[{\"@type\":\"ReadAction\",\"target\":[\"https:\/\/www.africa-press.net\/cameroun\/economie\/bvmac-le-gouverneur-de-la-beac-confirme-lintroduction-imminente-en-bourse-de-la-commercial-bank-cameroun\"]}]},{\"@type\":\"ImageObject\",\"inLanguage\":\"fr-FR\",\"@id\":\"https:\/\/www.africa-press.net\/cameroun\/economie\/bvmac-le-gouverneur-de-la-beac-confirme-lintroduction-imminente-en-bourse-de-la-commercial-bank-cameroun#primaryimage\",\"url\":\"https:\/\/static.africa-press.net\/cameroun\/sites\/57\/2023\/03\/postQueueImg_1677851895.59.jpg\",\"contentUrl\":\"https:\/\/static.africa-press.net\/cameroun\/sites\/57\/2023\/03\/postQueueImg_1677851895.59.jpg\",\"width\":720,\"height\":480,\"caption\":\"Bvmac\u00a0: le gouverneur de la Beac confirme l\u2019introduction imminente en bourse de la Commercial Bank Cameroun\"},{\"@type\":\"BreadcrumbList\",\"@id\":\"https:\/\/www.africa-press.net\/cameroun\/economie\/bvmac-le-gouverneur-de-la-beac-confirme-lintroduction-imminente-en-bourse-de-la-commercial-bank-cameroun#breadcrumb\",\"itemListElement\":[{\"@type\":\"ListItem\",\"position\":1,\"name\":\"Accueil\",\"item\":\"https:\/\/www.africa-press.net\/cameroun\/\"},{\"@type\":\"ListItem\",\"position\":2,\"name\":\"Bvmac\u00a0: le gouverneur de la Beac confirme l\u2019introduction imminente en bourse de la Commercial Bank Cameroun\"}]},{\"@type\":\"WebSite\",\"@id\":\"https:\/\/www.africa-press.net\/cameroun\/#website\",\"url\":\"https:\/\/www.africa-press.net\/cameroun\/\",\"name\":\"Cameroun\",\"description\":\"Just another Africa News Agency Sites site\",\"potentialAction\":[{\"@type\":\"SearchAction\",\"target\":{\"@type\":\"EntryPoint\",\"urlTemplate\":\"https:\/\/www.africa-press.net\/cameroun\/?s={search_term_string}\"},\"query-input\":{\"@type\":\"PropertyValueSpecification\",\"valueRequired\":true,\"valueName\":\"search_term_string\"}}],\"inLanguage\":\"fr-FR\"},{\"@type\":\"Person\",\"@id\":\"https:\/\/www.africa-press.net\/cameroun\/#\/schema\/person\/2b1cf3cd81a31e3cd26889ca66d677f1\",\"name\":\"cfeditorfr\"}]}<\/script>\n<!-- \/ Yoast SEO Premium plugin. -->","yoast_head_json":{"title":"Bvmac\u00a0: le gouverneur de la Beac confirme l\u2019introduction imminente en bourse de la Commercial Bank Cameroun - Cameroun","description":"Investir au Cameroun) - S\u2019exprimant en confe\u0301rence de presse le 2 mars 2023 a\u0300 Douala, la capitale e\u0301conomique camerouna ...","robots":{"index":"index","follow":"follow","max-snippet":"max-snippet:-1","max-image-preview":"max-image-preview:large","max-video-preview":"max-video-preview:-1"},"canonical":"https:\/\/www.africa-press.net\/cameroun\/economie\/bvmac-le-gouverneur-de-la-beac-confirme-lintroduction-imminente-en-bourse-de-la-commercial-bank-cameroun","og_locale":"fr_FR","og_type":"article","og_title":"Bvmac\u00a0: le gouverneur de la Beac confirme l\u2019introduction imminente en bourse de la Commercial Bank Cameroun","og_description":"Investir au Cameroun) - S\u2019exprimant en confe\u0301rence de presse le 2 mars 2023 a\u0300 Douala, la capitale e\u0301conomique camerouna ...","og_url":"https:\/\/www.africa-press.net\/cameroun\/economie\/bvmac-le-gouverneur-de-la-beac-confirme-lintroduction-imminente-en-bourse-de-la-commercial-bank-cameroun","og_site_name":"Cameroun","article_published_time":"2023-03-03T17:28:11+00:00","article_modified_time":"2023-03-03T18:12:25+00:00","og_image":[{"width":720,"height":480,"url":"https:\/\/static.africa-press.net\/cameroun\/sites\/57\/2023\/03\/postQueueImg_1677851895.59.jpg","type":"image\/jpeg"}],"author":"cfeditorfr","twitter_card":"summary_large_image","twitter_misc":{"\u00c9crit par":"cfeditorfr","Dur\u00e9e de lecture estim\u00e9e":"3 minutes"},"schema":{"@context":"https:\/\/schema.org","@graph":[{"@type":"Article","@id":"https:\/\/www.africa-press.net\/cameroun\/economie\/bvmac-le-gouverneur-de-la-beac-confirme-lintroduction-imminente-en-bourse-de-la-commercial-bank-cameroun#article","isPartOf":{"@id":"https:\/\/www.africa-press.net\/cameroun\/economie\/bvmac-le-gouverneur-de-la-beac-confirme-lintroduction-imminente-en-bourse-de-la-commercial-bank-cameroun"},"author":{"name":"cfeditorfr","@id":"https:\/\/www.africa-press.net\/cameroun\/#\/schema\/person\/2b1cf3cd81a31e3cd26889ca66d677f1"},"headline":"Bvmac\u00a0: le gouverneur de la Beac confirme l\u2019introduction imminente en bourse de la Commercial Bank Cameroun","datePublished":"2023-03-03T17:28:11+00:00","dateModified":"2023-03-03T18:12:25+00:00","mainEntityOfPage":{"@id":"https:\/\/www.africa-press.net\/cameroun\/economie\/bvmac-le-gouverneur-de-la-beac-confirme-lintroduction-imminente-en-bourse-de-la-commercial-bank-cameroun"},"wordCount":606,"commentCount":0,"image":{"@id":"https:\/\/www.africa-press.net\/cameroun\/economie\/bvmac-le-gouverneur-de-la-beac-confirme-lintroduction-imminente-en-bourse-de-la-commercial-bank-cameroun#primaryimage"},"thumbnailUrl":"https:\/\/static.africa-press.net\/cameroun\/sites\/57\/2023\/03\/postQueueImg_1677851895.59.jpg","keywords":["Africa Press","Africa Press-Cameroun","Cameroun"],"articleSection":["\u00c9conomie","Toutes les actualit\u00e9s"],"inLanguage":"fr-FR","potentialAction":[{"@type":"CommentAction","name":"Comment","target":["https:\/\/www.africa-press.net\/cameroun\/economie\/bvmac-le-gouverneur-de-la-beac-confirme-lintroduction-imminente-en-bourse-de-la-commercial-bank-cameroun#respond"]}]},{"@type":"WebPage","@id":"https:\/\/www.africa-press.net\/cameroun\/economie\/bvmac-le-gouverneur-de-la-beac-confirme-lintroduction-imminente-en-bourse-de-la-commercial-bank-cameroun","url":"https:\/\/www.africa-press.net\/cameroun\/economie\/bvmac-le-gouverneur-de-la-beac-confirme-lintroduction-imminente-en-bourse-de-la-commercial-bank-cameroun","name":"Bvmac\u00a0: le gouverneur de la Beac confirme l\u2019introduction imminente en bourse de la Commercial Bank Cameroun - Cameroun","isPartOf":{"@id":"https:\/\/www.africa-press.net\/cameroun\/#website"},"primaryImageOfPage":{"@id":"https:\/\/www.africa-press.net\/cameroun\/economie\/bvmac-le-gouverneur-de-la-beac-confirme-lintroduction-imminente-en-bourse-de-la-commercial-bank-cameroun#primaryimage"},"image":{"@id":"https:\/\/www.africa-press.net\/cameroun\/economie\/bvmac-le-gouverneur-de-la-beac-confirme-lintroduction-imminente-en-bourse-de-la-commercial-bank-cameroun#primaryimage"},"thumbnailUrl":"https:\/\/static.africa-press.net\/cameroun\/sites\/57\/2023\/03\/postQueueImg_1677851895.59.jpg","datePublished":"2023-03-03T17:28:11+00:00","dateModified":"2023-03-03T18:12:25+00:00","author":{"@id":"https:\/\/www.africa-press.net\/cameroun\/#\/schema\/person\/2b1cf3cd81a31e3cd26889ca66d677f1"},"description":"Investir au Cameroun) - S\u2019exprimant en confe\u0301rence de presse le 2 mars 2023 a\u0300 Douala, la capitale e\u0301conomique camerouna ...","breadcrumb":{"@id":"https:\/\/www.africa-press.net\/cameroun\/economie\/bvmac-le-gouverneur-de-la-beac-confirme-lintroduction-imminente-en-bourse-de-la-commercial-bank-cameroun#breadcrumb"},"inLanguage":"fr-FR","potentialAction":[{"@type":"ReadAction","target":["https:\/\/www.africa-press.net\/cameroun\/economie\/bvmac-le-gouverneur-de-la-beac-confirme-lintroduction-imminente-en-bourse-de-la-commercial-bank-cameroun"]}]},{"@type":"ImageObject","inLanguage":"fr-FR","@id":"https:\/\/www.africa-press.net\/cameroun\/economie\/bvmac-le-gouverneur-de-la-beac-confirme-lintroduction-imminente-en-bourse-de-la-commercial-bank-cameroun#primaryimage","url":"https:\/\/static.africa-press.net\/cameroun\/sites\/57\/2023\/03\/postQueueImg_1677851895.59.jpg","contentUrl":"https:\/\/static.africa-press.net\/cameroun\/sites\/57\/2023\/03\/postQueueImg_1677851895.59.jpg","width":720,"height":480,"caption":"Bvmac\u00a0: le gouverneur de la Beac confirme l\u2019introduction imminente en bourse de la Commercial Bank Cameroun"},{"@type":"BreadcrumbList","@id":"https:\/\/www.africa-press.net\/cameroun\/economie\/bvmac-le-gouverneur-de-la-beac-confirme-lintroduction-imminente-en-bourse-de-la-commercial-bank-cameroun#breadcrumb","itemListElement":[{"@type":"ListItem","position":1,"name":"Accueil","item":"https:\/\/www.africa-press.net\/cameroun\/"},{"@type":"ListItem","position":2,"name":"Bvmac\u00a0: le gouverneur de la Beac confirme l\u2019introduction imminente en bourse de la Commercial Bank Cameroun"}]},{"@type":"WebSite","@id":"https:\/\/www.africa-press.net\/cameroun\/#website","url":"https:\/\/www.africa-press.net\/cameroun\/","name":"Cameroun","description":"Just another Africa News Agency Sites site","potentialAction":[{"@type":"SearchAction","target":{"@type":"EntryPoint","urlTemplate":"https:\/\/www.africa-press.net\/cameroun\/?s={search_term_string}"},"query-input":{"@type":"PropertyValueSpecification","valueRequired":true,"valueName":"search_term_string"}}],"inLanguage":"fr-FR"},{"@type":"Person","@id":"https:\/\/www.africa-press.net\/cameroun\/#\/schema\/person\/2b1cf3cd81a31e3cd26889ca66d677f1","name":"cfeditorfr"}]}},"_links":{"self":[{"href":"https:\/\/www.africa-press.net\/cameroun\/wp-json\/wp\/v2\/posts\/38314","targetHints":{"allow":["GET"]}}],"collection":[{"href":"https:\/\/www.africa-press.net\/cameroun\/wp-json\/wp\/v2\/posts"}],"about":[{"href":"https:\/\/www.africa-press.net\/cameroun\/wp-json\/wp\/v2\/types\/post"}],"author":[{"embeddable":true,"href":"https:\/\/www.africa-press.net\/cameroun\/wp-json\/wp\/v2\/users\/82"}],"replies":[{"embeddable":true,"href":"https:\/\/www.africa-press.net\/cameroun\/wp-json\/wp\/v2\/comments?post=38314"}],"version-history":[{"count":0,"href":"https:\/\/www.africa-press.net\/cameroun\/wp-json\/wp\/v2\/posts\/38314\/revisions"}],"wp:featuredmedia":[{"embeddable":true,"href":"https:\/\/www.africa-press.net\/cameroun\/wp-json\/wp\/v2\/media\/38313"}],"wp:attachment":[{"href":"https:\/\/www.africa-press.net\/cameroun\/wp-json\/wp\/v2\/media?parent=38314"}],"wp:term":[{"taxonomy":"category","embeddable":true,"href":"https:\/\/www.africa-press.net\/cameroun\/wp-json\/wp\/v2\/categories?post=38314"},{"taxonomy":"post_tag","embeddable":true,"href":"https:\/\/www.africa-press.net\/cameroun\/wp-json\/wp\/v2\/tags?post=38314"}],"curies":[{"name":"wp","href":"https:\/\/api.w.org\/{rel}","templated":true}]}}