{"id":38322,"date":"2023-03-04T18:23:07","date_gmt":"2023-03-04T18:23:07","guid":{"rendered":"https:\/\/www.africa-press.net\/cameroun\/politique\/cameroun-ae-assassinat-de-martinez-zogo-jean-pierre-amougou-belinga-jeta-en-prisona-pour-acomplicita-de-torture-par-aidea"},"modified":"2023-03-04T19:21:52","modified_gmt":"2023-03-04T19:21:52","slug":"cameroun-ae-assassinat-de-martinez-zogo-jean-pierre-amougou-belinga-jeta-en-prisona-pour-acomplicita-de-torture-par-aidea","status":"publish","type":"post","link":"https:\/\/www.africa-press.net\/cameroun\/toutes-les-actualites\/cameroun-ae-assassinat-de-martinez-zogo-jean-pierre-amougou-belinga-jeta-en-prisona-pour-acomplicita-de-torture-par-aidea","title":{"rendered":"Cameroun \u00e2\u20ac\u201c Assassinat de Martinez Zogo: Jean Pierre Amougou Belinga jet\u00c3\u00a9 en prison\u00c2\u00a0pour \u00c2\u00abcomplicit\u00c3\u00a9 de torture par aide\u00c2\u00bb."},"content":{"rendered":"<p><span style=\"color: #ff6600\"><strong>Africa-Press &#8211; Cameroun. <\/strong><\/span>Vers 7h ce samedi 04 mars 2023, le PDG de la chai\u0302ne de te\u0301le\u0301vision Vision 4 a quitte\u0301 le Tribunal militaire de Yaounde\u0301 pour la prison centrale de Kondengui.<\/p>\n<p>Jean Pierre Amougou Belinga n\u2019est plus retourne\u0301 dans sa cellule du Secre\u0301tariat d\u2019Etat a\u0300 la de\u0301fense (SED) ou\u0300 il a passe\u0301 25 jours en garde a\u0300 vue dans le cadre de l\u2019enque\u0302te lie\u0301e a\u0300 l\u2019affaire de l\u2019assassinat du journaliste lanceur d\u2019alerte Martinez Zogo.<\/p>\n<p>Extraits vers 17h le vendredi 3 mars 2023 pour le tribunal militaire de Yaounde\u0301 sous forte escorte, Jean Pierre Amougou Belinga et Cie ont subi les e\u0301preuves de l\u2019instruction jusqu\u2019a\u0300 ce samedi matin.<\/p>\n<p>De ce fait, pendant plus de 14 heures l\u2019horloge, les journalistes et les proches des suspects ont fait le pied de grue devant le Tribunal militaire. Le suspense, tre\u0300s intense, s\u2019est ave\u0301re\u0301 plus long que par le passe\u0301 car, le Commissaire du gouvernement et cie ont de\u0301cide\u0301 de boucler cette proce\u0301dure pre\u0301liminaire a\u0300 leur niveau apre\u0300s deux renvois.<\/p>\n<p>Ainsi, selon des sources au Tribunal militaire, le Lieutenant-colonel Justin Danwe, chef du commando qui a enleve\u0301 a\u0300 Yaounde\u0301 le journaliste \u2013 lanceur d\u2019alerte, Martinez Zogo, le 17 janvier 2023 avant de l\u2019assassiner peu de temps apre\u0300s, a e\u0301te\u0301 inculpe\u0301.<\/p>\n<p>\u00abLe Commissaire du Gouvernement Pre\u0300s le Tribunal Militaire de Yaounde\u0301- le Commandant Cerlin Belinga apre\u0300s avoir lu minutieusement c&rsquo;est -a\u0300- dire une page apre\u0300s l&rsquo;autre le rapport d&rsquo;enque\u0302te pre\u0301liminaire produit par la Commission mixte Gendarmerie- Police a trouve\u0301 qu&rsquo;il y a assez d&rsquo; indices concordants pour mettre en de\u0301tention provisoire Le Lieutenant-colonel Justin Danwe\u0301, tous les e\u0301le\u0301ments de la DGRE \u00bb a explique\u0301 Polycarpe Xavier Atangana militant des droits humaines, pre\u0301sent au Tribunal militaire.<\/p>\n<p>Le lieutenant-colonel Justin Danwe et ses e\u0301le\u0301ments sont place\u0301s en de\u0301tention provisoire a\u0300 la prison centrale de Kondengui. Tout comme le commissaire Maxime Eko Eko, le patron de la Direction ge\u0301ne\u0301rale de la recherche exte\u0301rieur.<\/p>\n<p>Par contre, le journaliste Bruno Bidjang, DG du groupe de presse l\u2019Anecdote, le colonel Raymond Thomas Etoundi Nzoe et Yannick Nkili, respectivement Chef de la se\u0301curite\u0301 et garde du corps de Jean Pierre Amougou Belinga, PDG du groupe de presse l\u2019Anecdote sont acquitte\u0301s. Le chauffeur de Melissa Belinga et son e\u0301pouse sont aussi libres.<\/p>\n<p>Quant a\u0300 Jean Pierre Amougou Belinga, commanditaire pre\u0301sume\u0301 de l\u2019assassinat de Martinez Zogo, il a e\u0301te\u0301 inculpe\u0301 pour \u00ab complicite\u0301 de torture par aide \u00bb.<\/p>\n<p>Voici la re\u0301action du groupe de presse l\u2019Anecdote, fonde\u0301 et dirige\u0301 par Jean Pierre Amougou Belinga.<\/p>\n<p><b>Communique\u0301 <\/b><\/p>\n<p>Nous portons a\u0300 l\u2019attention de l\u2019opinion publique nationale et internationale qu\u2019apre\u0300s avoir passe\u0301 25 jours en de\u0301tention au Service Central de recherches Judiciaires, le Pre\u0301sident du Groupe l\u2019Anecdote Monsieur Jean Pierre Amougou Belinga a e\u0301te\u0301 place\u0301 sous Mandat de de\u0301po\u0302t ce 04 mars 2023 , a\u0300 la prison principale de Kondengui.<\/p>\n<p>Ceci est intervenu apre\u0300s son passage devant le juge d&rsquo;instruction, au Tribunal Militaire. Il y est place\u0301 pour \u00ab complicite\u0301 de torture par aide \u00bb.<\/p>\n<p>Nous vous informons en outre que les collaborateurs du Pre\u0301sident qui e\u0301taient encore de\u0301tenus ont e\u0301te\u0301 tous libe\u0301re\u0301s.<\/p>\n<p>A ce stade, nous voulons remercier tous ceux qui, de pre\u0300s ou de loin, nous ont soutenus et continuent de nous soutenir dans cette e\u0301preuve o\u0302 combien lourde.<\/p>\n<p>Les avocats prennent le relai.<\/p>\n<p><b>Le Chef de Division de la Communication Groupe. <\/b><br \/>\n<b>Ine\u0300s Arielle Zamo Belinga.<\/b><\/p>\n<p><strong>Pour plus d&rsquo;informations et d&rsquo;analyses sur la <a href=\"https:\/\/www.africa-press.net\/cameroun\">Cameroun<\/a>, suivez <a href=\"https:\/\/www.africa-press.net\/\">Africa-Press<\/a><\/strong><\/p>\n","protected":false},"excerpt":{"rendered":"<p>Africa-Press &#8211; Cameroun. Vers 7h ce samedi 04 mars 2023, le PDG de la chai\u0302ne de te\u0301le\u0301vision Vision 4 a quitte\u0301 le Tribunal militaire de Yaounde\u0301 pour la prison centrale de Kondengui. Jean Pierre Amougou Belinga n\u2019est plus retourne\u0301 dans sa cellule du Secre\u0301tariat d\u2019Etat a\u0300 la de\u0301fense (SED) ou\u0300 il a passe\u0301 25 jours [&hellip;]<\/p>\n","protected":false},"author":82,"featured_media":38321,"comment_status":"open","ping_status":"closed","sticky":false,"template":"","format":"standard","meta":{"footnotes":""},"categories":[21,10],"tags":[36,50,49],"class_list":["post-38322","post","type-post","status-publish","format-standard","has-post-thumbnail","hentry","category-communaute","category-toutes-les-actualites","tag-africa-press","tag-africa-press-cameroun","tag-cameroun"],"yoast_head":"<!-- This site is optimized with the Yoast SEO Premium plugin v26.1 (Yoast SEO v27.0) - https:\/\/yoast.com\/product\/yoast-seo-premium-wordpress\/ -->\n<title>Cameroun \u00e2\u20ac\u201c Assassinat de Martinez Zogo: Jean Pierre Amougou Belinga jet\u00c3\u00a9 en prison\u00c2\u00a0pour \u00c2\u00abcomplicit\u00c3\u00a9 de torture par aide\u00c2\u00bb. - Cameroun<\/title>\n<meta name=\"description\" content=\"Vers 7h ce samedi 04 mars 2023, le PDG de la chai\u0302ne de te\u0301le\u0301vision Vision 4 a quitte\u0301 le Tribunal militaire de Yaounde ...\" \/>\n<meta name=\"robots\" content=\"index, follow, max-snippet:-1, max-image-preview:large, max-video-preview:-1\" \/>\n<link rel=\"canonical\" href=\"https:\/\/www.africa-press.net\/cameroun\/toutes-les-actualites\/cameroun-ae-assassinat-de-martinez-zogo-jean-pierre-amougou-belinga-jeta-en-prisona-pour-acomplicita-de-torture-par-aidea\" \/>\n<meta property=\"og:locale\" content=\"fr_FR\" \/>\n<meta property=\"og:type\" content=\"article\" \/>\n<meta property=\"og:title\" content=\"Cameroun \u00e2\u20ac\u201c Assassinat de Martinez Zogo: Jean Pierre Amougou Belinga jet\u00c3\u00a9 en prison\u00c2\u00a0pour \u00c2\u00abcomplicit\u00c3\u00a9 de torture par aide\u00c2\u00bb.\" \/>\n<meta property=\"og:description\" content=\"Vers 7h ce samedi 04 mars 2023, le PDG de la chai\u0302ne de te\u0301le\u0301vision Vision 4 a quitte\u0301 le Tribunal militaire de Yaounde ...\" \/>\n<meta property=\"og:url\" content=\"https:\/\/www.africa-press.net\/cameroun\/toutes-les-actualites\/cameroun-ae-assassinat-de-martinez-zogo-jean-pierre-amougou-belinga-jeta-en-prisona-pour-acomplicita-de-torture-par-aidea\" \/>\n<meta property=\"og:site_name\" content=\"Cameroun\" \/>\n<meta property=\"article:published_time\" content=\"2023-03-04T18:23:07+00:00\" \/>\n<meta property=\"article:modified_time\" content=\"2023-03-04T19:21:52+00:00\" \/>\n<meta property=\"og:image\" content=\"https:\/\/static.africa-press.net\/cameroun\/sites\/57\/2023\/03\/postQueueImg_1677941595.25.jpg\" \/>\n\t<meta property=\"og:image:width\" content=\"800\" \/>\n\t<meta property=\"og:image:height\" content=\"480\" \/>\n\t<meta property=\"og:image:type\" content=\"image\/jpeg\" \/>\n<meta name=\"author\" content=\"cfeditorfr\" \/>\n<meta name=\"twitter:card\" content=\"summary_large_image\" \/>\n<meta name=\"twitter:label1\" content=\"\u00c9crit par\" \/>\n\t<meta name=\"twitter:data1\" content=\"cfeditorfr\" \/>\n\t<meta name=\"twitter:label2\" content=\"Dur\u00e9e de lecture estim\u00e9e\" \/>\n\t<meta name=\"twitter:data2\" content=\"3 minutes\" \/>\n<script type=\"application\/ld+json\" class=\"yoast-schema-graph\">{\"@context\":\"https:\/\/schema.org\",\"@graph\":[{\"@type\":\"Article\",\"@id\":\"https:\/\/www.africa-press.net\/cameroun\/toutes-les-actualites\/cameroun-ae-assassinat-de-martinez-zogo-jean-pierre-amougou-belinga-jeta-en-prisona-pour-acomplicita-de-torture-par-aidea#article\",\"isPartOf\":{\"@id\":\"https:\/\/www.africa-press.net\/cameroun\/toutes-les-actualites\/cameroun-ae-assassinat-de-martinez-zogo-jean-pierre-amougou-belinga-jeta-en-prisona-pour-acomplicita-de-torture-par-aidea\"},\"author\":{\"name\":\"cfeditorfr\",\"@id\":\"https:\/\/www.africa-press.net\/cameroun\/#\/schema\/person\/2b1cf3cd81a31e3cd26889ca66d677f1\"},\"headline\":\"Cameroun \u00e2\u20ac\u201c Assassinat de Martinez Zogo: Jean Pierre Amougou Belinga jet\u00c3\u00a9 en prison\u00c2\u00a0pour \u00c2\u00abcomplicit\u00c3\u00a9 de torture par aide\u00c2\u00bb.\",\"datePublished\":\"2023-03-04T18:23:07+00:00\",\"dateModified\":\"2023-03-04T19:21:52+00:00\",\"mainEntityOfPage\":{\"@id\":\"https:\/\/www.africa-press.net\/cameroun\/toutes-les-actualites\/cameroun-ae-assassinat-de-martinez-zogo-jean-pierre-amougou-belinga-jeta-en-prisona-pour-acomplicita-de-torture-par-aidea\"},\"wordCount\":642,\"commentCount\":0,\"image\":{\"@id\":\"https:\/\/www.africa-press.net\/cameroun\/toutes-les-actualites\/cameroun-ae-assassinat-de-martinez-zogo-jean-pierre-amougou-belinga-jeta-en-prisona-pour-acomplicita-de-torture-par-aidea#primaryimage\"},\"thumbnailUrl\":\"https:\/\/static.africa-press.net\/cameroun\/sites\/57\/2023\/03\/postQueueImg_1677941595.25.jpg\",\"keywords\":[\"Africa Press\",\"Africa Press-Cameroun\",\"Cameroun\"],\"articleSection\":[\"Communaut\u00e9\",\"Toutes les actualit\u00e9s\"],\"inLanguage\":\"fr-FR\",\"potentialAction\":[{\"@type\":\"CommentAction\",\"name\":\"Comment\",\"target\":[\"https:\/\/www.africa-press.net\/cameroun\/toutes-les-actualites\/cameroun-ae-assassinat-de-martinez-zogo-jean-pierre-amougou-belinga-jeta-en-prisona-pour-acomplicita-de-torture-par-aidea#respond\"]}]},{\"@type\":\"WebPage\",\"@id\":\"https:\/\/www.africa-press.net\/cameroun\/toutes-les-actualites\/cameroun-ae-assassinat-de-martinez-zogo-jean-pierre-amougou-belinga-jeta-en-prisona-pour-acomplicita-de-torture-par-aidea\",\"url\":\"https:\/\/www.africa-press.net\/cameroun\/toutes-les-actualites\/cameroun-ae-assassinat-de-martinez-zogo-jean-pierre-amougou-belinga-jeta-en-prisona-pour-acomplicita-de-torture-par-aidea\",\"name\":\"Cameroun \u00e2\u20ac\u201c Assassinat de Martinez Zogo: Jean Pierre Amougou Belinga jet\u00c3\u00a9 en prison\u00c2\u00a0pour \u00c2\u00abcomplicit\u00c3\u00a9 de torture par aide\u00c2\u00bb. - Cameroun\",\"isPartOf\":{\"@id\":\"https:\/\/www.africa-press.net\/cameroun\/#website\"},\"primaryImageOfPage\":{\"@id\":\"https:\/\/www.africa-press.net\/cameroun\/toutes-les-actualites\/cameroun-ae-assassinat-de-martinez-zogo-jean-pierre-amougou-belinga-jeta-en-prisona-pour-acomplicita-de-torture-par-aidea#primaryimage\"},\"image\":{\"@id\":\"https:\/\/www.africa-press.net\/cameroun\/toutes-les-actualites\/cameroun-ae-assassinat-de-martinez-zogo-jean-pierre-amougou-belinga-jeta-en-prisona-pour-acomplicita-de-torture-par-aidea#primaryimage\"},\"thumbnailUrl\":\"https:\/\/static.africa-press.net\/cameroun\/sites\/57\/2023\/03\/postQueueImg_1677941595.25.jpg\",\"datePublished\":\"2023-03-04T18:23:07+00:00\",\"dateModified\":\"2023-03-04T19:21:52+00:00\",\"author\":{\"@id\":\"https:\/\/www.africa-press.net\/cameroun\/#\/schema\/person\/2b1cf3cd81a31e3cd26889ca66d677f1\"},\"description\":\"Vers 7h ce samedi 04 mars 2023, le PDG de la chai\u0302ne de te\u0301le\u0301vision Vision 4 a quitte\u0301 le Tribunal militaire de Yaounde ...\",\"breadcrumb\":{\"@id\":\"https:\/\/www.africa-press.net\/cameroun\/toutes-les-actualites\/cameroun-ae-assassinat-de-martinez-zogo-jean-pierre-amougou-belinga-jeta-en-prisona-pour-acomplicita-de-torture-par-aidea#breadcrumb\"},\"inLanguage\":\"fr-FR\",\"potentialAction\":[{\"@type\":\"ReadAction\",\"target\":[\"https:\/\/www.africa-press.net\/cameroun\/toutes-les-actualites\/cameroun-ae-assassinat-de-martinez-zogo-jean-pierre-amougou-belinga-jeta-en-prisona-pour-acomplicita-de-torture-par-aidea\"]}]},{\"@type\":\"ImageObject\",\"inLanguage\":\"fr-FR\",\"@id\":\"https:\/\/www.africa-press.net\/cameroun\/toutes-les-actualites\/cameroun-ae-assassinat-de-martinez-zogo-jean-pierre-amougou-belinga-jeta-en-prisona-pour-acomplicita-de-torture-par-aidea#primaryimage\",\"url\":\"https:\/\/static.africa-press.net\/cameroun\/sites\/57\/2023\/03\/postQueueImg_1677941595.25.jpg\",\"contentUrl\":\"https:\/\/static.africa-press.net\/cameroun\/sites\/57\/2023\/03\/postQueueImg_1677941595.25.jpg\",\"width\":800,\"height\":480,\"caption\":\"Cameroun \u00e2\u20ac\u201c Assassinat de Martinez Zogo: Jean Pierre Amougou Belinga jet\u00c3\u00a9 en prison\u00c2\u00a0pour \u00c2\u00abcomplicit\u00c3\u00a9 de torture par aide\u00c2\u00bb.\"},{\"@type\":\"BreadcrumbList\",\"@id\":\"https:\/\/www.africa-press.net\/cameroun\/toutes-les-actualites\/cameroun-ae-assassinat-de-martinez-zogo-jean-pierre-amougou-belinga-jeta-en-prisona-pour-acomplicita-de-torture-par-aidea#breadcrumb\",\"itemListElement\":[{\"@type\":\"ListItem\",\"position\":1,\"name\":\"Accueil\",\"item\":\"https:\/\/www.africa-press.net\/cameroun\/\"},{\"@type\":\"ListItem\",\"position\":2,\"name\":\"Cameroun \u00e2\u20ac\u201c Assassinat de Martinez Zogo: Jean Pierre Amougou Belinga jet\u00c3\u00a9 en prison\u00c2\u00a0pour \u00c2\u00abcomplicit\u00c3\u00a9 de torture par aide\u00c2\u00bb.\"}]},{\"@type\":\"WebSite\",\"@id\":\"https:\/\/www.africa-press.net\/cameroun\/#website\",\"url\":\"https:\/\/www.africa-press.net\/cameroun\/\",\"name\":\"Cameroun\",\"description\":\"Just another Africa News Agency Sites site\",\"potentialAction\":[{\"@type\":\"SearchAction\",\"target\":{\"@type\":\"EntryPoint\",\"urlTemplate\":\"https:\/\/www.africa-press.net\/cameroun\/?s={search_term_string}\"},\"query-input\":{\"@type\":\"PropertyValueSpecification\",\"valueRequired\":true,\"valueName\":\"search_term_string\"}}],\"inLanguage\":\"fr-FR\"},{\"@type\":\"Person\",\"@id\":\"https:\/\/www.africa-press.net\/cameroun\/#\/schema\/person\/2b1cf3cd81a31e3cd26889ca66d677f1\",\"name\":\"cfeditorfr\"}]}<\/script>\n<!-- \/ Yoast SEO Premium plugin. -->","yoast_head_json":{"title":"Cameroun \u00e2\u20ac\u201c Assassinat de Martinez Zogo: Jean Pierre Amougou Belinga jet\u00c3\u00a9 en prison\u00c2\u00a0pour \u00c2\u00abcomplicit\u00c3\u00a9 de torture par aide\u00c2\u00bb. - Cameroun","description":"Vers 7h ce samedi 04 mars 2023, le PDG de la chai\u0302ne de te\u0301le\u0301vision Vision 4 a quitte\u0301 le Tribunal militaire de Yaounde ...","robots":{"index":"index","follow":"follow","max-snippet":"max-snippet:-1","max-image-preview":"max-image-preview:large","max-video-preview":"max-video-preview:-1"},"canonical":"https:\/\/www.africa-press.net\/cameroun\/toutes-les-actualites\/cameroun-ae-assassinat-de-martinez-zogo-jean-pierre-amougou-belinga-jeta-en-prisona-pour-acomplicita-de-torture-par-aidea","og_locale":"fr_FR","og_type":"article","og_title":"Cameroun \u00e2\u20ac\u201c Assassinat de Martinez Zogo: Jean Pierre Amougou Belinga jet\u00c3\u00a9 en prison\u00c2\u00a0pour \u00c2\u00abcomplicit\u00c3\u00a9 de torture par aide\u00c2\u00bb.","og_description":"Vers 7h ce samedi 04 mars 2023, le PDG de la chai\u0302ne de te\u0301le\u0301vision Vision 4 a quitte\u0301 le Tribunal militaire de Yaounde ...","og_url":"https:\/\/www.africa-press.net\/cameroun\/toutes-les-actualites\/cameroun-ae-assassinat-de-martinez-zogo-jean-pierre-amougou-belinga-jeta-en-prisona-pour-acomplicita-de-torture-par-aidea","og_site_name":"Cameroun","article_published_time":"2023-03-04T18:23:07+00:00","article_modified_time":"2023-03-04T19:21:52+00:00","og_image":[{"width":800,"height":480,"url":"https:\/\/static.africa-press.net\/cameroun\/sites\/57\/2023\/03\/postQueueImg_1677941595.25.jpg","type":"image\/jpeg"}],"author":"cfeditorfr","twitter_card":"summary_large_image","twitter_misc":{"\u00c9crit par":"cfeditorfr","Dur\u00e9e de lecture estim\u00e9e":"3 minutes"},"schema":{"@context":"https:\/\/schema.org","@graph":[{"@type":"Article","@id":"https:\/\/www.africa-press.net\/cameroun\/toutes-les-actualites\/cameroun-ae-assassinat-de-martinez-zogo-jean-pierre-amougou-belinga-jeta-en-prisona-pour-acomplicita-de-torture-par-aidea#article","isPartOf":{"@id":"https:\/\/www.africa-press.net\/cameroun\/toutes-les-actualites\/cameroun-ae-assassinat-de-martinez-zogo-jean-pierre-amougou-belinga-jeta-en-prisona-pour-acomplicita-de-torture-par-aidea"},"author":{"name":"cfeditorfr","@id":"https:\/\/www.africa-press.net\/cameroun\/#\/schema\/person\/2b1cf3cd81a31e3cd26889ca66d677f1"},"headline":"Cameroun \u00e2\u20ac\u201c Assassinat de Martinez Zogo: Jean Pierre Amougou Belinga jet\u00c3\u00a9 en prison\u00c2\u00a0pour \u00c2\u00abcomplicit\u00c3\u00a9 de torture par aide\u00c2\u00bb.","datePublished":"2023-03-04T18:23:07+00:00","dateModified":"2023-03-04T19:21:52+00:00","mainEntityOfPage":{"@id":"https:\/\/www.africa-press.net\/cameroun\/toutes-les-actualites\/cameroun-ae-assassinat-de-martinez-zogo-jean-pierre-amougou-belinga-jeta-en-prisona-pour-acomplicita-de-torture-par-aidea"},"wordCount":642,"commentCount":0,"image":{"@id":"https:\/\/www.africa-press.net\/cameroun\/toutes-les-actualites\/cameroun-ae-assassinat-de-martinez-zogo-jean-pierre-amougou-belinga-jeta-en-prisona-pour-acomplicita-de-torture-par-aidea#primaryimage"},"thumbnailUrl":"https:\/\/static.africa-press.net\/cameroun\/sites\/57\/2023\/03\/postQueueImg_1677941595.25.jpg","keywords":["Africa Press","Africa Press-Cameroun","Cameroun"],"articleSection":["Communaut\u00e9","Toutes les actualit\u00e9s"],"inLanguage":"fr-FR","potentialAction":[{"@type":"CommentAction","name":"Comment","target":["https:\/\/www.africa-press.net\/cameroun\/toutes-les-actualites\/cameroun-ae-assassinat-de-martinez-zogo-jean-pierre-amougou-belinga-jeta-en-prisona-pour-acomplicita-de-torture-par-aidea#respond"]}]},{"@type":"WebPage","@id":"https:\/\/www.africa-press.net\/cameroun\/toutes-les-actualites\/cameroun-ae-assassinat-de-martinez-zogo-jean-pierre-amougou-belinga-jeta-en-prisona-pour-acomplicita-de-torture-par-aidea","url":"https:\/\/www.africa-press.net\/cameroun\/toutes-les-actualites\/cameroun-ae-assassinat-de-martinez-zogo-jean-pierre-amougou-belinga-jeta-en-prisona-pour-acomplicita-de-torture-par-aidea","name":"Cameroun \u00e2\u20ac\u201c Assassinat de Martinez Zogo: Jean Pierre Amougou Belinga jet\u00c3\u00a9 en prison\u00c2\u00a0pour \u00c2\u00abcomplicit\u00c3\u00a9 de torture par aide\u00c2\u00bb. - Cameroun","isPartOf":{"@id":"https:\/\/www.africa-press.net\/cameroun\/#website"},"primaryImageOfPage":{"@id":"https:\/\/www.africa-press.net\/cameroun\/toutes-les-actualites\/cameroun-ae-assassinat-de-martinez-zogo-jean-pierre-amougou-belinga-jeta-en-prisona-pour-acomplicita-de-torture-par-aidea#primaryimage"},"image":{"@id":"https:\/\/www.africa-press.net\/cameroun\/toutes-les-actualites\/cameroun-ae-assassinat-de-martinez-zogo-jean-pierre-amougou-belinga-jeta-en-prisona-pour-acomplicita-de-torture-par-aidea#primaryimage"},"thumbnailUrl":"https:\/\/static.africa-press.net\/cameroun\/sites\/57\/2023\/03\/postQueueImg_1677941595.25.jpg","datePublished":"2023-03-04T18:23:07+00:00","dateModified":"2023-03-04T19:21:52+00:00","author":{"@id":"https:\/\/www.africa-press.net\/cameroun\/#\/schema\/person\/2b1cf3cd81a31e3cd26889ca66d677f1"},"description":"Vers 7h ce samedi 04 mars 2023, le PDG de la chai\u0302ne de te\u0301le\u0301vision Vision 4 a quitte\u0301 le Tribunal militaire de Yaounde ...","breadcrumb":{"@id":"https:\/\/www.africa-press.net\/cameroun\/toutes-les-actualites\/cameroun-ae-assassinat-de-martinez-zogo-jean-pierre-amougou-belinga-jeta-en-prisona-pour-acomplicita-de-torture-par-aidea#breadcrumb"},"inLanguage":"fr-FR","potentialAction":[{"@type":"ReadAction","target":["https:\/\/www.africa-press.net\/cameroun\/toutes-les-actualites\/cameroun-ae-assassinat-de-martinez-zogo-jean-pierre-amougou-belinga-jeta-en-prisona-pour-acomplicita-de-torture-par-aidea"]}]},{"@type":"ImageObject","inLanguage":"fr-FR","@id":"https:\/\/www.africa-press.net\/cameroun\/toutes-les-actualites\/cameroun-ae-assassinat-de-martinez-zogo-jean-pierre-amougou-belinga-jeta-en-prisona-pour-acomplicita-de-torture-par-aidea#primaryimage","url":"https:\/\/static.africa-press.net\/cameroun\/sites\/57\/2023\/03\/postQueueImg_1677941595.25.jpg","contentUrl":"https:\/\/static.africa-press.net\/cameroun\/sites\/57\/2023\/03\/postQueueImg_1677941595.25.jpg","width":800,"height":480,"caption":"Cameroun \u00e2\u20ac\u201c Assassinat de Martinez Zogo: Jean Pierre Amougou Belinga jet\u00c3\u00a9 en prison\u00c2\u00a0pour \u00c2\u00abcomplicit\u00c3\u00a9 de torture par aide\u00c2\u00bb."},{"@type":"BreadcrumbList","@id":"https:\/\/www.africa-press.net\/cameroun\/toutes-les-actualites\/cameroun-ae-assassinat-de-martinez-zogo-jean-pierre-amougou-belinga-jeta-en-prisona-pour-acomplicita-de-torture-par-aidea#breadcrumb","itemListElement":[{"@type":"ListItem","position":1,"name":"Accueil","item":"https:\/\/www.africa-press.net\/cameroun\/"},{"@type":"ListItem","position":2,"name":"Cameroun \u00e2\u20ac\u201c Assassinat de Martinez Zogo: Jean Pierre Amougou Belinga jet\u00c3\u00a9 en prison\u00c2\u00a0pour \u00c2\u00abcomplicit\u00c3\u00a9 de torture par aide\u00c2\u00bb."}]},{"@type":"WebSite","@id":"https:\/\/www.africa-press.net\/cameroun\/#website","url":"https:\/\/www.africa-press.net\/cameroun\/","name":"Cameroun","description":"Just another Africa News Agency Sites site","potentialAction":[{"@type":"SearchAction","target":{"@type":"EntryPoint","urlTemplate":"https:\/\/www.africa-press.net\/cameroun\/?s={search_term_string}"},"query-input":{"@type":"PropertyValueSpecification","valueRequired":true,"valueName":"search_term_string"}}],"inLanguage":"fr-FR"},{"@type":"Person","@id":"https:\/\/www.africa-press.net\/cameroun\/#\/schema\/person\/2b1cf3cd81a31e3cd26889ca66d677f1","name":"cfeditorfr"}]}},"_links":{"self":[{"href":"https:\/\/www.africa-press.net\/cameroun\/wp-json\/wp\/v2\/posts\/38322","targetHints":{"allow":["GET"]}}],"collection":[{"href":"https:\/\/www.africa-press.net\/cameroun\/wp-json\/wp\/v2\/posts"}],"about":[{"href":"https:\/\/www.africa-press.net\/cameroun\/wp-json\/wp\/v2\/types\/post"}],"author":[{"embeddable":true,"href":"https:\/\/www.africa-press.net\/cameroun\/wp-json\/wp\/v2\/users\/82"}],"replies":[{"embeddable":true,"href":"https:\/\/www.africa-press.net\/cameroun\/wp-json\/wp\/v2\/comments?post=38322"}],"version-history":[{"count":0,"href":"https:\/\/www.africa-press.net\/cameroun\/wp-json\/wp\/v2\/posts\/38322\/revisions"}],"wp:featuredmedia":[{"embeddable":true,"href":"https:\/\/www.africa-press.net\/cameroun\/wp-json\/wp\/v2\/media\/38321"}],"wp:attachment":[{"href":"https:\/\/www.africa-press.net\/cameroun\/wp-json\/wp\/v2\/media?parent=38322"}],"wp:term":[{"taxonomy":"category","embeddable":true,"href":"https:\/\/www.africa-press.net\/cameroun\/wp-json\/wp\/v2\/categories?post=38322"},{"taxonomy":"post_tag","embeddable":true,"href":"https:\/\/www.africa-press.net\/cameroun\/wp-json\/wp\/v2\/tags?post=38322"}],"curies":[{"name":"wp","href":"https:\/\/api.w.org\/{rel}","templated":true}]}}