{"id":38324,"date":"2023-03-04T18:24:17","date_gmt":"2023-03-04T18:24:17","guid":{"rendered":"https:\/\/www.africa-press.net\/cameroun\/politique\/rebondissement-amougou-belinga-a-la-prison-de-kondengui-de-nouvelles-precisions-tombent"},"modified":"2023-03-04T19:22:12","modified_gmt":"2023-03-04T19:22:12","slug":"rebondissement-amougou-belinga-a-la-prison-de-kondengui-de-nouvelles-precisions-tombent","status":"publish","type":"post","link":"https:\/\/www.africa-press.net\/cameroun\/dossiers\/rebondissement-amougou-belinga-a-la-prison-de-kondengui-de-nouvelles-precisions-tombent","title":{"rendered":"Rebondissement : Amougou Belinga \u00e0 la prison de Kondengui, de nouvelles pr\u00e9cisions tombent"},"content":{"rendered":"<p><span style=\"color: #ff6600\"><strong>Africa-Press &#8211; Cameroun. <\/strong><\/span>Tout le Cameroun et en e\u0301bullition concernant la nouvelle qui est tombe\u0301e to\u0302t avant les aurores de ce samedi 04 mars 2023. Longtemps trimbale\u0301 entre le Secre\u0301tariat d&rsquo;Etat a\u0300 la de\u0301fense et le Tribunal Militaire, Jean Pierre Amougou Belinga est envoye\u0301 a\u0300 la prison de Kondengui dans le cadre de l\u2019enque\u0302te sur l\u2019assassinat de Martinez Zogo.<\/p>\n<p>Il ne sera pas seul car le patron de la Direction Ge\u0301ne\u0301rale de la Recherche Exte\u0301rieure (DGRE) Le\u0301opold Maxime Eko Eko l&rsquo;y accompagne aux dernie\u0300res nouvelles. Autre fait nouveau a\u0300 souligner, c&rsquo;est que les autres personnes incarce\u0301re\u0301es dans le cadre de cette affaire sont elles envoye\u0301es a\u0300 la prison militaire de Yaounde\u0301.<\/p>\n<p>Pourquoi ont-ils se\u0301pare\u0301s Jean Pierre Amougou Belinga et Le\u0301opold Maxime Eko Eko des autres mis en causes ?<\/p>\n<p>Pour l&rsquo;heure aucune information n&rsquo;a fuite\u0301 concernant cette se\u0301paration de lieu. Mais l&rsquo;on apprend que l\u2019identite\u0301 du meurtrier du journaliste Martinez Zogo n\u2019a toujours pas e\u0301te\u0301 de\u0301voile\u0301e. Selon les dernie\u0300res informations en provenance du Tribunal militaire de Yaounde\u0301, Cerlin Belinga, le Commissaire du gouvernement apre\u0300s lecture du rapport d\u2019enque\u0302te pre\u0301liminaire produit par la Commission mixte gendarmerie et police trouve qu\u2019il y a assez d\u2019indices pour mettre en de\u0301tention provisoire le PDG du groupe l\u2019Anecdote Jean Pierre Amougou Belinga, le Lieutenant-colonel Justin Danwe\u0301 et tous les e\u0301le\u0301ments de la DGRE implique\u0301s dans cette affaire.<\/p>\n<p>Par ailleurs, le colonel Etoundi Nsoe\u0301 et Bruno Bidjang ont e\u0301te\u0301 libe\u0301re\u0301s par Cerlin Belinga, le Commissaire du gouvernement.<\/p>\n<p><strong>Pour plus d&rsquo;informations et d&rsquo;analyses sur la <a href=\"https:\/\/www.africa-press.net\/cameroun\">Cameroun<\/a>, suivez <a href=\"https:\/\/www.africa-press.net\/\">Africa-Press<\/a><\/strong><\/p>\n","protected":false},"excerpt":{"rendered":"<p>Africa-Press &#8211; Cameroun. Tout le Cameroun et en e\u0301bullition concernant la nouvelle qui est tombe\u0301e to\u0302t avant les aurores de ce samedi 04 mars 2023. Longtemps trimbale\u0301 entre le Secre\u0301tariat d&rsquo;Etat a\u0300 la de\u0301fense et le Tribunal Militaire, Jean Pierre Amougou Belinga est envoye\u0301 a\u0300 la prison de Kondengui dans le cadre de l\u2019enque\u0302te sur [&hellip;]<\/p>\n","protected":false},"author":82,"featured_media":38323,"comment_status":"open","ping_status":"closed","sticky":false,"template":"","format":"standard","meta":{"footnotes":""},"categories":[7,10],"tags":[36,50,49],"class_list":["post-38324","post","type-post","status-publish","format-standard","has-post-thumbnail","hentry","category-dossiers","category-toutes-les-actualites","tag-africa-press","tag-africa-press-cameroun","tag-cameroun"],"yoast_head":"<!-- This site is optimized with the Yoast SEO Premium plugin v26.1 (Yoast SEO v27.0) - https:\/\/yoast.com\/product\/yoast-seo-premium-wordpress\/ -->\n<title>Rebondissement : Amougou Belinga \u00e0 la prison de Kondengui, de nouvelles pr\u00e9cisions tombent - Cameroun<\/title>\n<meta name=\"description\" content=\"Tout le Cameroun et en e\u0301bullition concernant la nouvelle qui est tombe\u0301e to\u0302t avant les aurores de ce samedi 04 mars 20 ...\" \/>\n<meta name=\"robots\" content=\"index, follow, max-snippet:-1, max-image-preview:large, max-video-preview:-1\" \/>\n<link rel=\"canonical\" href=\"https:\/\/www.africa-press.net\/cameroun\/dossiers\/rebondissement-amougou-belinga-a-la-prison-de-kondengui-de-nouvelles-precisions-tombent\" \/>\n<meta property=\"og:locale\" content=\"fr_FR\" \/>\n<meta property=\"og:type\" content=\"article\" \/>\n<meta property=\"og:title\" content=\"Rebondissement : Amougou Belinga \u00e0 la prison de Kondengui, de nouvelles pr\u00e9cisions tombent\" \/>\n<meta property=\"og:description\" content=\"Tout le Cameroun et en e\u0301bullition concernant la nouvelle qui est tombe\u0301e to\u0302t avant les aurores de ce samedi 04 mars 20 ...\" \/>\n<meta property=\"og:url\" content=\"https:\/\/www.africa-press.net\/cameroun\/dossiers\/rebondissement-amougou-belinga-a-la-prison-de-kondengui-de-nouvelles-precisions-tombent\" \/>\n<meta property=\"og:site_name\" content=\"Cameroun\" \/>\n<meta property=\"article:published_time\" content=\"2023-03-04T18:24:17+00:00\" \/>\n<meta property=\"article:modified_time\" content=\"2023-03-04T19:22:12+00:00\" \/>\n<meta property=\"og:image\" content=\"https:\/\/static.africa-press.net\/cameroun\/sites\/57\/2023\/03\/postQueueImg_1677941670.48.jpg\" \/>\n\t<meta property=\"og:image:width\" content=\"814\" \/>\n\t<meta property=\"og:image:height\" content=\"526\" \/>\n\t<meta property=\"og:image:type\" content=\"image\/jpeg\" \/>\n<meta name=\"author\" content=\"cfeditorfr\" \/>\n<meta name=\"twitter:card\" content=\"summary_large_image\" \/>\n<meta name=\"twitter:label1\" content=\"\u00c9crit par\" \/>\n\t<meta name=\"twitter:data1\" content=\"cfeditorfr\" \/>\n\t<meta name=\"twitter:label2\" content=\"Dur\u00e9e de lecture estim\u00e9e\" \/>\n\t<meta name=\"twitter:data2\" content=\"2 minutes\" \/>\n<script type=\"application\/ld+json\" class=\"yoast-schema-graph\">{\"@context\":\"https:\/\/schema.org\",\"@graph\":[{\"@type\":\"Article\",\"@id\":\"https:\/\/www.africa-press.net\/cameroun\/dossiers\/rebondissement-amougou-belinga-a-la-prison-de-kondengui-de-nouvelles-precisions-tombent#article\",\"isPartOf\":{\"@id\":\"https:\/\/www.africa-press.net\/cameroun\/dossiers\/rebondissement-amougou-belinga-a-la-prison-de-kondengui-de-nouvelles-precisions-tombent\"},\"author\":{\"name\":\"cfeditorfr\",\"@id\":\"https:\/\/www.africa-press.net\/cameroun\/#\/schema\/person\/2b1cf3cd81a31e3cd26889ca66d677f1\"},\"headline\":\"Rebondissement : Amougou Belinga \u00e0 la prison de Kondengui, de nouvelles pr\u00e9cisions tombent\",\"datePublished\":\"2023-03-04T18:24:17+00:00\",\"dateModified\":\"2023-03-04T19:22:12+00:00\",\"mainEntityOfPage\":{\"@id\":\"https:\/\/www.africa-press.net\/cameroun\/dossiers\/rebondissement-amougou-belinga-a-la-prison-de-kondengui-de-nouvelles-precisions-tombent\"},\"wordCount\":308,\"commentCount\":0,\"image\":{\"@id\":\"https:\/\/www.africa-press.net\/cameroun\/dossiers\/rebondissement-amougou-belinga-a-la-prison-de-kondengui-de-nouvelles-precisions-tombent#primaryimage\"},\"thumbnailUrl\":\"https:\/\/static.africa-press.net\/cameroun\/sites\/57\/2023\/03\/postQueueImg_1677941670.48.jpg\",\"keywords\":[\"Africa Press\",\"Africa Press-Cameroun\",\"Cameroun\"],\"articleSection\":[\"Dossiers\",\"Toutes les actualit\u00e9s\"],\"inLanguage\":\"fr-FR\",\"potentialAction\":[{\"@type\":\"CommentAction\",\"name\":\"Comment\",\"target\":[\"https:\/\/www.africa-press.net\/cameroun\/dossiers\/rebondissement-amougou-belinga-a-la-prison-de-kondengui-de-nouvelles-precisions-tombent#respond\"]}]},{\"@type\":\"WebPage\",\"@id\":\"https:\/\/www.africa-press.net\/cameroun\/dossiers\/rebondissement-amougou-belinga-a-la-prison-de-kondengui-de-nouvelles-precisions-tombent\",\"url\":\"https:\/\/www.africa-press.net\/cameroun\/dossiers\/rebondissement-amougou-belinga-a-la-prison-de-kondengui-de-nouvelles-precisions-tombent\",\"name\":\"Rebondissement : Amougou Belinga \u00e0 la prison de Kondengui, de nouvelles pr\u00e9cisions tombent - Cameroun\",\"isPartOf\":{\"@id\":\"https:\/\/www.africa-press.net\/cameroun\/#website\"},\"primaryImageOfPage\":{\"@id\":\"https:\/\/www.africa-press.net\/cameroun\/dossiers\/rebondissement-amougou-belinga-a-la-prison-de-kondengui-de-nouvelles-precisions-tombent#primaryimage\"},\"image\":{\"@id\":\"https:\/\/www.africa-press.net\/cameroun\/dossiers\/rebondissement-amougou-belinga-a-la-prison-de-kondengui-de-nouvelles-precisions-tombent#primaryimage\"},\"thumbnailUrl\":\"https:\/\/static.africa-press.net\/cameroun\/sites\/57\/2023\/03\/postQueueImg_1677941670.48.jpg\",\"datePublished\":\"2023-03-04T18:24:17+00:00\",\"dateModified\":\"2023-03-04T19:22:12+00:00\",\"author\":{\"@id\":\"https:\/\/www.africa-press.net\/cameroun\/#\/schema\/person\/2b1cf3cd81a31e3cd26889ca66d677f1\"},\"description\":\"Tout le Cameroun et en e\u0301bullition concernant la nouvelle qui est tombe\u0301e to\u0302t avant les aurores de ce samedi 04 mars 20 ...\",\"breadcrumb\":{\"@id\":\"https:\/\/www.africa-press.net\/cameroun\/dossiers\/rebondissement-amougou-belinga-a-la-prison-de-kondengui-de-nouvelles-precisions-tombent#breadcrumb\"},\"inLanguage\":\"fr-FR\",\"potentialAction\":[{\"@type\":\"ReadAction\",\"target\":[\"https:\/\/www.africa-press.net\/cameroun\/dossiers\/rebondissement-amougou-belinga-a-la-prison-de-kondengui-de-nouvelles-precisions-tombent\"]}]},{\"@type\":\"ImageObject\",\"inLanguage\":\"fr-FR\",\"@id\":\"https:\/\/www.africa-press.net\/cameroun\/dossiers\/rebondissement-amougou-belinga-a-la-prison-de-kondengui-de-nouvelles-precisions-tombent#primaryimage\",\"url\":\"https:\/\/static.africa-press.net\/cameroun\/sites\/57\/2023\/03\/postQueueImg_1677941670.48.jpg\",\"contentUrl\":\"https:\/\/static.africa-press.net\/cameroun\/sites\/57\/2023\/03\/postQueueImg_1677941670.48.jpg\",\"width\":814,\"height\":526,\"caption\":\"Rebondissement : Amougou Belinga \u00e0 la prison de Kondengui, de nouvelles pr\u00e9cisions tombent\"},{\"@type\":\"BreadcrumbList\",\"@id\":\"https:\/\/www.africa-press.net\/cameroun\/dossiers\/rebondissement-amougou-belinga-a-la-prison-de-kondengui-de-nouvelles-precisions-tombent#breadcrumb\",\"itemListElement\":[{\"@type\":\"ListItem\",\"position\":1,\"name\":\"Accueil\",\"item\":\"https:\/\/www.africa-press.net\/cameroun\/\"},{\"@type\":\"ListItem\",\"position\":2,\"name\":\"Rebondissement : Amougou Belinga \u00e0 la prison de Kondengui, de nouvelles pr\u00e9cisions tombent\"}]},{\"@type\":\"WebSite\",\"@id\":\"https:\/\/www.africa-press.net\/cameroun\/#website\",\"url\":\"https:\/\/www.africa-press.net\/cameroun\/\",\"name\":\"Cameroun\",\"description\":\"Just another Africa News Agency Sites site\",\"potentialAction\":[{\"@type\":\"SearchAction\",\"target\":{\"@type\":\"EntryPoint\",\"urlTemplate\":\"https:\/\/www.africa-press.net\/cameroun\/?s={search_term_string}\"},\"query-input\":{\"@type\":\"PropertyValueSpecification\",\"valueRequired\":true,\"valueName\":\"search_term_string\"}}],\"inLanguage\":\"fr-FR\"},{\"@type\":\"Person\",\"@id\":\"https:\/\/www.africa-press.net\/cameroun\/#\/schema\/person\/2b1cf3cd81a31e3cd26889ca66d677f1\",\"name\":\"cfeditorfr\"}]}<\/script>\n<!-- \/ Yoast SEO Premium plugin. -->","yoast_head_json":{"title":"Rebondissement : Amougou Belinga \u00e0 la prison de Kondengui, de nouvelles pr\u00e9cisions tombent - Cameroun","description":"Tout le Cameroun et en e\u0301bullition concernant la nouvelle qui est tombe\u0301e to\u0302t avant les aurores de ce samedi 04 mars 20 ...","robots":{"index":"index","follow":"follow","max-snippet":"max-snippet:-1","max-image-preview":"max-image-preview:large","max-video-preview":"max-video-preview:-1"},"canonical":"https:\/\/www.africa-press.net\/cameroun\/dossiers\/rebondissement-amougou-belinga-a-la-prison-de-kondengui-de-nouvelles-precisions-tombent","og_locale":"fr_FR","og_type":"article","og_title":"Rebondissement : Amougou Belinga \u00e0 la prison de Kondengui, de nouvelles pr\u00e9cisions tombent","og_description":"Tout le Cameroun et en e\u0301bullition concernant la nouvelle qui est tombe\u0301e to\u0302t avant les aurores de ce samedi 04 mars 20 ...","og_url":"https:\/\/www.africa-press.net\/cameroun\/dossiers\/rebondissement-amougou-belinga-a-la-prison-de-kondengui-de-nouvelles-precisions-tombent","og_site_name":"Cameroun","article_published_time":"2023-03-04T18:24:17+00:00","article_modified_time":"2023-03-04T19:22:12+00:00","og_image":[{"width":814,"height":526,"url":"https:\/\/static.africa-press.net\/cameroun\/sites\/57\/2023\/03\/postQueueImg_1677941670.48.jpg","type":"image\/jpeg"}],"author":"cfeditorfr","twitter_card":"summary_large_image","twitter_misc":{"\u00c9crit par":"cfeditorfr","Dur\u00e9e de lecture estim\u00e9e":"2 minutes"},"schema":{"@context":"https:\/\/schema.org","@graph":[{"@type":"Article","@id":"https:\/\/www.africa-press.net\/cameroun\/dossiers\/rebondissement-amougou-belinga-a-la-prison-de-kondengui-de-nouvelles-precisions-tombent#article","isPartOf":{"@id":"https:\/\/www.africa-press.net\/cameroun\/dossiers\/rebondissement-amougou-belinga-a-la-prison-de-kondengui-de-nouvelles-precisions-tombent"},"author":{"name":"cfeditorfr","@id":"https:\/\/www.africa-press.net\/cameroun\/#\/schema\/person\/2b1cf3cd81a31e3cd26889ca66d677f1"},"headline":"Rebondissement : Amougou Belinga \u00e0 la prison de Kondengui, de nouvelles pr\u00e9cisions tombent","datePublished":"2023-03-04T18:24:17+00:00","dateModified":"2023-03-04T19:22:12+00:00","mainEntityOfPage":{"@id":"https:\/\/www.africa-press.net\/cameroun\/dossiers\/rebondissement-amougou-belinga-a-la-prison-de-kondengui-de-nouvelles-precisions-tombent"},"wordCount":308,"commentCount":0,"image":{"@id":"https:\/\/www.africa-press.net\/cameroun\/dossiers\/rebondissement-amougou-belinga-a-la-prison-de-kondengui-de-nouvelles-precisions-tombent#primaryimage"},"thumbnailUrl":"https:\/\/static.africa-press.net\/cameroun\/sites\/57\/2023\/03\/postQueueImg_1677941670.48.jpg","keywords":["Africa Press","Africa Press-Cameroun","Cameroun"],"articleSection":["Dossiers","Toutes les actualit\u00e9s"],"inLanguage":"fr-FR","potentialAction":[{"@type":"CommentAction","name":"Comment","target":["https:\/\/www.africa-press.net\/cameroun\/dossiers\/rebondissement-amougou-belinga-a-la-prison-de-kondengui-de-nouvelles-precisions-tombent#respond"]}]},{"@type":"WebPage","@id":"https:\/\/www.africa-press.net\/cameroun\/dossiers\/rebondissement-amougou-belinga-a-la-prison-de-kondengui-de-nouvelles-precisions-tombent","url":"https:\/\/www.africa-press.net\/cameroun\/dossiers\/rebondissement-amougou-belinga-a-la-prison-de-kondengui-de-nouvelles-precisions-tombent","name":"Rebondissement : Amougou Belinga \u00e0 la prison de Kondengui, de nouvelles pr\u00e9cisions tombent - Cameroun","isPartOf":{"@id":"https:\/\/www.africa-press.net\/cameroun\/#website"},"primaryImageOfPage":{"@id":"https:\/\/www.africa-press.net\/cameroun\/dossiers\/rebondissement-amougou-belinga-a-la-prison-de-kondengui-de-nouvelles-precisions-tombent#primaryimage"},"image":{"@id":"https:\/\/www.africa-press.net\/cameroun\/dossiers\/rebondissement-amougou-belinga-a-la-prison-de-kondengui-de-nouvelles-precisions-tombent#primaryimage"},"thumbnailUrl":"https:\/\/static.africa-press.net\/cameroun\/sites\/57\/2023\/03\/postQueueImg_1677941670.48.jpg","datePublished":"2023-03-04T18:24:17+00:00","dateModified":"2023-03-04T19:22:12+00:00","author":{"@id":"https:\/\/www.africa-press.net\/cameroun\/#\/schema\/person\/2b1cf3cd81a31e3cd26889ca66d677f1"},"description":"Tout le Cameroun et en e\u0301bullition concernant la nouvelle qui est tombe\u0301e to\u0302t avant les aurores de ce samedi 04 mars 20 ...","breadcrumb":{"@id":"https:\/\/www.africa-press.net\/cameroun\/dossiers\/rebondissement-amougou-belinga-a-la-prison-de-kondengui-de-nouvelles-precisions-tombent#breadcrumb"},"inLanguage":"fr-FR","potentialAction":[{"@type":"ReadAction","target":["https:\/\/www.africa-press.net\/cameroun\/dossiers\/rebondissement-amougou-belinga-a-la-prison-de-kondengui-de-nouvelles-precisions-tombent"]}]},{"@type":"ImageObject","inLanguage":"fr-FR","@id":"https:\/\/www.africa-press.net\/cameroun\/dossiers\/rebondissement-amougou-belinga-a-la-prison-de-kondengui-de-nouvelles-precisions-tombent#primaryimage","url":"https:\/\/static.africa-press.net\/cameroun\/sites\/57\/2023\/03\/postQueueImg_1677941670.48.jpg","contentUrl":"https:\/\/static.africa-press.net\/cameroun\/sites\/57\/2023\/03\/postQueueImg_1677941670.48.jpg","width":814,"height":526,"caption":"Rebondissement : Amougou Belinga \u00e0 la prison de Kondengui, de nouvelles pr\u00e9cisions tombent"},{"@type":"BreadcrumbList","@id":"https:\/\/www.africa-press.net\/cameroun\/dossiers\/rebondissement-amougou-belinga-a-la-prison-de-kondengui-de-nouvelles-precisions-tombent#breadcrumb","itemListElement":[{"@type":"ListItem","position":1,"name":"Accueil","item":"https:\/\/www.africa-press.net\/cameroun\/"},{"@type":"ListItem","position":2,"name":"Rebondissement : Amougou Belinga \u00e0 la prison de Kondengui, de nouvelles pr\u00e9cisions tombent"}]},{"@type":"WebSite","@id":"https:\/\/www.africa-press.net\/cameroun\/#website","url":"https:\/\/www.africa-press.net\/cameroun\/","name":"Cameroun","description":"Just another Africa News Agency Sites site","potentialAction":[{"@type":"SearchAction","target":{"@type":"EntryPoint","urlTemplate":"https:\/\/www.africa-press.net\/cameroun\/?s={search_term_string}"},"query-input":{"@type":"PropertyValueSpecification","valueRequired":true,"valueName":"search_term_string"}}],"inLanguage":"fr-FR"},{"@type":"Person","@id":"https:\/\/www.africa-press.net\/cameroun\/#\/schema\/person\/2b1cf3cd81a31e3cd26889ca66d677f1","name":"cfeditorfr"}]}},"_links":{"self":[{"href":"https:\/\/www.africa-press.net\/cameroun\/wp-json\/wp\/v2\/posts\/38324","targetHints":{"allow":["GET"]}}],"collection":[{"href":"https:\/\/www.africa-press.net\/cameroun\/wp-json\/wp\/v2\/posts"}],"about":[{"href":"https:\/\/www.africa-press.net\/cameroun\/wp-json\/wp\/v2\/types\/post"}],"author":[{"embeddable":true,"href":"https:\/\/www.africa-press.net\/cameroun\/wp-json\/wp\/v2\/users\/82"}],"replies":[{"embeddable":true,"href":"https:\/\/www.africa-press.net\/cameroun\/wp-json\/wp\/v2\/comments?post=38324"}],"version-history":[{"count":0,"href":"https:\/\/www.africa-press.net\/cameroun\/wp-json\/wp\/v2\/posts\/38324\/revisions"}],"wp:featuredmedia":[{"embeddable":true,"href":"https:\/\/www.africa-press.net\/cameroun\/wp-json\/wp\/v2\/media\/38323"}],"wp:attachment":[{"href":"https:\/\/www.africa-press.net\/cameroun\/wp-json\/wp\/v2\/media?parent=38324"}],"wp:term":[{"taxonomy":"category","embeddable":true,"href":"https:\/\/www.africa-press.net\/cameroun\/wp-json\/wp\/v2\/categories?post=38324"},{"taxonomy":"post_tag","embeddable":true,"href":"https:\/\/www.africa-press.net\/cameroun\/wp-json\/wp\/v2\/tags?post=38324"}],"curies":[{"name":"wp","href":"https:\/\/api.w.org\/{rel}","templated":true}]}}