{"id":38326,"date":"2023-03-04T18:24:47","date_gmt":"2023-03-04T18:24:47","guid":{"rendered":"https:\/\/www.africa-press.net\/cameroun\/politique\/juge-coupable-voici-les-charges-retenues-par-le-tribunal-militaire-contre-amougou-belinga"},"modified":"2023-03-04T19:22:31","modified_gmt":"2023-03-04T19:22:31","slug":"juge-coupable-voici-les-charges-retenues-par-le-tribunal-militaire-contre-amougou-belinga","status":"publish","type":"post","link":"https:\/\/www.africa-press.net\/cameroun\/politique\/juge-coupable-voici-les-charges-retenues-par-le-tribunal-militaire-contre-amougou-belinga","title":{"rendered":"Jug\u00e9 coupable, voici les charges retenues par le Tribunal militaire contre Amougou Belinga"},"content":{"rendered":"<p><span style=\"color: #ff6600\"><strong>Africa-Press &#8211; Cameroun. <\/strong><\/span>Le PDG du groupe l&rsquo;Anecdote en garde a\u0300 vue depuis le 6 fe\u0301vrier, a e\u0301te\u0301 envoye\u0301 ce samedi 04 mars a\u0300 la prison centrale de Kondengui a\u0300 Yaounde\u0301.<\/p>\n<p>On connait de\u0301sormais le ro\u0302le joue\u0301 par Jean Pierre Amougou Belinga dans l&rsquo;enle\u0300vement, la torture et l&rsquo;assassinat du journaliste Martinez Mbami Zogo, dont le corps a e\u0301te\u0301 retrouve\u0301 il y a un peu plus d&rsquo;un mois a\u0300 Ebogo III.<\/p>\n<p>Dans un communique\u0301 publie\u0301 par le Groupe l&rsquo;Anecdote, l&rsquo;on apprend que Jean Pierre Amougou Belinga est inculpe\u0301 pour \u00ab\u00a0Complicite\u0301 de torture par aide\u00a0\u00bb.<\/p>\n<p>\u00ab\u00a0Nous portons a\u0300 l&rsquo;attention de l&rsquo;opinion publique nationale et internationale, qu&rsquo;apre\u0300s avoir passe\u0301 25 jours en de\u0301tention au Service centrale des Recherches judiciaires, le PDG du groupe l&rsquo;Anecdote a e\u0301te\u0301 place\u0301 sous mandat de de\u0301po\u0302t ce 04 mars a\u0300 la prison centrale de Kondengui. Ceci est intervenu apre\u0300s son passage devant le juge d&rsquo;instructions au Tribunal Militaire. Il y est place\u0301 pour complicite\u0301 de torture par aide\u00a0\u00bb, peut-on lire dans le communique\u0301 signe\u0301 par le chef de division communication du groupe l&rsquo;Anecdote, Ines Belinga.<\/p>\n<p>Cette dernie\u0300re informe e\u0301galement que tous les employe\u0301s du groupe qui avaient e\u0301te\u0301 arre\u0302te\u0301s ont e\u0301te\u0301 libe\u0301re\u0301s.<\/p>\n<p>Torture\u0301 de manie\u0300re sauvage<\/p>\n<p>On connait dans les de\u0301tails les plus pre\u0301cis, comment Martinez Zogo a e\u0301te\u0301 torture\u0301 mutile\u0301 par des e\u0301le\u0301ments du DGRE.<\/p>\n<p>Dans un rapport sur les re\u0301sultats de l&rsquo;enque\u0302te ouverte pour e\u0301lucider les circonstances de la mort de Martinez, Reporters Sans Frontie\u0300res (RSF) livre la version des faits du colonel Danwe Justin,<\/p>\n<p>\u00ab\u00a0Selon Justin Danwe, Jean-Pierre Amougou Belinga aurait asse\u0301ne\u0301 des coups au journaliste dans le sous-sol de son immeuble. L\u2019homme d\u2019affaires aurait alors appele\u0301 Laurent Esso, le garde des Sceaux dont il est proche, afin de lui demander quel sort re\u0301server au pre\u0301sentateur radio. D\u2019apre\u0300s ce te\u0301moignage, le ministre, un des hommes les plus puissants du re\u0301gime, lui aurait alors re\u0301pondu de \u201cfinir le travail\u201d pour e\u0301viter une nouvelle affaire Paul Chouta, un journaliste laisse\u0301 pour mort au bord d\u2019une route l\u2019anne\u0301e dernie\u0300re, apre\u0300s avoir e\u0301te\u0301 passe\u0301 a\u0300 tabac par un myste\u0301rieux commando, qui n\u2019a jamais e\u0301te\u0301 identifie\u0301\u00a0\u00bb, lit-on dans le rapport.<\/p>\n<p>\u00ab\u00a0L\u2019homme d\u2019affaires n\u2019aurait pas assiste\u0301 a\u0300 la \u201cfin du travail\u201d que Justin Danwe reconnai\u0302t avoir effectue\u0301 avec ses hommes. Selon des informations obtenues d\u2019une source me\u0301dicale par RSF, le corps du journaliste a e\u0301te\u0301 se\u0301ve\u0300rement mutile\u0301 : doigts coupe\u0301s, multiples fractures au niveau des bras et des jambes, barre de fer enfonce\u0301e dans l\u2019anus&#8230;\u00a0\u00bb, ajoure RSF.<\/p>\n<p><strong>Pour plus d&rsquo;informations et d&rsquo;analyses sur la <a href=\"https:\/\/www.africa-press.net\/cameroun\">Cameroun<\/a>, suivez <a href=\"https:\/\/www.africa-press.net\/\">Africa-Press<\/a><\/strong><\/p>\n","protected":false},"excerpt":{"rendered":"<p>Africa-Press &#8211; Cameroun. Le PDG du groupe l&rsquo;Anecdote en garde a\u0300 vue depuis le 6 fe\u0301vrier, a e\u0301te\u0301 envoye\u0301 ce samedi 04 mars a\u0300 la prison centrale de Kondengui a\u0300 Yaounde\u0301. On connait de\u0301sormais le ro\u0302le joue\u0301 par Jean Pierre Amougou Belinga dans l&rsquo;enle\u0300vement, la torture et l&rsquo;assassinat du journaliste Martinez Mbami Zogo, dont le [&hellip;]<\/p>\n","protected":false},"author":82,"featured_media":38325,"comment_status":"open","ping_status":"closed","sticky":false,"template":"","format":"standard","meta":{"footnotes":""},"categories":[2,10],"tags":[36,50,49],"class_list":["post-38326","post","type-post","status-publish","format-standard","has-post-thumbnail","hentry","category-politique","category-toutes-les-actualites","tag-africa-press","tag-africa-press-cameroun","tag-cameroun"],"yoast_head":"<!-- This site is optimized with the Yoast SEO Premium plugin v26.1 (Yoast SEO v27.0) - https:\/\/yoast.com\/product\/yoast-seo-premium-wordpress\/ -->\n<title>Jug\u00e9 coupable, voici les charges retenues par le Tribunal militaire contre Amougou Belinga - Cameroun<\/title>\n<meta name=\"description\" content=\"Le PDG du groupe l&#039;Anecdote en garde a\u0300 vue depuis le 6 fe\u0301vrier, a e\u0301te\u0301 envoye\u0301 ce samedi 04 mars a\u0300 la prison central ...\" \/>\n<meta name=\"robots\" content=\"index, follow, max-snippet:-1, max-image-preview:large, max-video-preview:-1\" \/>\n<link rel=\"canonical\" href=\"https:\/\/www.africa-press.net\/cameroun\/politique\/juge-coupable-voici-les-charges-retenues-par-le-tribunal-militaire-contre-amougou-belinga\" \/>\n<meta property=\"og:locale\" content=\"fr_FR\" \/>\n<meta property=\"og:type\" content=\"article\" \/>\n<meta property=\"og:title\" content=\"Jug\u00e9 coupable, voici les charges retenues par le Tribunal militaire contre Amougou Belinga\" \/>\n<meta property=\"og:description\" content=\"Le PDG du groupe l&#039;Anecdote en garde a\u0300 vue depuis le 6 fe\u0301vrier, a e\u0301te\u0301 envoye\u0301 ce samedi 04 mars a\u0300 la prison central ...\" \/>\n<meta property=\"og:url\" content=\"https:\/\/www.africa-press.net\/cameroun\/politique\/juge-coupable-voici-les-charges-retenues-par-le-tribunal-militaire-contre-amougou-belinga\" \/>\n<meta property=\"og:site_name\" content=\"Cameroun\" \/>\n<meta property=\"article:published_time\" content=\"2023-03-04T18:24:47+00:00\" \/>\n<meta property=\"article:modified_time\" content=\"2023-03-04T19:22:31+00:00\" \/>\n<meta property=\"og:image\" content=\"https:\/\/static.africa-press.net\/cameroun\/sites\/57\/2023\/03\/postQueueImg_1677941691.78.jpg\" \/>\n\t<meta property=\"og:image:width\" content=\"800\" \/>\n\t<meta property=\"og:image:height\" content=\"578\" \/>\n\t<meta property=\"og:image:type\" content=\"image\/jpeg\" \/>\n<meta name=\"author\" content=\"cfeditorfr\" \/>\n<meta name=\"twitter:card\" content=\"summary_large_image\" \/>\n<meta name=\"twitter:label1\" content=\"\u00c9crit par\" \/>\n\t<meta name=\"twitter:data1\" content=\"cfeditorfr\" \/>\n\t<meta name=\"twitter:label2\" content=\"Dur\u00e9e de lecture estim\u00e9e\" \/>\n\t<meta name=\"twitter:data2\" content=\"3 minutes\" \/>\n<script type=\"application\/ld+json\" class=\"yoast-schema-graph\">{\"@context\":\"https:\/\/schema.org\",\"@graph\":[{\"@type\":\"Article\",\"@id\":\"https:\/\/www.africa-press.net\/cameroun\/politique\/juge-coupable-voici-les-charges-retenues-par-le-tribunal-militaire-contre-amougou-belinga#article\",\"isPartOf\":{\"@id\":\"https:\/\/www.africa-press.net\/cameroun\/politique\/juge-coupable-voici-les-charges-retenues-par-le-tribunal-militaire-contre-amougou-belinga\"},\"author\":{\"name\":\"cfeditorfr\",\"@id\":\"https:\/\/www.africa-press.net\/cameroun\/#\/schema\/person\/2b1cf3cd81a31e3cd26889ca66d677f1\"},\"headline\":\"Jug\u00e9 coupable, voici les charges retenues par le Tribunal militaire contre Amougou Belinga\",\"datePublished\":\"2023-03-04T18:24:47+00:00\",\"dateModified\":\"2023-03-04T19:22:31+00:00\",\"mainEntityOfPage\":{\"@id\":\"https:\/\/www.africa-press.net\/cameroun\/politique\/juge-coupable-voici-les-charges-retenues-par-le-tribunal-militaire-contre-amougou-belinga\"},\"wordCount\":502,\"commentCount\":0,\"image\":{\"@id\":\"https:\/\/www.africa-press.net\/cameroun\/politique\/juge-coupable-voici-les-charges-retenues-par-le-tribunal-militaire-contre-amougou-belinga#primaryimage\"},\"thumbnailUrl\":\"https:\/\/static.africa-press.net\/cameroun\/sites\/57\/2023\/03\/postQueueImg_1677941691.78.jpg\",\"keywords\":[\"Africa Press\",\"Africa Press-Cameroun\",\"Cameroun\"],\"articleSection\":[\"Politique\",\"Toutes les actualit\u00e9s\"],\"inLanguage\":\"fr-FR\",\"potentialAction\":[{\"@type\":\"CommentAction\",\"name\":\"Comment\",\"target\":[\"https:\/\/www.africa-press.net\/cameroun\/politique\/juge-coupable-voici-les-charges-retenues-par-le-tribunal-militaire-contre-amougou-belinga#respond\"]}]},{\"@type\":\"WebPage\",\"@id\":\"https:\/\/www.africa-press.net\/cameroun\/politique\/juge-coupable-voici-les-charges-retenues-par-le-tribunal-militaire-contre-amougou-belinga\",\"url\":\"https:\/\/www.africa-press.net\/cameroun\/politique\/juge-coupable-voici-les-charges-retenues-par-le-tribunal-militaire-contre-amougou-belinga\",\"name\":\"Jug\u00e9 coupable, voici les charges retenues par le Tribunal militaire contre Amougou Belinga - Cameroun\",\"isPartOf\":{\"@id\":\"https:\/\/www.africa-press.net\/cameroun\/#website\"},\"primaryImageOfPage\":{\"@id\":\"https:\/\/www.africa-press.net\/cameroun\/politique\/juge-coupable-voici-les-charges-retenues-par-le-tribunal-militaire-contre-amougou-belinga#primaryimage\"},\"image\":{\"@id\":\"https:\/\/www.africa-press.net\/cameroun\/politique\/juge-coupable-voici-les-charges-retenues-par-le-tribunal-militaire-contre-amougou-belinga#primaryimage\"},\"thumbnailUrl\":\"https:\/\/static.africa-press.net\/cameroun\/sites\/57\/2023\/03\/postQueueImg_1677941691.78.jpg\",\"datePublished\":\"2023-03-04T18:24:47+00:00\",\"dateModified\":\"2023-03-04T19:22:31+00:00\",\"author\":{\"@id\":\"https:\/\/www.africa-press.net\/cameroun\/#\/schema\/person\/2b1cf3cd81a31e3cd26889ca66d677f1\"},\"description\":\"Le PDG du groupe l'Anecdote en garde a\u0300 vue depuis le 6 fe\u0301vrier, a e\u0301te\u0301 envoye\u0301 ce samedi 04 mars a\u0300 la prison central ...\",\"breadcrumb\":{\"@id\":\"https:\/\/www.africa-press.net\/cameroun\/politique\/juge-coupable-voici-les-charges-retenues-par-le-tribunal-militaire-contre-amougou-belinga#breadcrumb\"},\"inLanguage\":\"fr-FR\",\"potentialAction\":[{\"@type\":\"ReadAction\",\"target\":[\"https:\/\/www.africa-press.net\/cameroun\/politique\/juge-coupable-voici-les-charges-retenues-par-le-tribunal-militaire-contre-amougou-belinga\"]}]},{\"@type\":\"ImageObject\",\"inLanguage\":\"fr-FR\",\"@id\":\"https:\/\/www.africa-press.net\/cameroun\/politique\/juge-coupable-voici-les-charges-retenues-par-le-tribunal-militaire-contre-amougou-belinga#primaryimage\",\"url\":\"https:\/\/static.africa-press.net\/cameroun\/sites\/57\/2023\/03\/postQueueImg_1677941691.78.jpg\",\"contentUrl\":\"https:\/\/static.africa-press.net\/cameroun\/sites\/57\/2023\/03\/postQueueImg_1677941691.78.jpg\",\"width\":800,\"height\":578,\"caption\":\"Jug\u00e9 coupable, voici les charges retenues par le Tribunal militaire contre Amougou Belinga\"},{\"@type\":\"BreadcrumbList\",\"@id\":\"https:\/\/www.africa-press.net\/cameroun\/politique\/juge-coupable-voici-les-charges-retenues-par-le-tribunal-militaire-contre-amougou-belinga#breadcrumb\",\"itemListElement\":[{\"@type\":\"ListItem\",\"position\":1,\"name\":\"Accueil\",\"item\":\"https:\/\/www.africa-press.net\/cameroun\/\"},{\"@type\":\"ListItem\",\"position\":2,\"name\":\"Jug\u00e9 coupable, voici les charges retenues par le Tribunal militaire contre Amougou Belinga\"}]},{\"@type\":\"WebSite\",\"@id\":\"https:\/\/www.africa-press.net\/cameroun\/#website\",\"url\":\"https:\/\/www.africa-press.net\/cameroun\/\",\"name\":\"Cameroun\",\"description\":\"Just another Africa News Agency Sites site\",\"potentialAction\":[{\"@type\":\"SearchAction\",\"target\":{\"@type\":\"EntryPoint\",\"urlTemplate\":\"https:\/\/www.africa-press.net\/cameroun\/?s={search_term_string}\"},\"query-input\":{\"@type\":\"PropertyValueSpecification\",\"valueRequired\":true,\"valueName\":\"search_term_string\"}}],\"inLanguage\":\"fr-FR\"},{\"@type\":\"Person\",\"@id\":\"https:\/\/www.africa-press.net\/cameroun\/#\/schema\/person\/2b1cf3cd81a31e3cd26889ca66d677f1\",\"name\":\"cfeditorfr\"}]}<\/script>\n<!-- \/ Yoast SEO Premium plugin. -->","yoast_head_json":{"title":"Jug\u00e9 coupable, voici les charges retenues par le Tribunal militaire contre Amougou Belinga - Cameroun","description":"Le PDG du groupe l'Anecdote en garde a\u0300 vue depuis le 6 fe\u0301vrier, a e\u0301te\u0301 envoye\u0301 ce samedi 04 mars a\u0300 la prison central ...","robots":{"index":"index","follow":"follow","max-snippet":"max-snippet:-1","max-image-preview":"max-image-preview:large","max-video-preview":"max-video-preview:-1"},"canonical":"https:\/\/www.africa-press.net\/cameroun\/politique\/juge-coupable-voici-les-charges-retenues-par-le-tribunal-militaire-contre-amougou-belinga","og_locale":"fr_FR","og_type":"article","og_title":"Jug\u00e9 coupable, voici les charges retenues par le Tribunal militaire contre Amougou Belinga","og_description":"Le PDG du groupe l'Anecdote en garde a\u0300 vue depuis le 6 fe\u0301vrier, a e\u0301te\u0301 envoye\u0301 ce samedi 04 mars a\u0300 la prison central ...","og_url":"https:\/\/www.africa-press.net\/cameroun\/politique\/juge-coupable-voici-les-charges-retenues-par-le-tribunal-militaire-contre-amougou-belinga","og_site_name":"Cameroun","article_published_time":"2023-03-04T18:24:47+00:00","article_modified_time":"2023-03-04T19:22:31+00:00","og_image":[{"width":800,"height":578,"url":"https:\/\/static.africa-press.net\/cameroun\/sites\/57\/2023\/03\/postQueueImg_1677941691.78.jpg","type":"image\/jpeg"}],"author":"cfeditorfr","twitter_card":"summary_large_image","twitter_misc":{"\u00c9crit par":"cfeditorfr","Dur\u00e9e de lecture estim\u00e9e":"3 minutes"},"schema":{"@context":"https:\/\/schema.org","@graph":[{"@type":"Article","@id":"https:\/\/www.africa-press.net\/cameroun\/politique\/juge-coupable-voici-les-charges-retenues-par-le-tribunal-militaire-contre-amougou-belinga#article","isPartOf":{"@id":"https:\/\/www.africa-press.net\/cameroun\/politique\/juge-coupable-voici-les-charges-retenues-par-le-tribunal-militaire-contre-amougou-belinga"},"author":{"name":"cfeditorfr","@id":"https:\/\/www.africa-press.net\/cameroun\/#\/schema\/person\/2b1cf3cd81a31e3cd26889ca66d677f1"},"headline":"Jug\u00e9 coupable, voici les charges retenues par le Tribunal militaire contre Amougou Belinga","datePublished":"2023-03-04T18:24:47+00:00","dateModified":"2023-03-04T19:22:31+00:00","mainEntityOfPage":{"@id":"https:\/\/www.africa-press.net\/cameroun\/politique\/juge-coupable-voici-les-charges-retenues-par-le-tribunal-militaire-contre-amougou-belinga"},"wordCount":502,"commentCount":0,"image":{"@id":"https:\/\/www.africa-press.net\/cameroun\/politique\/juge-coupable-voici-les-charges-retenues-par-le-tribunal-militaire-contre-amougou-belinga#primaryimage"},"thumbnailUrl":"https:\/\/static.africa-press.net\/cameroun\/sites\/57\/2023\/03\/postQueueImg_1677941691.78.jpg","keywords":["Africa Press","Africa Press-Cameroun","Cameroun"],"articleSection":["Politique","Toutes les actualit\u00e9s"],"inLanguage":"fr-FR","potentialAction":[{"@type":"CommentAction","name":"Comment","target":["https:\/\/www.africa-press.net\/cameroun\/politique\/juge-coupable-voici-les-charges-retenues-par-le-tribunal-militaire-contre-amougou-belinga#respond"]}]},{"@type":"WebPage","@id":"https:\/\/www.africa-press.net\/cameroun\/politique\/juge-coupable-voici-les-charges-retenues-par-le-tribunal-militaire-contre-amougou-belinga","url":"https:\/\/www.africa-press.net\/cameroun\/politique\/juge-coupable-voici-les-charges-retenues-par-le-tribunal-militaire-contre-amougou-belinga","name":"Jug\u00e9 coupable, voici les charges retenues par le Tribunal militaire contre Amougou Belinga - Cameroun","isPartOf":{"@id":"https:\/\/www.africa-press.net\/cameroun\/#website"},"primaryImageOfPage":{"@id":"https:\/\/www.africa-press.net\/cameroun\/politique\/juge-coupable-voici-les-charges-retenues-par-le-tribunal-militaire-contre-amougou-belinga#primaryimage"},"image":{"@id":"https:\/\/www.africa-press.net\/cameroun\/politique\/juge-coupable-voici-les-charges-retenues-par-le-tribunal-militaire-contre-amougou-belinga#primaryimage"},"thumbnailUrl":"https:\/\/static.africa-press.net\/cameroun\/sites\/57\/2023\/03\/postQueueImg_1677941691.78.jpg","datePublished":"2023-03-04T18:24:47+00:00","dateModified":"2023-03-04T19:22:31+00:00","author":{"@id":"https:\/\/www.africa-press.net\/cameroun\/#\/schema\/person\/2b1cf3cd81a31e3cd26889ca66d677f1"},"description":"Le PDG du groupe l'Anecdote en garde a\u0300 vue depuis le 6 fe\u0301vrier, a e\u0301te\u0301 envoye\u0301 ce samedi 04 mars a\u0300 la prison central ...","breadcrumb":{"@id":"https:\/\/www.africa-press.net\/cameroun\/politique\/juge-coupable-voici-les-charges-retenues-par-le-tribunal-militaire-contre-amougou-belinga#breadcrumb"},"inLanguage":"fr-FR","potentialAction":[{"@type":"ReadAction","target":["https:\/\/www.africa-press.net\/cameroun\/politique\/juge-coupable-voici-les-charges-retenues-par-le-tribunal-militaire-contre-amougou-belinga"]}]},{"@type":"ImageObject","inLanguage":"fr-FR","@id":"https:\/\/www.africa-press.net\/cameroun\/politique\/juge-coupable-voici-les-charges-retenues-par-le-tribunal-militaire-contre-amougou-belinga#primaryimage","url":"https:\/\/static.africa-press.net\/cameroun\/sites\/57\/2023\/03\/postQueueImg_1677941691.78.jpg","contentUrl":"https:\/\/static.africa-press.net\/cameroun\/sites\/57\/2023\/03\/postQueueImg_1677941691.78.jpg","width":800,"height":578,"caption":"Jug\u00e9 coupable, voici les charges retenues par le Tribunal militaire contre Amougou Belinga"},{"@type":"BreadcrumbList","@id":"https:\/\/www.africa-press.net\/cameroun\/politique\/juge-coupable-voici-les-charges-retenues-par-le-tribunal-militaire-contre-amougou-belinga#breadcrumb","itemListElement":[{"@type":"ListItem","position":1,"name":"Accueil","item":"https:\/\/www.africa-press.net\/cameroun\/"},{"@type":"ListItem","position":2,"name":"Jug\u00e9 coupable, voici les charges retenues par le Tribunal militaire contre Amougou Belinga"}]},{"@type":"WebSite","@id":"https:\/\/www.africa-press.net\/cameroun\/#website","url":"https:\/\/www.africa-press.net\/cameroun\/","name":"Cameroun","description":"Just another Africa News Agency Sites site","potentialAction":[{"@type":"SearchAction","target":{"@type":"EntryPoint","urlTemplate":"https:\/\/www.africa-press.net\/cameroun\/?s={search_term_string}"},"query-input":{"@type":"PropertyValueSpecification","valueRequired":true,"valueName":"search_term_string"}}],"inLanguage":"fr-FR"},{"@type":"Person","@id":"https:\/\/www.africa-press.net\/cameroun\/#\/schema\/person\/2b1cf3cd81a31e3cd26889ca66d677f1","name":"cfeditorfr"}]}},"_links":{"self":[{"href":"https:\/\/www.africa-press.net\/cameroun\/wp-json\/wp\/v2\/posts\/38326","targetHints":{"allow":["GET"]}}],"collection":[{"href":"https:\/\/www.africa-press.net\/cameroun\/wp-json\/wp\/v2\/posts"}],"about":[{"href":"https:\/\/www.africa-press.net\/cameroun\/wp-json\/wp\/v2\/types\/post"}],"author":[{"embeddable":true,"href":"https:\/\/www.africa-press.net\/cameroun\/wp-json\/wp\/v2\/users\/82"}],"replies":[{"embeddable":true,"href":"https:\/\/www.africa-press.net\/cameroun\/wp-json\/wp\/v2\/comments?post=38326"}],"version-history":[{"count":0,"href":"https:\/\/www.africa-press.net\/cameroun\/wp-json\/wp\/v2\/posts\/38326\/revisions"}],"wp:featuredmedia":[{"embeddable":true,"href":"https:\/\/www.africa-press.net\/cameroun\/wp-json\/wp\/v2\/media\/38325"}],"wp:attachment":[{"href":"https:\/\/www.africa-press.net\/cameroun\/wp-json\/wp\/v2\/media?parent=38326"}],"wp:term":[{"taxonomy":"category","embeddable":true,"href":"https:\/\/www.africa-press.net\/cameroun\/wp-json\/wp\/v2\/categories?post=38326"},{"taxonomy":"post_tag","embeddable":true,"href":"https:\/\/www.africa-press.net\/cameroun\/wp-json\/wp\/v2\/tags?post=38326"}],"curies":[{"name":"wp","href":"https:\/\/api.w.org\/{rel}","templated":true}]}}