{"id":38328,"date":"2023-03-04T18:24:57","date_gmt":"2023-03-04T18:24:57","guid":{"rendered":"https:\/\/www.africa-press.net\/cameroun\/politique\/le-film-de-larrivee-damougou-belinga-a-la-prison-de-kondengui"},"modified":"2023-03-04T19:23:02","modified_gmt":"2023-03-04T19:23:02","slug":"le-film-de-larrivee-damougou-belinga-a-la-prison-de-kondengui","status":"publish","type":"post","link":"https:\/\/www.africa-press.net\/cameroun\/toutes-les-actualites\/le-film-de-larrivee-damougou-belinga-a-la-prison-de-kondengui","title":{"rendered":"Le film de l&rsquo;arriv\u00e9e d&rsquo;Amougou Belinga \u00e0 la prison de Kondengui"},"content":{"rendered":"<p><span style=\"color: #ff6600\"><strong>Africa-Press &#8211; Cameroun. <\/strong><\/span>L\u2019attente aura e\u0301te\u0301 longue et a\u0300 des moments donne\u0301s curieuse. Maintenant le de\u0301nouement est connu dans l\u2019affaire Martinez Zogo. Le principal homme d\u2019affaires suspecte\u0301 depuis le de\u0301but d\u2019avoir commandite\u0301 le meurtre incroyable a e\u0301te\u0301 envoye\u0301 en prison. Jean-Pierre Amougou Belinga passera un long moment en prison.<\/p>\n<p>Le milliardaire Jean-Pierre Amougou Belinga n\u2019oubliera jamais la soire\u0301e du vendredi le 03 au petit matin du samedi le 04 mars 2023. C\u2019est au cours de ces heures que les enque\u0302teurs, avec les preuves qu\u2019ils ont a\u0300 leur disposition, ont tranche\u0301.<\/p>\n<p>Nous pouvons lire dans le communique\u0301 signe\u0301 par le chef de division de la communication du groupe L\u2019Anecdote, Ine\u0300s Arielle Zamo Belinga que \u00ab nous portons a\u0300 l\u2019attention de l\u2019opinion publique nationale et internationale qu\u2019apre\u0300s avoir passe\u0301 vingt-cinq (25) jours en de\u0301tention au Service central des recherches judiciaires, le pre\u0301sident du groupe L\u2019Anecdote monsieur Jean-Pierre Amougou Belinga a e\u0301te\u0301 place\u0301 sous mandat de de\u0301po\u0302t ce 04 mars 2023 a\u0300 la prison principale de Kondengui \u00bb.<\/p>\n<p>C\u2019est une nouvelle qui e\u0301tait tre\u0300s attendue ces derniers jours au pays, vu les e\u0301le\u0301ments cite\u0301s et les preuves (audios, vide\u0301os de surveillances, images, etc.) qu\u2019on disait avoir et qui prouvent l\u2019implication du zomloa des zomloa dans l\u2019affaire du journaliste tue\u0301.<\/p>\n<p>Dans une publication du lanceur d\u2019alertes Nzui Manto, il est e\u0301crit : Kondengui news : Bre\u0300ve escale de Jean-Pierre Amougou Belinga a\u0300 la Cour d&rsquo;honneur (espace administratif situe\u0301 de\u0300s le franchissement de la grande porte me\u0301tallique donnant acce\u0300s a\u0300 la prison centrale) \u00bb.<\/p>\n<p>Dans ce re\u0301cit qui ressemble a\u0300 un film de l\u2019arrive\u0301e du PDG de Vision 4 Jean-Pierre Amougou Belinga, on apprend du me\u0302me informateur que le zomloa est \u00ab mute\u0301 dans le me\u0302me local que son homonyme Amougou Foe\u0301, l&rsquo;escroc du Mida. \u00ab\u00a0Cher fre\u0300re comment allez-vous ? Lui a demande\u0301 son code\u0301tenu \u00bb.<\/p>\n<p>Les jours suivants vont e\u0302tre tre\u0300s longs pour Jean-Pierre Amougou Belinga. Si plusieurs autres personnes garde\u0301es a\u0300 vue comme Bruno Bidjang ont e\u0301te\u0301 libe\u0301re\u0301es, le proprie\u0301taire de Te\u0301le\u0301sud lui va devoir s\u2019habituer a\u0300 sa cellule du co\u0302te\u0301 de Kondengui a\u0300 Yaounde\u0301, en attendant la peine qui lui sera inflige\u0301e.<\/p>\n<p>Mais a\u0300 cette e\u0301tape, il ne fait plus aucun doute que Jean-Pierre Amougou Belinga est mouille\u0301. Il a bien participe\u0301 a\u0300 l\u2019assassinat de Martinez Zogo, homme de me\u0301dia kidnappe\u0301, torture\u0301 gravement, tue\u0301 et jete\u0301 a\u0300 Ebogo dans un quartier de la capitale politique.<\/p>\n<p>La justice a longtemps e\u0301te\u0301 re\u0301clame\u0301e par le peuple. L\u2019emprisonnement de Belinga va-t-il suffire a\u0300 calmer les ardeurs ? Y a-t-il d\u2019autres personnes dans le coup ? Nous le saurons bien assez to\u0302t.<\/p>\n<p><strong>Pour plus d&rsquo;informations et d&rsquo;analyses sur la <a href=\"https:\/\/www.africa-press.net\/cameroun\">Cameroun<\/a>, suivez <a href=\"https:\/\/www.africa-press.net\/\">Africa-Press<\/a><\/strong><\/p>\n","protected":false},"excerpt":{"rendered":"<p>Africa-Press &#8211; Cameroun. L\u2019attente aura e\u0301te\u0301 longue et a\u0300 des moments donne\u0301s curieuse. Maintenant le de\u0301nouement est connu dans l\u2019affaire Martinez Zogo. Le principal homme d\u2019affaires suspecte\u0301 depuis le de\u0301but d\u2019avoir commandite\u0301 le meurtre incroyable a e\u0301te\u0301 envoye\u0301 en prison. Jean-Pierre Amougou Belinga passera un long moment en prison. Le milliardaire Jean-Pierre Amougou Belinga n\u2019oubliera [&hellip;]<\/p>\n","protected":false},"author":82,"featured_media":38327,"comment_status":"open","ping_status":"closed","sticky":false,"template":"","format":"standard","meta":{"footnotes":""},"categories":[21,10],"tags":[36,50,49],"class_list":["post-38328","post","type-post","status-publish","format-standard","has-post-thumbnail","hentry","category-communaute","category-toutes-les-actualites","tag-africa-press","tag-africa-press-cameroun","tag-cameroun"],"yoast_head":"<!-- This site is optimized with the Yoast SEO Premium plugin v26.1 (Yoast SEO v27.0) - https:\/\/yoast.com\/product\/yoast-seo-premium-wordpress\/ -->\n<title>Le film de l&#039;arriv\u00e9e d&#039;Amougou Belinga \u00e0 la prison de Kondengui - Cameroun<\/title>\n<meta name=\"description\" content=\"L\u2019attente aura e\u0301te\u0301 longue et a\u0300 des moments donne\u0301s curieuse. Maintenant le de\u0301nouement est connu dans l\u2019affaire Marti ...\" \/>\n<meta name=\"robots\" content=\"index, follow, max-snippet:-1, max-image-preview:large, max-video-preview:-1\" \/>\n<link rel=\"canonical\" href=\"https:\/\/www.africa-press.net\/cameroun\/toutes-les-actualites\/le-film-de-larrivee-damougou-belinga-a-la-prison-de-kondengui\" \/>\n<meta property=\"og:locale\" content=\"fr_FR\" \/>\n<meta property=\"og:type\" content=\"article\" \/>\n<meta property=\"og:title\" content=\"Le film de l&#039;arriv\u00e9e d&#039;Amougou Belinga \u00e0 la prison de Kondengui\" \/>\n<meta property=\"og:description\" content=\"L\u2019attente aura e\u0301te\u0301 longue et a\u0300 des moments donne\u0301s curieuse. Maintenant le de\u0301nouement est connu dans l\u2019affaire Marti ...\" \/>\n<meta property=\"og:url\" content=\"https:\/\/www.africa-press.net\/cameroun\/toutes-les-actualites\/le-film-de-larrivee-damougou-belinga-a-la-prison-de-kondengui\" \/>\n<meta property=\"og:site_name\" content=\"Cameroun\" \/>\n<meta property=\"article:published_time\" content=\"2023-03-04T18:24:57+00:00\" \/>\n<meta property=\"article:modified_time\" content=\"2023-03-04T19:23:02+00:00\" \/>\n<meta property=\"og:image\" content=\"https:\/\/static.africa-press.net\/cameroun\/sites\/57\/2023\/03\/postQueueImg_1677941701.01.jpg\" \/>\n\t<meta property=\"og:image:width\" content=\"1280\" \/>\n\t<meta property=\"og:image:height\" content=\"720\" \/>\n\t<meta property=\"og:image:type\" content=\"image\/jpeg\" \/>\n<meta name=\"author\" content=\"cfeditorfr\" \/>\n<meta name=\"twitter:card\" content=\"summary_large_image\" \/>\n<meta name=\"twitter:label1\" content=\"\u00c9crit par\" \/>\n\t<meta name=\"twitter:data1\" content=\"cfeditorfr\" \/>\n\t<meta name=\"twitter:label2\" content=\"Dur\u00e9e de lecture estim\u00e9e\" \/>\n\t<meta name=\"twitter:data2\" content=\"3 minutes\" \/>\n<script type=\"application\/ld+json\" class=\"yoast-schema-graph\">{\"@context\":\"https:\/\/schema.org\",\"@graph\":[{\"@type\":\"Article\",\"@id\":\"https:\/\/www.africa-press.net\/cameroun\/toutes-les-actualites\/le-film-de-larrivee-damougou-belinga-a-la-prison-de-kondengui#article\",\"isPartOf\":{\"@id\":\"https:\/\/www.africa-press.net\/cameroun\/toutes-les-actualites\/le-film-de-larrivee-damougou-belinga-a-la-prison-de-kondengui\"},\"author\":{\"name\":\"cfeditorfr\",\"@id\":\"https:\/\/www.africa-press.net\/cameroun\/#\/schema\/person\/2b1cf3cd81a31e3cd26889ca66d677f1\"},\"headline\":\"Le film de l&rsquo;arriv\u00e9e d&rsquo;Amougou Belinga \u00e0 la prison de Kondengui\",\"datePublished\":\"2023-03-04T18:24:57+00:00\",\"dateModified\":\"2023-03-04T19:23:02+00:00\",\"mainEntityOfPage\":{\"@id\":\"https:\/\/www.africa-press.net\/cameroun\/toutes-les-actualites\/le-film-de-larrivee-damougou-belinga-a-la-prison-de-kondengui\"},\"wordCount\":506,\"commentCount\":0,\"image\":{\"@id\":\"https:\/\/www.africa-press.net\/cameroun\/toutes-les-actualites\/le-film-de-larrivee-damougou-belinga-a-la-prison-de-kondengui#primaryimage\"},\"thumbnailUrl\":\"https:\/\/static.africa-press.net\/cameroun\/sites\/57\/2023\/03\/postQueueImg_1677941701.01.jpg\",\"keywords\":[\"Africa Press\",\"Africa Press-Cameroun\",\"Cameroun\"],\"articleSection\":[\"Communaut\u00e9\",\"Toutes les actualit\u00e9s\"],\"inLanguage\":\"fr-FR\",\"potentialAction\":[{\"@type\":\"CommentAction\",\"name\":\"Comment\",\"target\":[\"https:\/\/www.africa-press.net\/cameroun\/toutes-les-actualites\/le-film-de-larrivee-damougou-belinga-a-la-prison-de-kondengui#respond\"]}]},{\"@type\":\"WebPage\",\"@id\":\"https:\/\/www.africa-press.net\/cameroun\/toutes-les-actualites\/le-film-de-larrivee-damougou-belinga-a-la-prison-de-kondengui\",\"url\":\"https:\/\/www.africa-press.net\/cameroun\/toutes-les-actualites\/le-film-de-larrivee-damougou-belinga-a-la-prison-de-kondengui\",\"name\":\"Le film de l'arriv\u00e9e d'Amougou Belinga \u00e0 la prison de Kondengui - Cameroun\",\"isPartOf\":{\"@id\":\"https:\/\/www.africa-press.net\/cameroun\/#website\"},\"primaryImageOfPage\":{\"@id\":\"https:\/\/www.africa-press.net\/cameroun\/toutes-les-actualites\/le-film-de-larrivee-damougou-belinga-a-la-prison-de-kondengui#primaryimage\"},\"image\":{\"@id\":\"https:\/\/www.africa-press.net\/cameroun\/toutes-les-actualites\/le-film-de-larrivee-damougou-belinga-a-la-prison-de-kondengui#primaryimage\"},\"thumbnailUrl\":\"https:\/\/static.africa-press.net\/cameroun\/sites\/57\/2023\/03\/postQueueImg_1677941701.01.jpg\",\"datePublished\":\"2023-03-04T18:24:57+00:00\",\"dateModified\":\"2023-03-04T19:23:02+00:00\",\"author\":{\"@id\":\"https:\/\/www.africa-press.net\/cameroun\/#\/schema\/person\/2b1cf3cd81a31e3cd26889ca66d677f1\"},\"description\":\"L\u2019attente aura e\u0301te\u0301 longue et a\u0300 des moments donne\u0301s curieuse. Maintenant le de\u0301nouement est connu dans l\u2019affaire Marti ...\",\"breadcrumb\":{\"@id\":\"https:\/\/www.africa-press.net\/cameroun\/toutes-les-actualites\/le-film-de-larrivee-damougou-belinga-a-la-prison-de-kondengui#breadcrumb\"},\"inLanguage\":\"fr-FR\",\"potentialAction\":[{\"@type\":\"ReadAction\",\"target\":[\"https:\/\/www.africa-press.net\/cameroun\/toutes-les-actualites\/le-film-de-larrivee-damougou-belinga-a-la-prison-de-kondengui\"]}]},{\"@type\":\"ImageObject\",\"inLanguage\":\"fr-FR\",\"@id\":\"https:\/\/www.africa-press.net\/cameroun\/toutes-les-actualites\/le-film-de-larrivee-damougou-belinga-a-la-prison-de-kondengui#primaryimage\",\"url\":\"https:\/\/static.africa-press.net\/cameroun\/sites\/57\/2023\/03\/postQueueImg_1677941701.01.jpg\",\"contentUrl\":\"https:\/\/static.africa-press.net\/cameroun\/sites\/57\/2023\/03\/postQueueImg_1677941701.01.jpg\",\"width\":1280,\"height\":720,\"caption\":\"Le film de l'arriv\u00e9e d'Amougou Belinga \u00e0 la prison de Kondengui\"},{\"@type\":\"BreadcrumbList\",\"@id\":\"https:\/\/www.africa-press.net\/cameroun\/toutes-les-actualites\/le-film-de-larrivee-damougou-belinga-a-la-prison-de-kondengui#breadcrumb\",\"itemListElement\":[{\"@type\":\"ListItem\",\"position\":1,\"name\":\"Accueil\",\"item\":\"https:\/\/www.africa-press.net\/cameroun\/\"},{\"@type\":\"ListItem\",\"position\":2,\"name\":\"Le film de l&rsquo;arriv\u00e9e d&rsquo;Amougou Belinga \u00e0 la prison de Kondengui\"}]},{\"@type\":\"WebSite\",\"@id\":\"https:\/\/www.africa-press.net\/cameroun\/#website\",\"url\":\"https:\/\/www.africa-press.net\/cameroun\/\",\"name\":\"Cameroun\",\"description\":\"Just another Africa News Agency Sites site\",\"potentialAction\":[{\"@type\":\"SearchAction\",\"target\":{\"@type\":\"EntryPoint\",\"urlTemplate\":\"https:\/\/www.africa-press.net\/cameroun\/?s={search_term_string}\"},\"query-input\":{\"@type\":\"PropertyValueSpecification\",\"valueRequired\":true,\"valueName\":\"search_term_string\"}}],\"inLanguage\":\"fr-FR\"},{\"@type\":\"Person\",\"@id\":\"https:\/\/www.africa-press.net\/cameroun\/#\/schema\/person\/2b1cf3cd81a31e3cd26889ca66d677f1\",\"name\":\"cfeditorfr\"}]}<\/script>\n<!-- \/ Yoast SEO Premium plugin. -->","yoast_head_json":{"title":"Le film de l'arriv\u00e9e d'Amougou Belinga \u00e0 la prison de Kondengui - Cameroun","description":"L\u2019attente aura e\u0301te\u0301 longue et a\u0300 des moments donne\u0301s curieuse. Maintenant le de\u0301nouement est connu dans l\u2019affaire Marti ...","robots":{"index":"index","follow":"follow","max-snippet":"max-snippet:-1","max-image-preview":"max-image-preview:large","max-video-preview":"max-video-preview:-1"},"canonical":"https:\/\/www.africa-press.net\/cameroun\/toutes-les-actualites\/le-film-de-larrivee-damougou-belinga-a-la-prison-de-kondengui","og_locale":"fr_FR","og_type":"article","og_title":"Le film de l'arriv\u00e9e d'Amougou Belinga \u00e0 la prison de Kondengui","og_description":"L\u2019attente aura e\u0301te\u0301 longue et a\u0300 des moments donne\u0301s curieuse. Maintenant le de\u0301nouement est connu dans l\u2019affaire Marti ...","og_url":"https:\/\/www.africa-press.net\/cameroun\/toutes-les-actualites\/le-film-de-larrivee-damougou-belinga-a-la-prison-de-kondengui","og_site_name":"Cameroun","article_published_time":"2023-03-04T18:24:57+00:00","article_modified_time":"2023-03-04T19:23:02+00:00","og_image":[{"width":1280,"height":720,"url":"https:\/\/static.africa-press.net\/cameroun\/sites\/57\/2023\/03\/postQueueImg_1677941701.01.jpg","type":"image\/jpeg"}],"author":"cfeditorfr","twitter_card":"summary_large_image","twitter_misc":{"\u00c9crit par":"cfeditorfr","Dur\u00e9e de lecture estim\u00e9e":"3 minutes"},"schema":{"@context":"https:\/\/schema.org","@graph":[{"@type":"Article","@id":"https:\/\/www.africa-press.net\/cameroun\/toutes-les-actualites\/le-film-de-larrivee-damougou-belinga-a-la-prison-de-kondengui#article","isPartOf":{"@id":"https:\/\/www.africa-press.net\/cameroun\/toutes-les-actualites\/le-film-de-larrivee-damougou-belinga-a-la-prison-de-kondengui"},"author":{"name":"cfeditorfr","@id":"https:\/\/www.africa-press.net\/cameroun\/#\/schema\/person\/2b1cf3cd81a31e3cd26889ca66d677f1"},"headline":"Le film de l&rsquo;arriv\u00e9e d&rsquo;Amougou Belinga \u00e0 la prison de Kondengui","datePublished":"2023-03-04T18:24:57+00:00","dateModified":"2023-03-04T19:23:02+00:00","mainEntityOfPage":{"@id":"https:\/\/www.africa-press.net\/cameroun\/toutes-les-actualites\/le-film-de-larrivee-damougou-belinga-a-la-prison-de-kondengui"},"wordCount":506,"commentCount":0,"image":{"@id":"https:\/\/www.africa-press.net\/cameroun\/toutes-les-actualites\/le-film-de-larrivee-damougou-belinga-a-la-prison-de-kondengui#primaryimage"},"thumbnailUrl":"https:\/\/static.africa-press.net\/cameroun\/sites\/57\/2023\/03\/postQueueImg_1677941701.01.jpg","keywords":["Africa Press","Africa Press-Cameroun","Cameroun"],"articleSection":["Communaut\u00e9","Toutes les actualit\u00e9s"],"inLanguage":"fr-FR","potentialAction":[{"@type":"CommentAction","name":"Comment","target":["https:\/\/www.africa-press.net\/cameroun\/toutes-les-actualites\/le-film-de-larrivee-damougou-belinga-a-la-prison-de-kondengui#respond"]}]},{"@type":"WebPage","@id":"https:\/\/www.africa-press.net\/cameroun\/toutes-les-actualites\/le-film-de-larrivee-damougou-belinga-a-la-prison-de-kondengui","url":"https:\/\/www.africa-press.net\/cameroun\/toutes-les-actualites\/le-film-de-larrivee-damougou-belinga-a-la-prison-de-kondengui","name":"Le film de l'arriv\u00e9e d'Amougou Belinga \u00e0 la prison de Kondengui - Cameroun","isPartOf":{"@id":"https:\/\/www.africa-press.net\/cameroun\/#website"},"primaryImageOfPage":{"@id":"https:\/\/www.africa-press.net\/cameroun\/toutes-les-actualites\/le-film-de-larrivee-damougou-belinga-a-la-prison-de-kondengui#primaryimage"},"image":{"@id":"https:\/\/www.africa-press.net\/cameroun\/toutes-les-actualites\/le-film-de-larrivee-damougou-belinga-a-la-prison-de-kondengui#primaryimage"},"thumbnailUrl":"https:\/\/static.africa-press.net\/cameroun\/sites\/57\/2023\/03\/postQueueImg_1677941701.01.jpg","datePublished":"2023-03-04T18:24:57+00:00","dateModified":"2023-03-04T19:23:02+00:00","author":{"@id":"https:\/\/www.africa-press.net\/cameroun\/#\/schema\/person\/2b1cf3cd81a31e3cd26889ca66d677f1"},"description":"L\u2019attente aura e\u0301te\u0301 longue et a\u0300 des moments donne\u0301s curieuse. Maintenant le de\u0301nouement est connu dans l\u2019affaire Marti ...","breadcrumb":{"@id":"https:\/\/www.africa-press.net\/cameroun\/toutes-les-actualites\/le-film-de-larrivee-damougou-belinga-a-la-prison-de-kondengui#breadcrumb"},"inLanguage":"fr-FR","potentialAction":[{"@type":"ReadAction","target":["https:\/\/www.africa-press.net\/cameroun\/toutes-les-actualites\/le-film-de-larrivee-damougou-belinga-a-la-prison-de-kondengui"]}]},{"@type":"ImageObject","inLanguage":"fr-FR","@id":"https:\/\/www.africa-press.net\/cameroun\/toutes-les-actualites\/le-film-de-larrivee-damougou-belinga-a-la-prison-de-kondengui#primaryimage","url":"https:\/\/static.africa-press.net\/cameroun\/sites\/57\/2023\/03\/postQueueImg_1677941701.01.jpg","contentUrl":"https:\/\/static.africa-press.net\/cameroun\/sites\/57\/2023\/03\/postQueueImg_1677941701.01.jpg","width":1280,"height":720,"caption":"Le film de l'arriv\u00e9e d'Amougou Belinga \u00e0 la prison de Kondengui"},{"@type":"BreadcrumbList","@id":"https:\/\/www.africa-press.net\/cameroun\/toutes-les-actualites\/le-film-de-larrivee-damougou-belinga-a-la-prison-de-kondengui#breadcrumb","itemListElement":[{"@type":"ListItem","position":1,"name":"Accueil","item":"https:\/\/www.africa-press.net\/cameroun\/"},{"@type":"ListItem","position":2,"name":"Le film de l&rsquo;arriv\u00e9e d&rsquo;Amougou Belinga \u00e0 la prison de Kondengui"}]},{"@type":"WebSite","@id":"https:\/\/www.africa-press.net\/cameroun\/#website","url":"https:\/\/www.africa-press.net\/cameroun\/","name":"Cameroun","description":"Just another Africa News Agency Sites site","potentialAction":[{"@type":"SearchAction","target":{"@type":"EntryPoint","urlTemplate":"https:\/\/www.africa-press.net\/cameroun\/?s={search_term_string}"},"query-input":{"@type":"PropertyValueSpecification","valueRequired":true,"valueName":"search_term_string"}}],"inLanguage":"fr-FR"},{"@type":"Person","@id":"https:\/\/www.africa-press.net\/cameroun\/#\/schema\/person\/2b1cf3cd81a31e3cd26889ca66d677f1","name":"cfeditorfr"}]}},"_links":{"self":[{"href":"https:\/\/www.africa-press.net\/cameroun\/wp-json\/wp\/v2\/posts\/38328","targetHints":{"allow":["GET"]}}],"collection":[{"href":"https:\/\/www.africa-press.net\/cameroun\/wp-json\/wp\/v2\/posts"}],"about":[{"href":"https:\/\/www.africa-press.net\/cameroun\/wp-json\/wp\/v2\/types\/post"}],"author":[{"embeddable":true,"href":"https:\/\/www.africa-press.net\/cameroun\/wp-json\/wp\/v2\/users\/82"}],"replies":[{"embeddable":true,"href":"https:\/\/www.africa-press.net\/cameroun\/wp-json\/wp\/v2\/comments?post=38328"}],"version-history":[{"count":0,"href":"https:\/\/www.africa-press.net\/cameroun\/wp-json\/wp\/v2\/posts\/38328\/revisions"}],"wp:featuredmedia":[{"embeddable":true,"href":"https:\/\/www.africa-press.net\/cameroun\/wp-json\/wp\/v2\/media\/38327"}],"wp:attachment":[{"href":"https:\/\/www.africa-press.net\/cameroun\/wp-json\/wp\/v2\/media?parent=38328"}],"wp:term":[{"taxonomy":"category","embeddable":true,"href":"https:\/\/www.africa-press.net\/cameroun\/wp-json\/wp\/v2\/categories?post=38328"},{"taxonomy":"post_tag","embeddable":true,"href":"https:\/\/www.africa-press.net\/cameroun\/wp-json\/wp\/v2\/tags?post=38328"}],"curies":[{"name":"wp","href":"https:\/\/api.w.org\/{rel}","templated":true}]}}