{"id":38332,"date":"2023-03-04T18:25:07","date_gmt":"2023-03-04T18:25:07","guid":{"rendered":"https:\/\/www.africa-press.net\/cameroun\/politique\/urgent-cest-fini-amougou-belinga-inculpe-et-envoye-a-la-prison-de-kondengui-officiel"},"modified":"2023-03-04T19:23:28","modified_gmt":"2023-03-04T19:23:28","slug":"urgent-cest-fini-amougou-belinga-inculpe-et-envoye-a-la-prison-de-kondengui-officiel","status":"publish","type":"post","link":"https:\/\/www.africa-press.net\/cameroun\/politique\/urgent-cest-fini-amougou-belinga-inculpe-et-envoye-a-la-prison-de-kondengui-officiel","title":{"rendered":"URGENT : c&rsquo;est fini,  Amougou Belinga inculp\u00e9 et envoy\u00e9 \u00e0 la prison de  Kondengui (officiel)"},"content":{"rendered":"<p><span style=\"color: #ff6600\"><strong>Africa-Press &#8211; Cameroun. <\/strong><\/span>C\u2019est de\u0301sormais chose faite. Au petit matin de ce samedi, Jean \u2013Pierre Amou Belinga a e\u0301te\u0301 officiellement inculpe\u0301 puis envoye\u0301 a\u0300 la prison de Kondengui dans le dossier de l\u2019assassinat de Martinez Zogo. C\u2019est ce que notre reporter Paul Chouta qui a campe\u0301 devant le tribunal militaire toute la nui vient de nous indiquer.<\/p>\n<p>Rappelons que c\u2019est depuis le 6 fe\u0301vrier que les gendarmes du secre\u0301tariat d\u2019E\u0301tat a\u0300 la De\u0301fense (SED) ont attendu les premie\u0300res heures du jour, , pour se pre\u0301senter au domicile de Jean-Pierre Amougou Belinga, situe\u0301 dans le quartier du complexe Beac, dans le sud de Yaounde\u0301. L\u2019homme d\u2019affaires, suspecte\u0301 d\u2019e\u0302tre implique\u0301 dans le meurtre du journaliste Martinez Zogo, a ainsi e\u0301te\u0301 interpelle\u0301 vers 5 h 30 du matin, sur ordre du patron du SED, Galax Yves Landry Etoga.<\/p>\n<p>Selon l\u2019ONG Reporter sans frontie\u0300res (RSF), qui suit de tre\u0300s pre\u0300s le de\u0301roulement de l\u2019enque\u0302te, l\u2019exploitation des te\u0301le\u0301phones des suspects a ainsi permis de ve\u0301rifier les appels te\u0301le\u0301phoniques passe\u0301s entre Jean-Pierre Amougou Belinga et Justin Danwe dans la soire\u0301e du 17 janvier, ainsi que celui passe\u0301 au ministre camerounais de la Justice, Laurent Esso \u2013 c\u2019est ce soir-la\u0300 que Martinez Zogo a e\u0301te\u0301 enleve\u0301.<\/p>\n<p>Les traces d\u2019un paiement de 35 millions de francs CFA, qu\u2019aurait fait parvenir Amougou Belinga a\u0300 Danwe via le compte du colonel Etoundi Nsoe\u0301, ancien commandant de la garde pre\u0301sidentielle et chef de la se\u0301curite\u0301 prive\u0301e de Belinga, auraient e\u0301galement e\u0301te\u0301 repe\u0301re\u0301es.<\/p>\n<p>Par contre plusieurs personnes dont Bruno Bidjang ont e\u0301te\u0301 libe\u0301re\u0301es<\/p>\n<p><strong>Pour plus d&rsquo;informations et d&rsquo;analyses sur la <a href=\"https:\/\/www.africa-press.net\/cameroun\">Cameroun<\/a>, suivez <a href=\"https:\/\/www.africa-press.net\/\">Africa-Press<\/a><\/strong><\/p>\n","protected":false},"excerpt":{"rendered":"<p>Africa-Press &#8211; Cameroun. C\u2019est de\u0301sormais chose faite. Au petit matin de ce samedi, Jean \u2013Pierre Amou Belinga a e\u0301te\u0301 officiellement inculpe\u0301 puis envoye\u0301 a\u0300 la prison de Kondengui dans le dossier de l\u2019assassinat de Martinez Zogo. C\u2019est ce que notre reporter Paul Chouta qui a campe\u0301 devant le tribunal militaire toute la nui vient de [&hellip;]<\/p>\n","protected":false},"author":82,"featured_media":38331,"comment_status":"open","ping_status":"closed","sticky":false,"template":"","format":"standard","meta":{"footnotes":""},"categories":[2,10],"tags":[36,50,49],"class_list":["post-38332","post","type-post","status-publish","format-standard","has-post-thumbnail","hentry","category-politique","category-toutes-les-actualites","tag-africa-press","tag-africa-press-cameroun","tag-cameroun"],"yoast_head":"<!-- This site is optimized with the Yoast SEO Premium plugin v26.1 (Yoast SEO v27.0) - https:\/\/yoast.com\/product\/yoast-seo-premium-wordpress\/ -->\n<title>URGENT : c&#039;est fini, Amougou Belinga inculp\u00e9 et envoy\u00e9 \u00e0 la prison de Kondengui (officiel) - Cameroun<\/title>\n<meta name=\"description\" content=\"C\u2019est de\u0301sormais chose faite. Au petit matin de ce samedi, Jean \u2013Pierre Amou Belinga a e\u0301te\u0301 officiellement inculpe\u0301 pui ...\" \/>\n<meta name=\"robots\" content=\"index, follow, max-snippet:-1, max-image-preview:large, max-video-preview:-1\" \/>\n<link rel=\"canonical\" href=\"https:\/\/www.africa-press.net\/cameroun\/politique\/urgent-cest-fini-amougou-belinga-inculpe-et-envoye-a-la-prison-de-kondengui-officiel\" \/>\n<meta property=\"og:locale\" content=\"fr_FR\" \/>\n<meta property=\"og:type\" content=\"article\" \/>\n<meta property=\"og:title\" content=\"URGENT : c&#039;est fini, Amougou Belinga inculp\u00e9 et envoy\u00e9 \u00e0 la prison de Kondengui (officiel)\" \/>\n<meta property=\"og:description\" content=\"C\u2019est de\u0301sormais chose faite. Au petit matin de ce samedi, Jean \u2013Pierre Amou Belinga a e\u0301te\u0301 officiellement inculpe\u0301 pui ...\" \/>\n<meta property=\"og:url\" content=\"https:\/\/www.africa-press.net\/cameroun\/politique\/urgent-cest-fini-amougou-belinga-inculpe-et-envoye-a-la-prison-de-kondengui-officiel\" \/>\n<meta property=\"og:site_name\" content=\"Cameroun\" \/>\n<meta property=\"article:published_time\" content=\"2023-03-04T18:25:07+00:00\" \/>\n<meta property=\"article:modified_time\" content=\"2023-03-04T19:23:28+00:00\" \/>\n<meta property=\"og:image\" content=\"https:\/\/static.africa-press.net\/cameroun\/sites\/57\/2023\/03\/postQueueImg_1677941723.61.jpg\" \/>\n\t<meta property=\"og:image:width\" content=\"720\" \/>\n\t<meta property=\"og:image:height\" content=\"360\" \/>\n\t<meta property=\"og:image:type\" content=\"image\/jpeg\" \/>\n<meta name=\"author\" content=\"cfeditorfr\" \/>\n<meta name=\"twitter:card\" content=\"summary_large_image\" \/>\n<meta name=\"twitter:label1\" content=\"\u00c9crit par\" \/>\n\t<meta name=\"twitter:data1\" content=\"cfeditorfr\" \/>\n\t<meta name=\"twitter:label2\" content=\"Dur\u00e9e de lecture estim\u00e9e\" \/>\n\t<meta name=\"twitter:data2\" content=\"2 minutes\" \/>\n<script type=\"application\/ld+json\" class=\"yoast-schema-graph\">{\"@context\":\"https:\/\/schema.org\",\"@graph\":[{\"@type\":\"Article\",\"@id\":\"https:\/\/www.africa-press.net\/cameroun\/politique\/urgent-cest-fini-amougou-belinga-inculpe-et-envoye-a-la-prison-de-kondengui-officiel#article\",\"isPartOf\":{\"@id\":\"https:\/\/www.africa-press.net\/cameroun\/politique\/urgent-cest-fini-amougou-belinga-inculpe-et-envoye-a-la-prison-de-kondengui-officiel\"},\"author\":{\"name\":\"cfeditorfr\",\"@id\":\"https:\/\/www.africa-press.net\/cameroun\/#\/schema\/person\/2b1cf3cd81a31e3cd26889ca66d677f1\"},\"headline\":\"URGENT : c&rsquo;est fini, Amougou Belinga inculp\u00e9 et envoy\u00e9 \u00e0 la prison de Kondengui (officiel)\",\"datePublished\":\"2023-03-04T18:25:07+00:00\",\"dateModified\":\"2023-03-04T19:23:28+00:00\",\"mainEntityOfPage\":{\"@id\":\"https:\/\/www.africa-press.net\/cameroun\/politique\/urgent-cest-fini-amougou-belinga-inculpe-et-envoye-a-la-prison-de-kondengui-officiel\"},\"wordCount\":317,\"commentCount\":0,\"image\":{\"@id\":\"https:\/\/www.africa-press.net\/cameroun\/politique\/urgent-cest-fini-amougou-belinga-inculpe-et-envoye-a-la-prison-de-kondengui-officiel#primaryimage\"},\"thumbnailUrl\":\"https:\/\/static.africa-press.net\/cameroun\/sites\/57\/2023\/03\/postQueueImg_1677941723.61.jpg\",\"keywords\":[\"Africa Press\",\"Africa Press-Cameroun\",\"Cameroun\"],\"articleSection\":[\"Politique\",\"Toutes les actualit\u00e9s\"],\"inLanguage\":\"fr-FR\",\"potentialAction\":[{\"@type\":\"CommentAction\",\"name\":\"Comment\",\"target\":[\"https:\/\/www.africa-press.net\/cameroun\/politique\/urgent-cest-fini-amougou-belinga-inculpe-et-envoye-a-la-prison-de-kondengui-officiel#respond\"]}]},{\"@type\":\"WebPage\",\"@id\":\"https:\/\/www.africa-press.net\/cameroun\/politique\/urgent-cest-fini-amougou-belinga-inculpe-et-envoye-a-la-prison-de-kondengui-officiel\",\"url\":\"https:\/\/www.africa-press.net\/cameroun\/politique\/urgent-cest-fini-amougou-belinga-inculpe-et-envoye-a-la-prison-de-kondengui-officiel\",\"name\":\"URGENT : c'est fini, Amougou Belinga inculp\u00e9 et envoy\u00e9 \u00e0 la prison de Kondengui (officiel) - Cameroun\",\"isPartOf\":{\"@id\":\"https:\/\/www.africa-press.net\/cameroun\/#website\"},\"primaryImageOfPage\":{\"@id\":\"https:\/\/www.africa-press.net\/cameroun\/politique\/urgent-cest-fini-amougou-belinga-inculpe-et-envoye-a-la-prison-de-kondengui-officiel#primaryimage\"},\"image\":{\"@id\":\"https:\/\/www.africa-press.net\/cameroun\/politique\/urgent-cest-fini-amougou-belinga-inculpe-et-envoye-a-la-prison-de-kondengui-officiel#primaryimage\"},\"thumbnailUrl\":\"https:\/\/static.africa-press.net\/cameroun\/sites\/57\/2023\/03\/postQueueImg_1677941723.61.jpg\",\"datePublished\":\"2023-03-04T18:25:07+00:00\",\"dateModified\":\"2023-03-04T19:23:28+00:00\",\"author\":{\"@id\":\"https:\/\/www.africa-press.net\/cameroun\/#\/schema\/person\/2b1cf3cd81a31e3cd26889ca66d677f1\"},\"description\":\"C\u2019est de\u0301sormais chose faite. Au petit matin de ce samedi, Jean \u2013Pierre Amou Belinga a e\u0301te\u0301 officiellement inculpe\u0301 pui ...\",\"breadcrumb\":{\"@id\":\"https:\/\/www.africa-press.net\/cameroun\/politique\/urgent-cest-fini-amougou-belinga-inculpe-et-envoye-a-la-prison-de-kondengui-officiel#breadcrumb\"},\"inLanguage\":\"fr-FR\",\"potentialAction\":[{\"@type\":\"ReadAction\",\"target\":[\"https:\/\/www.africa-press.net\/cameroun\/politique\/urgent-cest-fini-amougou-belinga-inculpe-et-envoye-a-la-prison-de-kondengui-officiel\"]}]},{\"@type\":\"ImageObject\",\"inLanguage\":\"fr-FR\",\"@id\":\"https:\/\/www.africa-press.net\/cameroun\/politique\/urgent-cest-fini-amougou-belinga-inculpe-et-envoye-a-la-prison-de-kondengui-officiel#primaryimage\",\"url\":\"https:\/\/static.africa-press.net\/cameroun\/sites\/57\/2023\/03\/postQueueImg_1677941723.61.jpg\",\"contentUrl\":\"https:\/\/static.africa-press.net\/cameroun\/sites\/57\/2023\/03\/postQueueImg_1677941723.61.jpg\",\"width\":720,\"height\":360,\"caption\":\"URGENT : c'est fini, Amougou Belinga inculp\u00e9 et envoy\u00e9 \u00e0 la prison de Kondengui (officiel)\"},{\"@type\":\"BreadcrumbList\",\"@id\":\"https:\/\/www.africa-press.net\/cameroun\/politique\/urgent-cest-fini-amougou-belinga-inculpe-et-envoye-a-la-prison-de-kondengui-officiel#breadcrumb\",\"itemListElement\":[{\"@type\":\"ListItem\",\"position\":1,\"name\":\"Accueil\",\"item\":\"https:\/\/www.africa-press.net\/cameroun\/\"},{\"@type\":\"ListItem\",\"position\":2,\"name\":\"URGENT : c&rsquo;est fini, Amougou Belinga inculp\u00e9 et envoy\u00e9 \u00e0 la prison de Kondengui (officiel)\"}]},{\"@type\":\"WebSite\",\"@id\":\"https:\/\/www.africa-press.net\/cameroun\/#website\",\"url\":\"https:\/\/www.africa-press.net\/cameroun\/\",\"name\":\"Cameroun\",\"description\":\"Just another Africa News Agency Sites site\",\"potentialAction\":[{\"@type\":\"SearchAction\",\"target\":{\"@type\":\"EntryPoint\",\"urlTemplate\":\"https:\/\/www.africa-press.net\/cameroun\/?s={search_term_string}\"},\"query-input\":{\"@type\":\"PropertyValueSpecification\",\"valueRequired\":true,\"valueName\":\"search_term_string\"}}],\"inLanguage\":\"fr-FR\"},{\"@type\":\"Person\",\"@id\":\"https:\/\/www.africa-press.net\/cameroun\/#\/schema\/person\/2b1cf3cd81a31e3cd26889ca66d677f1\",\"name\":\"cfeditorfr\"}]}<\/script>\n<!-- \/ Yoast SEO Premium plugin. -->","yoast_head_json":{"title":"URGENT : c'est fini, Amougou Belinga inculp\u00e9 et envoy\u00e9 \u00e0 la prison de Kondengui (officiel) - Cameroun","description":"C\u2019est de\u0301sormais chose faite. Au petit matin de ce samedi, Jean \u2013Pierre Amou Belinga a e\u0301te\u0301 officiellement inculpe\u0301 pui ...","robots":{"index":"index","follow":"follow","max-snippet":"max-snippet:-1","max-image-preview":"max-image-preview:large","max-video-preview":"max-video-preview:-1"},"canonical":"https:\/\/www.africa-press.net\/cameroun\/politique\/urgent-cest-fini-amougou-belinga-inculpe-et-envoye-a-la-prison-de-kondengui-officiel","og_locale":"fr_FR","og_type":"article","og_title":"URGENT : c'est fini, Amougou Belinga inculp\u00e9 et envoy\u00e9 \u00e0 la prison de Kondengui (officiel)","og_description":"C\u2019est de\u0301sormais chose faite. Au petit matin de ce samedi, Jean \u2013Pierre Amou Belinga a e\u0301te\u0301 officiellement inculpe\u0301 pui ...","og_url":"https:\/\/www.africa-press.net\/cameroun\/politique\/urgent-cest-fini-amougou-belinga-inculpe-et-envoye-a-la-prison-de-kondengui-officiel","og_site_name":"Cameroun","article_published_time":"2023-03-04T18:25:07+00:00","article_modified_time":"2023-03-04T19:23:28+00:00","og_image":[{"width":720,"height":360,"url":"https:\/\/static.africa-press.net\/cameroun\/sites\/57\/2023\/03\/postQueueImg_1677941723.61.jpg","type":"image\/jpeg"}],"author":"cfeditorfr","twitter_card":"summary_large_image","twitter_misc":{"\u00c9crit par":"cfeditorfr","Dur\u00e9e de lecture estim\u00e9e":"2 minutes"},"schema":{"@context":"https:\/\/schema.org","@graph":[{"@type":"Article","@id":"https:\/\/www.africa-press.net\/cameroun\/politique\/urgent-cest-fini-amougou-belinga-inculpe-et-envoye-a-la-prison-de-kondengui-officiel#article","isPartOf":{"@id":"https:\/\/www.africa-press.net\/cameroun\/politique\/urgent-cest-fini-amougou-belinga-inculpe-et-envoye-a-la-prison-de-kondengui-officiel"},"author":{"name":"cfeditorfr","@id":"https:\/\/www.africa-press.net\/cameroun\/#\/schema\/person\/2b1cf3cd81a31e3cd26889ca66d677f1"},"headline":"URGENT : c&rsquo;est fini, Amougou Belinga inculp\u00e9 et envoy\u00e9 \u00e0 la prison de Kondengui (officiel)","datePublished":"2023-03-04T18:25:07+00:00","dateModified":"2023-03-04T19:23:28+00:00","mainEntityOfPage":{"@id":"https:\/\/www.africa-press.net\/cameroun\/politique\/urgent-cest-fini-amougou-belinga-inculpe-et-envoye-a-la-prison-de-kondengui-officiel"},"wordCount":317,"commentCount":0,"image":{"@id":"https:\/\/www.africa-press.net\/cameroun\/politique\/urgent-cest-fini-amougou-belinga-inculpe-et-envoye-a-la-prison-de-kondengui-officiel#primaryimage"},"thumbnailUrl":"https:\/\/static.africa-press.net\/cameroun\/sites\/57\/2023\/03\/postQueueImg_1677941723.61.jpg","keywords":["Africa Press","Africa Press-Cameroun","Cameroun"],"articleSection":["Politique","Toutes les actualit\u00e9s"],"inLanguage":"fr-FR","potentialAction":[{"@type":"CommentAction","name":"Comment","target":["https:\/\/www.africa-press.net\/cameroun\/politique\/urgent-cest-fini-amougou-belinga-inculpe-et-envoye-a-la-prison-de-kondengui-officiel#respond"]}]},{"@type":"WebPage","@id":"https:\/\/www.africa-press.net\/cameroun\/politique\/urgent-cest-fini-amougou-belinga-inculpe-et-envoye-a-la-prison-de-kondengui-officiel","url":"https:\/\/www.africa-press.net\/cameroun\/politique\/urgent-cest-fini-amougou-belinga-inculpe-et-envoye-a-la-prison-de-kondengui-officiel","name":"URGENT : c'est fini, Amougou Belinga inculp\u00e9 et envoy\u00e9 \u00e0 la prison de Kondengui (officiel) - Cameroun","isPartOf":{"@id":"https:\/\/www.africa-press.net\/cameroun\/#website"},"primaryImageOfPage":{"@id":"https:\/\/www.africa-press.net\/cameroun\/politique\/urgent-cest-fini-amougou-belinga-inculpe-et-envoye-a-la-prison-de-kondengui-officiel#primaryimage"},"image":{"@id":"https:\/\/www.africa-press.net\/cameroun\/politique\/urgent-cest-fini-amougou-belinga-inculpe-et-envoye-a-la-prison-de-kondengui-officiel#primaryimage"},"thumbnailUrl":"https:\/\/static.africa-press.net\/cameroun\/sites\/57\/2023\/03\/postQueueImg_1677941723.61.jpg","datePublished":"2023-03-04T18:25:07+00:00","dateModified":"2023-03-04T19:23:28+00:00","author":{"@id":"https:\/\/www.africa-press.net\/cameroun\/#\/schema\/person\/2b1cf3cd81a31e3cd26889ca66d677f1"},"description":"C\u2019est de\u0301sormais chose faite. Au petit matin de ce samedi, Jean \u2013Pierre Amou Belinga a e\u0301te\u0301 officiellement inculpe\u0301 pui ...","breadcrumb":{"@id":"https:\/\/www.africa-press.net\/cameroun\/politique\/urgent-cest-fini-amougou-belinga-inculpe-et-envoye-a-la-prison-de-kondengui-officiel#breadcrumb"},"inLanguage":"fr-FR","potentialAction":[{"@type":"ReadAction","target":["https:\/\/www.africa-press.net\/cameroun\/politique\/urgent-cest-fini-amougou-belinga-inculpe-et-envoye-a-la-prison-de-kondengui-officiel"]}]},{"@type":"ImageObject","inLanguage":"fr-FR","@id":"https:\/\/www.africa-press.net\/cameroun\/politique\/urgent-cest-fini-amougou-belinga-inculpe-et-envoye-a-la-prison-de-kondengui-officiel#primaryimage","url":"https:\/\/static.africa-press.net\/cameroun\/sites\/57\/2023\/03\/postQueueImg_1677941723.61.jpg","contentUrl":"https:\/\/static.africa-press.net\/cameroun\/sites\/57\/2023\/03\/postQueueImg_1677941723.61.jpg","width":720,"height":360,"caption":"URGENT : c'est fini, Amougou Belinga inculp\u00e9 et envoy\u00e9 \u00e0 la prison de Kondengui (officiel)"},{"@type":"BreadcrumbList","@id":"https:\/\/www.africa-press.net\/cameroun\/politique\/urgent-cest-fini-amougou-belinga-inculpe-et-envoye-a-la-prison-de-kondengui-officiel#breadcrumb","itemListElement":[{"@type":"ListItem","position":1,"name":"Accueil","item":"https:\/\/www.africa-press.net\/cameroun\/"},{"@type":"ListItem","position":2,"name":"URGENT : c&rsquo;est fini, Amougou Belinga inculp\u00e9 et envoy\u00e9 \u00e0 la prison de Kondengui (officiel)"}]},{"@type":"WebSite","@id":"https:\/\/www.africa-press.net\/cameroun\/#website","url":"https:\/\/www.africa-press.net\/cameroun\/","name":"Cameroun","description":"Just another Africa News Agency Sites site","potentialAction":[{"@type":"SearchAction","target":{"@type":"EntryPoint","urlTemplate":"https:\/\/www.africa-press.net\/cameroun\/?s={search_term_string}"},"query-input":{"@type":"PropertyValueSpecification","valueRequired":true,"valueName":"search_term_string"}}],"inLanguage":"fr-FR"},{"@type":"Person","@id":"https:\/\/www.africa-press.net\/cameroun\/#\/schema\/person\/2b1cf3cd81a31e3cd26889ca66d677f1","name":"cfeditorfr"}]}},"_links":{"self":[{"href":"https:\/\/www.africa-press.net\/cameroun\/wp-json\/wp\/v2\/posts\/38332","targetHints":{"allow":["GET"]}}],"collection":[{"href":"https:\/\/www.africa-press.net\/cameroun\/wp-json\/wp\/v2\/posts"}],"about":[{"href":"https:\/\/www.africa-press.net\/cameroun\/wp-json\/wp\/v2\/types\/post"}],"author":[{"embeddable":true,"href":"https:\/\/www.africa-press.net\/cameroun\/wp-json\/wp\/v2\/users\/82"}],"replies":[{"embeddable":true,"href":"https:\/\/www.africa-press.net\/cameroun\/wp-json\/wp\/v2\/comments?post=38332"}],"version-history":[{"count":0,"href":"https:\/\/www.africa-press.net\/cameroun\/wp-json\/wp\/v2\/posts\/38332\/revisions"}],"wp:featuredmedia":[{"embeddable":true,"href":"https:\/\/www.africa-press.net\/cameroun\/wp-json\/wp\/v2\/media\/38331"}],"wp:attachment":[{"href":"https:\/\/www.africa-press.net\/cameroun\/wp-json\/wp\/v2\/media?parent=38332"}],"wp:term":[{"taxonomy":"category","embeddable":true,"href":"https:\/\/www.africa-press.net\/cameroun\/wp-json\/wp\/v2\/categories?post=38332"},{"taxonomy":"post_tag","embeddable":true,"href":"https:\/\/www.africa-press.net\/cameroun\/wp-json\/wp\/v2\/tags?post=38332"}],"curies":[{"name":"wp","href":"https:\/\/api.w.org\/{rel}","templated":true}]}}