{"id":38335,"date":"2023-03-04T18:25:32","date_gmt":"2023-03-04T18:25:32","guid":{"rendered":"https:\/\/www.africa-press.net\/cameroun\/politique\/cest-fait-le-patron-de-la-dgre-maxime-eko-eko-en-prison"},"modified":"2023-03-04T19:23:47","modified_gmt":"2023-03-04T19:23:47","slug":"cest-fait-le-patron-de-la-dgre-maxime-eko-eko-en-prison","status":"publish","type":"post","link":"https:\/\/www.africa-press.net\/cameroun\/politique\/cest-fait-le-patron-de-la-dgre-maxime-eko-eko-en-prison","title":{"rendered":"C&rsquo;est fait : le patron de la DGRE Maxime Eko Eko en prison"},"content":{"rendered":"<p><span style=\"color: #ff6600\"><strong>Africa-Press &#8211; Cameroun. <\/strong><\/span>Le pre\u0301sident du groupe L\u2019Anecdote Jean-Pierre Amougou Belinga a e\u0301te\u0301 place\u0301 sous mandat de de\u0301po\u0302t le 04 mars 2023 a\u0300 la prison principale de Kondengui.<\/p>\n<p>L\u2019homme d\u2019affaires a passe\u0301 avant c\u0327a vingt-cinq (25) jour en de\u0301tention au Service central de recherches judiciaire. Le de\u0301ferrement de Jean-Pierre Amougou Belinga a\u0300 la prison de Yaounde\u0301 est intervenu apre\u0300s le passage de ce dernier devant le juge d\u2019instruction au tribunal militaire de Yaounde\u0301.<\/p>\n<p>On sait qu\u2019il a e\u0301te\u0301 envoye\u0301 a\u0300 Kondengui pour \u00ab complicite\u0301 de torture par aide \u00bb. En revanche, ses collaborateurs Bruno Bidjang (journaliste a\u0300 Vision 4 et directeur ge\u0301ne\u0301ral du groupe L\u2019Anecdote) et Raymond Etoundi Nsoe (chef de se\u0301curite\u0301 de Belinga et ancien commandant de la garde pre\u0301sidentielle) ont e\u0301te\u0301 remis en liberte\u0301.<\/p>\n<p>Mais qu\u2019en est-il du cas du patron de la Direction ge\u0301ne\u0301rale de la recherche exte\u0301rieure (DGRE) Le\u0301opold Maxime Eko Eko et de son bras droit, chef des ope\u0301rations Justin Danwe.<\/p>\n<p>En ce qui concerne le premier, c\u2019est le me\u0302me sort re\u0301serve\u0301 a\u0300 Jean-Pierre Amougou Belinga qui lui a e\u0301te\u0301 re\u0301serve\u0301 e\u0301galement, comme nous l\u2019apprend le lanceur d\u2019alerte Nzui Manto.<\/p>\n<p>\u00ab Assassinat Martinez Zogo. Le patron de la DGRE Le\u0301opold Maxime Eko Eko va a\u0300 la prison de Kondengui \u00bb, a e\u0301crit il y a quelques heures la source susmentionne\u0301e. On lui reproche d&rsquo;avoir e\u0301te\u0301 au courant de la filature, enle\u0300vement et torture de Martinez Zogo.<\/p>\n<p>Justin Danwe et son supe\u0301rieur hie\u0301rarchique Le\u0301opold Maxime Eko Eko sont les premie\u0300res personnes a\u0300 avoir e\u0301te\u0301 interpelle\u0301es pour une audition comple\u0300te.<\/p>\n<p>Justin qui aurait conduit l\u2019ope\u0301ration d\u2019enle\u0300vement, de torture et d\u2019assassinat de l\u2019homme de me\u0301dia Martinez Zogo, a explique\u0301 qu\u2019il a agi sous des ordres, selon des confidences que nous avons rec\u0327ues.<\/p>\n<p>Mais sous les ordres de qui ? Danwe aurait avoue\u0301 qu\u2019il obe\u0301issait aux ordres du milliardaire Jean-Pierre Amougou Belinga qui lui-me\u0302me obe\u0301issait aux consignes du ministre d\u2019E\u0301tat, ministre de la Justice, Garde des sceaux Laurent Esso.<\/p>\n<p>C\u2019est ce dernier qui aurait te\u0301le\u0301phone\u0301 Jean-Pierre Amougou Belinga, alors qu\u2019il se trouvait au sous-sol de son immeuble Ekang avec la victime et le commando dirige\u0301 par Justin Danwe, pour dire au milliardaire de finir le travail afin d\u2019e\u0301viter une autre affaire Paul Chouta.<\/p>\n<p>Maintenant que Jean-Pierre Amougou Belinga plonge seulement pour \u00ab complicite\u0301 de torture par aide \u00bb, on peut se poser beaucoup de questions sur le vrai auteur de l\u2019assassinat.<\/p>\n<p><strong>Pour plus d&rsquo;informations et d&rsquo;analyses sur la <a href=\"https:\/\/www.africa-press.net\/cameroun\">Cameroun<\/a>, suivez <a href=\"https:\/\/www.africa-press.net\/\">Africa-Press<\/a><\/strong><\/p>\n","protected":false},"excerpt":{"rendered":"<p>Africa-Press &#8211; Cameroun. Le pre\u0301sident du groupe L\u2019Anecdote Jean-Pierre Amougou Belinga a e\u0301te\u0301 place\u0301 sous mandat de de\u0301po\u0302t le 04 mars 2023 a\u0300 la prison principale de Kondengui. L\u2019homme d\u2019affaires a passe\u0301 avant c\u0327a vingt-cinq (25) jour en de\u0301tention au Service central de recherches judiciaire. Le de\u0301ferrement de Jean-Pierre Amougou Belinga a\u0300 la prison de [&hellip;]<\/p>\n","protected":false},"author":82,"featured_media":38334,"comment_status":"open","ping_status":"closed","sticky":false,"template":"","format":"standard","meta":{"footnotes":""},"categories":[2,10],"tags":[36,50,49],"class_list":["post-38335","post","type-post","status-publish","format-standard","has-post-thumbnail","hentry","category-politique","category-toutes-les-actualites","tag-africa-press","tag-africa-press-cameroun","tag-cameroun"],"yoast_head":"<!-- This site is optimized with the Yoast SEO Premium plugin v26.1 (Yoast SEO v27.0) - https:\/\/yoast.com\/product\/yoast-seo-premium-wordpress\/ -->\n<title>C&#039;est fait : le patron de la DGRE Maxime Eko Eko en prison - Cameroun<\/title>\n<meta name=\"description\" content=\"Le pre\u0301sident du groupe L\u2019Anecdote Jean-Pierre Amougou Belinga a e\u0301te\u0301 place\u0301 sous mandat de de\u0301po\u0302t le 04 mars 2023 a\u0300 ...\" \/>\n<meta name=\"robots\" content=\"index, follow, max-snippet:-1, max-image-preview:large, max-video-preview:-1\" \/>\n<link rel=\"canonical\" href=\"https:\/\/www.africa-press.net\/cameroun\/politique\/cest-fait-le-patron-de-la-dgre-maxime-eko-eko-en-prison\" \/>\n<meta property=\"og:locale\" content=\"fr_FR\" \/>\n<meta property=\"og:type\" content=\"article\" \/>\n<meta property=\"og:title\" content=\"C&#039;est fait : le patron de la DGRE Maxime Eko Eko en prison\" \/>\n<meta property=\"og:description\" content=\"Le pre\u0301sident du groupe L\u2019Anecdote Jean-Pierre Amougou Belinga a e\u0301te\u0301 place\u0301 sous mandat de de\u0301po\u0302t le 04 mars 2023 a\u0300 ...\" \/>\n<meta property=\"og:url\" content=\"https:\/\/www.africa-press.net\/cameroun\/politique\/cest-fait-le-patron-de-la-dgre-maxime-eko-eko-en-prison\" \/>\n<meta property=\"og:site_name\" content=\"Cameroun\" \/>\n<meta property=\"article:published_time\" content=\"2023-03-04T18:25:32+00:00\" \/>\n<meta property=\"article:modified_time\" content=\"2023-03-04T19:23:47+00:00\" \/>\n<meta property=\"og:image\" content=\"https:\/\/static.africa-press.net\/cameroun\/sites\/57\/2023\/03\/postQueueImg_1677941735.58.jpg\" \/>\n\t<meta property=\"og:image:width\" content=\"720\" \/>\n\t<meta property=\"og:image:height\" content=\"525\" \/>\n\t<meta property=\"og:image:type\" content=\"image\/jpeg\" \/>\n<meta name=\"author\" content=\"cfeditorfr\" \/>\n<meta name=\"twitter:card\" content=\"summary_large_image\" \/>\n<meta name=\"twitter:label1\" content=\"\u00c9crit par\" \/>\n\t<meta name=\"twitter:data1\" content=\"cfeditorfr\" \/>\n\t<meta name=\"twitter:label2\" content=\"Dur\u00e9e de lecture estim\u00e9e\" \/>\n\t<meta name=\"twitter:data2\" content=\"3 minutes\" \/>\n<script type=\"application\/ld+json\" class=\"yoast-schema-graph\">{\"@context\":\"https:\/\/schema.org\",\"@graph\":[{\"@type\":\"Article\",\"@id\":\"https:\/\/www.africa-press.net\/cameroun\/politique\/cest-fait-le-patron-de-la-dgre-maxime-eko-eko-en-prison#article\",\"isPartOf\":{\"@id\":\"https:\/\/www.africa-press.net\/cameroun\/politique\/cest-fait-le-patron-de-la-dgre-maxime-eko-eko-en-prison\"},\"author\":{\"name\":\"cfeditorfr\",\"@id\":\"https:\/\/www.africa-press.net\/cameroun\/#\/schema\/person\/2b1cf3cd81a31e3cd26889ca66d677f1\"},\"headline\":\"C&rsquo;est fait : le patron de la DGRE Maxime Eko Eko en prison\",\"datePublished\":\"2023-03-04T18:25:32+00:00\",\"dateModified\":\"2023-03-04T19:23:47+00:00\",\"mainEntityOfPage\":{\"@id\":\"https:\/\/www.africa-press.net\/cameroun\/politique\/cest-fait-le-patron-de-la-dgre-maxime-eko-eko-en-prison\"},\"wordCount\":475,\"commentCount\":0,\"image\":{\"@id\":\"https:\/\/www.africa-press.net\/cameroun\/politique\/cest-fait-le-patron-de-la-dgre-maxime-eko-eko-en-prison#primaryimage\"},\"thumbnailUrl\":\"https:\/\/static.africa-press.net\/cameroun\/sites\/57\/2023\/03\/postQueueImg_1677941735.58.jpg\",\"keywords\":[\"Africa Press\",\"Africa Press-Cameroun\",\"Cameroun\"],\"articleSection\":[\"Politique\",\"Toutes les actualit\u00e9s\"],\"inLanguage\":\"fr-FR\",\"potentialAction\":[{\"@type\":\"CommentAction\",\"name\":\"Comment\",\"target\":[\"https:\/\/www.africa-press.net\/cameroun\/politique\/cest-fait-le-patron-de-la-dgre-maxime-eko-eko-en-prison#respond\"]}]},{\"@type\":\"WebPage\",\"@id\":\"https:\/\/www.africa-press.net\/cameroun\/politique\/cest-fait-le-patron-de-la-dgre-maxime-eko-eko-en-prison\",\"url\":\"https:\/\/www.africa-press.net\/cameroun\/politique\/cest-fait-le-patron-de-la-dgre-maxime-eko-eko-en-prison\",\"name\":\"C'est fait : le patron de la DGRE Maxime Eko Eko en prison - Cameroun\",\"isPartOf\":{\"@id\":\"https:\/\/www.africa-press.net\/cameroun\/#website\"},\"primaryImageOfPage\":{\"@id\":\"https:\/\/www.africa-press.net\/cameroun\/politique\/cest-fait-le-patron-de-la-dgre-maxime-eko-eko-en-prison#primaryimage\"},\"image\":{\"@id\":\"https:\/\/www.africa-press.net\/cameroun\/politique\/cest-fait-le-patron-de-la-dgre-maxime-eko-eko-en-prison#primaryimage\"},\"thumbnailUrl\":\"https:\/\/static.africa-press.net\/cameroun\/sites\/57\/2023\/03\/postQueueImg_1677941735.58.jpg\",\"datePublished\":\"2023-03-04T18:25:32+00:00\",\"dateModified\":\"2023-03-04T19:23:47+00:00\",\"author\":{\"@id\":\"https:\/\/www.africa-press.net\/cameroun\/#\/schema\/person\/2b1cf3cd81a31e3cd26889ca66d677f1\"},\"description\":\"Le pre\u0301sident du groupe L\u2019Anecdote Jean-Pierre Amougou Belinga a e\u0301te\u0301 place\u0301 sous mandat de de\u0301po\u0302t le 04 mars 2023 a\u0300 ...\",\"breadcrumb\":{\"@id\":\"https:\/\/www.africa-press.net\/cameroun\/politique\/cest-fait-le-patron-de-la-dgre-maxime-eko-eko-en-prison#breadcrumb\"},\"inLanguage\":\"fr-FR\",\"potentialAction\":[{\"@type\":\"ReadAction\",\"target\":[\"https:\/\/www.africa-press.net\/cameroun\/politique\/cest-fait-le-patron-de-la-dgre-maxime-eko-eko-en-prison\"]}]},{\"@type\":\"ImageObject\",\"inLanguage\":\"fr-FR\",\"@id\":\"https:\/\/www.africa-press.net\/cameroun\/politique\/cest-fait-le-patron-de-la-dgre-maxime-eko-eko-en-prison#primaryimage\",\"url\":\"https:\/\/static.africa-press.net\/cameroun\/sites\/57\/2023\/03\/postQueueImg_1677941735.58.jpg\",\"contentUrl\":\"https:\/\/static.africa-press.net\/cameroun\/sites\/57\/2023\/03\/postQueueImg_1677941735.58.jpg\",\"width\":720,\"height\":525,\"caption\":\"C'est fait : le patron de la DGRE Maxime Eko Eko en prison\"},{\"@type\":\"BreadcrumbList\",\"@id\":\"https:\/\/www.africa-press.net\/cameroun\/politique\/cest-fait-le-patron-de-la-dgre-maxime-eko-eko-en-prison#breadcrumb\",\"itemListElement\":[{\"@type\":\"ListItem\",\"position\":1,\"name\":\"Accueil\",\"item\":\"https:\/\/www.africa-press.net\/cameroun\/\"},{\"@type\":\"ListItem\",\"position\":2,\"name\":\"C&rsquo;est fait : le patron de la DGRE Maxime Eko Eko en prison\"}]},{\"@type\":\"WebSite\",\"@id\":\"https:\/\/www.africa-press.net\/cameroun\/#website\",\"url\":\"https:\/\/www.africa-press.net\/cameroun\/\",\"name\":\"Cameroun\",\"description\":\"Just another Africa News Agency Sites site\",\"potentialAction\":[{\"@type\":\"SearchAction\",\"target\":{\"@type\":\"EntryPoint\",\"urlTemplate\":\"https:\/\/www.africa-press.net\/cameroun\/?s={search_term_string}\"},\"query-input\":{\"@type\":\"PropertyValueSpecification\",\"valueRequired\":true,\"valueName\":\"search_term_string\"}}],\"inLanguage\":\"fr-FR\"},{\"@type\":\"Person\",\"@id\":\"https:\/\/www.africa-press.net\/cameroun\/#\/schema\/person\/2b1cf3cd81a31e3cd26889ca66d677f1\",\"name\":\"cfeditorfr\"}]}<\/script>\n<!-- \/ Yoast SEO Premium plugin. -->","yoast_head_json":{"title":"C'est fait : le patron de la DGRE Maxime Eko Eko en prison - Cameroun","description":"Le pre\u0301sident du groupe L\u2019Anecdote Jean-Pierre Amougou Belinga a e\u0301te\u0301 place\u0301 sous mandat de de\u0301po\u0302t le 04 mars 2023 a\u0300 ...","robots":{"index":"index","follow":"follow","max-snippet":"max-snippet:-1","max-image-preview":"max-image-preview:large","max-video-preview":"max-video-preview:-1"},"canonical":"https:\/\/www.africa-press.net\/cameroun\/politique\/cest-fait-le-patron-de-la-dgre-maxime-eko-eko-en-prison","og_locale":"fr_FR","og_type":"article","og_title":"C'est fait : le patron de la DGRE Maxime Eko Eko en prison","og_description":"Le pre\u0301sident du groupe L\u2019Anecdote Jean-Pierre Amougou Belinga a e\u0301te\u0301 place\u0301 sous mandat de de\u0301po\u0302t le 04 mars 2023 a\u0300 ...","og_url":"https:\/\/www.africa-press.net\/cameroun\/politique\/cest-fait-le-patron-de-la-dgre-maxime-eko-eko-en-prison","og_site_name":"Cameroun","article_published_time":"2023-03-04T18:25:32+00:00","article_modified_time":"2023-03-04T19:23:47+00:00","og_image":[{"width":720,"height":525,"url":"https:\/\/static.africa-press.net\/cameroun\/sites\/57\/2023\/03\/postQueueImg_1677941735.58.jpg","type":"image\/jpeg"}],"author":"cfeditorfr","twitter_card":"summary_large_image","twitter_misc":{"\u00c9crit par":"cfeditorfr","Dur\u00e9e de lecture estim\u00e9e":"3 minutes"},"schema":{"@context":"https:\/\/schema.org","@graph":[{"@type":"Article","@id":"https:\/\/www.africa-press.net\/cameroun\/politique\/cest-fait-le-patron-de-la-dgre-maxime-eko-eko-en-prison#article","isPartOf":{"@id":"https:\/\/www.africa-press.net\/cameroun\/politique\/cest-fait-le-patron-de-la-dgre-maxime-eko-eko-en-prison"},"author":{"name":"cfeditorfr","@id":"https:\/\/www.africa-press.net\/cameroun\/#\/schema\/person\/2b1cf3cd81a31e3cd26889ca66d677f1"},"headline":"C&rsquo;est fait : le patron de la DGRE Maxime Eko Eko en prison","datePublished":"2023-03-04T18:25:32+00:00","dateModified":"2023-03-04T19:23:47+00:00","mainEntityOfPage":{"@id":"https:\/\/www.africa-press.net\/cameroun\/politique\/cest-fait-le-patron-de-la-dgre-maxime-eko-eko-en-prison"},"wordCount":475,"commentCount":0,"image":{"@id":"https:\/\/www.africa-press.net\/cameroun\/politique\/cest-fait-le-patron-de-la-dgre-maxime-eko-eko-en-prison#primaryimage"},"thumbnailUrl":"https:\/\/static.africa-press.net\/cameroun\/sites\/57\/2023\/03\/postQueueImg_1677941735.58.jpg","keywords":["Africa Press","Africa Press-Cameroun","Cameroun"],"articleSection":["Politique","Toutes les actualit\u00e9s"],"inLanguage":"fr-FR","potentialAction":[{"@type":"CommentAction","name":"Comment","target":["https:\/\/www.africa-press.net\/cameroun\/politique\/cest-fait-le-patron-de-la-dgre-maxime-eko-eko-en-prison#respond"]}]},{"@type":"WebPage","@id":"https:\/\/www.africa-press.net\/cameroun\/politique\/cest-fait-le-patron-de-la-dgre-maxime-eko-eko-en-prison","url":"https:\/\/www.africa-press.net\/cameroun\/politique\/cest-fait-le-patron-de-la-dgre-maxime-eko-eko-en-prison","name":"C'est fait : le patron de la DGRE Maxime Eko Eko en prison - Cameroun","isPartOf":{"@id":"https:\/\/www.africa-press.net\/cameroun\/#website"},"primaryImageOfPage":{"@id":"https:\/\/www.africa-press.net\/cameroun\/politique\/cest-fait-le-patron-de-la-dgre-maxime-eko-eko-en-prison#primaryimage"},"image":{"@id":"https:\/\/www.africa-press.net\/cameroun\/politique\/cest-fait-le-patron-de-la-dgre-maxime-eko-eko-en-prison#primaryimage"},"thumbnailUrl":"https:\/\/static.africa-press.net\/cameroun\/sites\/57\/2023\/03\/postQueueImg_1677941735.58.jpg","datePublished":"2023-03-04T18:25:32+00:00","dateModified":"2023-03-04T19:23:47+00:00","author":{"@id":"https:\/\/www.africa-press.net\/cameroun\/#\/schema\/person\/2b1cf3cd81a31e3cd26889ca66d677f1"},"description":"Le pre\u0301sident du groupe L\u2019Anecdote Jean-Pierre Amougou Belinga a e\u0301te\u0301 place\u0301 sous mandat de de\u0301po\u0302t le 04 mars 2023 a\u0300 ...","breadcrumb":{"@id":"https:\/\/www.africa-press.net\/cameroun\/politique\/cest-fait-le-patron-de-la-dgre-maxime-eko-eko-en-prison#breadcrumb"},"inLanguage":"fr-FR","potentialAction":[{"@type":"ReadAction","target":["https:\/\/www.africa-press.net\/cameroun\/politique\/cest-fait-le-patron-de-la-dgre-maxime-eko-eko-en-prison"]}]},{"@type":"ImageObject","inLanguage":"fr-FR","@id":"https:\/\/www.africa-press.net\/cameroun\/politique\/cest-fait-le-patron-de-la-dgre-maxime-eko-eko-en-prison#primaryimage","url":"https:\/\/static.africa-press.net\/cameroun\/sites\/57\/2023\/03\/postQueueImg_1677941735.58.jpg","contentUrl":"https:\/\/static.africa-press.net\/cameroun\/sites\/57\/2023\/03\/postQueueImg_1677941735.58.jpg","width":720,"height":525,"caption":"C'est fait : le patron de la DGRE Maxime Eko Eko en prison"},{"@type":"BreadcrumbList","@id":"https:\/\/www.africa-press.net\/cameroun\/politique\/cest-fait-le-patron-de-la-dgre-maxime-eko-eko-en-prison#breadcrumb","itemListElement":[{"@type":"ListItem","position":1,"name":"Accueil","item":"https:\/\/www.africa-press.net\/cameroun\/"},{"@type":"ListItem","position":2,"name":"C&rsquo;est fait : le patron de la DGRE Maxime Eko Eko en prison"}]},{"@type":"WebSite","@id":"https:\/\/www.africa-press.net\/cameroun\/#website","url":"https:\/\/www.africa-press.net\/cameroun\/","name":"Cameroun","description":"Just another Africa News Agency Sites site","potentialAction":[{"@type":"SearchAction","target":{"@type":"EntryPoint","urlTemplate":"https:\/\/www.africa-press.net\/cameroun\/?s={search_term_string}"},"query-input":{"@type":"PropertyValueSpecification","valueRequired":true,"valueName":"search_term_string"}}],"inLanguage":"fr-FR"},{"@type":"Person","@id":"https:\/\/www.africa-press.net\/cameroun\/#\/schema\/person\/2b1cf3cd81a31e3cd26889ca66d677f1","name":"cfeditorfr"}]}},"_links":{"self":[{"href":"https:\/\/www.africa-press.net\/cameroun\/wp-json\/wp\/v2\/posts\/38335","targetHints":{"allow":["GET"]}}],"collection":[{"href":"https:\/\/www.africa-press.net\/cameroun\/wp-json\/wp\/v2\/posts"}],"about":[{"href":"https:\/\/www.africa-press.net\/cameroun\/wp-json\/wp\/v2\/types\/post"}],"author":[{"embeddable":true,"href":"https:\/\/www.africa-press.net\/cameroun\/wp-json\/wp\/v2\/users\/82"}],"replies":[{"embeddable":true,"href":"https:\/\/www.africa-press.net\/cameroun\/wp-json\/wp\/v2\/comments?post=38335"}],"version-history":[{"count":0,"href":"https:\/\/www.africa-press.net\/cameroun\/wp-json\/wp\/v2\/posts\/38335\/revisions"}],"wp:featuredmedia":[{"embeddable":true,"href":"https:\/\/www.africa-press.net\/cameroun\/wp-json\/wp\/v2\/media\/38334"}],"wp:attachment":[{"href":"https:\/\/www.africa-press.net\/cameroun\/wp-json\/wp\/v2\/media?parent=38335"}],"wp:term":[{"taxonomy":"category","embeddable":true,"href":"https:\/\/www.africa-press.net\/cameroun\/wp-json\/wp\/v2\/categories?post=38335"},{"taxonomy":"post_tag","embeddable":true,"href":"https:\/\/www.africa-press.net\/cameroun\/wp-json\/wp\/v2\/tags?post=38335"}],"curies":[{"name":"wp","href":"https:\/\/api.w.org\/{rel}","templated":true}]}}