{"id":38339,"date":"2023-03-04T18:25:36","date_gmt":"2023-03-04T18:25:36","guid":{"rendered":"https:\/\/www.africa-press.net\/cameroun\/politique\/kondengui-des-detenus-promettent-dexpliquer-le-mot-torture-a-amougou-belinga"},"modified":"2023-03-04T19:24:12","modified_gmt":"2023-03-04T19:24:12","slug":"kondengui-des-detenus-promettent-dexpliquer-le-mot-torture-a-amougou-belinga","status":"publish","type":"post","link":"https:\/\/www.africa-press.net\/cameroun\/toutes-les-actualites\/kondengui-des-detenus-promettent-dexpliquer-le-mot-torture-a-amougou-belinga","title":{"rendered":"Kondengui: des d\u00e9tenus promettent d&rsquo;expliquer le mot &lsquo;torture&rsquo; \u00e0 Amougou Belinga"},"content":{"rendered":"<p><span style=\"color: #ff6600\"><strong>Africa-Press &#8211; Cameroun. <\/strong><\/span>L&rsquo;annonce de l&rsquo;arrive\u0301e de Jean Pierre Amougou Belinga a\u0300 Kondengui ne re\u0301jouit pas particulie\u0300rement les de\u0301tenus qui y sont et dont plusieurs ont connu Martinez Zogo.<\/p>\n<p>D&rsquo;apre\u0300s des sources de la re\u0301daction de CamerounWeb a\u0300 Kondengui, plusieurs prisonniers attendent Jean Pierre Amougou Belinga de pied ferme a\u0300 Kondengui. Certains prisonniers qui y sont, se rappellent encore du se\u0301jour carce\u0301ral de Martinez Zogo dont le meurtre a conduit Amougou Belinga aujourd&rsquo;hui en prison.<\/p>\n<p>A Kondengui, Amougou Belinga pourra voir Edgard Alain Mebe Ngo&rsquo;o, une autre ponte du re\u0301gime de Yaoude\u0301 tombe\u0301 en disgra\u0302ce. A kondengui se trouve aussi Zogo Andela, l&rsquo;oncle de Martinez Zogo.<\/p>\n<p>\u00ab complicite\u0301 de torture par aide \u00bb<\/p>\n<p>Amougou Belinga a e\u0301te\u0301 de\u0301pose\u0301 a\u0300 Kondengui pour \u00ab complicite\u0301 de torture par aide \u00bb. Selon Amnesty International, \u00ab on parle de torture lorsqu\u2019une personne inflige des souffrances psychologiques ou physiques a\u0300 un autre pour lui faire mal dans un but pre\u0301cis (&#8230;). Au titre du droit international, la torture et toutes les autres formes de mauvais traitements sont toujours ille\u0301gales. Elles sont interdites internationalement depuis des de\u0301cennies \u00bb.<\/p>\n<p>Pour l\u2019organisation, \u00ab la torture ne peut jamais e\u0302tre justifie\u0301e. C\u2019est une pratique barbare et inhumaine qui remplace l\u2019E\u0301tat de droit par la terreur. Personne n\u2019est en se\u0301curite\u0301 lorsque des gouvernements autorisent son usage \u00bb.<\/p>\n<p>La torture ainsi de\u0301finie, la complicite\u0301 en droit veut dire \u00ab participation au de\u0301lit ou au crime d&rsquo;un autre \u00bb. La complicite\u0301 par aide ou assistance consiste donc a\u0300 apporter une aide ou une assistance morale ou mate\u0301rielle a\u0300 l&rsquo;auteur principal de l&rsquo;infraction.<\/p>\n<p><strong>Pour plus d&rsquo;informations et d&rsquo;analyses sur la <a href=\"https:\/\/www.africa-press.net\/cameroun\">Cameroun<\/a>, suivez <a href=\"https:\/\/www.africa-press.net\/\">Africa-Press<\/a><\/strong><\/p>\n","protected":false},"excerpt":{"rendered":"<p>Africa-Press &#8211; Cameroun. L&rsquo;annonce de l&rsquo;arrive\u0301e de Jean Pierre Amougou Belinga a\u0300 Kondengui ne re\u0301jouit pas particulie\u0300rement les de\u0301tenus qui y sont et dont plusieurs ont connu Martinez Zogo. D&rsquo;apre\u0300s des sources de la re\u0301daction de CamerounWeb a\u0300 Kondengui, plusieurs prisonniers attendent Jean Pierre Amougou Belinga de pied ferme a\u0300 Kondengui. Certains prisonniers qui y [&hellip;]<\/p>\n","protected":false},"author":82,"featured_media":38338,"comment_status":"open","ping_status":"closed","sticky":false,"template":"","format":"standard","meta":{"footnotes":""},"categories":[21,10],"tags":[36,50,49],"class_list":["post-38339","post","type-post","status-publish","format-standard","has-post-thumbnail","hentry","category-communaute","category-toutes-les-actualites","tag-africa-press","tag-africa-press-cameroun","tag-cameroun"],"yoast_head":"<!-- This site is optimized with the Yoast SEO Premium plugin v26.1 (Yoast SEO v27.0) - https:\/\/yoast.com\/product\/yoast-seo-premium-wordpress\/ -->\n<title>Kondengui: des d\u00e9tenus promettent d&#039;expliquer le mot &#039;torture&#039; \u00e0 Amougou Belinga - Cameroun<\/title>\n<meta name=\"description\" content=\"L&#039;annonce de l&#039;arrive\u0301e de Jean Pierre Amougou Belinga a\u0300 Kondengui ne re\u0301jouit pas particulie\u0300rement les de\u0301tenus qui y ...\" \/>\n<meta name=\"robots\" content=\"index, follow, max-snippet:-1, max-image-preview:large, max-video-preview:-1\" \/>\n<link rel=\"canonical\" href=\"https:\/\/www.africa-press.net\/cameroun\/toutes-les-actualites\/kondengui-des-detenus-promettent-dexpliquer-le-mot-torture-a-amougou-belinga\" \/>\n<meta property=\"og:locale\" content=\"fr_FR\" \/>\n<meta property=\"og:type\" content=\"article\" \/>\n<meta property=\"og:title\" content=\"Kondengui: des d\u00e9tenus promettent d&#039;expliquer le mot &#039;torture&#039; \u00e0 Amougou Belinga\" \/>\n<meta property=\"og:description\" content=\"L&#039;annonce de l&#039;arrive\u0301e de Jean Pierre Amougou Belinga a\u0300 Kondengui ne re\u0301jouit pas particulie\u0300rement les de\u0301tenus qui y ...\" \/>\n<meta property=\"og:url\" content=\"https:\/\/www.africa-press.net\/cameroun\/toutes-les-actualites\/kondengui-des-detenus-promettent-dexpliquer-le-mot-torture-a-amougou-belinga\" \/>\n<meta property=\"og:site_name\" content=\"Cameroun\" \/>\n<meta property=\"article:published_time\" content=\"2023-03-04T18:25:36+00:00\" \/>\n<meta property=\"article:modified_time\" content=\"2023-03-04T19:24:12+00:00\" \/>\n<meta property=\"og:image\" content=\"https:\/\/static.africa-press.net\/cameroun\/sites\/57\/2023\/03\/postQueueImg_1677941741.25.jpg\" \/>\n\t<meta property=\"og:image:width\" content=\"720\" \/>\n\t<meta property=\"og:image:height\" content=\"432\" \/>\n\t<meta property=\"og:image:type\" content=\"image\/jpeg\" \/>\n<meta name=\"author\" content=\"cfeditorfr\" \/>\n<meta name=\"twitter:card\" content=\"summary_large_image\" \/>\n<meta name=\"twitter:label1\" content=\"\u00c9crit par\" \/>\n\t<meta name=\"twitter:data1\" content=\"cfeditorfr\" \/>\n\t<meta name=\"twitter:label2\" content=\"Dur\u00e9e de lecture estim\u00e9e\" \/>\n\t<meta name=\"twitter:data2\" content=\"2 minutes\" \/>\n<script type=\"application\/ld+json\" class=\"yoast-schema-graph\">{\"@context\":\"https:\/\/schema.org\",\"@graph\":[{\"@type\":\"Article\",\"@id\":\"https:\/\/www.africa-press.net\/cameroun\/toutes-les-actualites\/kondengui-des-detenus-promettent-dexpliquer-le-mot-torture-a-amougou-belinga#article\",\"isPartOf\":{\"@id\":\"https:\/\/www.africa-press.net\/cameroun\/toutes-les-actualites\/kondengui-des-detenus-promettent-dexpliquer-le-mot-torture-a-amougou-belinga\"},\"author\":{\"name\":\"cfeditorfr\",\"@id\":\"https:\/\/www.africa-press.net\/cameroun\/#\/schema\/person\/2b1cf3cd81a31e3cd26889ca66d677f1\"},\"headline\":\"Kondengui: des d\u00e9tenus promettent d&rsquo;expliquer le mot &lsquo;torture&rsquo; \u00e0 Amougou Belinga\",\"datePublished\":\"2023-03-04T18:25:36+00:00\",\"dateModified\":\"2023-03-04T19:24:12+00:00\",\"mainEntityOfPage\":{\"@id\":\"https:\/\/www.africa-press.net\/cameroun\/toutes-les-actualites\/kondengui-des-detenus-promettent-dexpliquer-le-mot-torture-a-amougou-belinga\"},\"wordCount\":309,\"commentCount\":0,\"image\":{\"@id\":\"https:\/\/www.africa-press.net\/cameroun\/toutes-les-actualites\/kondengui-des-detenus-promettent-dexpliquer-le-mot-torture-a-amougou-belinga#primaryimage\"},\"thumbnailUrl\":\"https:\/\/static.africa-press.net\/cameroun\/sites\/57\/2023\/03\/postQueueImg_1677941741.25.jpg\",\"keywords\":[\"Africa Press\",\"Africa Press-Cameroun\",\"Cameroun\"],\"articleSection\":[\"Communaut\u00e9\",\"Toutes les actualit\u00e9s\"],\"inLanguage\":\"fr-FR\",\"potentialAction\":[{\"@type\":\"CommentAction\",\"name\":\"Comment\",\"target\":[\"https:\/\/www.africa-press.net\/cameroun\/toutes-les-actualites\/kondengui-des-detenus-promettent-dexpliquer-le-mot-torture-a-amougou-belinga#respond\"]}]},{\"@type\":\"WebPage\",\"@id\":\"https:\/\/www.africa-press.net\/cameroun\/toutes-les-actualites\/kondengui-des-detenus-promettent-dexpliquer-le-mot-torture-a-amougou-belinga\",\"url\":\"https:\/\/www.africa-press.net\/cameroun\/toutes-les-actualites\/kondengui-des-detenus-promettent-dexpliquer-le-mot-torture-a-amougou-belinga\",\"name\":\"Kondengui: des d\u00e9tenus promettent d'expliquer le mot 'torture' \u00e0 Amougou Belinga - Cameroun\",\"isPartOf\":{\"@id\":\"https:\/\/www.africa-press.net\/cameroun\/#website\"},\"primaryImageOfPage\":{\"@id\":\"https:\/\/www.africa-press.net\/cameroun\/toutes-les-actualites\/kondengui-des-detenus-promettent-dexpliquer-le-mot-torture-a-amougou-belinga#primaryimage\"},\"image\":{\"@id\":\"https:\/\/www.africa-press.net\/cameroun\/toutes-les-actualites\/kondengui-des-detenus-promettent-dexpliquer-le-mot-torture-a-amougou-belinga#primaryimage\"},\"thumbnailUrl\":\"https:\/\/static.africa-press.net\/cameroun\/sites\/57\/2023\/03\/postQueueImg_1677941741.25.jpg\",\"datePublished\":\"2023-03-04T18:25:36+00:00\",\"dateModified\":\"2023-03-04T19:24:12+00:00\",\"author\":{\"@id\":\"https:\/\/www.africa-press.net\/cameroun\/#\/schema\/person\/2b1cf3cd81a31e3cd26889ca66d677f1\"},\"description\":\"L'annonce de l'arrive\u0301e de Jean Pierre Amougou Belinga a\u0300 Kondengui ne re\u0301jouit pas particulie\u0300rement les de\u0301tenus qui y ...\",\"breadcrumb\":{\"@id\":\"https:\/\/www.africa-press.net\/cameroun\/toutes-les-actualites\/kondengui-des-detenus-promettent-dexpliquer-le-mot-torture-a-amougou-belinga#breadcrumb\"},\"inLanguage\":\"fr-FR\",\"potentialAction\":[{\"@type\":\"ReadAction\",\"target\":[\"https:\/\/www.africa-press.net\/cameroun\/toutes-les-actualites\/kondengui-des-detenus-promettent-dexpliquer-le-mot-torture-a-amougou-belinga\"]}]},{\"@type\":\"ImageObject\",\"inLanguage\":\"fr-FR\",\"@id\":\"https:\/\/www.africa-press.net\/cameroun\/toutes-les-actualites\/kondengui-des-detenus-promettent-dexpliquer-le-mot-torture-a-amougou-belinga#primaryimage\",\"url\":\"https:\/\/static.africa-press.net\/cameroun\/sites\/57\/2023\/03\/postQueueImg_1677941741.25.jpg\",\"contentUrl\":\"https:\/\/static.africa-press.net\/cameroun\/sites\/57\/2023\/03\/postQueueImg_1677941741.25.jpg\",\"width\":720,\"height\":432,\"caption\":\"Kondengui: des d\u00e9tenus promettent d'expliquer le mot 'torture' \u00e0 Amougou Belinga\"},{\"@type\":\"BreadcrumbList\",\"@id\":\"https:\/\/www.africa-press.net\/cameroun\/toutes-les-actualites\/kondengui-des-detenus-promettent-dexpliquer-le-mot-torture-a-amougou-belinga#breadcrumb\",\"itemListElement\":[{\"@type\":\"ListItem\",\"position\":1,\"name\":\"Accueil\",\"item\":\"https:\/\/www.africa-press.net\/cameroun\/\"},{\"@type\":\"ListItem\",\"position\":2,\"name\":\"Kondengui: des d\u00e9tenus promettent d&rsquo;expliquer le mot &lsquo;torture&rsquo; \u00e0 Amougou Belinga\"}]},{\"@type\":\"WebSite\",\"@id\":\"https:\/\/www.africa-press.net\/cameroun\/#website\",\"url\":\"https:\/\/www.africa-press.net\/cameroun\/\",\"name\":\"Cameroun\",\"description\":\"Just another Africa News Agency Sites site\",\"potentialAction\":[{\"@type\":\"SearchAction\",\"target\":{\"@type\":\"EntryPoint\",\"urlTemplate\":\"https:\/\/www.africa-press.net\/cameroun\/?s={search_term_string}\"},\"query-input\":{\"@type\":\"PropertyValueSpecification\",\"valueRequired\":true,\"valueName\":\"search_term_string\"}}],\"inLanguage\":\"fr-FR\"},{\"@type\":\"Person\",\"@id\":\"https:\/\/www.africa-press.net\/cameroun\/#\/schema\/person\/2b1cf3cd81a31e3cd26889ca66d677f1\",\"name\":\"cfeditorfr\"}]}<\/script>\n<!-- \/ Yoast SEO Premium plugin. -->","yoast_head_json":{"title":"Kondengui: des d\u00e9tenus promettent d'expliquer le mot 'torture' \u00e0 Amougou Belinga - Cameroun","description":"L'annonce de l'arrive\u0301e de Jean Pierre Amougou Belinga a\u0300 Kondengui ne re\u0301jouit pas particulie\u0300rement les de\u0301tenus qui y ...","robots":{"index":"index","follow":"follow","max-snippet":"max-snippet:-1","max-image-preview":"max-image-preview:large","max-video-preview":"max-video-preview:-1"},"canonical":"https:\/\/www.africa-press.net\/cameroun\/toutes-les-actualites\/kondengui-des-detenus-promettent-dexpliquer-le-mot-torture-a-amougou-belinga","og_locale":"fr_FR","og_type":"article","og_title":"Kondengui: des d\u00e9tenus promettent d'expliquer le mot 'torture' \u00e0 Amougou Belinga","og_description":"L'annonce de l'arrive\u0301e de Jean Pierre Amougou Belinga a\u0300 Kondengui ne re\u0301jouit pas particulie\u0300rement les de\u0301tenus qui y ...","og_url":"https:\/\/www.africa-press.net\/cameroun\/toutes-les-actualites\/kondengui-des-detenus-promettent-dexpliquer-le-mot-torture-a-amougou-belinga","og_site_name":"Cameroun","article_published_time":"2023-03-04T18:25:36+00:00","article_modified_time":"2023-03-04T19:24:12+00:00","og_image":[{"width":720,"height":432,"url":"https:\/\/static.africa-press.net\/cameroun\/sites\/57\/2023\/03\/postQueueImg_1677941741.25.jpg","type":"image\/jpeg"}],"author":"cfeditorfr","twitter_card":"summary_large_image","twitter_misc":{"\u00c9crit par":"cfeditorfr","Dur\u00e9e de lecture estim\u00e9e":"2 minutes"},"schema":{"@context":"https:\/\/schema.org","@graph":[{"@type":"Article","@id":"https:\/\/www.africa-press.net\/cameroun\/toutes-les-actualites\/kondengui-des-detenus-promettent-dexpliquer-le-mot-torture-a-amougou-belinga#article","isPartOf":{"@id":"https:\/\/www.africa-press.net\/cameroun\/toutes-les-actualites\/kondengui-des-detenus-promettent-dexpliquer-le-mot-torture-a-amougou-belinga"},"author":{"name":"cfeditorfr","@id":"https:\/\/www.africa-press.net\/cameroun\/#\/schema\/person\/2b1cf3cd81a31e3cd26889ca66d677f1"},"headline":"Kondengui: des d\u00e9tenus promettent d&rsquo;expliquer le mot &lsquo;torture&rsquo; \u00e0 Amougou Belinga","datePublished":"2023-03-04T18:25:36+00:00","dateModified":"2023-03-04T19:24:12+00:00","mainEntityOfPage":{"@id":"https:\/\/www.africa-press.net\/cameroun\/toutes-les-actualites\/kondengui-des-detenus-promettent-dexpliquer-le-mot-torture-a-amougou-belinga"},"wordCount":309,"commentCount":0,"image":{"@id":"https:\/\/www.africa-press.net\/cameroun\/toutes-les-actualites\/kondengui-des-detenus-promettent-dexpliquer-le-mot-torture-a-amougou-belinga#primaryimage"},"thumbnailUrl":"https:\/\/static.africa-press.net\/cameroun\/sites\/57\/2023\/03\/postQueueImg_1677941741.25.jpg","keywords":["Africa Press","Africa Press-Cameroun","Cameroun"],"articleSection":["Communaut\u00e9","Toutes les actualit\u00e9s"],"inLanguage":"fr-FR","potentialAction":[{"@type":"CommentAction","name":"Comment","target":["https:\/\/www.africa-press.net\/cameroun\/toutes-les-actualites\/kondengui-des-detenus-promettent-dexpliquer-le-mot-torture-a-amougou-belinga#respond"]}]},{"@type":"WebPage","@id":"https:\/\/www.africa-press.net\/cameroun\/toutes-les-actualites\/kondengui-des-detenus-promettent-dexpliquer-le-mot-torture-a-amougou-belinga","url":"https:\/\/www.africa-press.net\/cameroun\/toutes-les-actualites\/kondengui-des-detenus-promettent-dexpliquer-le-mot-torture-a-amougou-belinga","name":"Kondengui: des d\u00e9tenus promettent d'expliquer le mot 'torture' \u00e0 Amougou Belinga - Cameroun","isPartOf":{"@id":"https:\/\/www.africa-press.net\/cameroun\/#website"},"primaryImageOfPage":{"@id":"https:\/\/www.africa-press.net\/cameroun\/toutes-les-actualites\/kondengui-des-detenus-promettent-dexpliquer-le-mot-torture-a-amougou-belinga#primaryimage"},"image":{"@id":"https:\/\/www.africa-press.net\/cameroun\/toutes-les-actualites\/kondengui-des-detenus-promettent-dexpliquer-le-mot-torture-a-amougou-belinga#primaryimage"},"thumbnailUrl":"https:\/\/static.africa-press.net\/cameroun\/sites\/57\/2023\/03\/postQueueImg_1677941741.25.jpg","datePublished":"2023-03-04T18:25:36+00:00","dateModified":"2023-03-04T19:24:12+00:00","author":{"@id":"https:\/\/www.africa-press.net\/cameroun\/#\/schema\/person\/2b1cf3cd81a31e3cd26889ca66d677f1"},"description":"L'annonce de l'arrive\u0301e de Jean Pierre Amougou Belinga a\u0300 Kondengui ne re\u0301jouit pas particulie\u0300rement les de\u0301tenus qui y ...","breadcrumb":{"@id":"https:\/\/www.africa-press.net\/cameroun\/toutes-les-actualites\/kondengui-des-detenus-promettent-dexpliquer-le-mot-torture-a-amougou-belinga#breadcrumb"},"inLanguage":"fr-FR","potentialAction":[{"@type":"ReadAction","target":["https:\/\/www.africa-press.net\/cameroun\/toutes-les-actualites\/kondengui-des-detenus-promettent-dexpliquer-le-mot-torture-a-amougou-belinga"]}]},{"@type":"ImageObject","inLanguage":"fr-FR","@id":"https:\/\/www.africa-press.net\/cameroun\/toutes-les-actualites\/kondengui-des-detenus-promettent-dexpliquer-le-mot-torture-a-amougou-belinga#primaryimage","url":"https:\/\/static.africa-press.net\/cameroun\/sites\/57\/2023\/03\/postQueueImg_1677941741.25.jpg","contentUrl":"https:\/\/static.africa-press.net\/cameroun\/sites\/57\/2023\/03\/postQueueImg_1677941741.25.jpg","width":720,"height":432,"caption":"Kondengui: des d\u00e9tenus promettent d'expliquer le mot 'torture' \u00e0 Amougou Belinga"},{"@type":"BreadcrumbList","@id":"https:\/\/www.africa-press.net\/cameroun\/toutes-les-actualites\/kondengui-des-detenus-promettent-dexpliquer-le-mot-torture-a-amougou-belinga#breadcrumb","itemListElement":[{"@type":"ListItem","position":1,"name":"Accueil","item":"https:\/\/www.africa-press.net\/cameroun\/"},{"@type":"ListItem","position":2,"name":"Kondengui: des d\u00e9tenus promettent d&rsquo;expliquer le mot &lsquo;torture&rsquo; \u00e0 Amougou Belinga"}]},{"@type":"WebSite","@id":"https:\/\/www.africa-press.net\/cameroun\/#website","url":"https:\/\/www.africa-press.net\/cameroun\/","name":"Cameroun","description":"Just another Africa News Agency Sites site","potentialAction":[{"@type":"SearchAction","target":{"@type":"EntryPoint","urlTemplate":"https:\/\/www.africa-press.net\/cameroun\/?s={search_term_string}"},"query-input":{"@type":"PropertyValueSpecification","valueRequired":true,"valueName":"search_term_string"}}],"inLanguage":"fr-FR"},{"@type":"Person","@id":"https:\/\/www.africa-press.net\/cameroun\/#\/schema\/person\/2b1cf3cd81a31e3cd26889ca66d677f1","name":"cfeditorfr"}]}},"_links":{"self":[{"href":"https:\/\/www.africa-press.net\/cameroun\/wp-json\/wp\/v2\/posts\/38339","targetHints":{"allow":["GET"]}}],"collection":[{"href":"https:\/\/www.africa-press.net\/cameroun\/wp-json\/wp\/v2\/posts"}],"about":[{"href":"https:\/\/www.africa-press.net\/cameroun\/wp-json\/wp\/v2\/types\/post"}],"author":[{"embeddable":true,"href":"https:\/\/www.africa-press.net\/cameroun\/wp-json\/wp\/v2\/users\/82"}],"replies":[{"embeddable":true,"href":"https:\/\/www.africa-press.net\/cameroun\/wp-json\/wp\/v2\/comments?post=38339"}],"version-history":[{"count":0,"href":"https:\/\/www.africa-press.net\/cameroun\/wp-json\/wp\/v2\/posts\/38339\/revisions"}],"wp:featuredmedia":[{"embeddable":true,"href":"https:\/\/www.africa-press.net\/cameroun\/wp-json\/wp\/v2\/media\/38338"}],"wp:attachment":[{"href":"https:\/\/www.africa-press.net\/cameroun\/wp-json\/wp\/v2\/media?parent=38339"}],"wp:term":[{"taxonomy":"category","embeddable":true,"href":"https:\/\/www.africa-press.net\/cameroun\/wp-json\/wp\/v2\/categories?post=38339"},{"taxonomy":"post_tag","embeddable":true,"href":"https:\/\/www.africa-press.net\/cameroun\/wp-json\/wp\/v2\/tags?post=38339"}],"curies":[{"name":"wp","href":"https:\/\/api.w.org\/{rel}","templated":true}]}}