{"id":38342,"date":"2023-03-04T18:25:44","date_gmt":"2023-03-04T18:25:44","guid":{"rendered":"https:\/\/www.africa-press.net\/cameroun\/politique\/complicite-de-torture-par-aide-voici-ce-que-ca-veut-dire"},"modified":"2023-03-04T19:24:33","modified_gmt":"2023-03-04T19:24:33","slug":"complicite-de-torture-par-aide-voici-ce-que-ca-veut-dire","status":"publish","type":"post","link":"https:\/\/www.africa-press.net\/cameroun\/toutes-les-actualites\/complicite-de-torture-par-aide-voici-ce-que-ca-veut-dire","title":{"rendered":"Complicit\u00e9 de torture par aide : voici ce que \u00e7a veut dire"},"content":{"rendered":"<p><span style=\"color: #ff6600\"><strong>Africa-Press &#8211; Cameroun. <\/strong><\/span>Jean-Pierre Amougou Belinga a e\u0301te\u0301 de\u0301pose\u0301 en prison. Le groupe L\u2019Anecdote dont il est le proprie\u0301taire confirme l\u2019information : \u00ab nous portons a\u0300 l\u2019attention de l\u2019opinion publique nationale et internationale qu\u2019apre\u0300s avoir passe\u0301 vingt-cinq (25) jours en de\u0301tention au Service central des recherches judiciaires, le pre\u0301sident du groupe L\u2019Anecdote monsieur Jean-Pierre Amougou Belinga a e\u0301te\u0301 place\u0301 sous mandat de de\u0301po\u0302t ce 04 mars 2023 a\u0300 la prison principale de Kondengui \u00bb.<\/p>\n<p>En fait, le milliardaire y est place\u0301 pour \u00ab complicite\u0301 de torture par aide \u00bb, pre\u0301cise dans le me\u0302me communique\u0301 le chef de division de la communication du groupe L\u2019Anecdote, Ine\u0300s Arielle Zamo Belinga.<\/p>\n<p>Et alors que beaucoup de versions ont e\u0301te\u0301 donne\u0301es depuis que cette affaire d\u2019assassinat de Martinez Zogo a commence\u0301, il y a de quoi vouloir savoir exactement ce qu\u2019on reproche finalement a\u0300 Jean-Pierre Amougou Belinga. Que veut donc dire complicite\u0301 de torture par aide ?<\/p>\n<p>De\u0301ja\u0300, l\u2019ONG internationale Amnesty International qui promeut la de\u0301fense des droits de l&rsquo;Homme et le respect de la De\u0301claration universelle des droits de l&rsquo;Homme de\u0301finit la torture.<\/p>\n<p>\u00ab On parle de torture lorsqu\u2019une personne inflige des souffrances psychologiques ou physiques a\u0300 un autre pour lui faire mal dans un but pre\u0301cis (&#8230;). Au titre du droit international, la torture et toutes les autres formes de mauvais traitements sont toujours ille\u0301gales. Elles sont interdites internationalement depuis des de\u0301cennies \u00bb, informe Amnesty International.<\/p>\n<p>Pour l\u2019organisation, \u00ab la torture ne peut jamais e\u0302tre justifie\u0301e. C\u2019est une pratique barbare et inhumaine qui remplace l\u2019E\u0301tat de droit par la terreur. Personne n\u2019est en se\u0301curite\u0301 lorsque des gouvernements autorisent son usage \u00bb.<\/p>\n<p>La torture ainsi de\u0301finie, la complicite\u0301 en droit veut dire \u00ab participation au de\u0301lit ou au crime d&rsquo;un autre \u00bb. La complicite\u0301 par aide ou assistance consiste donc a\u0300 apporter une aide ou une assistance morale ou mate\u0301rielle a\u0300 l&rsquo;auteur principal de l&rsquo;infraction.<\/p>\n<p>Autrement dit, c\u2019est lorsque le coupable fournit \u00ab une aide ou une assistance facilitant la pre\u0301paration ou la consommation d&rsquo;un crime ou d&rsquo;un de\u0301lit, mais aussi celui qui par don, promesse, menace, ordre, abus de pouvoir ou bien donne des instructions pour commettre une infraction \u00bb.<\/p>\n<p>Ce qui veut dire dans le cas d\u2019espe\u0300ce que le pre\u0301sident directeur ge\u0301ne\u0301ral de Vision 4 est complice, qu\u2019il y a d\u2019autre.s personne.s dans le coup. Cela explique mieux l\u2019arrestation de plusieurs suspects apre\u0300s que le corps sans vie du journaliste Martinez Zogo a e\u0301te\u0301 de\u0301couvert a\u0300 Ebogo dans le quartier de Yaounde\u0301. Les investigations faites par les enque\u0302teurs ont semble-t-il prouve\u0301 que c\u2019est un meurtre connu par un groupe de personnes tapi dans l\u2019ombre.<\/p>\n<p><strong>Pour plus d&rsquo;informations et d&rsquo;analyses sur la <a href=\"https:\/\/www.africa-press.net\/cameroun\">Cameroun<\/a>, suivez <a href=\"https:\/\/www.africa-press.net\/\">Africa-Press<\/a><\/strong><\/p>\n","protected":false},"excerpt":{"rendered":"<p>Africa-Press &#8211; Cameroun. Jean-Pierre Amougou Belinga a e\u0301te\u0301 de\u0301pose\u0301 en prison. Le groupe L\u2019Anecdote dont il est le proprie\u0301taire confirme l\u2019information : \u00ab nous portons a\u0300 l\u2019attention de l\u2019opinion publique nationale et internationale qu\u2019apre\u0300s avoir passe\u0301 vingt-cinq (25) jours en de\u0301tention au Service central des recherches judiciaires, le pre\u0301sident du groupe L\u2019Anecdote monsieur Jean-Pierre Amougou [&hellip;]<\/p>\n","protected":false},"author":82,"featured_media":38341,"comment_status":"open","ping_status":"closed","sticky":false,"template":"","format":"standard","meta":{"footnotes":""},"categories":[21,10],"tags":[36,50,49],"class_list":["post-38342","post","type-post","status-publish","format-standard","has-post-thumbnail","hentry","category-communaute","category-toutes-les-actualites","tag-africa-press","tag-africa-press-cameroun","tag-cameroun"],"yoast_head":"<!-- This site is optimized with the Yoast SEO Premium plugin v26.1 (Yoast SEO v27.0) - https:\/\/yoast.com\/product\/yoast-seo-premium-wordpress\/ -->\n<title>Complicit\u00e9 de torture par aide : voici ce que \u00e7a veut dire - Cameroun<\/title>\n<meta name=\"description\" content=\"Jean-Pierre Amougou Belinga a e\u0301te\u0301 de\u0301pose\u0301 en prison. Le groupe L\u2019Anecdote dont il est le proprie\u0301taire confirme l\u2019inf ...\" \/>\n<meta name=\"robots\" content=\"index, follow, max-snippet:-1, max-image-preview:large, max-video-preview:-1\" \/>\n<link rel=\"canonical\" href=\"https:\/\/www.africa-press.net\/cameroun\/toutes-les-actualites\/complicite-de-torture-par-aide-voici-ce-que-ca-veut-dire\" \/>\n<meta property=\"og:locale\" content=\"fr_FR\" \/>\n<meta property=\"og:type\" content=\"article\" \/>\n<meta property=\"og:title\" content=\"Complicit\u00e9 de torture par aide : voici ce que \u00e7a veut dire\" \/>\n<meta property=\"og:description\" content=\"Jean-Pierre Amougou Belinga a e\u0301te\u0301 de\u0301pose\u0301 en prison. Le groupe L\u2019Anecdote dont il est le proprie\u0301taire confirme l\u2019inf ...\" \/>\n<meta property=\"og:url\" content=\"https:\/\/www.africa-press.net\/cameroun\/toutes-les-actualites\/complicite-de-torture-par-aide-voici-ce-que-ca-veut-dire\" \/>\n<meta property=\"og:site_name\" content=\"Cameroun\" \/>\n<meta property=\"article:published_time\" content=\"2023-03-04T18:25:44+00:00\" \/>\n<meta property=\"article:modified_time\" content=\"2023-03-04T19:24:33+00:00\" \/>\n<meta property=\"og:image\" content=\"https:\/\/static.africa-press.net\/cameroun\/sites\/57\/2023\/03\/postQueueImg_1677941755.47.jpg\" \/>\n\t<meta property=\"og:image:width\" content=\"720\" \/>\n\t<meta property=\"og:image:height\" content=\"469\" \/>\n\t<meta property=\"og:image:type\" content=\"image\/jpeg\" \/>\n<meta name=\"author\" content=\"cfeditorfr\" \/>\n<meta name=\"twitter:card\" content=\"summary_large_image\" \/>\n<meta name=\"twitter:label1\" content=\"\u00c9crit par\" \/>\n\t<meta name=\"twitter:data1\" content=\"cfeditorfr\" \/>\n\t<meta name=\"twitter:label2\" content=\"Dur\u00e9e de lecture estim\u00e9e\" \/>\n\t<meta name=\"twitter:data2\" content=\"3 minutes\" \/>\n<script type=\"application\/ld+json\" class=\"yoast-schema-graph\">{\"@context\":\"https:\/\/schema.org\",\"@graph\":[{\"@type\":\"Article\",\"@id\":\"https:\/\/www.africa-press.net\/cameroun\/toutes-les-actualites\/complicite-de-torture-par-aide-voici-ce-que-ca-veut-dire#article\",\"isPartOf\":{\"@id\":\"https:\/\/www.africa-press.net\/cameroun\/toutes-les-actualites\/complicite-de-torture-par-aide-voici-ce-que-ca-veut-dire\"},\"author\":{\"name\":\"cfeditorfr\",\"@id\":\"https:\/\/www.africa-press.net\/cameroun\/#\/schema\/person\/2b1cf3cd81a31e3cd26889ca66d677f1\"},\"headline\":\"Complicit\u00e9 de torture par aide : voici ce que \u00e7a veut dire\",\"datePublished\":\"2023-03-04T18:25:44+00:00\",\"dateModified\":\"2023-03-04T19:24:33+00:00\",\"mainEntityOfPage\":{\"@id\":\"https:\/\/www.africa-press.net\/cameroun\/toutes-les-actualites\/complicite-de-torture-par-aide-voici-ce-que-ca-veut-dire\"},\"wordCount\":506,\"commentCount\":0,\"image\":{\"@id\":\"https:\/\/www.africa-press.net\/cameroun\/toutes-les-actualites\/complicite-de-torture-par-aide-voici-ce-que-ca-veut-dire#primaryimage\"},\"thumbnailUrl\":\"https:\/\/static.africa-press.net\/cameroun\/sites\/57\/2023\/03\/postQueueImg_1677941755.47.jpg\",\"keywords\":[\"Africa Press\",\"Africa Press-Cameroun\",\"Cameroun\"],\"articleSection\":[\"Communaut\u00e9\",\"Toutes les actualit\u00e9s\"],\"inLanguage\":\"fr-FR\",\"potentialAction\":[{\"@type\":\"CommentAction\",\"name\":\"Comment\",\"target\":[\"https:\/\/www.africa-press.net\/cameroun\/toutes-les-actualites\/complicite-de-torture-par-aide-voici-ce-que-ca-veut-dire#respond\"]}]},{\"@type\":\"WebPage\",\"@id\":\"https:\/\/www.africa-press.net\/cameroun\/toutes-les-actualites\/complicite-de-torture-par-aide-voici-ce-que-ca-veut-dire\",\"url\":\"https:\/\/www.africa-press.net\/cameroun\/toutes-les-actualites\/complicite-de-torture-par-aide-voici-ce-que-ca-veut-dire\",\"name\":\"Complicit\u00e9 de torture par aide : voici ce que \u00e7a veut dire - Cameroun\",\"isPartOf\":{\"@id\":\"https:\/\/www.africa-press.net\/cameroun\/#website\"},\"primaryImageOfPage\":{\"@id\":\"https:\/\/www.africa-press.net\/cameroun\/toutes-les-actualites\/complicite-de-torture-par-aide-voici-ce-que-ca-veut-dire#primaryimage\"},\"image\":{\"@id\":\"https:\/\/www.africa-press.net\/cameroun\/toutes-les-actualites\/complicite-de-torture-par-aide-voici-ce-que-ca-veut-dire#primaryimage\"},\"thumbnailUrl\":\"https:\/\/static.africa-press.net\/cameroun\/sites\/57\/2023\/03\/postQueueImg_1677941755.47.jpg\",\"datePublished\":\"2023-03-04T18:25:44+00:00\",\"dateModified\":\"2023-03-04T19:24:33+00:00\",\"author\":{\"@id\":\"https:\/\/www.africa-press.net\/cameroun\/#\/schema\/person\/2b1cf3cd81a31e3cd26889ca66d677f1\"},\"description\":\"Jean-Pierre Amougou Belinga a e\u0301te\u0301 de\u0301pose\u0301 en prison. Le groupe L\u2019Anecdote dont il est le proprie\u0301taire confirme l\u2019inf ...\",\"breadcrumb\":{\"@id\":\"https:\/\/www.africa-press.net\/cameroun\/toutes-les-actualites\/complicite-de-torture-par-aide-voici-ce-que-ca-veut-dire#breadcrumb\"},\"inLanguage\":\"fr-FR\",\"potentialAction\":[{\"@type\":\"ReadAction\",\"target\":[\"https:\/\/www.africa-press.net\/cameroun\/toutes-les-actualites\/complicite-de-torture-par-aide-voici-ce-que-ca-veut-dire\"]}]},{\"@type\":\"ImageObject\",\"inLanguage\":\"fr-FR\",\"@id\":\"https:\/\/www.africa-press.net\/cameroun\/toutes-les-actualites\/complicite-de-torture-par-aide-voici-ce-que-ca-veut-dire#primaryimage\",\"url\":\"https:\/\/static.africa-press.net\/cameroun\/sites\/57\/2023\/03\/postQueueImg_1677941755.47.jpg\",\"contentUrl\":\"https:\/\/static.africa-press.net\/cameroun\/sites\/57\/2023\/03\/postQueueImg_1677941755.47.jpg\",\"width\":720,\"height\":469,\"caption\":\"Complicit\u00e9 de torture par aide : voici ce que \u00e7a veut dire\"},{\"@type\":\"BreadcrumbList\",\"@id\":\"https:\/\/www.africa-press.net\/cameroun\/toutes-les-actualites\/complicite-de-torture-par-aide-voici-ce-que-ca-veut-dire#breadcrumb\",\"itemListElement\":[{\"@type\":\"ListItem\",\"position\":1,\"name\":\"Accueil\",\"item\":\"https:\/\/www.africa-press.net\/cameroun\/\"},{\"@type\":\"ListItem\",\"position\":2,\"name\":\"Complicit\u00e9 de torture par aide : voici ce que \u00e7a veut dire\"}]},{\"@type\":\"WebSite\",\"@id\":\"https:\/\/www.africa-press.net\/cameroun\/#website\",\"url\":\"https:\/\/www.africa-press.net\/cameroun\/\",\"name\":\"Cameroun\",\"description\":\"Just another Africa News Agency Sites site\",\"potentialAction\":[{\"@type\":\"SearchAction\",\"target\":{\"@type\":\"EntryPoint\",\"urlTemplate\":\"https:\/\/www.africa-press.net\/cameroun\/?s={search_term_string}\"},\"query-input\":{\"@type\":\"PropertyValueSpecification\",\"valueRequired\":true,\"valueName\":\"search_term_string\"}}],\"inLanguage\":\"fr-FR\"},{\"@type\":\"Person\",\"@id\":\"https:\/\/www.africa-press.net\/cameroun\/#\/schema\/person\/2b1cf3cd81a31e3cd26889ca66d677f1\",\"name\":\"cfeditorfr\"}]}<\/script>\n<!-- \/ Yoast SEO Premium plugin. -->","yoast_head_json":{"title":"Complicit\u00e9 de torture par aide : voici ce que \u00e7a veut dire - Cameroun","description":"Jean-Pierre Amougou Belinga a e\u0301te\u0301 de\u0301pose\u0301 en prison. Le groupe L\u2019Anecdote dont il est le proprie\u0301taire confirme l\u2019inf ...","robots":{"index":"index","follow":"follow","max-snippet":"max-snippet:-1","max-image-preview":"max-image-preview:large","max-video-preview":"max-video-preview:-1"},"canonical":"https:\/\/www.africa-press.net\/cameroun\/toutes-les-actualites\/complicite-de-torture-par-aide-voici-ce-que-ca-veut-dire","og_locale":"fr_FR","og_type":"article","og_title":"Complicit\u00e9 de torture par aide : voici ce que \u00e7a veut dire","og_description":"Jean-Pierre Amougou Belinga a e\u0301te\u0301 de\u0301pose\u0301 en prison. Le groupe L\u2019Anecdote dont il est le proprie\u0301taire confirme l\u2019inf ...","og_url":"https:\/\/www.africa-press.net\/cameroun\/toutes-les-actualites\/complicite-de-torture-par-aide-voici-ce-que-ca-veut-dire","og_site_name":"Cameroun","article_published_time":"2023-03-04T18:25:44+00:00","article_modified_time":"2023-03-04T19:24:33+00:00","og_image":[{"width":720,"height":469,"url":"https:\/\/static.africa-press.net\/cameroun\/sites\/57\/2023\/03\/postQueueImg_1677941755.47.jpg","type":"image\/jpeg"}],"author":"cfeditorfr","twitter_card":"summary_large_image","twitter_misc":{"\u00c9crit par":"cfeditorfr","Dur\u00e9e de lecture estim\u00e9e":"3 minutes"},"schema":{"@context":"https:\/\/schema.org","@graph":[{"@type":"Article","@id":"https:\/\/www.africa-press.net\/cameroun\/toutes-les-actualites\/complicite-de-torture-par-aide-voici-ce-que-ca-veut-dire#article","isPartOf":{"@id":"https:\/\/www.africa-press.net\/cameroun\/toutes-les-actualites\/complicite-de-torture-par-aide-voici-ce-que-ca-veut-dire"},"author":{"name":"cfeditorfr","@id":"https:\/\/www.africa-press.net\/cameroun\/#\/schema\/person\/2b1cf3cd81a31e3cd26889ca66d677f1"},"headline":"Complicit\u00e9 de torture par aide : voici ce que \u00e7a veut dire","datePublished":"2023-03-04T18:25:44+00:00","dateModified":"2023-03-04T19:24:33+00:00","mainEntityOfPage":{"@id":"https:\/\/www.africa-press.net\/cameroun\/toutes-les-actualites\/complicite-de-torture-par-aide-voici-ce-que-ca-veut-dire"},"wordCount":506,"commentCount":0,"image":{"@id":"https:\/\/www.africa-press.net\/cameroun\/toutes-les-actualites\/complicite-de-torture-par-aide-voici-ce-que-ca-veut-dire#primaryimage"},"thumbnailUrl":"https:\/\/static.africa-press.net\/cameroun\/sites\/57\/2023\/03\/postQueueImg_1677941755.47.jpg","keywords":["Africa Press","Africa Press-Cameroun","Cameroun"],"articleSection":["Communaut\u00e9","Toutes les actualit\u00e9s"],"inLanguage":"fr-FR","potentialAction":[{"@type":"CommentAction","name":"Comment","target":["https:\/\/www.africa-press.net\/cameroun\/toutes-les-actualites\/complicite-de-torture-par-aide-voici-ce-que-ca-veut-dire#respond"]}]},{"@type":"WebPage","@id":"https:\/\/www.africa-press.net\/cameroun\/toutes-les-actualites\/complicite-de-torture-par-aide-voici-ce-que-ca-veut-dire","url":"https:\/\/www.africa-press.net\/cameroun\/toutes-les-actualites\/complicite-de-torture-par-aide-voici-ce-que-ca-veut-dire","name":"Complicit\u00e9 de torture par aide : voici ce que \u00e7a veut dire - Cameroun","isPartOf":{"@id":"https:\/\/www.africa-press.net\/cameroun\/#website"},"primaryImageOfPage":{"@id":"https:\/\/www.africa-press.net\/cameroun\/toutes-les-actualites\/complicite-de-torture-par-aide-voici-ce-que-ca-veut-dire#primaryimage"},"image":{"@id":"https:\/\/www.africa-press.net\/cameroun\/toutes-les-actualites\/complicite-de-torture-par-aide-voici-ce-que-ca-veut-dire#primaryimage"},"thumbnailUrl":"https:\/\/static.africa-press.net\/cameroun\/sites\/57\/2023\/03\/postQueueImg_1677941755.47.jpg","datePublished":"2023-03-04T18:25:44+00:00","dateModified":"2023-03-04T19:24:33+00:00","author":{"@id":"https:\/\/www.africa-press.net\/cameroun\/#\/schema\/person\/2b1cf3cd81a31e3cd26889ca66d677f1"},"description":"Jean-Pierre Amougou Belinga a e\u0301te\u0301 de\u0301pose\u0301 en prison. Le groupe L\u2019Anecdote dont il est le proprie\u0301taire confirme l\u2019inf ...","breadcrumb":{"@id":"https:\/\/www.africa-press.net\/cameroun\/toutes-les-actualites\/complicite-de-torture-par-aide-voici-ce-que-ca-veut-dire#breadcrumb"},"inLanguage":"fr-FR","potentialAction":[{"@type":"ReadAction","target":["https:\/\/www.africa-press.net\/cameroun\/toutes-les-actualites\/complicite-de-torture-par-aide-voici-ce-que-ca-veut-dire"]}]},{"@type":"ImageObject","inLanguage":"fr-FR","@id":"https:\/\/www.africa-press.net\/cameroun\/toutes-les-actualites\/complicite-de-torture-par-aide-voici-ce-que-ca-veut-dire#primaryimage","url":"https:\/\/static.africa-press.net\/cameroun\/sites\/57\/2023\/03\/postQueueImg_1677941755.47.jpg","contentUrl":"https:\/\/static.africa-press.net\/cameroun\/sites\/57\/2023\/03\/postQueueImg_1677941755.47.jpg","width":720,"height":469,"caption":"Complicit\u00e9 de torture par aide : voici ce que \u00e7a veut dire"},{"@type":"BreadcrumbList","@id":"https:\/\/www.africa-press.net\/cameroun\/toutes-les-actualites\/complicite-de-torture-par-aide-voici-ce-que-ca-veut-dire#breadcrumb","itemListElement":[{"@type":"ListItem","position":1,"name":"Accueil","item":"https:\/\/www.africa-press.net\/cameroun\/"},{"@type":"ListItem","position":2,"name":"Complicit\u00e9 de torture par aide : voici ce que \u00e7a veut dire"}]},{"@type":"WebSite","@id":"https:\/\/www.africa-press.net\/cameroun\/#website","url":"https:\/\/www.africa-press.net\/cameroun\/","name":"Cameroun","description":"Just another Africa News Agency Sites site","potentialAction":[{"@type":"SearchAction","target":{"@type":"EntryPoint","urlTemplate":"https:\/\/www.africa-press.net\/cameroun\/?s={search_term_string}"},"query-input":{"@type":"PropertyValueSpecification","valueRequired":true,"valueName":"search_term_string"}}],"inLanguage":"fr-FR"},{"@type":"Person","@id":"https:\/\/www.africa-press.net\/cameroun\/#\/schema\/person\/2b1cf3cd81a31e3cd26889ca66d677f1","name":"cfeditorfr"}]}},"_links":{"self":[{"href":"https:\/\/www.africa-press.net\/cameroun\/wp-json\/wp\/v2\/posts\/38342","targetHints":{"allow":["GET"]}}],"collection":[{"href":"https:\/\/www.africa-press.net\/cameroun\/wp-json\/wp\/v2\/posts"}],"about":[{"href":"https:\/\/www.africa-press.net\/cameroun\/wp-json\/wp\/v2\/types\/post"}],"author":[{"embeddable":true,"href":"https:\/\/www.africa-press.net\/cameroun\/wp-json\/wp\/v2\/users\/82"}],"replies":[{"embeddable":true,"href":"https:\/\/www.africa-press.net\/cameroun\/wp-json\/wp\/v2\/comments?post=38342"}],"version-history":[{"count":0,"href":"https:\/\/www.africa-press.net\/cameroun\/wp-json\/wp\/v2\/posts\/38342\/revisions"}],"wp:featuredmedia":[{"embeddable":true,"href":"https:\/\/www.africa-press.net\/cameroun\/wp-json\/wp\/v2\/media\/38341"}],"wp:attachment":[{"href":"https:\/\/www.africa-press.net\/cameroun\/wp-json\/wp\/v2\/media?parent=38342"}],"wp:term":[{"taxonomy":"category","embeddable":true,"href":"https:\/\/www.africa-press.net\/cameroun\/wp-json\/wp\/v2\/categories?post=38342"},{"taxonomy":"post_tag","embeddable":true,"href":"https:\/\/www.africa-press.net\/cameroun\/wp-json\/wp\/v2\/tags?post=38342"}],"curies":[{"name":"wp","href":"https:\/\/api.w.org\/{rel}","templated":true}]}}