{"id":38345,"date":"2023-03-04T18:25:57","date_gmt":"2023-03-04T18:25:57","guid":{"rendered":"https:\/\/www.africa-press.net\/cameroun\/politique\/derniere-minute-oublie-de-tous-ce-proche-collaborateur-damougou-belinga-a-ete-libere"},"modified":"2023-03-04T19:24:58","modified_gmt":"2023-03-04T19:24:58","slug":"derniere-minute-oublie-de-tous-ce-proche-collaborateur-damougou-belinga-a-ete-libere","status":"publish","type":"post","link":"https:\/\/www.africa-press.net\/cameroun\/toutes-les-actualites\/derniere-minute-oublie-de-tous-ce-proche-collaborateur-damougou-belinga-a-ete-libere","title":{"rendered":"Derni\u00e8re minute : oubli\u00e9 de tous, ce proche collaborateur d\u2019Amougou Belinga a \u00e9t\u00e9 lib\u00e9r\u00e9"},"content":{"rendered":"<p><span style=\"color: #ff6600\"><strong>Africa-Press &#8211; Cameroun. <\/strong><\/span>La nuit du 3 au 4 mars a e\u0301te\u0301 tre\u0300s longue au tribunal militaire. Mais elle a permis de savoir le sort qui est re\u0301serve\u0301 a\u0300 Amougou Belinga et ses coaccuse\u0301s. Des journalistes comme Paul Chouta ont e\u0301te\u0301 sur place pour nous transmettre les dernie\u0300res informations.<\/p>\n<p>Il en ressort alors que le pre\u0301sident du groupe l\u2019Anecdote Jean Pierre Amougou Belinga est place\u0301 en de\u0301tention provisoire a\u0300 la prison de Kondengui pour \u00ab complicite\u0301 de torture par aide \u00bb. Son chauffeur lui a e\u0301te\u0301 libe\u0301re\u0301.<\/p>\n<p>Souvenons-nous. Le 6 fe\u0301vrier lorsqu\u2019Amougou Belinga, Bruno Bidjang et le Colonel Etoundi Nsoe se faisaient arre\u0302te\u0301s par les e\u0301le\u0301ments de la gendarmerie, celui-ci avait pris la fuite.<\/p>\n<p>Mais, deux jours apre\u0300s, c\u2019est-a\u0300-dire le 8 fe\u0301vrier 2023, ce dernier sera finalement arre\u0302te\u0301 et mis en cellule comme les autres au SED.<\/p>\n<p>Par ailleurs il a e\u0301te\u0301 auditionne\u0301 et a passe\u0301 ainsi plus de trois (03) semaines au SED avec son patron.<\/p>\n<p>Presque tout l\u2019entourage du milliardaire a fait un tour au SED. En dehors du chauffeur, de son fide\u0300le employe\u0301 Bruno Bidjang et son beau-pe\u0300re Etoundi Nsoe, les e\u0301le\u0301ments de la commission mixte gendarmerie et police avaient aussi interpelle\u0301s, dans le cadre de l\u2019enque\u0302te, son e\u0301pouse Melissa Amougou, son conseiller spe\u0301cial etc.<\/p>\n<p><strong>Pour plus d&rsquo;informations et d&rsquo;analyses sur la <a href=\"https:\/\/www.africa-press.net\/cameroun\">Cameroun<\/a>, suivez <a href=\"https:\/\/www.africa-press.net\/\">Africa-Press<\/a><\/strong><\/p>\n","protected":false},"excerpt":{"rendered":"<p>Africa-Press &#8211; Cameroun. La nuit du 3 au 4 mars a e\u0301te\u0301 tre\u0300s longue au tribunal militaire. Mais elle a permis de savoir le sort qui est re\u0301serve\u0301 a\u0300 Amougou Belinga et ses coaccuse\u0301s. Des journalistes comme Paul Chouta ont e\u0301te\u0301 sur place pour nous transmettre les dernie\u0300res informations. Il en ressort alors que le [&hellip;]<\/p>\n","protected":false},"author":82,"featured_media":38344,"comment_status":"open","ping_status":"closed","sticky":false,"template":"","format":"standard","meta":{"footnotes":""},"categories":[21,10],"tags":[36,50,49],"class_list":["post-38345","post","type-post","status-publish","format-standard","has-post-thumbnail","hentry","category-communaute","category-toutes-les-actualites","tag-africa-press","tag-africa-press-cameroun","tag-cameroun"],"yoast_head":"<!-- This site is optimized with the Yoast SEO Premium plugin v26.1 (Yoast SEO v27.0) - https:\/\/yoast.com\/product\/yoast-seo-premium-wordpress\/ -->\n<title>Derni\u00e8re minute : oubli\u00e9 de tous, ce proche collaborateur d\u2019Amougou Belinga a \u00e9t\u00e9 lib\u00e9r\u00e9 - Cameroun<\/title>\n<meta name=\"description\" content=\"La nuit du 3 au 4 mars a e\u0301te\u0301 tre\u0300s longue au tribunal militaire. Mais elle a permis de savoir le sort qui est re\u0301serve ...\" \/>\n<meta name=\"robots\" content=\"index, follow, max-snippet:-1, max-image-preview:large, max-video-preview:-1\" \/>\n<link rel=\"canonical\" href=\"https:\/\/www.africa-press.net\/cameroun\/toutes-les-actualites\/derniere-minute-oublie-de-tous-ce-proche-collaborateur-damougou-belinga-a-ete-libere\" \/>\n<meta property=\"og:locale\" content=\"fr_FR\" \/>\n<meta property=\"og:type\" content=\"article\" \/>\n<meta property=\"og:title\" content=\"Derni\u00e8re minute : oubli\u00e9 de tous, ce proche collaborateur d\u2019Amougou Belinga a \u00e9t\u00e9 lib\u00e9r\u00e9\" \/>\n<meta property=\"og:description\" content=\"La nuit du 3 au 4 mars a e\u0301te\u0301 tre\u0300s longue au tribunal militaire. Mais elle a permis de savoir le sort qui est re\u0301serve ...\" \/>\n<meta property=\"og:url\" content=\"https:\/\/www.africa-press.net\/cameroun\/toutes-les-actualites\/derniere-minute-oublie-de-tous-ce-proche-collaborateur-damougou-belinga-a-ete-libere\" \/>\n<meta property=\"og:site_name\" content=\"Cameroun\" \/>\n<meta property=\"article:published_time\" content=\"2023-03-04T18:25:57+00:00\" \/>\n<meta property=\"article:modified_time\" content=\"2023-03-04T19:24:58+00:00\" \/>\n<meta property=\"og:image\" content=\"https:\/\/static.africa-press.net\/cameroun\/sites\/57\/2023\/03\/postQueueImg_1677941762.04.jpg\" \/>\n\t<meta property=\"og:image:width\" content=\"1280\" \/>\n\t<meta property=\"og:image:height\" content=\"720\" \/>\n\t<meta property=\"og:image:type\" content=\"image\/jpeg\" \/>\n<meta name=\"author\" content=\"cfeditorfr\" \/>\n<meta name=\"twitter:card\" content=\"summary_large_image\" \/>\n<meta name=\"twitter:label1\" content=\"\u00c9crit par\" \/>\n\t<meta name=\"twitter:data1\" content=\"cfeditorfr\" \/>\n\t<meta name=\"twitter:label2\" content=\"Dur\u00e9e de lecture estim\u00e9e\" \/>\n\t<meta name=\"twitter:data2\" content=\"2 minutes\" \/>\n<script type=\"application\/ld+json\" class=\"yoast-schema-graph\">{\"@context\":\"https:\/\/schema.org\",\"@graph\":[{\"@type\":\"Article\",\"@id\":\"https:\/\/www.africa-press.net\/cameroun\/toutes-les-actualites\/derniere-minute-oublie-de-tous-ce-proche-collaborateur-damougou-belinga-a-ete-libere#article\",\"isPartOf\":{\"@id\":\"https:\/\/www.africa-press.net\/cameroun\/toutes-les-actualites\/derniere-minute-oublie-de-tous-ce-proche-collaborateur-damougou-belinga-a-ete-libere\"},\"author\":{\"name\":\"cfeditorfr\",\"@id\":\"https:\/\/www.africa-press.net\/cameroun\/#\/schema\/person\/2b1cf3cd81a31e3cd26889ca66d677f1\"},\"headline\":\"Derni\u00e8re minute : oubli\u00e9 de tous, ce proche collaborateur d\u2019Amougou Belinga a \u00e9t\u00e9 lib\u00e9r\u00e9\",\"datePublished\":\"2023-03-04T18:25:57+00:00\",\"dateModified\":\"2023-03-04T19:24:58+00:00\",\"mainEntityOfPage\":{\"@id\":\"https:\/\/www.africa-press.net\/cameroun\/toutes-les-actualites\/derniere-minute-oublie-de-tous-ce-proche-collaborateur-damougou-belinga-a-ete-libere\"},\"wordCount\":261,\"commentCount\":0,\"image\":{\"@id\":\"https:\/\/www.africa-press.net\/cameroun\/toutes-les-actualites\/derniere-minute-oublie-de-tous-ce-proche-collaborateur-damougou-belinga-a-ete-libere#primaryimage\"},\"thumbnailUrl\":\"https:\/\/static.africa-press.net\/cameroun\/sites\/57\/2023\/03\/postQueueImg_1677941762.04.jpg\",\"keywords\":[\"Africa Press\",\"Africa Press-Cameroun\",\"Cameroun\"],\"articleSection\":[\"Communaut\u00e9\",\"Toutes les actualit\u00e9s\"],\"inLanguage\":\"fr-FR\",\"potentialAction\":[{\"@type\":\"CommentAction\",\"name\":\"Comment\",\"target\":[\"https:\/\/www.africa-press.net\/cameroun\/toutes-les-actualites\/derniere-minute-oublie-de-tous-ce-proche-collaborateur-damougou-belinga-a-ete-libere#respond\"]}]},{\"@type\":\"WebPage\",\"@id\":\"https:\/\/www.africa-press.net\/cameroun\/toutes-les-actualites\/derniere-minute-oublie-de-tous-ce-proche-collaborateur-damougou-belinga-a-ete-libere\",\"url\":\"https:\/\/www.africa-press.net\/cameroun\/toutes-les-actualites\/derniere-minute-oublie-de-tous-ce-proche-collaborateur-damougou-belinga-a-ete-libere\",\"name\":\"Derni\u00e8re minute : oubli\u00e9 de tous, ce proche collaborateur d\u2019Amougou Belinga a \u00e9t\u00e9 lib\u00e9r\u00e9 - Cameroun\",\"isPartOf\":{\"@id\":\"https:\/\/www.africa-press.net\/cameroun\/#website\"},\"primaryImageOfPage\":{\"@id\":\"https:\/\/www.africa-press.net\/cameroun\/toutes-les-actualites\/derniere-minute-oublie-de-tous-ce-proche-collaborateur-damougou-belinga-a-ete-libere#primaryimage\"},\"image\":{\"@id\":\"https:\/\/www.africa-press.net\/cameroun\/toutes-les-actualites\/derniere-minute-oublie-de-tous-ce-proche-collaborateur-damougou-belinga-a-ete-libere#primaryimage\"},\"thumbnailUrl\":\"https:\/\/static.africa-press.net\/cameroun\/sites\/57\/2023\/03\/postQueueImg_1677941762.04.jpg\",\"datePublished\":\"2023-03-04T18:25:57+00:00\",\"dateModified\":\"2023-03-04T19:24:58+00:00\",\"author\":{\"@id\":\"https:\/\/www.africa-press.net\/cameroun\/#\/schema\/person\/2b1cf3cd81a31e3cd26889ca66d677f1\"},\"description\":\"La nuit du 3 au 4 mars a e\u0301te\u0301 tre\u0300s longue au tribunal militaire. Mais elle a permis de savoir le sort qui est re\u0301serve ...\",\"breadcrumb\":{\"@id\":\"https:\/\/www.africa-press.net\/cameroun\/toutes-les-actualites\/derniere-minute-oublie-de-tous-ce-proche-collaborateur-damougou-belinga-a-ete-libere#breadcrumb\"},\"inLanguage\":\"fr-FR\",\"potentialAction\":[{\"@type\":\"ReadAction\",\"target\":[\"https:\/\/www.africa-press.net\/cameroun\/toutes-les-actualites\/derniere-minute-oublie-de-tous-ce-proche-collaborateur-damougou-belinga-a-ete-libere\"]}]},{\"@type\":\"ImageObject\",\"inLanguage\":\"fr-FR\",\"@id\":\"https:\/\/www.africa-press.net\/cameroun\/toutes-les-actualites\/derniere-minute-oublie-de-tous-ce-proche-collaborateur-damougou-belinga-a-ete-libere#primaryimage\",\"url\":\"https:\/\/static.africa-press.net\/cameroun\/sites\/57\/2023\/03\/postQueueImg_1677941762.04.jpg\",\"contentUrl\":\"https:\/\/static.africa-press.net\/cameroun\/sites\/57\/2023\/03\/postQueueImg_1677941762.04.jpg\",\"width\":1280,\"height\":720,\"caption\":\"Derni\u00e8re minute : oubli\u00e9 de tous, ce proche collaborateur d\u2019Amougou Belinga a \u00e9t\u00e9 lib\u00e9r\u00e9\"},{\"@type\":\"BreadcrumbList\",\"@id\":\"https:\/\/www.africa-press.net\/cameroun\/toutes-les-actualites\/derniere-minute-oublie-de-tous-ce-proche-collaborateur-damougou-belinga-a-ete-libere#breadcrumb\",\"itemListElement\":[{\"@type\":\"ListItem\",\"position\":1,\"name\":\"Accueil\",\"item\":\"https:\/\/www.africa-press.net\/cameroun\/\"},{\"@type\":\"ListItem\",\"position\":2,\"name\":\"Derni\u00e8re minute : oubli\u00e9 de tous, ce proche collaborateur d\u2019Amougou Belinga a \u00e9t\u00e9 lib\u00e9r\u00e9\"}]},{\"@type\":\"WebSite\",\"@id\":\"https:\/\/www.africa-press.net\/cameroun\/#website\",\"url\":\"https:\/\/www.africa-press.net\/cameroun\/\",\"name\":\"Cameroun\",\"description\":\"Just another Africa News Agency Sites site\",\"potentialAction\":[{\"@type\":\"SearchAction\",\"target\":{\"@type\":\"EntryPoint\",\"urlTemplate\":\"https:\/\/www.africa-press.net\/cameroun\/?s={search_term_string}\"},\"query-input\":{\"@type\":\"PropertyValueSpecification\",\"valueRequired\":true,\"valueName\":\"search_term_string\"}}],\"inLanguage\":\"fr-FR\"},{\"@type\":\"Person\",\"@id\":\"https:\/\/www.africa-press.net\/cameroun\/#\/schema\/person\/2b1cf3cd81a31e3cd26889ca66d677f1\",\"name\":\"cfeditorfr\"}]}<\/script>\n<!-- \/ Yoast SEO Premium plugin. -->","yoast_head_json":{"title":"Derni\u00e8re minute : oubli\u00e9 de tous, ce proche collaborateur d\u2019Amougou Belinga a \u00e9t\u00e9 lib\u00e9r\u00e9 - Cameroun","description":"La nuit du 3 au 4 mars a e\u0301te\u0301 tre\u0300s longue au tribunal militaire. Mais elle a permis de savoir le sort qui est re\u0301serve ...","robots":{"index":"index","follow":"follow","max-snippet":"max-snippet:-1","max-image-preview":"max-image-preview:large","max-video-preview":"max-video-preview:-1"},"canonical":"https:\/\/www.africa-press.net\/cameroun\/toutes-les-actualites\/derniere-minute-oublie-de-tous-ce-proche-collaborateur-damougou-belinga-a-ete-libere","og_locale":"fr_FR","og_type":"article","og_title":"Derni\u00e8re minute : oubli\u00e9 de tous, ce proche collaborateur d\u2019Amougou Belinga a \u00e9t\u00e9 lib\u00e9r\u00e9","og_description":"La nuit du 3 au 4 mars a e\u0301te\u0301 tre\u0300s longue au tribunal militaire. Mais elle a permis de savoir le sort qui est re\u0301serve ...","og_url":"https:\/\/www.africa-press.net\/cameroun\/toutes-les-actualites\/derniere-minute-oublie-de-tous-ce-proche-collaborateur-damougou-belinga-a-ete-libere","og_site_name":"Cameroun","article_published_time":"2023-03-04T18:25:57+00:00","article_modified_time":"2023-03-04T19:24:58+00:00","og_image":[{"width":1280,"height":720,"url":"https:\/\/static.africa-press.net\/cameroun\/sites\/57\/2023\/03\/postQueueImg_1677941762.04.jpg","type":"image\/jpeg"}],"author":"cfeditorfr","twitter_card":"summary_large_image","twitter_misc":{"\u00c9crit par":"cfeditorfr","Dur\u00e9e de lecture estim\u00e9e":"2 minutes"},"schema":{"@context":"https:\/\/schema.org","@graph":[{"@type":"Article","@id":"https:\/\/www.africa-press.net\/cameroun\/toutes-les-actualites\/derniere-minute-oublie-de-tous-ce-proche-collaborateur-damougou-belinga-a-ete-libere#article","isPartOf":{"@id":"https:\/\/www.africa-press.net\/cameroun\/toutes-les-actualites\/derniere-minute-oublie-de-tous-ce-proche-collaborateur-damougou-belinga-a-ete-libere"},"author":{"name":"cfeditorfr","@id":"https:\/\/www.africa-press.net\/cameroun\/#\/schema\/person\/2b1cf3cd81a31e3cd26889ca66d677f1"},"headline":"Derni\u00e8re minute : oubli\u00e9 de tous, ce proche collaborateur d\u2019Amougou Belinga a \u00e9t\u00e9 lib\u00e9r\u00e9","datePublished":"2023-03-04T18:25:57+00:00","dateModified":"2023-03-04T19:24:58+00:00","mainEntityOfPage":{"@id":"https:\/\/www.africa-press.net\/cameroun\/toutes-les-actualites\/derniere-minute-oublie-de-tous-ce-proche-collaborateur-damougou-belinga-a-ete-libere"},"wordCount":261,"commentCount":0,"image":{"@id":"https:\/\/www.africa-press.net\/cameroun\/toutes-les-actualites\/derniere-minute-oublie-de-tous-ce-proche-collaborateur-damougou-belinga-a-ete-libere#primaryimage"},"thumbnailUrl":"https:\/\/static.africa-press.net\/cameroun\/sites\/57\/2023\/03\/postQueueImg_1677941762.04.jpg","keywords":["Africa Press","Africa Press-Cameroun","Cameroun"],"articleSection":["Communaut\u00e9","Toutes les actualit\u00e9s"],"inLanguage":"fr-FR","potentialAction":[{"@type":"CommentAction","name":"Comment","target":["https:\/\/www.africa-press.net\/cameroun\/toutes-les-actualites\/derniere-minute-oublie-de-tous-ce-proche-collaborateur-damougou-belinga-a-ete-libere#respond"]}]},{"@type":"WebPage","@id":"https:\/\/www.africa-press.net\/cameroun\/toutes-les-actualites\/derniere-minute-oublie-de-tous-ce-proche-collaborateur-damougou-belinga-a-ete-libere","url":"https:\/\/www.africa-press.net\/cameroun\/toutes-les-actualites\/derniere-minute-oublie-de-tous-ce-proche-collaborateur-damougou-belinga-a-ete-libere","name":"Derni\u00e8re minute : oubli\u00e9 de tous, ce proche collaborateur d\u2019Amougou Belinga a \u00e9t\u00e9 lib\u00e9r\u00e9 - Cameroun","isPartOf":{"@id":"https:\/\/www.africa-press.net\/cameroun\/#website"},"primaryImageOfPage":{"@id":"https:\/\/www.africa-press.net\/cameroun\/toutes-les-actualites\/derniere-minute-oublie-de-tous-ce-proche-collaborateur-damougou-belinga-a-ete-libere#primaryimage"},"image":{"@id":"https:\/\/www.africa-press.net\/cameroun\/toutes-les-actualites\/derniere-minute-oublie-de-tous-ce-proche-collaborateur-damougou-belinga-a-ete-libere#primaryimage"},"thumbnailUrl":"https:\/\/static.africa-press.net\/cameroun\/sites\/57\/2023\/03\/postQueueImg_1677941762.04.jpg","datePublished":"2023-03-04T18:25:57+00:00","dateModified":"2023-03-04T19:24:58+00:00","author":{"@id":"https:\/\/www.africa-press.net\/cameroun\/#\/schema\/person\/2b1cf3cd81a31e3cd26889ca66d677f1"},"description":"La nuit du 3 au 4 mars a e\u0301te\u0301 tre\u0300s longue au tribunal militaire. Mais elle a permis de savoir le sort qui est re\u0301serve ...","breadcrumb":{"@id":"https:\/\/www.africa-press.net\/cameroun\/toutes-les-actualites\/derniere-minute-oublie-de-tous-ce-proche-collaborateur-damougou-belinga-a-ete-libere#breadcrumb"},"inLanguage":"fr-FR","potentialAction":[{"@type":"ReadAction","target":["https:\/\/www.africa-press.net\/cameroun\/toutes-les-actualites\/derniere-minute-oublie-de-tous-ce-proche-collaborateur-damougou-belinga-a-ete-libere"]}]},{"@type":"ImageObject","inLanguage":"fr-FR","@id":"https:\/\/www.africa-press.net\/cameroun\/toutes-les-actualites\/derniere-minute-oublie-de-tous-ce-proche-collaborateur-damougou-belinga-a-ete-libere#primaryimage","url":"https:\/\/static.africa-press.net\/cameroun\/sites\/57\/2023\/03\/postQueueImg_1677941762.04.jpg","contentUrl":"https:\/\/static.africa-press.net\/cameroun\/sites\/57\/2023\/03\/postQueueImg_1677941762.04.jpg","width":1280,"height":720,"caption":"Derni\u00e8re minute : oubli\u00e9 de tous, ce proche collaborateur d\u2019Amougou Belinga a \u00e9t\u00e9 lib\u00e9r\u00e9"},{"@type":"BreadcrumbList","@id":"https:\/\/www.africa-press.net\/cameroun\/toutes-les-actualites\/derniere-minute-oublie-de-tous-ce-proche-collaborateur-damougou-belinga-a-ete-libere#breadcrumb","itemListElement":[{"@type":"ListItem","position":1,"name":"Accueil","item":"https:\/\/www.africa-press.net\/cameroun\/"},{"@type":"ListItem","position":2,"name":"Derni\u00e8re minute : oubli\u00e9 de tous, ce proche collaborateur d\u2019Amougou Belinga a \u00e9t\u00e9 lib\u00e9r\u00e9"}]},{"@type":"WebSite","@id":"https:\/\/www.africa-press.net\/cameroun\/#website","url":"https:\/\/www.africa-press.net\/cameroun\/","name":"Cameroun","description":"Just another Africa News Agency Sites site","potentialAction":[{"@type":"SearchAction","target":{"@type":"EntryPoint","urlTemplate":"https:\/\/www.africa-press.net\/cameroun\/?s={search_term_string}"},"query-input":{"@type":"PropertyValueSpecification","valueRequired":true,"valueName":"search_term_string"}}],"inLanguage":"fr-FR"},{"@type":"Person","@id":"https:\/\/www.africa-press.net\/cameroun\/#\/schema\/person\/2b1cf3cd81a31e3cd26889ca66d677f1","name":"cfeditorfr"}]}},"_links":{"self":[{"href":"https:\/\/www.africa-press.net\/cameroun\/wp-json\/wp\/v2\/posts\/38345","targetHints":{"allow":["GET"]}}],"collection":[{"href":"https:\/\/www.africa-press.net\/cameroun\/wp-json\/wp\/v2\/posts"}],"about":[{"href":"https:\/\/www.africa-press.net\/cameroun\/wp-json\/wp\/v2\/types\/post"}],"author":[{"embeddable":true,"href":"https:\/\/www.africa-press.net\/cameroun\/wp-json\/wp\/v2\/users\/82"}],"replies":[{"embeddable":true,"href":"https:\/\/www.africa-press.net\/cameroun\/wp-json\/wp\/v2\/comments?post=38345"}],"version-history":[{"count":0,"href":"https:\/\/www.africa-press.net\/cameroun\/wp-json\/wp\/v2\/posts\/38345\/revisions"}],"wp:featuredmedia":[{"embeddable":true,"href":"https:\/\/www.africa-press.net\/cameroun\/wp-json\/wp\/v2\/media\/38344"}],"wp:attachment":[{"href":"https:\/\/www.africa-press.net\/cameroun\/wp-json\/wp\/v2\/media?parent=38345"}],"wp:term":[{"taxonomy":"category","embeddable":true,"href":"https:\/\/www.africa-press.net\/cameroun\/wp-json\/wp\/v2\/categories?post=38345"},{"taxonomy":"post_tag","embeddable":true,"href":"https:\/\/www.africa-press.net\/cameroun\/wp-json\/wp\/v2\/tags?post=38345"}],"curies":[{"name":"wp","href":"https:\/\/api.w.org\/{rel}","templated":true}]}}