{"id":38348,"date":"2023-03-04T18:26:02","date_gmt":"2023-03-04T18:26:02","guid":{"rendered":"https:\/\/www.africa-press.net\/cameroun\/politique\/amougou-belinga-complice-de-torture-un-avocat-repond-a-la-question-qui-est-alors-lassassin"},"modified":"2023-03-04T19:25:28","modified_gmt":"2023-03-04T19:25:28","slug":"amougou-belinga-complice-de-torture-un-avocat-repond-a-la-question-qui-est-alors-lassassin","status":"publish","type":"post","link":"https:\/\/www.africa-press.net\/cameroun\/toutes-les-actualites\/amougou-belinga-complice-de-torture-un-avocat-repond-a-la-question-qui-est-alors-lassassin","title":{"rendered":"Amougou Belinga complice de torture : un avocat r\u00e9pond \u00e0 la question &lsquo;qui est alors l&rsquo;assassin&rsquo;"},"content":{"rendered":"<p><span style=\"color: #ff6600\"><strong>Africa-Press &#8211; Cameroun. <\/strong><\/span>Un mandat de de\u0301po\u0302t a e\u0301te\u0301 e\u0301mis pour Jean-Pierre Amougou Belinga, suspect dans l&rsquo;affaire Martinez Zogo. L&rsquo;homme d&rsquo;affaires est accuse\u0301 de \u00ab complicite\u0301 de torture par aide \u00bb, ce qui laisse supposer que les assassins du journaliste sont diffe\u0301rents de ceux qui l&rsquo;ont torture\u0301. L&rsquo;avocat Me Christian Bomo Ntimbane explique bien ce co\u0302te\u0301 de la chose qui n&rsquo;est pas clair pour nombre de Camerounais.<\/p>\n<p>Culture juridique : Pre\u0301cision importante sur l&rsquo;infraction de torture ayant entrai\u0302ne\u0301 la mort dans le cadre de l&rsquo;affaire Martinez Zogo<\/p>\n<p>Certains commentaires relativement a\u0300 l&rsquo;inculpation pour faits de torture des personnes mises sous mandat de de\u0301tention provisoire, dans le cadre de l&rsquo;affaire du meurtre du journaliste Martinez Zogo, laissent supposer qu&rsquo;elles ne seraient donc pas les auteurs de la mort de Martinez Zogo parce qu&rsquo;elles ne sont pas poursuivies pour assassinat.<\/p>\n<p>Tout en rappelant que les personnes inculpe\u0301es sont toujours pre\u0301sume\u0301es innocentes, Il faut ne\u0301anmoins faire la pre\u0301cision suivante : lorsqu&rsquo;une personne cause la mort a\u0300 autrui a\u0300 la suite d&rsquo;actes de torture, c&rsquo;est l&rsquo;article 277-3 du Code pe\u0301nal sur la torture qui s&rsquo;applique et non pas l&rsquo;article 276 du Code pe\u0301nal sur l&rsquo;assassinat.<\/p>\n<p>C&rsquo;est le principe de la re\u0300gle dite Specialia Generalibus Derogeant qui voudrait qu&rsquo;une qualification spe\u0301ciale s&rsquo;applique en priorite\u0301 a\u0300 une autre qualification possible mais ge\u0301ne\u0301rale.<\/p>\n<p>En d&rsquo;autres termes, l&rsquo;assassinat est conside\u0301re\u0301 comme une qualification ge\u0301ne\u0301rale tandis que la mort survenue a\u0300 la suite des tortures est spe\u0301ciale. Car elle exprime exactement et de manie\u0300re spe\u0301cifique le genre de mort cause\u0301 a\u0300 Martinez Zogo. Son corps pre\u0301sente des signes d&rsquo;actes de torture et de violence.<\/p>\n<p>Ainsi l&rsquo;inculpation de torture ayant entrai\u0302ne\u0301 la mort retenue par le juge d&rsquo;instruction dans son ordonnance a\u0300 fin d&rsquo;informer, nous parai\u0302t conforme au droit. Plus simplement, il est dit que les personnes inculpe\u0301es seront poursuivies pour avoir suppose\u0301ment donne\u0301 la mort a\u0300 Martinez Zogo a\u0300 la suite d&rsquo;actes de torture.<\/p>\n<p>Bien e\u0301videmment la peine pre\u0301vue est lourde. Les personnes poursuivies encourent la condamnation a\u0300 vie. Ne\u0301anmoins, il faudrait rappeler une fois de plus qu&rsquo;elles sont toujours pre\u0301sume\u0301es innocentes jusqu&rsquo;a\u0300 ce qu&rsquo;elles soient de\u0301finitivement condamne\u0301es.<\/p>\n<p>Voici l&rsquo;article du code pe\u0301nal sur l&rsquo;infraction de torture ayant donne\u0301 la mort : Article 277-3 du Code pe\u0301nal camerounais : Torture<\/p>\n<p>\u00ab (1) Est puni de l&#8217;emprisonnement a\u0300 vie, celui qui, par la torture, cause involontairement la mort d&rsquo;autrui&#8230;<\/p>\n<p>(5) Pour l&rsquo;application du pre\u0301sent article : Le terme \u00ab\u00a0torture\u00a0\u00bb de\u0301signe tout acte par lequel une douleur ou des souffrances aigue\u0308s, physiques, mentales ou morales, sont intentionnellement inflige\u0301es a\u0300 une personne, par un fonctionnaire ou toute autre personne, agissant a\u0300 titre officiel ou a\u0300 son instigation ou avec son consentement expre\u0300s ou tacite, aux fins notamment d&rsquo;obtenir d&rsquo;elle ou d&rsquo;une tierce personne des renseignements ou des aveux, de la punir d&rsquo;un acte qu&rsquo;elle ou une tierce personne a commis, ou est soupc\u0327onne\u0301e d&rsquo;avoir commis, de l&rsquo;intimider ou de faire pression sur elle ou d&rsquo;intimider ou de faire pression sur une tierce personne, ou pour tout autre motif fonde\u0301 sur une forme de discrimination, quelle qu&rsquo;elle soit ;<\/p>\n<p>Le terme \u00ab\u00a0torture\u00a0\u00bb ainsi de\u0301fini ne s&rsquo;applique pas a\u0300 la douleur ou aux souffrances re\u0301sultant de sanctions le\u0301gitimes, inhe\u0301rentes a\u0300 ces sanctions ou occasionne\u0301es par elles ;<\/p>\n<p>(6) Aucune circonstance exceptionnelle, quelle qu&rsquo;elle soit, qu&rsquo;il s&rsquo;agisse de l&rsquo;e\u0301tat de guerre ou de menace de guerre, d&rsquo;instabilite\u0301 politique inte\u0301rieure ou de tout autre e\u0301tat d&rsquo;exception ne peut e\u0302tre invoque\u0301 pour justifier la torture ;<\/p>\n<p>(7) L&rsquo;ordre d&rsquo;un supe\u0301rieur ou d&rsquo;une autorite\u0301 publique ne peut e\u0302tre invoque\u0301 pour justifier la torture.<\/p>\n<p>(8) Les conditions pre\u0301vues a\u0300 l&rsquo;aline\u0301a 1 de l&rsquo;article 10 du pre\u0301sent Code ne sont pas applicables a\u0300 la torture.<\/p>\n<p><strong>Pour plus d&rsquo;informations et d&rsquo;analyses sur la <a href=\"https:\/\/www.africa-press.net\/cameroun\">Cameroun<\/a>, suivez <a href=\"https:\/\/www.africa-press.net\/\">Africa-Press<\/a><\/strong><\/p>\n","protected":false},"excerpt":{"rendered":"<p>Africa-Press &#8211; Cameroun. Un mandat de de\u0301po\u0302t a e\u0301te\u0301 e\u0301mis pour Jean-Pierre Amougou Belinga, suspect dans l&rsquo;affaire Martinez Zogo. L&rsquo;homme d&rsquo;affaires est accuse\u0301 de \u00ab complicite\u0301 de torture par aide \u00bb, ce qui laisse supposer que les assassins du journaliste sont diffe\u0301rents de ceux qui l&rsquo;ont torture\u0301. L&rsquo;avocat Me Christian Bomo Ntimbane explique bien ce [&hellip;]<\/p>\n","protected":false},"author":82,"featured_media":38347,"comment_status":"open","ping_status":"closed","sticky":false,"template":"","format":"standard","meta":{"footnotes":""},"categories":[21,10],"tags":[36,50,49],"class_list":["post-38348","post","type-post","status-publish","format-standard","has-post-thumbnail","hentry","category-communaute","category-toutes-les-actualites","tag-africa-press","tag-africa-press-cameroun","tag-cameroun"],"yoast_head":"<!-- This site is optimized with the Yoast SEO Premium plugin v26.1 (Yoast SEO v27.0) - https:\/\/yoast.com\/product\/yoast-seo-premium-wordpress\/ -->\n<title>Amougou Belinga complice de torture : un avocat r\u00e9pond \u00e0 la question &#039;qui est alors l&#039;assassin&#039; - Cameroun<\/title>\n<meta name=\"description\" content=\"Un mandat de de\u0301po\u0302t a e\u0301te\u0301 e\u0301mis pour Jean-Pierre Amougou Belinga, suspect dans l&#039;affaire Martinez Zogo. L&#039;homme d&#039;aff ...\" \/>\n<meta name=\"robots\" content=\"index, follow, max-snippet:-1, max-image-preview:large, max-video-preview:-1\" \/>\n<link rel=\"canonical\" href=\"https:\/\/www.africa-press.net\/cameroun\/toutes-les-actualites\/amougou-belinga-complice-de-torture-un-avocat-repond-a-la-question-qui-est-alors-lassassin\" \/>\n<meta property=\"og:locale\" content=\"fr_FR\" \/>\n<meta property=\"og:type\" content=\"article\" \/>\n<meta property=\"og:title\" content=\"Amougou Belinga complice de torture : un avocat r\u00e9pond \u00e0 la question &#039;qui est alors l&#039;assassin&#039;\" \/>\n<meta property=\"og:description\" content=\"Un mandat de de\u0301po\u0302t a e\u0301te\u0301 e\u0301mis pour Jean-Pierre Amougou Belinga, suspect dans l&#039;affaire Martinez Zogo. L&#039;homme d&#039;aff ...\" \/>\n<meta property=\"og:url\" content=\"https:\/\/www.africa-press.net\/cameroun\/toutes-les-actualites\/amougou-belinga-complice-de-torture-un-avocat-repond-a-la-question-qui-est-alors-lassassin\" \/>\n<meta property=\"og:site_name\" content=\"Cameroun\" \/>\n<meta property=\"article:published_time\" content=\"2023-03-04T18:26:02+00:00\" \/>\n<meta property=\"article:modified_time\" content=\"2023-03-04T19:25:28+00:00\" \/>\n<meta property=\"og:image\" content=\"https:\/\/static.africa-press.net\/cameroun\/sites\/57\/2023\/03\/postQueueImg_1677941775.03.jpg\" \/>\n\t<meta property=\"og:image:width\" content=\"720\" \/>\n\t<meta property=\"og:image:height\" content=\"550\" \/>\n\t<meta property=\"og:image:type\" content=\"image\/jpeg\" \/>\n<meta name=\"author\" content=\"cfeditorfr\" \/>\n<meta name=\"twitter:card\" content=\"summary_large_image\" \/>\n<meta name=\"twitter:label1\" content=\"\u00c9crit par\" \/>\n\t<meta name=\"twitter:data1\" content=\"cfeditorfr\" \/>\n\t<meta name=\"twitter:label2\" content=\"Dur\u00e9e de lecture estim\u00e9e\" \/>\n\t<meta name=\"twitter:data2\" content=\"4 minutes\" \/>\n<script type=\"application\/ld+json\" class=\"yoast-schema-graph\">{\"@context\":\"https:\/\/schema.org\",\"@graph\":[{\"@type\":\"Article\",\"@id\":\"https:\/\/www.africa-press.net\/cameroun\/toutes-les-actualites\/amougou-belinga-complice-de-torture-un-avocat-repond-a-la-question-qui-est-alors-lassassin#article\",\"isPartOf\":{\"@id\":\"https:\/\/www.africa-press.net\/cameroun\/toutes-les-actualites\/amougou-belinga-complice-de-torture-un-avocat-repond-a-la-question-qui-est-alors-lassassin\"},\"author\":{\"name\":\"cfeditorfr\",\"@id\":\"https:\/\/www.africa-press.net\/cameroun\/#\/schema\/person\/2b1cf3cd81a31e3cd26889ca66d677f1\"},\"headline\":\"Amougou Belinga complice de torture : un avocat r\u00e9pond \u00e0 la question &lsquo;qui est alors l&rsquo;assassin&rsquo;\",\"datePublished\":\"2023-03-04T18:26:02+00:00\",\"dateModified\":\"2023-03-04T19:25:28+00:00\",\"mainEntityOfPage\":{\"@id\":\"https:\/\/www.africa-press.net\/cameroun\/toutes-les-actualites\/amougou-belinga-complice-de-torture-un-avocat-repond-a-la-question-qui-est-alors-lassassin\"},\"wordCount\":733,\"commentCount\":0,\"image\":{\"@id\":\"https:\/\/www.africa-press.net\/cameroun\/toutes-les-actualites\/amougou-belinga-complice-de-torture-un-avocat-repond-a-la-question-qui-est-alors-lassassin#primaryimage\"},\"thumbnailUrl\":\"https:\/\/static.africa-press.net\/cameroun\/sites\/57\/2023\/03\/postQueueImg_1677941775.03.jpg\",\"keywords\":[\"Africa Press\",\"Africa Press-Cameroun\",\"Cameroun\"],\"articleSection\":[\"Communaut\u00e9\",\"Toutes les actualit\u00e9s\"],\"inLanguage\":\"fr-FR\",\"potentialAction\":[{\"@type\":\"CommentAction\",\"name\":\"Comment\",\"target\":[\"https:\/\/www.africa-press.net\/cameroun\/toutes-les-actualites\/amougou-belinga-complice-de-torture-un-avocat-repond-a-la-question-qui-est-alors-lassassin#respond\"]}]},{\"@type\":\"WebPage\",\"@id\":\"https:\/\/www.africa-press.net\/cameroun\/toutes-les-actualites\/amougou-belinga-complice-de-torture-un-avocat-repond-a-la-question-qui-est-alors-lassassin\",\"url\":\"https:\/\/www.africa-press.net\/cameroun\/toutes-les-actualites\/amougou-belinga-complice-de-torture-un-avocat-repond-a-la-question-qui-est-alors-lassassin\",\"name\":\"Amougou Belinga complice de torture : un avocat r\u00e9pond \u00e0 la question 'qui est alors l'assassin' - Cameroun\",\"isPartOf\":{\"@id\":\"https:\/\/www.africa-press.net\/cameroun\/#website\"},\"primaryImageOfPage\":{\"@id\":\"https:\/\/www.africa-press.net\/cameroun\/toutes-les-actualites\/amougou-belinga-complice-de-torture-un-avocat-repond-a-la-question-qui-est-alors-lassassin#primaryimage\"},\"image\":{\"@id\":\"https:\/\/www.africa-press.net\/cameroun\/toutes-les-actualites\/amougou-belinga-complice-de-torture-un-avocat-repond-a-la-question-qui-est-alors-lassassin#primaryimage\"},\"thumbnailUrl\":\"https:\/\/static.africa-press.net\/cameroun\/sites\/57\/2023\/03\/postQueueImg_1677941775.03.jpg\",\"datePublished\":\"2023-03-04T18:26:02+00:00\",\"dateModified\":\"2023-03-04T19:25:28+00:00\",\"author\":{\"@id\":\"https:\/\/www.africa-press.net\/cameroun\/#\/schema\/person\/2b1cf3cd81a31e3cd26889ca66d677f1\"},\"description\":\"Un mandat de de\u0301po\u0302t a e\u0301te\u0301 e\u0301mis pour Jean-Pierre Amougou Belinga, suspect dans l'affaire Martinez Zogo. L'homme d'aff ...\",\"breadcrumb\":{\"@id\":\"https:\/\/www.africa-press.net\/cameroun\/toutes-les-actualites\/amougou-belinga-complice-de-torture-un-avocat-repond-a-la-question-qui-est-alors-lassassin#breadcrumb\"},\"inLanguage\":\"fr-FR\",\"potentialAction\":[{\"@type\":\"ReadAction\",\"target\":[\"https:\/\/www.africa-press.net\/cameroun\/toutes-les-actualites\/amougou-belinga-complice-de-torture-un-avocat-repond-a-la-question-qui-est-alors-lassassin\"]}]},{\"@type\":\"ImageObject\",\"inLanguage\":\"fr-FR\",\"@id\":\"https:\/\/www.africa-press.net\/cameroun\/toutes-les-actualites\/amougou-belinga-complice-de-torture-un-avocat-repond-a-la-question-qui-est-alors-lassassin#primaryimage\",\"url\":\"https:\/\/static.africa-press.net\/cameroun\/sites\/57\/2023\/03\/postQueueImg_1677941775.03.jpg\",\"contentUrl\":\"https:\/\/static.africa-press.net\/cameroun\/sites\/57\/2023\/03\/postQueueImg_1677941775.03.jpg\",\"width\":720,\"height\":550,\"caption\":\"Amougou Belinga complice de torture : un avocat r\u00e9pond \u00e0 la question 'qui est alors l'assassin'\"},{\"@type\":\"BreadcrumbList\",\"@id\":\"https:\/\/www.africa-press.net\/cameroun\/toutes-les-actualites\/amougou-belinga-complice-de-torture-un-avocat-repond-a-la-question-qui-est-alors-lassassin#breadcrumb\",\"itemListElement\":[{\"@type\":\"ListItem\",\"position\":1,\"name\":\"Accueil\",\"item\":\"https:\/\/www.africa-press.net\/cameroun\/\"},{\"@type\":\"ListItem\",\"position\":2,\"name\":\"Amougou Belinga complice de torture : un avocat r\u00e9pond \u00e0 la question &lsquo;qui est alors l&rsquo;assassin&rsquo;\"}]},{\"@type\":\"WebSite\",\"@id\":\"https:\/\/www.africa-press.net\/cameroun\/#website\",\"url\":\"https:\/\/www.africa-press.net\/cameroun\/\",\"name\":\"Cameroun\",\"description\":\"Just another Africa News Agency Sites site\",\"potentialAction\":[{\"@type\":\"SearchAction\",\"target\":{\"@type\":\"EntryPoint\",\"urlTemplate\":\"https:\/\/www.africa-press.net\/cameroun\/?s={search_term_string}\"},\"query-input\":{\"@type\":\"PropertyValueSpecification\",\"valueRequired\":true,\"valueName\":\"search_term_string\"}}],\"inLanguage\":\"fr-FR\"},{\"@type\":\"Person\",\"@id\":\"https:\/\/www.africa-press.net\/cameroun\/#\/schema\/person\/2b1cf3cd81a31e3cd26889ca66d677f1\",\"name\":\"cfeditorfr\"}]}<\/script>\n<!-- \/ Yoast SEO Premium plugin. -->","yoast_head_json":{"title":"Amougou Belinga complice de torture : un avocat r\u00e9pond \u00e0 la question 'qui est alors l'assassin' - Cameroun","description":"Un mandat de de\u0301po\u0302t a e\u0301te\u0301 e\u0301mis pour Jean-Pierre Amougou Belinga, suspect dans l'affaire Martinez Zogo. L'homme d'aff ...","robots":{"index":"index","follow":"follow","max-snippet":"max-snippet:-1","max-image-preview":"max-image-preview:large","max-video-preview":"max-video-preview:-1"},"canonical":"https:\/\/www.africa-press.net\/cameroun\/toutes-les-actualites\/amougou-belinga-complice-de-torture-un-avocat-repond-a-la-question-qui-est-alors-lassassin","og_locale":"fr_FR","og_type":"article","og_title":"Amougou Belinga complice de torture : un avocat r\u00e9pond \u00e0 la question 'qui est alors l'assassin'","og_description":"Un mandat de de\u0301po\u0302t a e\u0301te\u0301 e\u0301mis pour Jean-Pierre Amougou Belinga, suspect dans l'affaire Martinez Zogo. L'homme d'aff ...","og_url":"https:\/\/www.africa-press.net\/cameroun\/toutes-les-actualites\/amougou-belinga-complice-de-torture-un-avocat-repond-a-la-question-qui-est-alors-lassassin","og_site_name":"Cameroun","article_published_time":"2023-03-04T18:26:02+00:00","article_modified_time":"2023-03-04T19:25:28+00:00","og_image":[{"width":720,"height":550,"url":"https:\/\/static.africa-press.net\/cameroun\/sites\/57\/2023\/03\/postQueueImg_1677941775.03.jpg","type":"image\/jpeg"}],"author":"cfeditorfr","twitter_card":"summary_large_image","twitter_misc":{"\u00c9crit par":"cfeditorfr","Dur\u00e9e de lecture estim\u00e9e":"4 minutes"},"schema":{"@context":"https:\/\/schema.org","@graph":[{"@type":"Article","@id":"https:\/\/www.africa-press.net\/cameroun\/toutes-les-actualites\/amougou-belinga-complice-de-torture-un-avocat-repond-a-la-question-qui-est-alors-lassassin#article","isPartOf":{"@id":"https:\/\/www.africa-press.net\/cameroun\/toutes-les-actualites\/amougou-belinga-complice-de-torture-un-avocat-repond-a-la-question-qui-est-alors-lassassin"},"author":{"name":"cfeditorfr","@id":"https:\/\/www.africa-press.net\/cameroun\/#\/schema\/person\/2b1cf3cd81a31e3cd26889ca66d677f1"},"headline":"Amougou Belinga complice de torture : un avocat r\u00e9pond \u00e0 la question &lsquo;qui est alors l&rsquo;assassin&rsquo;","datePublished":"2023-03-04T18:26:02+00:00","dateModified":"2023-03-04T19:25:28+00:00","mainEntityOfPage":{"@id":"https:\/\/www.africa-press.net\/cameroun\/toutes-les-actualites\/amougou-belinga-complice-de-torture-un-avocat-repond-a-la-question-qui-est-alors-lassassin"},"wordCount":733,"commentCount":0,"image":{"@id":"https:\/\/www.africa-press.net\/cameroun\/toutes-les-actualites\/amougou-belinga-complice-de-torture-un-avocat-repond-a-la-question-qui-est-alors-lassassin#primaryimage"},"thumbnailUrl":"https:\/\/static.africa-press.net\/cameroun\/sites\/57\/2023\/03\/postQueueImg_1677941775.03.jpg","keywords":["Africa Press","Africa Press-Cameroun","Cameroun"],"articleSection":["Communaut\u00e9","Toutes les actualit\u00e9s"],"inLanguage":"fr-FR","potentialAction":[{"@type":"CommentAction","name":"Comment","target":["https:\/\/www.africa-press.net\/cameroun\/toutes-les-actualites\/amougou-belinga-complice-de-torture-un-avocat-repond-a-la-question-qui-est-alors-lassassin#respond"]}]},{"@type":"WebPage","@id":"https:\/\/www.africa-press.net\/cameroun\/toutes-les-actualites\/amougou-belinga-complice-de-torture-un-avocat-repond-a-la-question-qui-est-alors-lassassin","url":"https:\/\/www.africa-press.net\/cameroun\/toutes-les-actualites\/amougou-belinga-complice-de-torture-un-avocat-repond-a-la-question-qui-est-alors-lassassin","name":"Amougou Belinga complice de torture : un avocat r\u00e9pond \u00e0 la question 'qui est alors l'assassin' - Cameroun","isPartOf":{"@id":"https:\/\/www.africa-press.net\/cameroun\/#website"},"primaryImageOfPage":{"@id":"https:\/\/www.africa-press.net\/cameroun\/toutes-les-actualites\/amougou-belinga-complice-de-torture-un-avocat-repond-a-la-question-qui-est-alors-lassassin#primaryimage"},"image":{"@id":"https:\/\/www.africa-press.net\/cameroun\/toutes-les-actualites\/amougou-belinga-complice-de-torture-un-avocat-repond-a-la-question-qui-est-alors-lassassin#primaryimage"},"thumbnailUrl":"https:\/\/static.africa-press.net\/cameroun\/sites\/57\/2023\/03\/postQueueImg_1677941775.03.jpg","datePublished":"2023-03-04T18:26:02+00:00","dateModified":"2023-03-04T19:25:28+00:00","author":{"@id":"https:\/\/www.africa-press.net\/cameroun\/#\/schema\/person\/2b1cf3cd81a31e3cd26889ca66d677f1"},"description":"Un mandat de de\u0301po\u0302t a e\u0301te\u0301 e\u0301mis pour Jean-Pierre Amougou Belinga, suspect dans l'affaire Martinez Zogo. L'homme d'aff ...","breadcrumb":{"@id":"https:\/\/www.africa-press.net\/cameroun\/toutes-les-actualites\/amougou-belinga-complice-de-torture-un-avocat-repond-a-la-question-qui-est-alors-lassassin#breadcrumb"},"inLanguage":"fr-FR","potentialAction":[{"@type":"ReadAction","target":["https:\/\/www.africa-press.net\/cameroun\/toutes-les-actualites\/amougou-belinga-complice-de-torture-un-avocat-repond-a-la-question-qui-est-alors-lassassin"]}]},{"@type":"ImageObject","inLanguage":"fr-FR","@id":"https:\/\/www.africa-press.net\/cameroun\/toutes-les-actualites\/amougou-belinga-complice-de-torture-un-avocat-repond-a-la-question-qui-est-alors-lassassin#primaryimage","url":"https:\/\/static.africa-press.net\/cameroun\/sites\/57\/2023\/03\/postQueueImg_1677941775.03.jpg","contentUrl":"https:\/\/static.africa-press.net\/cameroun\/sites\/57\/2023\/03\/postQueueImg_1677941775.03.jpg","width":720,"height":550,"caption":"Amougou Belinga complice de torture : un avocat r\u00e9pond \u00e0 la question 'qui est alors l'assassin'"},{"@type":"BreadcrumbList","@id":"https:\/\/www.africa-press.net\/cameroun\/toutes-les-actualites\/amougou-belinga-complice-de-torture-un-avocat-repond-a-la-question-qui-est-alors-lassassin#breadcrumb","itemListElement":[{"@type":"ListItem","position":1,"name":"Accueil","item":"https:\/\/www.africa-press.net\/cameroun\/"},{"@type":"ListItem","position":2,"name":"Amougou Belinga complice de torture : un avocat r\u00e9pond \u00e0 la question &lsquo;qui est alors l&rsquo;assassin&rsquo;"}]},{"@type":"WebSite","@id":"https:\/\/www.africa-press.net\/cameroun\/#website","url":"https:\/\/www.africa-press.net\/cameroun\/","name":"Cameroun","description":"Just another Africa News Agency Sites site","potentialAction":[{"@type":"SearchAction","target":{"@type":"EntryPoint","urlTemplate":"https:\/\/www.africa-press.net\/cameroun\/?s={search_term_string}"},"query-input":{"@type":"PropertyValueSpecification","valueRequired":true,"valueName":"search_term_string"}}],"inLanguage":"fr-FR"},{"@type":"Person","@id":"https:\/\/www.africa-press.net\/cameroun\/#\/schema\/person\/2b1cf3cd81a31e3cd26889ca66d677f1","name":"cfeditorfr"}]}},"_links":{"self":[{"href":"https:\/\/www.africa-press.net\/cameroun\/wp-json\/wp\/v2\/posts\/38348","targetHints":{"allow":["GET"]}}],"collection":[{"href":"https:\/\/www.africa-press.net\/cameroun\/wp-json\/wp\/v2\/posts"}],"about":[{"href":"https:\/\/www.africa-press.net\/cameroun\/wp-json\/wp\/v2\/types\/post"}],"author":[{"embeddable":true,"href":"https:\/\/www.africa-press.net\/cameroun\/wp-json\/wp\/v2\/users\/82"}],"replies":[{"embeddable":true,"href":"https:\/\/www.africa-press.net\/cameroun\/wp-json\/wp\/v2\/comments?post=38348"}],"version-history":[{"count":0,"href":"https:\/\/www.africa-press.net\/cameroun\/wp-json\/wp\/v2\/posts\/38348\/revisions"}],"wp:featuredmedia":[{"embeddable":true,"href":"https:\/\/www.africa-press.net\/cameroun\/wp-json\/wp\/v2\/media\/38347"}],"wp:attachment":[{"href":"https:\/\/www.africa-press.net\/cameroun\/wp-json\/wp\/v2\/media?parent=38348"}],"wp:term":[{"taxonomy":"category","embeddable":true,"href":"https:\/\/www.africa-press.net\/cameroun\/wp-json\/wp\/v2\/categories?post=38348"},{"taxonomy":"post_tag","embeddable":true,"href":"https:\/\/www.africa-press.net\/cameroun\/wp-json\/wp\/v2\/tags?post=38348"}],"curies":[{"name":"wp","href":"https:\/\/api.w.org\/{rel}","templated":true}]}}