{"id":38351,"date":"2023-03-04T18:26:17","date_gmt":"2023-03-04T18:26:17","guid":{"rendered":"https:\/\/www.africa-press.net\/cameroun\/politique\/complicite-de-torture-par-aide-voici-le-nombre-dannees-quamougou-belinga-va-passer-a-kondengui"},"modified":"2023-03-04T19:25:54","modified_gmt":"2023-03-04T19:25:54","slug":"complicite-de-torture-par-aide-voici-le-nombre-dannees-quamougou-belinga-va-passer-a-kondengui","status":"publish","type":"post","link":"https:\/\/www.africa-press.net\/cameroun\/toutes-les-actualites\/complicite-de-torture-par-aide-voici-le-nombre-dannees-quamougou-belinga-va-passer-a-kondengui","title":{"rendered":"&lsquo;Complicit\u00e9 de torture par aide&rsquo; : voici le nombre d&rsquo;ann\u00e9es qu&rsquo;Amougou Belinga va passer \u00e0 Kondengui"},"content":{"rendered":"<p><span style=\"color: #ff6600\"><strong>Africa-Press &#8211; Cameroun. <\/strong><\/span>Cette fois-ci le dossier Amougou Belinga n\u2019a plus be\u0301gaye\u0301. Tre\u0300s to\u0302t, ce matin du 4 mars 2023, on en sait un peu plus dans l\u2019affaire en cours.<\/p>\n<p>Apre\u0300s son passage au tribunal militaire, Amougou Belinga est de\u0301sormais place\u0301 en de\u0301tention provisoire a\u0300 la prison principale de Kondengui pour \u00ab complicite\u0301 de torture par aide \u00bb.<\/p>\n<p>Que dit le code pe\u0301nal sur la torture et la complicite\u0301 de torture ? Quelles peines sont re\u0301serve\u0301es aux personnes en faute? Re\u0301ponses a\u0300 ces questions.<\/p>\n<p>Selon l\u2019article 277-3 de la loi portant code pe\u0301nal, \u00ab est puni de l\u2019emprisonnement a\u0300 vie celui qui, celui qui par la torture, cause involontairement la mort d\u2019autrui \u00bb. Dans les de\u0301tails, \u00ab le peine est un emprisonnement de dix(10) a\u0300 vingt (20) ans lorsque la torture cause a\u0300 la victime la privatisation permanente de l\u2019usage de tout ou partie d\u2019un membre d\u2019un organe ou d\u2019un sens \u00bb.<\/p>\n<p>Puisque l\u2019article 98 du me\u0302me code dit que \u00ab les coauteurs et complices sont passibles de la me\u0302me peine que l\u2019auteur principal, sauf dans les cas ou\u0300 la loi en dispose autrement \u00bb, ce qui veut dire que le pre\u0301sident du groupe l\u2019Anecdote risque la prison a\u0300 vie.<\/p>\n<p>Le colonel Justin Danwe aussi risque la prison a\u0300 vie puisqu\u2019il a avoue\u0301 e\u0302tre a\u0300 la te\u0302te de l\u2019ope\u0301ration de torture sur le journaliste de Martinez Zogo. Lui, Amougou Belinga et Maxime Eko Eko sont donc tous les trois emmene\u0301s a\u0300 la prison centrale de Kondengui a\u0300 Yaounde\u0301 et vont y rester jusqu\u2019a\u0300 plus de pre\u0301cisions dans l\u2019affaire.<\/p>\n<p><strong>Pour plus d&rsquo;informations et d&rsquo;analyses sur la <a href=\"https:\/\/www.africa-press.net\/cameroun\">Cameroun<\/a>, suivez <a href=\"https:\/\/www.africa-press.net\/\">Africa-Press<\/a><\/strong><\/p>\n","protected":false},"excerpt":{"rendered":"<p>Africa-Press &#8211; Cameroun. Cette fois-ci le dossier Amougou Belinga n\u2019a plus be\u0301gaye\u0301. Tre\u0300s to\u0302t, ce matin du 4 mars 2023, on en sait un peu plus dans l\u2019affaire en cours. Apre\u0300s son passage au tribunal militaire, Amougou Belinga est de\u0301sormais place\u0301 en de\u0301tention provisoire a\u0300 la prison principale de Kondengui pour \u00ab complicite\u0301 de torture [&hellip;]<\/p>\n","protected":false},"author":82,"featured_media":38350,"comment_status":"open","ping_status":"closed","sticky":false,"template":"","format":"standard","meta":{"footnotes":""},"categories":[21,10],"tags":[36,50,49],"class_list":["post-38351","post","type-post","status-publish","format-standard","has-post-thumbnail","hentry","category-communaute","category-toutes-les-actualites","tag-africa-press","tag-africa-press-cameroun","tag-cameroun"],"yoast_head":"<!-- This site is optimized with the Yoast SEO Premium plugin v26.1 (Yoast SEO v27.0) - https:\/\/yoast.com\/product\/yoast-seo-premium-wordpress\/ -->\n<title>&#039;Complicit\u00e9 de torture par aide&#039; : voici le nombre d&#039;ann\u00e9es qu&#039;Amougou Belinga va passer \u00e0 Kondengui - Cameroun<\/title>\n<meta name=\"description\" content=\"Cette fois-ci le dossier Amougou Belinga n\u2019a plus be\u0301gaye\u0301. Tre\u0300s to\u0302t, ce matin du 4 mars 2023, on en sait un peu plus ...\" \/>\n<meta name=\"robots\" content=\"index, follow, max-snippet:-1, max-image-preview:large, max-video-preview:-1\" \/>\n<link rel=\"canonical\" href=\"https:\/\/www.africa-press.net\/cameroun\/toutes-les-actualites\/complicite-de-torture-par-aide-voici-le-nombre-dannees-quamougou-belinga-va-passer-a-kondengui\" \/>\n<meta property=\"og:locale\" content=\"fr_FR\" \/>\n<meta property=\"og:type\" content=\"article\" \/>\n<meta property=\"og:title\" content=\"&#039;Complicit\u00e9 de torture par aide&#039; : voici le nombre d&#039;ann\u00e9es qu&#039;Amougou Belinga va passer \u00e0 Kondengui\" \/>\n<meta property=\"og:description\" content=\"Cette fois-ci le dossier Amougou Belinga n\u2019a plus be\u0301gaye\u0301. Tre\u0300s to\u0302t, ce matin du 4 mars 2023, on en sait un peu plus ...\" \/>\n<meta property=\"og:url\" content=\"https:\/\/www.africa-press.net\/cameroun\/toutes-les-actualites\/complicite-de-torture-par-aide-voici-le-nombre-dannees-quamougou-belinga-va-passer-a-kondengui\" \/>\n<meta property=\"og:site_name\" content=\"Cameroun\" \/>\n<meta property=\"article:published_time\" content=\"2023-03-04T18:26:17+00:00\" \/>\n<meta property=\"article:modified_time\" content=\"2023-03-04T19:25:54+00:00\" \/>\n<meta property=\"og:image\" content=\"https:\/\/static.africa-press.net\/cameroun\/sites\/57\/2023\/03\/postQueueImg_1677941779.09.jpg\" \/>\n\t<meta property=\"og:image:width\" content=\"1280\" \/>\n\t<meta property=\"og:image:height\" content=\"720\" \/>\n\t<meta property=\"og:image:type\" content=\"image\/jpeg\" \/>\n<meta name=\"author\" content=\"cfeditorfr\" \/>\n<meta name=\"twitter:card\" content=\"summary_large_image\" \/>\n<meta name=\"twitter:label1\" content=\"\u00c9crit par\" \/>\n\t<meta name=\"twitter:data1\" content=\"cfeditorfr\" \/>\n\t<meta name=\"twitter:label2\" content=\"Dur\u00e9e de lecture estim\u00e9e\" \/>\n\t<meta name=\"twitter:data2\" content=\"2 minutes\" \/>\n<script type=\"application\/ld+json\" class=\"yoast-schema-graph\">{\"@context\":\"https:\/\/schema.org\",\"@graph\":[{\"@type\":\"Article\",\"@id\":\"https:\/\/www.africa-press.net\/cameroun\/toutes-les-actualites\/complicite-de-torture-par-aide-voici-le-nombre-dannees-quamougou-belinga-va-passer-a-kondengui#article\",\"isPartOf\":{\"@id\":\"https:\/\/www.africa-press.net\/cameroun\/toutes-les-actualites\/complicite-de-torture-par-aide-voici-le-nombre-dannees-quamougou-belinga-va-passer-a-kondengui\"},\"author\":{\"name\":\"cfeditorfr\",\"@id\":\"https:\/\/www.africa-press.net\/cameroun\/#\/schema\/person\/2b1cf3cd81a31e3cd26889ca66d677f1\"},\"headline\":\"&lsquo;Complicit\u00e9 de torture par aide&rsquo; : voici le nombre d&rsquo;ann\u00e9es qu&rsquo;Amougou Belinga va passer \u00e0 Kondengui\",\"datePublished\":\"2023-03-04T18:26:17+00:00\",\"dateModified\":\"2023-03-04T19:25:54+00:00\",\"mainEntityOfPage\":{\"@id\":\"https:\/\/www.africa-press.net\/cameroun\/toutes-les-actualites\/complicite-de-torture-par-aide-voici-le-nombre-dannees-quamougou-belinga-va-passer-a-kondengui\"},\"wordCount\":310,\"commentCount\":0,\"image\":{\"@id\":\"https:\/\/www.africa-press.net\/cameroun\/toutes-les-actualites\/complicite-de-torture-par-aide-voici-le-nombre-dannees-quamougou-belinga-va-passer-a-kondengui#primaryimage\"},\"thumbnailUrl\":\"https:\/\/static.africa-press.net\/cameroun\/sites\/57\/2023\/03\/postQueueImg_1677941779.09.jpg\",\"keywords\":[\"Africa Press\",\"Africa Press-Cameroun\",\"Cameroun\"],\"articleSection\":[\"Communaut\u00e9\",\"Toutes les actualit\u00e9s\"],\"inLanguage\":\"fr-FR\",\"potentialAction\":[{\"@type\":\"CommentAction\",\"name\":\"Comment\",\"target\":[\"https:\/\/www.africa-press.net\/cameroun\/toutes-les-actualites\/complicite-de-torture-par-aide-voici-le-nombre-dannees-quamougou-belinga-va-passer-a-kondengui#respond\"]}]},{\"@type\":\"WebPage\",\"@id\":\"https:\/\/www.africa-press.net\/cameroun\/toutes-les-actualites\/complicite-de-torture-par-aide-voici-le-nombre-dannees-quamougou-belinga-va-passer-a-kondengui\",\"url\":\"https:\/\/www.africa-press.net\/cameroun\/toutes-les-actualites\/complicite-de-torture-par-aide-voici-le-nombre-dannees-quamougou-belinga-va-passer-a-kondengui\",\"name\":\"'Complicit\u00e9 de torture par aide' : voici le nombre d'ann\u00e9es qu'Amougou Belinga va passer \u00e0 Kondengui - Cameroun\",\"isPartOf\":{\"@id\":\"https:\/\/www.africa-press.net\/cameroun\/#website\"},\"primaryImageOfPage\":{\"@id\":\"https:\/\/www.africa-press.net\/cameroun\/toutes-les-actualites\/complicite-de-torture-par-aide-voici-le-nombre-dannees-quamougou-belinga-va-passer-a-kondengui#primaryimage\"},\"image\":{\"@id\":\"https:\/\/www.africa-press.net\/cameroun\/toutes-les-actualites\/complicite-de-torture-par-aide-voici-le-nombre-dannees-quamougou-belinga-va-passer-a-kondengui#primaryimage\"},\"thumbnailUrl\":\"https:\/\/static.africa-press.net\/cameroun\/sites\/57\/2023\/03\/postQueueImg_1677941779.09.jpg\",\"datePublished\":\"2023-03-04T18:26:17+00:00\",\"dateModified\":\"2023-03-04T19:25:54+00:00\",\"author\":{\"@id\":\"https:\/\/www.africa-press.net\/cameroun\/#\/schema\/person\/2b1cf3cd81a31e3cd26889ca66d677f1\"},\"description\":\"Cette fois-ci le dossier Amougou Belinga n\u2019a plus be\u0301gaye\u0301. Tre\u0300s to\u0302t, ce matin du 4 mars 2023, on en sait un peu plus ...\",\"breadcrumb\":{\"@id\":\"https:\/\/www.africa-press.net\/cameroun\/toutes-les-actualites\/complicite-de-torture-par-aide-voici-le-nombre-dannees-quamougou-belinga-va-passer-a-kondengui#breadcrumb\"},\"inLanguage\":\"fr-FR\",\"potentialAction\":[{\"@type\":\"ReadAction\",\"target\":[\"https:\/\/www.africa-press.net\/cameroun\/toutes-les-actualites\/complicite-de-torture-par-aide-voici-le-nombre-dannees-quamougou-belinga-va-passer-a-kondengui\"]}]},{\"@type\":\"ImageObject\",\"inLanguage\":\"fr-FR\",\"@id\":\"https:\/\/www.africa-press.net\/cameroun\/toutes-les-actualites\/complicite-de-torture-par-aide-voici-le-nombre-dannees-quamougou-belinga-va-passer-a-kondengui#primaryimage\",\"url\":\"https:\/\/static.africa-press.net\/cameroun\/sites\/57\/2023\/03\/postQueueImg_1677941779.09.jpg\",\"contentUrl\":\"https:\/\/static.africa-press.net\/cameroun\/sites\/57\/2023\/03\/postQueueImg_1677941779.09.jpg\",\"width\":1280,\"height\":720,\"caption\":\"'Complicit\u00e9 de torture par aide' : voici le nombre d'ann\u00e9es qu'Amougou Belinga va passer \u00e0 Kondengui\"},{\"@type\":\"BreadcrumbList\",\"@id\":\"https:\/\/www.africa-press.net\/cameroun\/toutes-les-actualites\/complicite-de-torture-par-aide-voici-le-nombre-dannees-quamougou-belinga-va-passer-a-kondengui#breadcrumb\",\"itemListElement\":[{\"@type\":\"ListItem\",\"position\":1,\"name\":\"Accueil\",\"item\":\"https:\/\/www.africa-press.net\/cameroun\/\"},{\"@type\":\"ListItem\",\"position\":2,\"name\":\"&lsquo;Complicit\u00e9 de torture par aide&rsquo; : voici le nombre d&rsquo;ann\u00e9es qu&rsquo;Amougou Belinga va passer \u00e0 Kondengui\"}]},{\"@type\":\"WebSite\",\"@id\":\"https:\/\/www.africa-press.net\/cameroun\/#website\",\"url\":\"https:\/\/www.africa-press.net\/cameroun\/\",\"name\":\"Cameroun\",\"description\":\"Just another Africa News Agency Sites site\",\"potentialAction\":[{\"@type\":\"SearchAction\",\"target\":{\"@type\":\"EntryPoint\",\"urlTemplate\":\"https:\/\/www.africa-press.net\/cameroun\/?s={search_term_string}\"},\"query-input\":{\"@type\":\"PropertyValueSpecification\",\"valueRequired\":true,\"valueName\":\"search_term_string\"}}],\"inLanguage\":\"fr-FR\"},{\"@type\":\"Person\",\"@id\":\"https:\/\/www.africa-press.net\/cameroun\/#\/schema\/person\/2b1cf3cd81a31e3cd26889ca66d677f1\",\"name\":\"cfeditorfr\"}]}<\/script>\n<!-- \/ Yoast SEO Premium plugin. -->","yoast_head_json":{"title":"'Complicit\u00e9 de torture par aide' : voici le nombre d'ann\u00e9es qu'Amougou Belinga va passer \u00e0 Kondengui - Cameroun","description":"Cette fois-ci le dossier Amougou Belinga n\u2019a plus be\u0301gaye\u0301. Tre\u0300s to\u0302t, ce matin du 4 mars 2023, on en sait un peu plus ...","robots":{"index":"index","follow":"follow","max-snippet":"max-snippet:-1","max-image-preview":"max-image-preview:large","max-video-preview":"max-video-preview:-1"},"canonical":"https:\/\/www.africa-press.net\/cameroun\/toutes-les-actualites\/complicite-de-torture-par-aide-voici-le-nombre-dannees-quamougou-belinga-va-passer-a-kondengui","og_locale":"fr_FR","og_type":"article","og_title":"'Complicit\u00e9 de torture par aide' : voici le nombre d'ann\u00e9es qu'Amougou Belinga va passer \u00e0 Kondengui","og_description":"Cette fois-ci le dossier Amougou Belinga n\u2019a plus be\u0301gaye\u0301. Tre\u0300s to\u0302t, ce matin du 4 mars 2023, on en sait un peu plus ...","og_url":"https:\/\/www.africa-press.net\/cameroun\/toutes-les-actualites\/complicite-de-torture-par-aide-voici-le-nombre-dannees-quamougou-belinga-va-passer-a-kondengui","og_site_name":"Cameroun","article_published_time":"2023-03-04T18:26:17+00:00","article_modified_time":"2023-03-04T19:25:54+00:00","og_image":[{"width":1280,"height":720,"url":"https:\/\/static.africa-press.net\/cameroun\/sites\/57\/2023\/03\/postQueueImg_1677941779.09.jpg","type":"image\/jpeg"}],"author":"cfeditorfr","twitter_card":"summary_large_image","twitter_misc":{"\u00c9crit par":"cfeditorfr","Dur\u00e9e de lecture estim\u00e9e":"2 minutes"},"schema":{"@context":"https:\/\/schema.org","@graph":[{"@type":"Article","@id":"https:\/\/www.africa-press.net\/cameroun\/toutes-les-actualites\/complicite-de-torture-par-aide-voici-le-nombre-dannees-quamougou-belinga-va-passer-a-kondengui#article","isPartOf":{"@id":"https:\/\/www.africa-press.net\/cameroun\/toutes-les-actualites\/complicite-de-torture-par-aide-voici-le-nombre-dannees-quamougou-belinga-va-passer-a-kondengui"},"author":{"name":"cfeditorfr","@id":"https:\/\/www.africa-press.net\/cameroun\/#\/schema\/person\/2b1cf3cd81a31e3cd26889ca66d677f1"},"headline":"&lsquo;Complicit\u00e9 de torture par aide&rsquo; : voici le nombre d&rsquo;ann\u00e9es qu&rsquo;Amougou Belinga va passer \u00e0 Kondengui","datePublished":"2023-03-04T18:26:17+00:00","dateModified":"2023-03-04T19:25:54+00:00","mainEntityOfPage":{"@id":"https:\/\/www.africa-press.net\/cameroun\/toutes-les-actualites\/complicite-de-torture-par-aide-voici-le-nombre-dannees-quamougou-belinga-va-passer-a-kondengui"},"wordCount":310,"commentCount":0,"image":{"@id":"https:\/\/www.africa-press.net\/cameroun\/toutes-les-actualites\/complicite-de-torture-par-aide-voici-le-nombre-dannees-quamougou-belinga-va-passer-a-kondengui#primaryimage"},"thumbnailUrl":"https:\/\/static.africa-press.net\/cameroun\/sites\/57\/2023\/03\/postQueueImg_1677941779.09.jpg","keywords":["Africa Press","Africa Press-Cameroun","Cameroun"],"articleSection":["Communaut\u00e9","Toutes les actualit\u00e9s"],"inLanguage":"fr-FR","potentialAction":[{"@type":"CommentAction","name":"Comment","target":["https:\/\/www.africa-press.net\/cameroun\/toutes-les-actualites\/complicite-de-torture-par-aide-voici-le-nombre-dannees-quamougou-belinga-va-passer-a-kondengui#respond"]}]},{"@type":"WebPage","@id":"https:\/\/www.africa-press.net\/cameroun\/toutes-les-actualites\/complicite-de-torture-par-aide-voici-le-nombre-dannees-quamougou-belinga-va-passer-a-kondengui","url":"https:\/\/www.africa-press.net\/cameroun\/toutes-les-actualites\/complicite-de-torture-par-aide-voici-le-nombre-dannees-quamougou-belinga-va-passer-a-kondengui","name":"'Complicit\u00e9 de torture par aide' : voici le nombre d'ann\u00e9es qu'Amougou Belinga va passer \u00e0 Kondengui - Cameroun","isPartOf":{"@id":"https:\/\/www.africa-press.net\/cameroun\/#website"},"primaryImageOfPage":{"@id":"https:\/\/www.africa-press.net\/cameroun\/toutes-les-actualites\/complicite-de-torture-par-aide-voici-le-nombre-dannees-quamougou-belinga-va-passer-a-kondengui#primaryimage"},"image":{"@id":"https:\/\/www.africa-press.net\/cameroun\/toutes-les-actualites\/complicite-de-torture-par-aide-voici-le-nombre-dannees-quamougou-belinga-va-passer-a-kondengui#primaryimage"},"thumbnailUrl":"https:\/\/static.africa-press.net\/cameroun\/sites\/57\/2023\/03\/postQueueImg_1677941779.09.jpg","datePublished":"2023-03-04T18:26:17+00:00","dateModified":"2023-03-04T19:25:54+00:00","author":{"@id":"https:\/\/www.africa-press.net\/cameroun\/#\/schema\/person\/2b1cf3cd81a31e3cd26889ca66d677f1"},"description":"Cette fois-ci le dossier Amougou Belinga n\u2019a plus be\u0301gaye\u0301. Tre\u0300s to\u0302t, ce matin du 4 mars 2023, on en sait un peu plus ...","breadcrumb":{"@id":"https:\/\/www.africa-press.net\/cameroun\/toutes-les-actualites\/complicite-de-torture-par-aide-voici-le-nombre-dannees-quamougou-belinga-va-passer-a-kondengui#breadcrumb"},"inLanguage":"fr-FR","potentialAction":[{"@type":"ReadAction","target":["https:\/\/www.africa-press.net\/cameroun\/toutes-les-actualites\/complicite-de-torture-par-aide-voici-le-nombre-dannees-quamougou-belinga-va-passer-a-kondengui"]}]},{"@type":"ImageObject","inLanguage":"fr-FR","@id":"https:\/\/www.africa-press.net\/cameroun\/toutes-les-actualites\/complicite-de-torture-par-aide-voici-le-nombre-dannees-quamougou-belinga-va-passer-a-kondengui#primaryimage","url":"https:\/\/static.africa-press.net\/cameroun\/sites\/57\/2023\/03\/postQueueImg_1677941779.09.jpg","contentUrl":"https:\/\/static.africa-press.net\/cameroun\/sites\/57\/2023\/03\/postQueueImg_1677941779.09.jpg","width":1280,"height":720,"caption":"'Complicit\u00e9 de torture par aide' : voici le nombre d'ann\u00e9es qu'Amougou Belinga va passer \u00e0 Kondengui"},{"@type":"BreadcrumbList","@id":"https:\/\/www.africa-press.net\/cameroun\/toutes-les-actualites\/complicite-de-torture-par-aide-voici-le-nombre-dannees-quamougou-belinga-va-passer-a-kondengui#breadcrumb","itemListElement":[{"@type":"ListItem","position":1,"name":"Accueil","item":"https:\/\/www.africa-press.net\/cameroun\/"},{"@type":"ListItem","position":2,"name":"&lsquo;Complicit\u00e9 de torture par aide&rsquo; : voici le nombre d&rsquo;ann\u00e9es qu&rsquo;Amougou Belinga va passer \u00e0 Kondengui"}]},{"@type":"WebSite","@id":"https:\/\/www.africa-press.net\/cameroun\/#website","url":"https:\/\/www.africa-press.net\/cameroun\/","name":"Cameroun","description":"Just another Africa News Agency Sites site","potentialAction":[{"@type":"SearchAction","target":{"@type":"EntryPoint","urlTemplate":"https:\/\/www.africa-press.net\/cameroun\/?s={search_term_string}"},"query-input":{"@type":"PropertyValueSpecification","valueRequired":true,"valueName":"search_term_string"}}],"inLanguage":"fr-FR"},{"@type":"Person","@id":"https:\/\/www.africa-press.net\/cameroun\/#\/schema\/person\/2b1cf3cd81a31e3cd26889ca66d677f1","name":"cfeditorfr"}]}},"_links":{"self":[{"href":"https:\/\/www.africa-press.net\/cameroun\/wp-json\/wp\/v2\/posts\/38351","targetHints":{"allow":["GET"]}}],"collection":[{"href":"https:\/\/www.africa-press.net\/cameroun\/wp-json\/wp\/v2\/posts"}],"about":[{"href":"https:\/\/www.africa-press.net\/cameroun\/wp-json\/wp\/v2\/types\/post"}],"author":[{"embeddable":true,"href":"https:\/\/www.africa-press.net\/cameroun\/wp-json\/wp\/v2\/users\/82"}],"replies":[{"embeddable":true,"href":"https:\/\/www.africa-press.net\/cameroun\/wp-json\/wp\/v2\/comments?post=38351"}],"version-history":[{"count":0,"href":"https:\/\/www.africa-press.net\/cameroun\/wp-json\/wp\/v2\/posts\/38351\/revisions"}],"wp:featuredmedia":[{"embeddable":true,"href":"https:\/\/www.africa-press.net\/cameroun\/wp-json\/wp\/v2\/media\/38350"}],"wp:attachment":[{"href":"https:\/\/www.africa-press.net\/cameroun\/wp-json\/wp\/v2\/media?parent=38351"}],"wp:term":[{"taxonomy":"category","embeddable":true,"href":"https:\/\/www.africa-press.net\/cameroun\/wp-json\/wp\/v2\/categories?post=38351"},{"taxonomy":"post_tag","embeddable":true,"href":"https:\/\/www.africa-press.net\/cameroun\/wp-json\/wp\/v2\/tags?post=38351"}],"curies":[{"name":"wp","href":"https:\/\/api.w.org\/{rel}","templated":true}]}}