{"id":38354,"date":"2023-03-04T18:26:22","date_gmt":"2023-03-04T18:26:22","guid":{"rendered":"https:\/\/www.africa-press.net\/cameroun\/politique\/en-larmes-et-inconsolable-debut-damertume-apres-le-verdict-pour-amougou-belinga"},"modified":"2023-03-04T19:26:17","modified_gmt":"2023-03-04T19:26:17","slug":"en-larmes-et-inconsolable-debut-damertume-apres-le-verdict-pour-amougou-belinga","status":"publish","type":"post","link":"https:\/\/www.africa-press.net\/cameroun\/toutes-les-actualites\/en-larmes-et-inconsolable-debut-damertume-apres-le-verdict-pour-amougou-belinga","title":{"rendered":"En larmes et inconsolable : d\u00e9but d&rsquo;amertume apr\u00e8s le verdict pour Amougou Belinga"},"content":{"rendered":"<p><span style=\"color: #ff6600\"><strong>Africa-Press &#8211; Cameroun. <\/strong><\/span>Le pre\u0301sident directeur ge\u0301ne\u0301ral de Vision 4 Jean-Pierre Amougou Belinga a e\u0301te\u0301 de\u0301pose\u0301 a\u0300 la prison principale de Kondengui a\u0300 Yaounde\u0301. L\u2019homme d\u2019affaires va passer un bon moment en milieu carce\u0301ral pour avoir aide\u0301 a\u0300 torturer le journaliste et directeur ge\u0301ne\u0301ral de la chai\u0302ne de radio Amplitude FM, Martinez Zogo.<\/p>\n<p>L\u2019opinion publique nationale et internationale a accueilli avec soulagement la nouvelle parce que la plupart des personnes s\u2019attendaient a\u0300 ce que Jean-Pierre Amougou Belinga et les autres suspects soient e\u0301croue\u0301s s\u2019ils ont vraiment fait c\u0327a a\u0300 Martinez Zogo, un e\u0302tre cher et tre\u0300s compe\u0301tent dans son domaine.<\/p>\n<p>Dans l\u2019entourage du milliardaire Ekang, l\u2019e\u0301motion est lourde. On n\u2019arrive pas a\u0300 se faire a\u0300 l\u2019ide\u0301e que Jean-Pierre Amougou Belinga disparai\u0302tra pendant un temps de la circulation, manquant a\u0300 sa famille ainsi qu\u2019a\u0300 ses proches collaborateurs.<\/p>\n<p>Ine\u0300s Arielle Zamo Belinga en fait partie. La cheffe de division de la communication du Groupe L\u2019Anecdote a rapidement sorti un communique\u0301, apre\u0300s qu\u2019ils ont appris que leur boss allait voir a\u0300 quoi ressemblent les cellules de Kondengui.<\/p>\n<p>\u00ab Nous portons a\u0300 l&rsquo;attention de l&rsquo;opinion publique qu&rsquo;apre\u0300s avoir passe\u0301 25 jours en de\u0301tention au Service Central de recherches Judiciaires, Jean Pierre Amougou Belinga a e\u0301te\u0301 place\u0301 sous mandat de de\u0301po\u0302t ce 04 mars 2023, a\u0300 la prison principale de Kondengui. Ceci est intervenu apre\u0300s son passage devant le juge d&rsquo;Instruction, au tribunal militaire. Il y est place\u0301 pour \u00ab\u00a0complicite\u0301 de torture par aide\u00a0\u00bb \u00bb, lit-on sur la note.<\/p>\n<p>Aussi, on peut apprendre dans sa communication que \u00ab les collaborateurs du pre\u0301sident Jean Pierre Amougou Belinga qui e\u0301taient encore de\u0301tenus ont e\u0301te\u0301 tous libe\u0301re\u0301s. A ce stade, nous voulons remercier tous ceux qui, de pre\u0300s ou de loin, nous ont soutenus et continuent de nous soutenir dans cette e\u0301preuve o\u0302 combien lourde. Les avocats prennent le relai \u00bb.<\/p>\n<p>Mais c\u2019est surtout la re\u0301action d\u2019un journaliste de Vision 4 qui inte\u0301resse fort. Il n\u2019a pas re\u0301ussi a\u0300 cacher son e\u0301motion au moment de savoir que son employeur allait devenir un de\u0301tenu. Il s\u2019agit de Boney Philippe qui n\u2019est plus a\u0300 pre\u0301senter.<\/p>\n<p>C\u2019est le lanceur d\u2019alertes Nzui Manto qui raconte les faits : \u00ab Boney Philippe en larmes, inconsolable apre\u0300s l&rsquo;annonce du verdict envoyant son patron Jean-Pierre Amougou Belinga en prison \u00bb.<\/p>\n<p>Il fallait pourtant s\u2019y attendre, les faits reproche\u0301s au zomloa des zomloa sont graves. On peut imaginer ce qui se passe actuellement dans la te\u0302te de la troisie\u0300me e\u0301pouse Melissa Amougou Belinga qui, il y a quelques jours encore, disait qu\u2019elle se sentait optimiste dans cette affaire.<\/p>\n<p><strong>Pour plus d&rsquo;informations et d&rsquo;analyses sur la <a href=\"https:\/\/www.africa-press.net\/cameroun\">Cameroun<\/a>, suivez <a href=\"https:\/\/www.africa-press.net\/\">Africa-Press<\/a><\/strong><\/p>\n","protected":false},"excerpt":{"rendered":"<p>Africa-Press &#8211; Cameroun. Le pre\u0301sident directeur ge\u0301ne\u0301ral de Vision 4 Jean-Pierre Amougou Belinga a e\u0301te\u0301 de\u0301pose\u0301 a\u0300 la prison principale de Kondengui a\u0300 Yaounde\u0301. L\u2019homme d\u2019affaires va passer un bon moment en milieu carce\u0301ral pour avoir aide\u0301 a\u0300 torturer le journaliste et directeur ge\u0301ne\u0301ral de la chai\u0302ne de radio Amplitude FM, Martinez Zogo. L\u2019opinion publique [&hellip;]<\/p>\n","protected":false},"author":82,"featured_media":38353,"comment_status":"open","ping_status":"closed","sticky":false,"template":"","format":"standard","meta":{"footnotes":""},"categories":[21,10],"tags":[36,50,49],"class_list":["post-38354","post","type-post","status-publish","format-standard","has-post-thumbnail","hentry","category-communaute","category-toutes-les-actualites","tag-africa-press","tag-africa-press-cameroun","tag-cameroun"],"yoast_head":"<!-- This site is optimized with the Yoast SEO Premium plugin v26.1 (Yoast SEO v27.0) - https:\/\/yoast.com\/product\/yoast-seo-premium-wordpress\/ -->\n<title>En larmes et inconsolable : d\u00e9but d&#039;amertume apr\u00e8s le verdict pour Amougou Belinga - Cameroun<\/title>\n<meta name=\"description\" content=\"Le pre\u0301sident directeur ge\u0301ne\u0301ral de Vision 4 Jean-Pierre Amougou Belinga a e\u0301te\u0301 de\u0301pose\u0301 a\u0300 la prison principale de Ko ...\" \/>\n<meta name=\"robots\" content=\"index, follow, max-snippet:-1, max-image-preview:large, max-video-preview:-1\" \/>\n<link rel=\"canonical\" href=\"https:\/\/www.africa-press.net\/cameroun\/toutes-les-actualites\/en-larmes-et-inconsolable-debut-damertume-apres-le-verdict-pour-amougou-belinga\" \/>\n<meta property=\"og:locale\" content=\"fr_FR\" \/>\n<meta property=\"og:type\" content=\"article\" \/>\n<meta property=\"og:title\" content=\"En larmes et inconsolable : d\u00e9but d&#039;amertume apr\u00e8s le verdict pour Amougou Belinga\" \/>\n<meta property=\"og:description\" content=\"Le pre\u0301sident directeur ge\u0301ne\u0301ral de Vision 4 Jean-Pierre Amougou Belinga a e\u0301te\u0301 de\u0301pose\u0301 a\u0300 la prison principale de Ko ...\" \/>\n<meta property=\"og:url\" content=\"https:\/\/www.africa-press.net\/cameroun\/toutes-les-actualites\/en-larmes-et-inconsolable-debut-damertume-apres-le-verdict-pour-amougou-belinga\" \/>\n<meta property=\"og:site_name\" content=\"Cameroun\" \/>\n<meta property=\"article:published_time\" content=\"2023-03-04T18:26:22+00:00\" \/>\n<meta property=\"article:modified_time\" content=\"2023-03-04T19:26:17+00:00\" \/>\n<meta property=\"og:image\" content=\"https:\/\/static.africa-press.net\/cameroun\/sites\/57\/2023\/03\/postQueueImg_1677941784.76.jpg\" \/>\n\t<meta property=\"og:image:width\" content=\"720\" \/>\n\t<meta property=\"og:image:height\" content=\"402\" \/>\n\t<meta property=\"og:image:type\" content=\"image\/jpeg\" \/>\n<meta name=\"author\" content=\"cfeditorfr\" \/>\n<meta name=\"twitter:card\" content=\"summary_large_image\" \/>\n<meta name=\"twitter:label1\" content=\"\u00c9crit par\" \/>\n\t<meta name=\"twitter:data1\" content=\"cfeditorfr\" \/>\n\t<meta name=\"twitter:label2\" content=\"Dur\u00e9e de lecture estim\u00e9e\" \/>\n\t<meta name=\"twitter:data2\" content=\"3 minutes\" \/>\n<script type=\"application\/ld+json\" class=\"yoast-schema-graph\">{\"@context\":\"https:\/\/schema.org\",\"@graph\":[{\"@type\":\"Article\",\"@id\":\"https:\/\/www.africa-press.net\/cameroun\/toutes-les-actualites\/en-larmes-et-inconsolable-debut-damertume-apres-le-verdict-pour-amougou-belinga#article\",\"isPartOf\":{\"@id\":\"https:\/\/www.africa-press.net\/cameroun\/toutes-les-actualites\/en-larmes-et-inconsolable-debut-damertume-apres-le-verdict-pour-amougou-belinga\"},\"author\":{\"name\":\"cfeditorfr\",\"@id\":\"https:\/\/www.africa-press.net\/cameroun\/#\/schema\/person\/2b1cf3cd81a31e3cd26889ca66d677f1\"},\"headline\":\"En larmes et inconsolable : d\u00e9but d&rsquo;amertume apr\u00e8s le verdict pour Amougou Belinga\",\"datePublished\":\"2023-03-04T18:26:22+00:00\",\"dateModified\":\"2023-03-04T19:26:17+00:00\",\"mainEntityOfPage\":{\"@id\":\"https:\/\/www.africa-press.net\/cameroun\/toutes-les-actualites\/en-larmes-et-inconsolable-debut-damertume-apres-le-verdict-pour-amougou-belinga\"},\"wordCount\":508,\"commentCount\":0,\"image\":{\"@id\":\"https:\/\/www.africa-press.net\/cameroun\/toutes-les-actualites\/en-larmes-et-inconsolable-debut-damertume-apres-le-verdict-pour-amougou-belinga#primaryimage\"},\"thumbnailUrl\":\"https:\/\/static.africa-press.net\/cameroun\/sites\/57\/2023\/03\/postQueueImg_1677941784.76.jpg\",\"keywords\":[\"Africa Press\",\"Africa Press-Cameroun\",\"Cameroun\"],\"articleSection\":[\"Communaut\u00e9\",\"Toutes les actualit\u00e9s\"],\"inLanguage\":\"fr-FR\",\"potentialAction\":[{\"@type\":\"CommentAction\",\"name\":\"Comment\",\"target\":[\"https:\/\/www.africa-press.net\/cameroun\/toutes-les-actualites\/en-larmes-et-inconsolable-debut-damertume-apres-le-verdict-pour-amougou-belinga#respond\"]}]},{\"@type\":\"WebPage\",\"@id\":\"https:\/\/www.africa-press.net\/cameroun\/toutes-les-actualites\/en-larmes-et-inconsolable-debut-damertume-apres-le-verdict-pour-amougou-belinga\",\"url\":\"https:\/\/www.africa-press.net\/cameroun\/toutes-les-actualites\/en-larmes-et-inconsolable-debut-damertume-apres-le-verdict-pour-amougou-belinga\",\"name\":\"En larmes et inconsolable : d\u00e9but d'amertume apr\u00e8s le verdict pour Amougou Belinga - Cameroun\",\"isPartOf\":{\"@id\":\"https:\/\/www.africa-press.net\/cameroun\/#website\"},\"primaryImageOfPage\":{\"@id\":\"https:\/\/www.africa-press.net\/cameroun\/toutes-les-actualites\/en-larmes-et-inconsolable-debut-damertume-apres-le-verdict-pour-amougou-belinga#primaryimage\"},\"image\":{\"@id\":\"https:\/\/www.africa-press.net\/cameroun\/toutes-les-actualites\/en-larmes-et-inconsolable-debut-damertume-apres-le-verdict-pour-amougou-belinga#primaryimage\"},\"thumbnailUrl\":\"https:\/\/static.africa-press.net\/cameroun\/sites\/57\/2023\/03\/postQueueImg_1677941784.76.jpg\",\"datePublished\":\"2023-03-04T18:26:22+00:00\",\"dateModified\":\"2023-03-04T19:26:17+00:00\",\"author\":{\"@id\":\"https:\/\/www.africa-press.net\/cameroun\/#\/schema\/person\/2b1cf3cd81a31e3cd26889ca66d677f1\"},\"description\":\"Le pre\u0301sident directeur ge\u0301ne\u0301ral de Vision 4 Jean-Pierre Amougou Belinga a e\u0301te\u0301 de\u0301pose\u0301 a\u0300 la prison principale de Ko ...\",\"breadcrumb\":{\"@id\":\"https:\/\/www.africa-press.net\/cameroun\/toutes-les-actualites\/en-larmes-et-inconsolable-debut-damertume-apres-le-verdict-pour-amougou-belinga#breadcrumb\"},\"inLanguage\":\"fr-FR\",\"potentialAction\":[{\"@type\":\"ReadAction\",\"target\":[\"https:\/\/www.africa-press.net\/cameroun\/toutes-les-actualites\/en-larmes-et-inconsolable-debut-damertume-apres-le-verdict-pour-amougou-belinga\"]}]},{\"@type\":\"ImageObject\",\"inLanguage\":\"fr-FR\",\"@id\":\"https:\/\/www.africa-press.net\/cameroun\/toutes-les-actualites\/en-larmes-et-inconsolable-debut-damertume-apres-le-verdict-pour-amougou-belinga#primaryimage\",\"url\":\"https:\/\/static.africa-press.net\/cameroun\/sites\/57\/2023\/03\/postQueueImg_1677941784.76.jpg\",\"contentUrl\":\"https:\/\/static.africa-press.net\/cameroun\/sites\/57\/2023\/03\/postQueueImg_1677941784.76.jpg\",\"width\":720,\"height\":402,\"caption\":\"En larmes et inconsolable : d\u00e9but d'amertume apr\u00e8s le verdict pour Amougou Belinga\"},{\"@type\":\"BreadcrumbList\",\"@id\":\"https:\/\/www.africa-press.net\/cameroun\/toutes-les-actualites\/en-larmes-et-inconsolable-debut-damertume-apres-le-verdict-pour-amougou-belinga#breadcrumb\",\"itemListElement\":[{\"@type\":\"ListItem\",\"position\":1,\"name\":\"Accueil\",\"item\":\"https:\/\/www.africa-press.net\/cameroun\/\"},{\"@type\":\"ListItem\",\"position\":2,\"name\":\"En larmes et inconsolable : d\u00e9but d&rsquo;amertume apr\u00e8s le verdict pour Amougou Belinga\"}]},{\"@type\":\"WebSite\",\"@id\":\"https:\/\/www.africa-press.net\/cameroun\/#website\",\"url\":\"https:\/\/www.africa-press.net\/cameroun\/\",\"name\":\"Cameroun\",\"description\":\"Just another Africa News Agency Sites site\",\"potentialAction\":[{\"@type\":\"SearchAction\",\"target\":{\"@type\":\"EntryPoint\",\"urlTemplate\":\"https:\/\/www.africa-press.net\/cameroun\/?s={search_term_string}\"},\"query-input\":{\"@type\":\"PropertyValueSpecification\",\"valueRequired\":true,\"valueName\":\"search_term_string\"}}],\"inLanguage\":\"fr-FR\"},{\"@type\":\"Person\",\"@id\":\"https:\/\/www.africa-press.net\/cameroun\/#\/schema\/person\/2b1cf3cd81a31e3cd26889ca66d677f1\",\"name\":\"cfeditorfr\"}]}<\/script>\n<!-- \/ Yoast SEO Premium plugin. -->","yoast_head_json":{"title":"En larmes et inconsolable : d\u00e9but d'amertume apr\u00e8s le verdict pour Amougou Belinga - Cameroun","description":"Le pre\u0301sident directeur ge\u0301ne\u0301ral de Vision 4 Jean-Pierre Amougou Belinga a e\u0301te\u0301 de\u0301pose\u0301 a\u0300 la prison principale de Ko ...","robots":{"index":"index","follow":"follow","max-snippet":"max-snippet:-1","max-image-preview":"max-image-preview:large","max-video-preview":"max-video-preview:-1"},"canonical":"https:\/\/www.africa-press.net\/cameroun\/toutes-les-actualites\/en-larmes-et-inconsolable-debut-damertume-apres-le-verdict-pour-amougou-belinga","og_locale":"fr_FR","og_type":"article","og_title":"En larmes et inconsolable : d\u00e9but d'amertume apr\u00e8s le verdict pour Amougou Belinga","og_description":"Le pre\u0301sident directeur ge\u0301ne\u0301ral de Vision 4 Jean-Pierre Amougou Belinga a e\u0301te\u0301 de\u0301pose\u0301 a\u0300 la prison principale de Ko ...","og_url":"https:\/\/www.africa-press.net\/cameroun\/toutes-les-actualites\/en-larmes-et-inconsolable-debut-damertume-apres-le-verdict-pour-amougou-belinga","og_site_name":"Cameroun","article_published_time":"2023-03-04T18:26:22+00:00","article_modified_time":"2023-03-04T19:26:17+00:00","og_image":[{"width":720,"height":402,"url":"https:\/\/static.africa-press.net\/cameroun\/sites\/57\/2023\/03\/postQueueImg_1677941784.76.jpg","type":"image\/jpeg"}],"author":"cfeditorfr","twitter_card":"summary_large_image","twitter_misc":{"\u00c9crit par":"cfeditorfr","Dur\u00e9e de lecture estim\u00e9e":"3 minutes"},"schema":{"@context":"https:\/\/schema.org","@graph":[{"@type":"Article","@id":"https:\/\/www.africa-press.net\/cameroun\/toutes-les-actualites\/en-larmes-et-inconsolable-debut-damertume-apres-le-verdict-pour-amougou-belinga#article","isPartOf":{"@id":"https:\/\/www.africa-press.net\/cameroun\/toutes-les-actualites\/en-larmes-et-inconsolable-debut-damertume-apres-le-verdict-pour-amougou-belinga"},"author":{"name":"cfeditorfr","@id":"https:\/\/www.africa-press.net\/cameroun\/#\/schema\/person\/2b1cf3cd81a31e3cd26889ca66d677f1"},"headline":"En larmes et inconsolable : d\u00e9but d&rsquo;amertume apr\u00e8s le verdict pour Amougou Belinga","datePublished":"2023-03-04T18:26:22+00:00","dateModified":"2023-03-04T19:26:17+00:00","mainEntityOfPage":{"@id":"https:\/\/www.africa-press.net\/cameroun\/toutes-les-actualites\/en-larmes-et-inconsolable-debut-damertume-apres-le-verdict-pour-amougou-belinga"},"wordCount":508,"commentCount":0,"image":{"@id":"https:\/\/www.africa-press.net\/cameroun\/toutes-les-actualites\/en-larmes-et-inconsolable-debut-damertume-apres-le-verdict-pour-amougou-belinga#primaryimage"},"thumbnailUrl":"https:\/\/static.africa-press.net\/cameroun\/sites\/57\/2023\/03\/postQueueImg_1677941784.76.jpg","keywords":["Africa Press","Africa Press-Cameroun","Cameroun"],"articleSection":["Communaut\u00e9","Toutes les actualit\u00e9s"],"inLanguage":"fr-FR","potentialAction":[{"@type":"CommentAction","name":"Comment","target":["https:\/\/www.africa-press.net\/cameroun\/toutes-les-actualites\/en-larmes-et-inconsolable-debut-damertume-apres-le-verdict-pour-amougou-belinga#respond"]}]},{"@type":"WebPage","@id":"https:\/\/www.africa-press.net\/cameroun\/toutes-les-actualites\/en-larmes-et-inconsolable-debut-damertume-apres-le-verdict-pour-amougou-belinga","url":"https:\/\/www.africa-press.net\/cameroun\/toutes-les-actualites\/en-larmes-et-inconsolable-debut-damertume-apres-le-verdict-pour-amougou-belinga","name":"En larmes et inconsolable : d\u00e9but d'amertume apr\u00e8s le verdict pour Amougou Belinga - Cameroun","isPartOf":{"@id":"https:\/\/www.africa-press.net\/cameroun\/#website"},"primaryImageOfPage":{"@id":"https:\/\/www.africa-press.net\/cameroun\/toutes-les-actualites\/en-larmes-et-inconsolable-debut-damertume-apres-le-verdict-pour-amougou-belinga#primaryimage"},"image":{"@id":"https:\/\/www.africa-press.net\/cameroun\/toutes-les-actualites\/en-larmes-et-inconsolable-debut-damertume-apres-le-verdict-pour-amougou-belinga#primaryimage"},"thumbnailUrl":"https:\/\/static.africa-press.net\/cameroun\/sites\/57\/2023\/03\/postQueueImg_1677941784.76.jpg","datePublished":"2023-03-04T18:26:22+00:00","dateModified":"2023-03-04T19:26:17+00:00","author":{"@id":"https:\/\/www.africa-press.net\/cameroun\/#\/schema\/person\/2b1cf3cd81a31e3cd26889ca66d677f1"},"description":"Le pre\u0301sident directeur ge\u0301ne\u0301ral de Vision 4 Jean-Pierre Amougou Belinga a e\u0301te\u0301 de\u0301pose\u0301 a\u0300 la prison principale de Ko ...","breadcrumb":{"@id":"https:\/\/www.africa-press.net\/cameroun\/toutes-les-actualites\/en-larmes-et-inconsolable-debut-damertume-apres-le-verdict-pour-amougou-belinga#breadcrumb"},"inLanguage":"fr-FR","potentialAction":[{"@type":"ReadAction","target":["https:\/\/www.africa-press.net\/cameroun\/toutes-les-actualites\/en-larmes-et-inconsolable-debut-damertume-apres-le-verdict-pour-amougou-belinga"]}]},{"@type":"ImageObject","inLanguage":"fr-FR","@id":"https:\/\/www.africa-press.net\/cameroun\/toutes-les-actualites\/en-larmes-et-inconsolable-debut-damertume-apres-le-verdict-pour-amougou-belinga#primaryimage","url":"https:\/\/static.africa-press.net\/cameroun\/sites\/57\/2023\/03\/postQueueImg_1677941784.76.jpg","contentUrl":"https:\/\/static.africa-press.net\/cameroun\/sites\/57\/2023\/03\/postQueueImg_1677941784.76.jpg","width":720,"height":402,"caption":"En larmes et inconsolable : d\u00e9but d'amertume apr\u00e8s le verdict pour Amougou Belinga"},{"@type":"BreadcrumbList","@id":"https:\/\/www.africa-press.net\/cameroun\/toutes-les-actualites\/en-larmes-et-inconsolable-debut-damertume-apres-le-verdict-pour-amougou-belinga#breadcrumb","itemListElement":[{"@type":"ListItem","position":1,"name":"Accueil","item":"https:\/\/www.africa-press.net\/cameroun\/"},{"@type":"ListItem","position":2,"name":"En larmes et inconsolable : d\u00e9but d&rsquo;amertume apr\u00e8s le verdict pour Amougou Belinga"}]},{"@type":"WebSite","@id":"https:\/\/www.africa-press.net\/cameroun\/#website","url":"https:\/\/www.africa-press.net\/cameroun\/","name":"Cameroun","description":"Just another Africa News Agency Sites site","potentialAction":[{"@type":"SearchAction","target":{"@type":"EntryPoint","urlTemplate":"https:\/\/www.africa-press.net\/cameroun\/?s={search_term_string}"},"query-input":{"@type":"PropertyValueSpecification","valueRequired":true,"valueName":"search_term_string"}}],"inLanguage":"fr-FR"},{"@type":"Person","@id":"https:\/\/www.africa-press.net\/cameroun\/#\/schema\/person\/2b1cf3cd81a31e3cd26889ca66d677f1","name":"cfeditorfr"}]}},"_links":{"self":[{"href":"https:\/\/www.africa-press.net\/cameroun\/wp-json\/wp\/v2\/posts\/38354","targetHints":{"allow":["GET"]}}],"collection":[{"href":"https:\/\/www.africa-press.net\/cameroun\/wp-json\/wp\/v2\/posts"}],"about":[{"href":"https:\/\/www.africa-press.net\/cameroun\/wp-json\/wp\/v2\/types\/post"}],"author":[{"embeddable":true,"href":"https:\/\/www.africa-press.net\/cameroun\/wp-json\/wp\/v2\/users\/82"}],"replies":[{"embeddable":true,"href":"https:\/\/www.africa-press.net\/cameroun\/wp-json\/wp\/v2\/comments?post=38354"}],"version-history":[{"count":0,"href":"https:\/\/www.africa-press.net\/cameroun\/wp-json\/wp\/v2\/posts\/38354\/revisions"}],"wp:featuredmedia":[{"embeddable":true,"href":"https:\/\/www.africa-press.net\/cameroun\/wp-json\/wp\/v2\/media\/38353"}],"wp:attachment":[{"href":"https:\/\/www.africa-press.net\/cameroun\/wp-json\/wp\/v2\/media?parent=38354"}],"wp:term":[{"taxonomy":"category","embeddable":true,"href":"https:\/\/www.africa-press.net\/cameroun\/wp-json\/wp\/v2\/categories?post=38354"},{"taxonomy":"post_tag","embeddable":true,"href":"https:\/\/www.africa-press.net\/cameroun\/wp-json\/wp\/v2\/tags?post=38354"}],"curies":[{"name":"wp","href":"https:\/\/api.w.org\/{rel}","templated":true}]}}