{"id":38357,"date":"2023-03-04T18:26:27","date_gmt":"2023-03-04T18:26:27","guid":{"rendered":"https:\/\/www.africa-press.net\/cameroun\/politique\/guy-zogo-retourne-au-tribunal-et-donne-des-details-sur-le-jugement-damougou-belinga"},"modified":"2023-03-04T19:26:43","modified_gmt":"2023-03-04T19:26:43","slug":"guy-zogo-retourne-au-tribunal-et-donne-des-details-sur-le-jugement-damougou-belinga","status":"publish","type":"post","link":"https:\/\/www.africa-press.net\/cameroun\/toutes-les-actualites\/guy-zogo-retourne-au-tribunal-et-donne-des-details-sur-le-jugement-damougou-belinga","title":{"rendered":"Guy Zogo retourne au Tribunal et donne des d\u00e9tails sur le jugement d&rsquo;Amougou Belinga"},"content":{"rendered":"<p><span style=\"color: #ff6600\"><strong>Africa-Press &#8211; Cameroun. <\/strong><\/span>Ce samedi 04 mars, le journaliste de la chai\u0302ne d&rsquo;Equinoxe TV, Guy Zogo est retourne\u0301 au Tribunal militaire pour donner aux Camerounais les de\u0301tails importants sur la de\u0301cision du Tribunal militaire sur les pre\u0301sume\u0301s auteurs de l&rsquo;assassinat de Martinez Zogo.<\/p>\n<p>L&rsquo;un des informations les plus importantes concernant le passage de Jean Pierre Amougou Belinga et Cie devant le Tribunal Militaire est que tous ceux qui ont e\u0301te\u0301 de\u0301fe\u0301re\u0301s et tous ceux qui ont e\u0301te\u0301 mis en liberte\u0301, ne le sont que provisoirement.<\/p>\n<p>L&rsquo;autre information non moins importante, est qu&rsquo;un proce\u0300s sera officiellement ouvert dans 06 mois, devant une juridiction.<\/p>\n<p>Ce n&rsquo;est apre\u0300s ce proce\u0300s que les vraies peines seront prononce\u0301es pour tous les suspects.<\/p>\n<p>Voici toutes les informations sur l&rsquo;affaire, dans ce compte-rendu d&rsquo;Equinoxe TV, avec au micro, Guy Zogo.<\/p>\n<p><strong>Pour plus d&rsquo;informations et d&rsquo;analyses sur la <a href=\"https:\/\/www.africa-press.net\/cameroun\">Cameroun<\/a>, suivez <a href=\"https:\/\/www.africa-press.net\/\">Africa-Press<\/a><\/strong><\/p>\n","protected":false},"excerpt":{"rendered":"<p>Africa-Press &#8211; Cameroun. Ce samedi 04 mars, le journaliste de la chai\u0302ne d&rsquo;Equinoxe TV, Guy Zogo est retourne\u0301 au Tribunal militaire pour donner aux Camerounais les de\u0301tails importants sur la de\u0301cision du Tribunal militaire sur les pre\u0301sume\u0301s auteurs de l&rsquo;assassinat de Martinez Zogo. L&rsquo;un des informations les plus importantes concernant le passage de Jean Pierre [&hellip;]<\/p>\n","protected":false},"author":82,"featured_media":38356,"comment_status":"open","ping_status":"closed","sticky":false,"template":"","format":"standard","meta":{"footnotes":""},"categories":[21,10],"tags":[36,50,49],"class_list":["post-38357","post","type-post","status-publish","format-standard","has-post-thumbnail","hentry","category-communaute","category-toutes-les-actualites","tag-africa-press","tag-africa-press-cameroun","tag-cameroun"],"yoast_head":"<!-- This site is optimized with the Yoast SEO Premium plugin v26.1 (Yoast SEO v27.0) - https:\/\/yoast.com\/product\/yoast-seo-premium-wordpress\/ -->\n<title>Guy Zogo retourne au Tribunal et donne des d\u00e9tails sur le jugement d&#039;Amougou Belinga - Cameroun<\/title>\n<meta name=\"description\" content=\"Ce samedi 04 mars, le journaliste de la chai\u0302ne d&#039;Equinoxe TV, Guy Zogo est retourne\u0301 au Tribunal militaire pour donner ...\" \/>\n<meta name=\"robots\" content=\"index, follow, max-snippet:-1, max-image-preview:large, max-video-preview:-1\" \/>\n<link rel=\"canonical\" href=\"https:\/\/www.africa-press.net\/cameroun\/toutes-les-actualites\/guy-zogo-retourne-au-tribunal-et-donne-des-details-sur-le-jugement-damougou-belinga\" \/>\n<meta property=\"og:locale\" content=\"fr_FR\" \/>\n<meta property=\"og:type\" content=\"article\" \/>\n<meta property=\"og:title\" content=\"Guy Zogo retourne au Tribunal et donne des d\u00e9tails sur le jugement d&#039;Amougou Belinga\" \/>\n<meta property=\"og:description\" content=\"Ce samedi 04 mars, le journaliste de la chai\u0302ne d&#039;Equinoxe TV, Guy Zogo est retourne\u0301 au Tribunal militaire pour donner ...\" \/>\n<meta property=\"og:url\" content=\"https:\/\/www.africa-press.net\/cameroun\/toutes-les-actualites\/guy-zogo-retourne-au-tribunal-et-donne-des-details-sur-le-jugement-damougou-belinga\" \/>\n<meta property=\"og:site_name\" content=\"Cameroun\" \/>\n<meta property=\"article:published_time\" content=\"2023-03-04T18:26:27+00:00\" \/>\n<meta property=\"article:modified_time\" content=\"2023-03-04T19:26:43+00:00\" \/>\n<meta property=\"og:image\" content=\"https:\/\/static.africa-press.net\/cameroun\/sites\/57\/2023\/03\/postQueueImg_1677941792.98.jpg\" \/>\n\t<meta property=\"og:image:width\" content=\"720\" \/>\n\t<meta property=\"og:image:height\" content=\"360\" \/>\n\t<meta property=\"og:image:type\" content=\"image\/jpeg\" \/>\n<meta name=\"author\" content=\"cfeditorfr\" \/>\n<meta name=\"twitter:card\" content=\"summary_large_image\" \/>\n<meta name=\"twitter:label1\" content=\"\u00c9crit par\" \/>\n\t<meta name=\"twitter:data1\" content=\"cfeditorfr\" \/>\n\t<meta name=\"twitter:label2\" content=\"Dur\u00e9e de lecture estim\u00e9e\" \/>\n\t<meta name=\"twitter:data2\" content=\"1 minute\" \/>\n<script type=\"application\/ld+json\" class=\"yoast-schema-graph\">{\"@context\":\"https:\/\/schema.org\",\"@graph\":[{\"@type\":\"Article\",\"@id\":\"https:\/\/www.africa-press.net\/cameroun\/toutes-les-actualites\/guy-zogo-retourne-au-tribunal-et-donne-des-details-sur-le-jugement-damougou-belinga#article\",\"isPartOf\":{\"@id\":\"https:\/\/www.africa-press.net\/cameroun\/toutes-les-actualites\/guy-zogo-retourne-au-tribunal-et-donne-des-details-sur-le-jugement-damougou-belinga\"},\"author\":{\"name\":\"cfeditorfr\",\"@id\":\"https:\/\/www.africa-press.net\/cameroun\/#\/schema\/person\/2b1cf3cd81a31e3cd26889ca66d677f1\"},\"headline\":\"Guy Zogo retourne au Tribunal et donne des d\u00e9tails sur le jugement d&rsquo;Amougou Belinga\",\"datePublished\":\"2023-03-04T18:26:27+00:00\",\"dateModified\":\"2023-03-04T19:26:43+00:00\",\"mainEntityOfPage\":{\"@id\":\"https:\/\/www.africa-press.net\/cameroun\/toutes-les-actualites\/guy-zogo-retourne-au-tribunal-et-donne-des-details-sur-le-jugement-damougou-belinga\"},\"wordCount\":181,\"commentCount\":0,\"image\":{\"@id\":\"https:\/\/www.africa-press.net\/cameroun\/toutes-les-actualites\/guy-zogo-retourne-au-tribunal-et-donne-des-details-sur-le-jugement-damougou-belinga#primaryimage\"},\"thumbnailUrl\":\"https:\/\/static.africa-press.net\/cameroun\/sites\/57\/2023\/03\/postQueueImg_1677941792.98.jpg\",\"keywords\":[\"Africa Press\",\"Africa Press-Cameroun\",\"Cameroun\"],\"articleSection\":[\"Communaut\u00e9\",\"Toutes les actualit\u00e9s\"],\"inLanguage\":\"fr-FR\",\"potentialAction\":[{\"@type\":\"CommentAction\",\"name\":\"Comment\",\"target\":[\"https:\/\/www.africa-press.net\/cameroun\/toutes-les-actualites\/guy-zogo-retourne-au-tribunal-et-donne-des-details-sur-le-jugement-damougou-belinga#respond\"]}]},{\"@type\":\"WebPage\",\"@id\":\"https:\/\/www.africa-press.net\/cameroun\/toutes-les-actualites\/guy-zogo-retourne-au-tribunal-et-donne-des-details-sur-le-jugement-damougou-belinga\",\"url\":\"https:\/\/www.africa-press.net\/cameroun\/toutes-les-actualites\/guy-zogo-retourne-au-tribunal-et-donne-des-details-sur-le-jugement-damougou-belinga\",\"name\":\"Guy Zogo retourne au Tribunal et donne des d\u00e9tails sur le jugement d'Amougou Belinga - Cameroun\",\"isPartOf\":{\"@id\":\"https:\/\/www.africa-press.net\/cameroun\/#website\"},\"primaryImageOfPage\":{\"@id\":\"https:\/\/www.africa-press.net\/cameroun\/toutes-les-actualites\/guy-zogo-retourne-au-tribunal-et-donne-des-details-sur-le-jugement-damougou-belinga#primaryimage\"},\"image\":{\"@id\":\"https:\/\/www.africa-press.net\/cameroun\/toutes-les-actualites\/guy-zogo-retourne-au-tribunal-et-donne-des-details-sur-le-jugement-damougou-belinga#primaryimage\"},\"thumbnailUrl\":\"https:\/\/static.africa-press.net\/cameroun\/sites\/57\/2023\/03\/postQueueImg_1677941792.98.jpg\",\"datePublished\":\"2023-03-04T18:26:27+00:00\",\"dateModified\":\"2023-03-04T19:26:43+00:00\",\"author\":{\"@id\":\"https:\/\/www.africa-press.net\/cameroun\/#\/schema\/person\/2b1cf3cd81a31e3cd26889ca66d677f1\"},\"description\":\"Ce samedi 04 mars, le journaliste de la chai\u0302ne d'Equinoxe TV, Guy Zogo est retourne\u0301 au Tribunal militaire pour donner ...\",\"breadcrumb\":{\"@id\":\"https:\/\/www.africa-press.net\/cameroun\/toutes-les-actualites\/guy-zogo-retourne-au-tribunal-et-donne-des-details-sur-le-jugement-damougou-belinga#breadcrumb\"},\"inLanguage\":\"fr-FR\",\"potentialAction\":[{\"@type\":\"ReadAction\",\"target\":[\"https:\/\/www.africa-press.net\/cameroun\/toutes-les-actualites\/guy-zogo-retourne-au-tribunal-et-donne-des-details-sur-le-jugement-damougou-belinga\"]}]},{\"@type\":\"ImageObject\",\"inLanguage\":\"fr-FR\",\"@id\":\"https:\/\/www.africa-press.net\/cameroun\/toutes-les-actualites\/guy-zogo-retourne-au-tribunal-et-donne-des-details-sur-le-jugement-damougou-belinga#primaryimage\",\"url\":\"https:\/\/static.africa-press.net\/cameroun\/sites\/57\/2023\/03\/postQueueImg_1677941792.98.jpg\",\"contentUrl\":\"https:\/\/static.africa-press.net\/cameroun\/sites\/57\/2023\/03\/postQueueImg_1677941792.98.jpg\",\"width\":720,\"height\":360,\"caption\":\"Guy Zogo retourne au Tribunal et donne des d\u00e9tails sur le jugement d'Amougou Belinga\"},{\"@type\":\"BreadcrumbList\",\"@id\":\"https:\/\/www.africa-press.net\/cameroun\/toutes-les-actualites\/guy-zogo-retourne-au-tribunal-et-donne-des-details-sur-le-jugement-damougou-belinga#breadcrumb\",\"itemListElement\":[{\"@type\":\"ListItem\",\"position\":1,\"name\":\"Accueil\",\"item\":\"https:\/\/www.africa-press.net\/cameroun\/\"},{\"@type\":\"ListItem\",\"position\":2,\"name\":\"Guy Zogo retourne au Tribunal et donne des d\u00e9tails sur le jugement d&rsquo;Amougou Belinga\"}]},{\"@type\":\"WebSite\",\"@id\":\"https:\/\/www.africa-press.net\/cameroun\/#website\",\"url\":\"https:\/\/www.africa-press.net\/cameroun\/\",\"name\":\"Cameroun\",\"description\":\"Just another Africa News Agency Sites site\",\"potentialAction\":[{\"@type\":\"SearchAction\",\"target\":{\"@type\":\"EntryPoint\",\"urlTemplate\":\"https:\/\/www.africa-press.net\/cameroun\/?s={search_term_string}\"},\"query-input\":{\"@type\":\"PropertyValueSpecification\",\"valueRequired\":true,\"valueName\":\"search_term_string\"}}],\"inLanguage\":\"fr-FR\"},{\"@type\":\"Person\",\"@id\":\"https:\/\/www.africa-press.net\/cameroun\/#\/schema\/person\/2b1cf3cd81a31e3cd26889ca66d677f1\",\"name\":\"cfeditorfr\"}]}<\/script>\n<!-- \/ Yoast SEO Premium plugin. -->","yoast_head_json":{"title":"Guy Zogo retourne au Tribunal et donne des d\u00e9tails sur le jugement d'Amougou Belinga - Cameroun","description":"Ce samedi 04 mars, le journaliste de la chai\u0302ne d'Equinoxe TV, Guy Zogo est retourne\u0301 au Tribunal militaire pour donner ...","robots":{"index":"index","follow":"follow","max-snippet":"max-snippet:-1","max-image-preview":"max-image-preview:large","max-video-preview":"max-video-preview:-1"},"canonical":"https:\/\/www.africa-press.net\/cameroun\/toutes-les-actualites\/guy-zogo-retourne-au-tribunal-et-donne-des-details-sur-le-jugement-damougou-belinga","og_locale":"fr_FR","og_type":"article","og_title":"Guy Zogo retourne au Tribunal et donne des d\u00e9tails sur le jugement d'Amougou Belinga","og_description":"Ce samedi 04 mars, le journaliste de la chai\u0302ne d'Equinoxe TV, Guy Zogo est retourne\u0301 au Tribunal militaire pour donner ...","og_url":"https:\/\/www.africa-press.net\/cameroun\/toutes-les-actualites\/guy-zogo-retourne-au-tribunal-et-donne-des-details-sur-le-jugement-damougou-belinga","og_site_name":"Cameroun","article_published_time":"2023-03-04T18:26:27+00:00","article_modified_time":"2023-03-04T19:26:43+00:00","og_image":[{"width":720,"height":360,"url":"https:\/\/static.africa-press.net\/cameroun\/sites\/57\/2023\/03\/postQueueImg_1677941792.98.jpg","type":"image\/jpeg"}],"author":"cfeditorfr","twitter_card":"summary_large_image","twitter_misc":{"\u00c9crit par":"cfeditorfr","Dur\u00e9e de lecture estim\u00e9e":"1 minute"},"schema":{"@context":"https:\/\/schema.org","@graph":[{"@type":"Article","@id":"https:\/\/www.africa-press.net\/cameroun\/toutes-les-actualites\/guy-zogo-retourne-au-tribunal-et-donne-des-details-sur-le-jugement-damougou-belinga#article","isPartOf":{"@id":"https:\/\/www.africa-press.net\/cameroun\/toutes-les-actualites\/guy-zogo-retourne-au-tribunal-et-donne-des-details-sur-le-jugement-damougou-belinga"},"author":{"name":"cfeditorfr","@id":"https:\/\/www.africa-press.net\/cameroun\/#\/schema\/person\/2b1cf3cd81a31e3cd26889ca66d677f1"},"headline":"Guy Zogo retourne au Tribunal et donne des d\u00e9tails sur le jugement d&rsquo;Amougou Belinga","datePublished":"2023-03-04T18:26:27+00:00","dateModified":"2023-03-04T19:26:43+00:00","mainEntityOfPage":{"@id":"https:\/\/www.africa-press.net\/cameroun\/toutes-les-actualites\/guy-zogo-retourne-au-tribunal-et-donne-des-details-sur-le-jugement-damougou-belinga"},"wordCount":181,"commentCount":0,"image":{"@id":"https:\/\/www.africa-press.net\/cameroun\/toutes-les-actualites\/guy-zogo-retourne-au-tribunal-et-donne-des-details-sur-le-jugement-damougou-belinga#primaryimage"},"thumbnailUrl":"https:\/\/static.africa-press.net\/cameroun\/sites\/57\/2023\/03\/postQueueImg_1677941792.98.jpg","keywords":["Africa Press","Africa Press-Cameroun","Cameroun"],"articleSection":["Communaut\u00e9","Toutes les actualit\u00e9s"],"inLanguage":"fr-FR","potentialAction":[{"@type":"CommentAction","name":"Comment","target":["https:\/\/www.africa-press.net\/cameroun\/toutes-les-actualites\/guy-zogo-retourne-au-tribunal-et-donne-des-details-sur-le-jugement-damougou-belinga#respond"]}]},{"@type":"WebPage","@id":"https:\/\/www.africa-press.net\/cameroun\/toutes-les-actualites\/guy-zogo-retourne-au-tribunal-et-donne-des-details-sur-le-jugement-damougou-belinga","url":"https:\/\/www.africa-press.net\/cameroun\/toutes-les-actualites\/guy-zogo-retourne-au-tribunal-et-donne-des-details-sur-le-jugement-damougou-belinga","name":"Guy Zogo retourne au Tribunal et donne des d\u00e9tails sur le jugement d'Amougou Belinga - Cameroun","isPartOf":{"@id":"https:\/\/www.africa-press.net\/cameroun\/#website"},"primaryImageOfPage":{"@id":"https:\/\/www.africa-press.net\/cameroun\/toutes-les-actualites\/guy-zogo-retourne-au-tribunal-et-donne-des-details-sur-le-jugement-damougou-belinga#primaryimage"},"image":{"@id":"https:\/\/www.africa-press.net\/cameroun\/toutes-les-actualites\/guy-zogo-retourne-au-tribunal-et-donne-des-details-sur-le-jugement-damougou-belinga#primaryimage"},"thumbnailUrl":"https:\/\/static.africa-press.net\/cameroun\/sites\/57\/2023\/03\/postQueueImg_1677941792.98.jpg","datePublished":"2023-03-04T18:26:27+00:00","dateModified":"2023-03-04T19:26:43+00:00","author":{"@id":"https:\/\/www.africa-press.net\/cameroun\/#\/schema\/person\/2b1cf3cd81a31e3cd26889ca66d677f1"},"description":"Ce samedi 04 mars, le journaliste de la chai\u0302ne d'Equinoxe TV, Guy Zogo est retourne\u0301 au Tribunal militaire pour donner ...","breadcrumb":{"@id":"https:\/\/www.africa-press.net\/cameroun\/toutes-les-actualites\/guy-zogo-retourne-au-tribunal-et-donne-des-details-sur-le-jugement-damougou-belinga#breadcrumb"},"inLanguage":"fr-FR","potentialAction":[{"@type":"ReadAction","target":["https:\/\/www.africa-press.net\/cameroun\/toutes-les-actualites\/guy-zogo-retourne-au-tribunal-et-donne-des-details-sur-le-jugement-damougou-belinga"]}]},{"@type":"ImageObject","inLanguage":"fr-FR","@id":"https:\/\/www.africa-press.net\/cameroun\/toutes-les-actualites\/guy-zogo-retourne-au-tribunal-et-donne-des-details-sur-le-jugement-damougou-belinga#primaryimage","url":"https:\/\/static.africa-press.net\/cameroun\/sites\/57\/2023\/03\/postQueueImg_1677941792.98.jpg","contentUrl":"https:\/\/static.africa-press.net\/cameroun\/sites\/57\/2023\/03\/postQueueImg_1677941792.98.jpg","width":720,"height":360,"caption":"Guy Zogo retourne au Tribunal et donne des d\u00e9tails sur le jugement d'Amougou Belinga"},{"@type":"BreadcrumbList","@id":"https:\/\/www.africa-press.net\/cameroun\/toutes-les-actualites\/guy-zogo-retourne-au-tribunal-et-donne-des-details-sur-le-jugement-damougou-belinga#breadcrumb","itemListElement":[{"@type":"ListItem","position":1,"name":"Accueil","item":"https:\/\/www.africa-press.net\/cameroun\/"},{"@type":"ListItem","position":2,"name":"Guy Zogo retourne au Tribunal et donne des d\u00e9tails sur le jugement d&rsquo;Amougou Belinga"}]},{"@type":"WebSite","@id":"https:\/\/www.africa-press.net\/cameroun\/#website","url":"https:\/\/www.africa-press.net\/cameroun\/","name":"Cameroun","description":"Just another Africa News Agency Sites site","potentialAction":[{"@type":"SearchAction","target":{"@type":"EntryPoint","urlTemplate":"https:\/\/www.africa-press.net\/cameroun\/?s={search_term_string}"},"query-input":{"@type":"PropertyValueSpecification","valueRequired":true,"valueName":"search_term_string"}}],"inLanguage":"fr-FR"},{"@type":"Person","@id":"https:\/\/www.africa-press.net\/cameroun\/#\/schema\/person\/2b1cf3cd81a31e3cd26889ca66d677f1","name":"cfeditorfr"}]}},"_links":{"self":[{"href":"https:\/\/www.africa-press.net\/cameroun\/wp-json\/wp\/v2\/posts\/38357","targetHints":{"allow":["GET"]}}],"collection":[{"href":"https:\/\/www.africa-press.net\/cameroun\/wp-json\/wp\/v2\/posts"}],"about":[{"href":"https:\/\/www.africa-press.net\/cameroun\/wp-json\/wp\/v2\/types\/post"}],"author":[{"embeddable":true,"href":"https:\/\/www.africa-press.net\/cameroun\/wp-json\/wp\/v2\/users\/82"}],"replies":[{"embeddable":true,"href":"https:\/\/www.africa-press.net\/cameroun\/wp-json\/wp\/v2\/comments?post=38357"}],"version-history":[{"count":0,"href":"https:\/\/www.africa-press.net\/cameroun\/wp-json\/wp\/v2\/posts\/38357\/revisions"}],"wp:featuredmedia":[{"embeddable":true,"href":"https:\/\/www.africa-press.net\/cameroun\/wp-json\/wp\/v2\/media\/38356"}],"wp:attachment":[{"href":"https:\/\/www.africa-press.net\/cameroun\/wp-json\/wp\/v2\/media?parent=38357"}],"wp:term":[{"taxonomy":"category","embeddable":true,"href":"https:\/\/www.africa-press.net\/cameroun\/wp-json\/wp\/v2\/categories?post=38357"},{"taxonomy":"post_tag","embeddable":true,"href":"https:\/\/www.africa-press.net\/cameroun\/wp-json\/wp\/v2\/tags?post=38357"}],"curies":[{"name":"wp","href":"https:\/\/api.w.org\/{rel}","templated":true}]}}