{"id":38363,"date":"2023-03-04T18:26:41","date_gmt":"2023-03-04T18:26:41","guid":{"rendered":"https:\/\/www.africa-press.net\/cameroun\/politique\/inculpation-damougou-belinga-que-cache-reellement-la-justice-camerounaise"},"modified":"2023-03-04T19:27:32","modified_gmt":"2023-03-04T19:27:32","slug":"inculpation-damougou-belinga-que-cache-reellement-la-justice-camerounaise","status":"publish","type":"post","link":"https:\/\/www.africa-press.net\/cameroun\/politique\/inculpation-damougou-belinga-que-cache-reellement-la-justice-camerounaise","title":{"rendered":"Inculpation d\u2019Amougou Belinga : que cache r\u00e9ellement la justice camerounaise ?"},"content":{"rendered":"<p><span style=\"color: #ff6600\"><strong>Africa-Press &#8211; Cameroun. <\/strong><\/span>Il fallait s\u2019y attendre. Le passage d\u2019Amougou Belinga au tribunal militaire a e\u0301te\u0301 de\u0301cisif. Et au vu des dernie\u0300res informations, l\u2019affaire parait de\u0301ja\u0300 bien engage\u0301e et pourrait d\u2019ailleurs prendre fin sous peu.<\/p>\n<p>Amougou Belinga a e\u0301te\u0301 transfe\u0301re\u0301 a\u0300 la prison centrale de Kondengui. Mais le constat est qu\u2019il y est envoye\u0301 juste pour \u00ab complicite\u0301 de torture par aide \u00bb alors que l\u2019opinion publique pensait qu\u2019il sera inculpe\u0301 comme le commanditaire de l\u2019assassinat du journaliste Martinez Zogo. A quel jeu joue re\u0301ellement la justice camerounaise ? Est-ce une manie\u0300re de laisser une porte de sortie au milliardaire ? Autant de questions qui me\u0301ritent d\u2019avoir des re\u0301ponses imme\u0301diates pour que justice soit faire une bonne fois pour toute.<\/p>\n<p>Mais en me\u0302me temps, une autre question se pose : si c\u2019est vrai que le Zomloa est seulement un complice, qui a re\u0301ellement commandite\u0301 l\u2019assassinat de Martinez Zogo ou l\u2019a tue\u0301 ?<\/p>\n<p>Car, sur la liste les charges retenues contre les autres personnes inculpe\u0301es et envoye\u0301es a\u0300 Kondengui, le mot assassinat n\u2019y figure pas.<\/p>\n<p>Alors que Jean Pierre Amougou Belinga est inculpe\u0301 pour \u00ab complicite\u0301 de torture par aide \u00bb, le lieutenant-colonel Justin Danwe est inculpe\u0301 pour \u00ab filature, enle\u0300vement et torture \u00bb et les agents de la DGRE pour filature, enle\u0300vement, torture \u00bb.<\/p>\n<p>Reste a\u0300 savoir s\u2019il y a le nom d\u2019une autre personne qui n\u2019est pas cite\u0301 mais qui est a\u0300 la te\u0302te de toute l\u2019ope\u0301ration. Seule la justice camerounaise peut apporter des re\u0301ponses pour e\u0301clairer l\u2019opinion publique.<\/p>\n<p><strong>Pour plus d&rsquo;informations et d&rsquo;analyses sur la <a href=\"https:\/\/www.africa-press.net\/cameroun\">Cameroun<\/a>, suivez <a href=\"https:\/\/www.africa-press.net\/\">Africa-Press<\/a><\/strong><\/p>\n","protected":false},"excerpt":{"rendered":"<p>Africa-Press &#8211; Cameroun. Il fallait s\u2019y attendre. Le passage d\u2019Amougou Belinga au tribunal militaire a e\u0301te\u0301 de\u0301cisif. Et au vu des dernie\u0300res informations, l\u2019affaire parait de\u0301ja\u0300 bien engage\u0301e et pourrait d\u2019ailleurs prendre fin sous peu. Amougou Belinga a e\u0301te\u0301 transfe\u0301re\u0301 a\u0300 la prison centrale de Kondengui. Mais le constat est qu\u2019il y est envoye\u0301 juste [&hellip;]<\/p>\n","protected":false},"author":82,"featured_media":38362,"comment_status":"open","ping_status":"closed","sticky":false,"template":"","format":"standard","meta":{"footnotes":""},"categories":[2,10],"tags":[36,50,49],"class_list":["post-38363","post","type-post","status-publish","format-standard","has-post-thumbnail","hentry","category-politique","category-toutes-les-actualites","tag-africa-press","tag-africa-press-cameroun","tag-cameroun"],"yoast_head":"<!-- This site is optimized with the Yoast SEO Premium plugin v26.1 (Yoast SEO v27.0) - https:\/\/yoast.com\/product\/yoast-seo-premium-wordpress\/ -->\n<title>Inculpation d\u2019Amougou Belinga : que cache r\u00e9ellement la justice camerounaise ? - Cameroun<\/title>\n<meta name=\"description\" content=\"Il fallait s\u2019y attendre. Le passage d\u2019Amougou Belinga au tribunal militaire a e\u0301te\u0301 de\u0301cisif. Et au vu des dernie\u0300res in ...\" \/>\n<meta name=\"robots\" content=\"index, follow, max-snippet:-1, max-image-preview:large, max-video-preview:-1\" \/>\n<link rel=\"canonical\" href=\"https:\/\/www.africa-press.net\/cameroun\/politique\/inculpation-damougou-belinga-que-cache-reellement-la-justice-camerounaise\" \/>\n<meta property=\"og:locale\" content=\"fr_FR\" \/>\n<meta property=\"og:type\" content=\"article\" \/>\n<meta property=\"og:title\" content=\"Inculpation d\u2019Amougou Belinga : que cache r\u00e9ellement la justice camerounaise ?\" \/>\n<meta property=\"og:description\" content=\"Il fallait s\u2019y attendre. Le passage d\u2019Amougou Belinga au tribunal militaire a e\u0301te\u0301 de\u0301cisif. Et au vu des dernie\u0300res in ...\" \/>\n<meta property=\"og:url\" content=\"https:\/\/www.africa-press.net\/cameroun\/politique\/inculpation-damougou-belinga-que-cache-reellement-la-justice-camerounaise\" \/>\n<meta property=\"og:site_name\" content=\"Cameroun\" \/>\n<meta property=\"article:published_time\" content=\"2023-03-04T18:26:41+00:00\" \/>\n<meta property=\"article:modified_time\" content=\"2023-03-04T19:27:32+00:00\" \/>\n<meta property=\"og:image\" content=\"https:\/\/static.africa-press.net\/cameroun\/sites\/57\/2023\/03\/postQueueImg_1677941804.48.jpg\" \/>\n\t<meta property=\"og:image:width\" content=\"1280\" \/>\n\t<meta property=\"og:image:height\" content=\"720\" \/>\n\t<meta property=\"og:image:type\" content=\"image\/jpeg\" \/>\n<meta name=\"author\" content=\"cfeditorfr\" \/>\n<meta name=\"twitter:card\" content=\"summary_large_image\" \/>\n<meta name=\"twitter:label1\" content=\"\u00c9crit par\" \/>\n\t<meta name=\"twitter:data1\" content=\"cfeditorfr\" \/>\n\t<meta name=\"twitter:label2\" content=\"Dur\u00e9e de lecture estim\u00e9e\" \/>\n\t<meta name=\"twitter:data2\" content=\"2 minutes\" \/>\n<script type=\"application\/ld+json\" class=\"yoast-schema-graph\">{\"@context\":\"https:\/\/schema.org\",\"@graph\":[{\"@type\":\"Article\",\"@id\":\"https:\/\/www.africa-press.net\/cameroun\/politique\/inculpation-damougou-belinga-que-cache-reellement-la-justice-camerounaise#article\",\"isPartOf\":{\"@id\":\"https:\/\/www.africa-press.net\/cameroun\/politique\/inculpation-damougou-belinga-que-cache-reellement-la-justice-camerounaise\"},\"author\":{\"name\":\"cfeditorfr\",\"@id\":\"https:\/\/www.africa-press.net\/cameroun\/#\/schema\/person\/2b1cf3cd81a31e3cd26889ca66d677f1\"},\"headline\":\"Inculpation d\u2019Amougou Belinga : que cache r\u00e9ellement la justice camerounaise ?\",\"datePublished\":\"2023-03-04T18:26:41+00:00\",\"dateModified\":\"2023-03-04T19:27:32+00:00\",\"mainEntityOfPage\":{\"@id\":\"https:\/\/www.africa-press.net\/cameroun\/politique\/inculpation-damougou-belinga-que-cache-reellement-la-justice-camerounaise\"},\"wordCount\":302,\"commentCount\":0,\"image\":{\"@id\":\"https:\/\/www.africa-press.net\/cameroun\/politique\/inculpation-damougou-belinga-que-cache-reellement-la-justice-camerounaise#primaryimage\"},\"thumbnailUrl\":\"https:\/\/static.africa-press.net\/cameroun\/sites\/57\/2023\/03\/postQueueImg_1677941804.48.jpg\",\"keywords\":[\"Africa Press\",\"Africa Press-Cameroun\",\"Cameroun\"],\"articleSection\":[\"Politique\",\"Toutes les actualit\u00e9s\"],\"inLanguage\":\"fr-FR\",\"potentialAction\":[{\"@type\":\"CommentAction\",\"name\":\"Comment\",\"target\":[\"https:\/\/www.africa-press.net\/cameroun\/politique\/inculpation-damougou-belinga-que-cache-reellement-la-justice-camerounaise#respond\"]}]},{\"@type\":\"WebPage\",\"@id\":\"https:\/\/www.africa-press.net\/cameroun\/politique\/inculpation-damougou-belinga-que-cache-reellement-la-justice-camerounaise\",\"url\":\"https:\/\/www.africa-press.net\/cameroun\/politique\/inculpation-damougou-belinga-que-cache-reellement-la-justice-camerounaise\",\"name\":\"Inculpation d\u2019Amougou Belinga : que cache r\u00e9ellement la justice camerounaise ? - Cameroun\",\"isPartOf\":{\"@id\":\"https:\/\/www.africa-press.net\/cameroun\/#website\"},\"primaryImageOfPage\":{\"@id\":\"https:\/\/www.africa-press.net\/cameroun\/politique\/inculpation-damougou-belinga-que-cache-reellement-la-justice-camerounaise#primaryimage\"},\"image\":{\"@id\":\"https:\/\/www.africa-press.net\/cameroun\/politique\/inculpation-damougou-belinga-que-cache-reellement-la-justice-camerounaise#primaryimage\"},\"thumbnailUrl\":\"https:\/\/static.africa-press.net\/cameroun\/sites\/57\/2023\/03\/postQueueImg_1677941804.48.jpg\",\"datePublished\":\"2023-03-04T18:26:41+00:00\",\"dateModified\":\"2023-03-04T19:27:32+00:00\",\"author\":{\"@id\":\"https:\/\/www.africa-press.net\/cameroun\/#\/schema\/person\/2b1cf3cd81a31e3cd26889ca66d677f1\"},\"description\":\"Il fallait s\u2019y attendre. Le passage d\u2019Amougou Belinga au tribunal militaire a e\u0301te\u0301 de\u0301cisif. Et au vu des dernie\u0300res in ...\",\"breadcrumb\":{\"@id\":\"https:\/\/www.africa-press.net\/cameroun\/politique\/inculpation-damougou-belinga-que-cache-reellement-la-justice-camerounaise#breadcrumb\"},\"inLanguage\":\"fr-FR\",\"potentialAction\":[{\"@type\":\"ReadAction\",\"target\":[\"https:\/\/www.africa-press.net\/cameroun\/politique\/inculpation-damougou-belinga-que-cache-reellement-la-justice-camerounaise\"]}]},{\"@type\":\"ImageObject\",\"inLanguage\":\"fr-FR\",\"@id\":\"https:\/\/www.africa-press.net\/cameroun\/politique\/inculpation-damougou-belinga-que-cache-reellement-la-justice-camerounaise#primaryimage\",\"url\":\"https:\/\/static.africa-press.net\/cameroun\/sites\/57\/2023\/03\/postQueueImg_1677941804.48.jpg\",\"contentUrl\":\"https:\/\/static.africa-press.net\/cameroun\/sites\/57\/2023\/03\/postQueueImg_1677941804.48.jpg\",\"width\":1280,\"height\":720,\"caption\":\"Inculpation d\u2019Amougou Belinga : que cache r\u00e9ellement la justice camerounaise ?\"},{\"@type\":\"BreadcrumbList\",\"@id\":\"https:\/\/www.africa-press.net\/cameroun\/politique\/inculpation-damougou-belinga-que-cache-reellement-la-justice-camerounaise#breadcrumb\",\"itemListElement\":[{\"@type\":\"ListItem\",\"position\":1,\"name\":\"Accueil\",\"item\":\"https:\/\/www.africa-press.net\/cameroun\/\"},{\"@type\":\"ListItem\",\"position\":2,\"name\":\"Inculpation d\u2019Amougou Belinga : que cache r\u00e9ellement la justice camerounaise ?\"}]},{\"@type\":\"WebSite\",\"@id\":\"https:\/\/www.africa-press.net\/cameroun\/#website\",\"url\":\"https:\/\/www.africa-press.net\/cameroun\/\",\"name\":\"Cameroun\",\"description\":\"Just another Africa News Agency Sites site\",\"potentialAction\":[{\"@type\":\"SearchAction\",\"target\":{\"@type\":\"EntryPoint\",\"urlTemplate\":\"https:\/\/www.africa-press.net\/cameroun\/?s={search_term_string}\"},\"query-input\":{\"@type\":\"PropertyValueSpecification\",\"valueRequired\":true,\"valueName\":\"search_term_string\"}}],\"inLanguage\":\"fr-FR\"},{\"@type\":\"Person\",\"@id\":\"https:\/\/www.africa-press.net\/cameroun\/#\/schema\/person\/2b1cf3cd81a31e3cd26889ca66d677f1\",\"name\":\"cfeditorfr\"}]}<\/script>\n<!-- \/ Yoast SEO Premium plugin. -->","yoast_head_json":{"title":"Inculpation d\u2019Amougou Belinga : que cache r\u00e9ellement la justice camerounaise ? - Cameroun","description":"Il fallait s\u2019y attendre. Le passage d\u2019Amougou Belinga au tribunal militaire a e\u0301te\u0301 de\u0301cisif. Et au vu des dernie\u0300res in ...","robots":{"index":"index","follow":"follow","max-snippet":"max-snippet:-1","max-image-preview":"max-image-preview:large","max-video-preview":"max-video-preview:-1"},"canonical":"https:\/\/www.africa-press.net\/cameroun\/politique\/inculpation-damougou-belinga-que-cache-reellement-la-justice-camerounaise","og_locale":"fr_FR","og_type":"article","og_title":"Inculpation d\u2019Amougou Belinga : que cache r\u00e9ellement la justice camerounaise ?","og_description":"Il fallait s\u2019y attendre. Le passage d\u2019Amougou Belinga au tribunal militaire a e\u0301te\u0301 de\u0301cisif. Et au vu des dernie\u0300res in ...","og_url":"https:\/\/www.africa-press.net\/cameroun\/politique\/inculpation-damougou-belinga-que-cache-reellement-la-justice-camerounaise","og_site_name":"Cameroun","article_published_time":"2023-03-04T18:26:41+00:00","article_modified_time":"2023-03-04T19:27:32+00:00","og_image":[{"width":1280,"height":720,"url":"https:\/\/static.africa-press.net\/cameroun\/sites\/57\/2023\/03\/postQueueImg_1677941804.48.jpg","type":"image\/jpeg"}],"author":"cfeditorfr","twitter_card":"summary_large_image","twitter_misc":{"\u00c9crit par":"cfeditorfr","Dur\u00e9e de lecture estim\u00e9e":"2 minutes"},"schema":{"@context":"https:\/\/schema.org","@graph":[{"@type":"Article","@id":"https:\/\/www.africa-press.net\/cameroun\/politique\/inculpation-damougou-belinga-que-cache-reellement-la-justice-camerounaise#article","isPartOf":{"@id":"https:\/\/www.africa-press.net\/cameroun\/politique\/inculpation-damougou-belinga-que-cache-reellement-la-justice-camerounaise"},"author":{"name":"cfeditorfr","@id":"https:\/\/www.africa-press.net\/cameroun\/#\/schema\/person\/2b1cf3cd81a31e3cd26889ca66d677f1"},"headline":"Inculpation d\u2019Amougou Belinga : que cache r\u00e9ellement la justice camerounaise ?","datePublished":"2023-03-04T18:26:41+00:00","dateModified":"2023-03-04T19:27:32+00:00","mainEntityOfPage":{"@id":"https:\/\/www.africa-press.net\/cameroun\/politique\/inculpation-damougou-belinga-que-cache-reellement-la-justice-camerounaise"},"wordCount":302,"commentCount":0,"image":{"@id":"https:\/\/www.africa-press.net\/cameroun\/politique\/inculpation-damougou-belinga-que-cache-reellement-la-justice-camerounaise#primaryimage"},"thumbnailUrl":"https:\/\/static.africa-press.net\/cameroun\/sites\/57\/2023\/03\/postQueueImg_1677941804.48.jpg","keywords":["Africa Press","Africa Press-Cameroun","Cameroun"],"articleSection":["Politique","Toutes les actualit\u00e9s"],"inLanguage":"fr-FR","potentialAction":[{"@type":"CommentAction","name":"Comment","target":["https:\/\/www.africa-press.net\/cameroun\/politique\/inculpation-damougou-belinga-que-cache-reellement-la-justice-camerounaise#respond"]}]},{"@type":"WebPage","@id":"https:\/\/www.africa-press.net\/cameroun\/politique\/inculpation-damougou-belinga-que-cache-reellement-la-justice-camerounaise","url":"https:\/\/www.africa-press.net\/cameroun\/politique\/inculpation-damougou-belinga-que-cache-reellement-la-justice-camerounaise","name":"Inculpation d\u2019Amougou Belinga : que cache r\u00e9ellement la justice camerounaise ? - Cameroun","isPartOf":{"@id":"https:\/\/www.africa-press.net\/cameroun\/#website"},"primaryImageOfPage":{"@id":"https:\/\/www.africa-press.net\/cameroun\/politique\/inculpation-damougou-belinga-que-cache-reellement-la-justice-camerounaise#primaryimage"},"image":{"@id":"https:\/\/www.africa-press.net\/cameroun\/politique\/inculpation-damougou-belinga-que-cache-reellement-la-justice-camerounaise#primaryimage"},"thumbnailUrl":"https:\/\/static.africa-press.net\/cameroun\/sites\/57\/2023\/03\/postQueueImg_1677941804.48.jpg","datePublished":"2023-03-04T18:26:41+00:00","dateModified":"2023-03-04T19:27:32+00:00","author":{"@id":"https:\/\/www.africa-press.net\/cameroun\/#\/schema\/person\/2b1cf3cd81a31e3cd26889ca66d677f1"},"description":"Il fallait s\u2019y attendre. Le passage d\u2019Amougou Belinga au tribunal militaire a e\u0301te\u0301 de\u0301cisif. Et au vu des dernie\u0300res in ...","breadcrumb":{"@id":"https:\/\/www.africa-press.net\/cameroun\/politique\/inculpation-damougou-belinga-que-cache-reellement-la-justice-camerounaise#breadcrumb"},"inLanguage":"fr-FR","potentialAction":[{"@type":"ReadAction","target":["https:\/\/www.africa-press.net\/cameroun\/politique\/inculpation-damougou-belinga-que-cache-reellement-la-justice-camerounaise"]}]},{"@type":"ImageObject","inLanguage":"fr-FR","@id":"https:\/\/www.africa-press.net\/cameroun\/politique\/inculpation-damougou-belinga-que-cache-reellement-la-justice-camerounaise#primaryimage","url":"https:\/\/static.africa-press.net\/cameroun\/sites\/57\/2023\/03\/postQueueImg_1677941804.48.jpg","contentUrl":"https:\/\/static.africa-press.net\/cameroun\/sites\/57\/2023\/03\/postQueueImg_1677941804.48.jpg","width":1280,"height":720,"caption":"Inculpation d\u2019Amougou Belinga : que cache r\u00e9ellement la justice camerounaise ?"},{"@type":"BreadcrumbList","@id":"https:\/\/www.africa-press.net\/cameroun\/politique\/inculpation-damougou-belinga-que-cache-reellement-la-justice-camerounaise#breadcrumb","itemListElement":[{"@type":"ListItem","position":1,"name":"Accueil","item":"https:\/\/www.africa-press.net\/cameroun\/"},{"@type":"ListItem","position":2,"name":"Inculpation d\u2019Amougou Belinga : que cache r\u00e9ellement la justice camerounaise ?"}]},{"@type":"WebSite","@id":"https:\/\/www.africa-press.net\/cameroun\/#website","url":"https:\/\/www.africa-press.net\/cameroun\/","name":"Cameroun","description":"Just another Africa News Agency Sites site","potentialAction":[{"@type":"SearchAction","target":{"@type":"EntryPoint","urlTemplate":"https:\/\/www.africa-press.net\/cameroun\/?s={search_term_string}"},"query-input":{"@type":"PropertyValueSpecification","valueRequired":true,"valueName":"search_term_string"}}],"inLanguage":"fr-FR"},{"@type":"Person","@id":"https:\/\/www.africa-press.net\/cameroun\/#\/schema\/person\/2b1cf3cd81a31e3cd26889ca66d677f1","name":"cfeditorfr"}]}},"_links":{"self":[{"href":"https:\/\/www.africa-press.net\/cameroun\/wp-json\/wp\/v2\/posts\/38363","targetHints":{"allow":["GET"]}}],"collection":[{"href":"https:\/\/www.africa-press.net\/cameroun\/wp-json\/wp\/v2\/posts"}],"about":[{"href":"https:\/\/www.africa-press.net\/cameroun\/wp-json\/wp\/v2\/types\/post"}],"author":[{"embeddable":true,"href":"https:\/\/www.africa-press.net\/cameroun\/wp-json\/wp\/v2\/users\/82"}],"replies":[{"embeddable":true,"href":"https:\/\/www.africa-press.net\/cameroun\/wp-json\/wp\/v2\/comments?post=38363"}],"version-history":[{"count":0,"href":"https:\/\/www.africa-press.net\/cameroun\/wp-json\/wp\/v2\/posts\/38363\/revisions"}],"wp:featuredmedia":[{"embeddable":true,"href":"https:\/\/www.africa-press.net\/cameroun\/wp-json\/wp\/v2\/media\/38362"}],"wp:attachment":[{"href":"https:\/\/www.africa-press.net\/cameroun\/wp-json\/wp\/v2\/media?parent=38363"}],"wp:term":[{"taxonomy":"category","embeddable":true,"href":"https:\/\/www.africa-press.net\/cameroun\/wp-json\/wp\/v2\/categories?post=38363"},{"taxonomy":"post_tag","embeddable":true,"href":"https:\/\/www.africa-press.net\/cameroun\/wp-json\/wp\/v2\/tags?post=38363"}],"curies":[{"name":"wp","href":"https:\/\/api.w.org\/{rel}","templated":true}]}}