{"id":38366,"date":"2023-03-04T18:26:46","date_gmt":"2023-03-04T18:26:46","guid":{"rendered":"https:\/\/www.africa-press.net\/cameroun\/politique\/complicite-de-torture-par-aide-un-juge-civil-va-reprendre-laffaire-amougou-belinga-peut-jubiler"},"modified":"2023-03-04T19:27:58","modified_gmt":"2023-03-04T19:27:58","slug":"complicite-de-torture-par-aide-un-juge-civil-va-reprendre-laffaire-amougou-belinga-peut-jubiler","status":"publish","type":"post","link":"https:\/\/www.africa-press.net\/cameroun\/politique\/complicite-de-torture-par-aide-un-juge-civil-va-reprendre-laffaire-amougou-belinga-peut-jubiler","title":{"rendered":"&lsquo;Complicit\u00e9 de torture par aide&rsquo;: un juge civil va reprendre l&rsquo;affaire, Amougou Belinga peut jubiler"},"content":{"rendered":"<p><span style=\"color: #ff6600\"><strong>Africa-Press &#8211; Cameroun. <\/strong><\/span>Jean Pierre Amougou Belinga a e\u0301te\u0301 de\u0301pose\u0301 ce samedi a\u0300 Kondengui. Mais selon certains analystes, il ne durera pas longtemps a\u0300 la prison, vu qu&rsquo;il n&rsquo;a pas e\u0301te\u0301 reconnu coupable pour l&rsquo;assassinat de Martinez Zogo.<\/p>\n<p>D&rsquo;ailleurs, le Tribunal Militaire a de\u0301pose\u0301 \u00ab\u00a0provisoirement\u00a0\u00bb Amougou Belinga en prison, pour \u00ab\u00a0Complicite\u0301 de torture par aide\u00a0\u00bb. Ce qui ouvre la voie a\u0300 la re\u0301cupe\u0301ration de l&rsquo;affaire par un juge civil. Une occasion que ne ratera certainement pas les avocats du PDG du groupe l&rsquo;Anecdote.<\/p>\n<p>\u00ab\u00a0Les seuls e\u0301le\u0301ments que les enque\u0302teurs ont, sont des alle\u0301gations change\u0301es au gre\u0301 des jours d&rsquo;un Haut Grade\u0301 de L&rsquo;Arme\u0301e. Au final, le motif assassinat n&rsquo;a pas e\u0301te\u0301 reconnu mais, la complicite\u0301 de tortures : Quelles sont les preuves de cette complicite\u0301 ? Les paroles d&rsquo;un colonel qui a de\u0301ja\u0300 eu X versions ? Irrecevables !!<\/p>\n<p>Le juge civil peut s&rsquo;auto-saisir de cette affaire car les tueurs sont toujours dehors (selon le juge militaire) et, les avocats de Amougou Belinga peuvent de\u0301poser un autre recours devant le juge civil pour de\u0301noncer l&rsquo;incarce\u0301ration de plusieurs semaines de leur client sur des alle\u0301gations aussi farfelues alors qu&rsquo;il a un domicile fixe, le sie\u0300ge de ses affaires au Cameroun\u00a0\u00bb, e\u0301crit Abel Kam a\u0300 ce sujet.<\/p>\n<p>Mais quelles que soient les actions que vont mener les avocats de Jean Pierre Amougou Belinga, il est tout de me\u0302me impossible qu&rsquo;il sort au cours des 6 prochains mois.<\/p>\n<p>Comment Martinez a e\u0301te\u0301 torture\u0301 de manie\u0300re sauvage<\/p>\n<p>Dans un rapport sur les re\u0301sultats de l&rsquo;enque\u0302te ouverte pour e\u0301lucider les circonstances de la mort de Martinez, Reporters Sans Frontie\u0300res (RSF) a livre\u0301 la version des faits du colonel Danwe Justin,<\/p>\n<p>\u00ab\u00a0Selon Justin Danwe, Jean-Pierre Amougou Belinga aurait asse\u0301ne\u0301 des coups au journaliste dans le sous-sol de son immeuble. L\u2019homme d\u2019affaires aurait alors appele\u0301 Laurent Esso, le garde des Sceaux dont il est proche, afin de lui demander quel sort re\u0301server au pre\u0301sentateur radio. D\u2019apre\u0300s ce te\u0301moignage, le ministre, un des hommes les plus puissants du re\u0301gime, lui aurait alors re\u0301pondu de \u201cfinir le travail\u201d pour e\u0301viter une nouvelle affaire Paul Chouta, un journaliste laisse\u0301 pour mort au bord d\u2019une route l\u2019anne\u0301e dernie\u0300re, apre\u0300s avoir e\u0301te\u0301 passe\u0301 a\u0300 tabac par un myste\u0301rieux commando, qui n\u2019a jamais e\u0301te\u0301 identifie\u0301\u00a0\u00bb, lit-on dans le rapport.<\/p>\n<p>\u00ab\u00a0L\u2019homme d\u2019affaires n\u2019aurait pas assiste\u0301 a\u0300 la \u201cfin du travail\u201d que Justin Danwe reconnai\u0302t avoir effectue\u0301 avec ses hommes. Selon des informations obtenues d\u2019une source me\u0301dicale par RSF, le corps du journaliste a e\u0301te\u0301 se\u0301ve\u0300rement mutile\u0301 : doigts coupe\u0301s, multiples fractures au niveau des bras et des jambes, barre de fer enfonce\u0301e dans l\u2019anus&#8230;\u00a0\u00bb, ajoure RSF.<\/p>\n<p><strong>Pour plus d&rsquo;informations et d&rsquo;analyses sur la <a href=\"https:\/\/www.africa-press.net\/cameroun\">Cameroun<\/a>, suivez <a href=\"https:\/\/www.africa-press.net\/\">Africa-Press<\/a><\/strong><\/p>\n","protected":false},"excerpt":{"rendered":"<p>Africa-Press &#8211; Cameroun. Jean Pierre Amougou Belinga a e\u0301te\u0301 de\u0301pose\u0301 ce samedi a\u0300 Kondengui. Mais selon certains analystes, il ne durera pas longtemps a\u0300 la prison, vu qu&rsquo;il n&rsquo;a pas e\u0301te\u0301 reconnu coupable pour l&rsquo;assassinat de Martinez Zogo. D&rsquo;ailleurs, le Tribunal Militaire a de\u0301pose\u0301 \u00ab\u00a0provisoirement\u00a0\u00bb Amougou Belinga en prison, pour \u00ab\u00a0Complicite\u0301 de torture par aide\u00a0\u00bb. [&hellip;]<\/p>\n","protected":false},"author":82,"featured_media":38365,"comment_status":"open","ping_status":"closed","sticky":false,"template":"","format":"standard","meta":{"footnotes":""},"categories":[2,10],"tags":[36,50,49],"class_list":["post-38366","post","type-post","status-publish","format-standard","has-post-thumbnail","hentry","category-politique","category-toutes-les-actualites","tag-africa-press","tag-africa-press-cameroun","tag-cameroun"],"yoast_head":"<!-- This site is optimized with the Yoast SEO Premium plugin v26.1 (Yoast SEO v27.0) - https:\/\/yoast.com\/product\/yoast-seo-premium-wordpress\/ -->\n<title>&#039;Complicit\u00e9 de torture par aide&#039;: un juge civil va reprendre l&#039;affaire, Amougou Belinga peut jubiler - Cameroun<\/title>\n<meta name=\"description\" content=\"Jean Pierre Amougou Belinga a e\u0301te\u0301 de\u0301pose\u0301 ce samedi a\u0300 Kondengui. Mais selon certains analystes, il ne durera pas lon ...\" \/>\n<meta name=\"robots\" content=\"index, follow, max-snippet:-1, max-image-preview:large, max-video-preview:-1\" \/>\n<link rel=\"canonical\" href=\"https:\/\/www.africa-press.net\/cameroun\/politique\/complicite-de-torture-par-aide-un-juge-civil-va-reprendre-laffaire-amougou-belinga-peut-jubiler\" \/>\n<meta property=\"og:locale\" content=\"fr_FR\" \/>\n<meta property=\"og:type\" content=\"article\" \/>\n<meta property=\"og:title\" content=\"&#039;Complicit\u00e9 de torture par aide&#039;: un juge civil va reprendre l&#039;affaire, Amougou Belinga peut jubiler\" \/>\n<meta property=\"og:description\" content=\"Jean Pierre Amougou Belinga a e\u0301te\u0301 de\u0301pose\u0301 ce samedi a\u0300 Kondengui. Mais selon certains analystes, il ne durera pas lon ...\" \/>\n<meta property=\"og:url\" content=\"https:\/\/www.africa-press.net\/cameroun\/politique\/complicite-de-torture-par-aide-un-juge-civil-va-reprendre-laffaire-amougou-belinga-peut-jubiler\" \/>\n<meta property=\"og:site_name\" content=\"Cameroun\" \/>\n<meta property=\"article:published_time\" content=\"2023-03-04T18:26:46+00:00\" \/>\n<meta property=\"article:modified_time\" content=\"2023-03-04T19:27:58+00:00\" \/>\n<meta property=\"og:image\" content=\"https:\/\/static.africa-press.net\/cameroun\/sites\/57\/2023\/03\/postQueueImg_1677941809.78.jpg\" \/>\n\t<meta property=\"og:image:width\" content=\"720\" \/>\n\t<meta property=\"og:image:height\" content=\"379\" \/>\n\t<meta property=\"og:image:type\" content=\"image\/jpeg\" \/>\n<meta name=\"author\" content=\"cfeditorfr\" \/>\n<meta name=\"twitter:card\" content=\"summary_large_image\" \/>\n<meta name=\"twitter:label1\" content=\"\u00c9crit par\" \/>\n\t<meta name=\"twitter:data1\" content=\"cfeditorfr\" \/>\n\t<meta name=\"twitter:label2\" content=\"Dur\u00e9e de lecture estim\u00e9e\" \/>\n\t<meta name=\"twitter:data2\" content=\"3 minutes\" \/>\n<script type=\"application\/ld+json\" class=\"yoast-schema-graph\">{\"@context\":\"https:\/\/schema.org\",\"@graph\":[{\"@type\":\"Article\",\"@id\":\"https:\/\/www.africa-press.net\/cameroun\/politique\/complicite-de-torture-par-aide-un-juge-civil-va-reprendre-laffaire-amougou-belinga-peut-jubiler#article\",\"isPartOf\":{\"@id\":\"https:\/\/www.africa-press.net\/cameroun\/politique\/complicite-de-torture-par-aide-un-juge-civil-va-reprendre-laffaire-amougou-belinga-peut-jubiler\"},\"author\":{\"name\":\"cfeditorfr\",\"@id\":\"https:\/\/www.africa-press.net\/cameroun\/#\/schema\/person\/2b1cf3cd81a31e3cd26889ca66d677f1\"},\"headline\":\"&lsquo;Complicit\u00e9 de torture par aide&rsquo;: un juge civil va reprendre l&rsquo;affaire, Amougou Belinga peut jubiler\",\"datePublished\":\"2023-03-04T18:26:46+00:00\",\"dateModified\":\"2023-03-04T19:27:58+00:00\",\"mainEntityOfPage\":{\"@id\":\"https:\/\/www.africa-press.net\/cameroun\/politique\/complicite-de-torture-par-aide-un-juge-civil-va-reprendre-laffaire-amougou-belinga-peut-jubiler\"},\"wordCount\":528,\"commentCount\":0,\"image\":{\"@id\":\"https:\/\/www.africa-press.net\/cameroun\/politique\/complicite-de-torture-par-aide-un-juge-civil-va-reprendre-laffaire-amougou-belinga-peut-jubiler#primaryimage\"},\"thumbnailUrl\":\"https:\/\/static.africa-press.net\/cameroun\/sites\/57\/2023\/03\/postQueueImg_1677941809.78.jpg\",\"keywords\":[\"Africa Press\",\"Africa Press-Cameroun\",\"Cameroun\"],\"articleSection\":[\"Politique\",\"Toutes les actualit\u00e9s\"],\"inLanguage\":\"fr-FR\",\"potentialAction\":[{\"@type\":\"CommentAction\",\"name\":\"Comment\",\"target\":[\"https:\/\/www.africa-press.net\/cameroun\/politique\/complicite-de-torture-par-aide-un-juge-civil-va-reprendre-laffaire-amougou-belinga-peut-jubiler#respond\"]}]},{\"@type\":\"WebPage\",\"@id\":\"https:\/\/www.africa-press.net\/cameroun\/politique\/complicite-de-torture-par-aide-un-juge-civil-va-reprendre-laffaire-amougou-belinga-peut-jubiler\",\"url\":\"https:\/\/www.africa-press.net\/cameroun\/politique\/complicite-de-torture-par-aide-un-juge-civil-va-reprendre-laffaire-amougou-belinga-peut-jubiler\",\"name\":\"'Complicit\u00e9 de torture par aide': un juge civil va reprendre l'affaire, Amougou Belinga peut jubiler - Cameroun\",\"isPartOf\":{\"@id\":\"https:\/\/www.africa-press.net\/cameroun\/#website\"},\"primaryImageOfPage\":{\"@id\":\"https:\/\/www.africa-press.net\/cameroun\/politique\/complicite-de-torture-par-aide-un-juge-civil-va-reprendre-laffaire-amougou-belinga-peut-jubiler#primaryimage\"},\"image\":{\"@id\":\"https:\/\/www.africa-press.net\/cameroun\/politique\/complicite-de-torture-par-aide-un-juge-civil-va-reprendre-laffaire-amougou-belinga-peut-jubiler#primaryimage\"},\"thumbnailUrl\":\"https:\/\/static.africa-press.net\/cameroun\/sites\/57\/2023\/03\/postQueueImg_1677941809.78.jpg\",\"datePublished\":\"2023-03-04T18:26:46+00:00\",\"dateModified\":\"2023-03-04T19:27:58+00:00\",\"author\":{\"@id\":\"https:\/\/www.africa-press.net\/cameroun\/#\/schema\/person\/2b1cf3cd81a31e3cd26889ca66d677f1\"},\"description\":\"Jean Pierre Amougou Belinga a e\u0301te\u0301 de\u0301pose\u0301 ce samedi a\u0300 Kondengui. Mais selon certains analystes, il ne durera pas lon ...\",\"breadcrumb\":{\"@id\":\"https:\/\/www.africa-press.net\/cameroun\/politique\/complicite-de-torture-par-aide-un-juge-civil-va-reprendre-laffaire-amougou-belinga-peut-jubiler#breadcrumb\"},\"inLanguage\":\"fr-FR\",\"potentialAction\":[{\"@type\":\"ReadAction\",\"target\":[\"https:\/\/www.africa-press.net\/cameroun\/politique\/complicite-de-torture-par-aide-un-juge-civil-va-reprendre-laffaire-amougou-belinga-peut-jubiler\"]}]},{\"@type\":\"ImageObject\",\"inLanguage\":\"fr-FR\",\"@id\":\"https:\/\/www.africa-press.net\/cameroun\/politique\/complicite-de-torture-par-aide-un-juge-civil-va-reprendre-laffaire-amougou-belinga-peut-jubiler#primaryimage\",\"url\":\"https:\/\/static.africa-press.net\/cameroun\/sites\/57\/2023\/03\/postQueueImg_1677941809.78.jpg\",\"contentUrl\":\"https:\/\/static.africa-press.net\/cameroun\/sites\/57\/2023\/03\/postQueueImg_1677941809.78.jpg\",\"width\":720,\"height\":379,\"caption\":\"'Complicit\u00e9 de torture par aide': un juge civil va reprendre l'affaire, Amougou Belinga peut jubiler\"},{\"@type\":\"BreadcrumbList\",\"@id\":\"https:\/\/www.africa-press.net\/cameroun\/politique\/complicite-de-torture-par-aide-un-juge-civil-va-reprendre-laffaire-amougou-belinga-peut-jubiler#breadcrumb\",\"itemListElement\":[{\"@type\":\"ListItem\",\"position\":1,\"name\":\"Accueil\",\"item\":\"https:\/\/www.africa-press.net\/cameroun\/\"},{\"@type\":\"ListItem\",\"position\":2,\"name\":\"&lsquo;Complicit\u00e9 de torture par aide&rsquo;: un juge civil va reprendre l&rsquo;affaire, Amougou Belinga peut jubiler\"}]},{\"@type\":\"WebSite\",\"@id\":\"https:\/\/www.africa-press.net\/cameroun\/#website\",\"url\":\"https:\/\/www.africa-press.net\/cameroun\/\",\"name\":\"Cameroun\",\"description\":\"Just another Africa News Agency Sites site\",\"potentialAction\":[{\"@type\":\"SearchAction\",\"target\":{\"@type\":\"EntryPoint\",\"urlTemplate\":\"https:\/\/www.africa-press.net\/cameroun\/?s={search_term_string}\"},\"query-input\":{\"@type\":\"PropertyValueSpecification\",\"valueRequired\":true,\"valueName\":\"search_term_string\"}}],\"inLanguage\":\"fr-FR\"},{\"@type\":\"Person\",\"@id\":\"https:\/\/www.africa-press.net\/cameroun\/#\/schema\/person\/2b1cf3cd81a31e3cd26889ca66d677f1\",\"name\":\"cfeditorfr\"}]}<\/script>\n<!-- \/ Yoast SEO Premium plugin. -->","yoast_head_json":{"title":"'Complicit\u00e9 de torture par aide': un juge civil va reprendre l'affaire, Amougou Belinga peut jubiler - Cameroun","description":"Jean Pierre Amougou Belinga a e\u0301te\u0301 de\u0301pose\u0301 ce samedi a\u0300 Kondengui. Mais selon certains analystes, il ne durera pas lon ...","robots":{"index":"index","follow":"follow","max-snippet":"max-snippet:-1","max-image-preview":"max-image-preview:large","max-video-preview":"max-video-preview:-1"},"canonical":"https:\/\/www.africa-press.net\/cameroun\/politique\/complicite-de-torture-par-aide-un-juge-civil-va-reprendre-laffaire-amougou-belinga-peut-jubiler","og_locale":"fr_FR","og_type":"article","og_title":"'Complicit\u00e9 de torture par aide': un juge civil va reprendre l'affaire, Amougou Belinga peut jubiler","og_description":"Jean Pierre Amougou Belinga a e\u0301te\u0301 de\u0301pose\u0301 ce samedi a\u0300 Kondengui. Mais selon certains analystes, il ne durera pas lon ...","og_url":"https:\/\/www.africa-press.net\/cameroun\/politique\/complicite-de-torture-par-aide-un-juge-civil-va-reprendre-laffaire-amougou-belinga-peut-jubiler","og_site_name":"Cameroun","article_published_time":"2023-03-04T18:26:46+00:00","article_modified_time":"2023-03-04T19:27:58+00:00","og_image":[{"width":720,"height":379,"url":"https:\/\/static.africa-press.net\/cameroun\/sites\/57\/2023\/03\/postQueueImg_1677941809.78.jpg","type":"image\/jpeg"}],"author":"cfeditorfr","twitter_card":"summary_large_image","twitter_misc":{"\u00c9crit par":"cfeditorfr","Dur\u00e9e de lecture estim\u00e9e":"3 minutes"},"schema":{"@context":"https:\/\/schema.org","@graph":[{"@type":"Article","@id":"https:\/\/www.africa-press.net\/cameroun\/politique\/complicite-de-torture-par-aide-un-juge-civil-va-reprendre-laffaire-amougou-belinga-peut-jubiler#article","isPartOf":{"@id":"https:\/\/www.africa-press.net\/cameroun\/politique\/complicite-de-torture-par-aide-un-juge-civil-va-reprendre-laffaire-amougou-belinga-peut-jubiler"},"author":{"name":"cfeditorfr","@id":"https:\/\/www.africa-press.net\/cameroun\/#\/schema\/person\/2b1cf3cd81a31e3cd26889ca66d677f1"},"headline":"&lsquo;Complicit\u00e9 de torture par aide&rsquo;: un juge civil va reprendre l&rsquo;affaire, Amougou Belinga peut jubiler","datePublished":"2023-03-04T18:26:46+00:00","dateModified":"2023-03-04T19:27:58+00:00","mainEntityOfPage":{"@id":"https:\/\/www.africa-press.net\/cameroun\/politique\/complicite-de-torture-par-aide-un-juge-civil-va-reprendre-laffaire-amougou-belinga-peut-jubiler"},"wordCount":528,"commentCount":0,"image":{"@id":"https:\/\/www.africa-press.net\/cameroun\/politique\/complicite-de-torture-par-aide-un-juge-civil-va-reprendre-laffaire-amougou-belinga-peut-jubiler#primaryimage"},"thumbnailUrl":"https:\/\/static.africa-press.net\/cameroun\/sites\/57\/2023\/03\/postQueueImg_1677941809.78.jpg","keywords":["Africa Press","Africa Press-Cameroun","Cameroun"],"articleSection":["Politique","Toutes les actualit\u00e9s"],"inLanguage":"fr-FR","potentialAction":[{"@type":"CommentAction","name":"Comment","target":["https:\/\/www.africa-press.net\/cameroun\/politique\/complicite-de-torture-par-aide-un-juge-civil-va-reprendre-laffaire-amougou-belinga-peut-jubiler#respond"]}]},{"@type":"WebPage","@id":"https:\/\/www.africa-press.net\/cameroun\/politique\/complicite-de-torture-par-aide-un-juge-civil-va-reprendre-laffaire-amougou-belinga-peut-jubiler","url":"https:\/\/www.africa-press.net\/cameroun\/politique\/complicite-de-torture-par-aide-un-juge-civil-va-reprendre-laffaire-amougou-belinga-peut-jubiler","name":"'Complicit\u00e9 de torture par aide': un juge civil va reprendre l'affaire, Amougou Belinga peut jubiler - Cameroun","isPartOf":{"@id":"https:\/\/www.africa-press.net\/cameroun\/#website"},"primaryImageOfPage":{"@id":"https:\/\/www.africa-press.net\/cameroun\/politique\/complicite-de-torture-par-aide-un-juge-civil-va-reprendre-laffaire-amougou-belinga-peut-jubiler#primaryimage"},"image":{"@id":"https:\/\/www.africa-press.net\/cameroun\/politique\/complicite-de-torture-par-aide-un-juge-civil-va-reprendre-laffaire-amougou-belinga-peut-jubiler#primaryimage"},"thumbnailUrl":"https:\/\/static.africa-press.net\/cameroun\/sites\/57\/2023\/03\/postQueueImg_1677941809.78.jpg","datePublished":"2023-03-04T18:26:46+00:00","dateModified":"2023-03-04T19:27:58+00:00","author":{"@id":"https:\/\/www.africa-press.net\/cameroun\/#\/schema\/person\/2b1cf3cd81a31e3cd26889ca66d677f1"},"description":"Jean Pierre Amougou Belinga a e\u0301te\u0301 de\u0301pose\u0301 ce samedi a\u0300 Kondengui. Mais selon certains analystes, il ne durera pas lon ...","breadcrumb":{"@id":"https:\/\/www.africa-press.net\/cameroun\/politique\/complicite-de-torture-par-aide-un-juge-civil-va-reprendre-laffaire-amougou-belinga-peut-jubiler#breadcrumb"},"inLanguage":"fr-FR","potentialAction":[{"@type":"ReadAction","target":["https:\/\/www.africa-press.net\/cameroun\/politique\/complicite-de-torture-par-aide-un-juge-civil-va-reprendre-laffaire-amougou-belinga-peut-jubiler"]}]},{"@type":"ImageObject","inLanguage":"fr-FR","@id":"https:\/\/www.africa-press.net\/cameroun\/politique\/complicite-de-torture-par-aide-un-juge-civil-va-reprendre-laffaire-amougou-belinga-peut-jubiler#primaryimage","url":"https:\/\/static.africa-press.net\/cameroun\/sites\/57\/2023\/03\/postQueueImg_1677941809.78.jpg","contentUrl":"https:\/\/static.africa-press.net\/cameroun\/sites\/57\/2023\/03\/postQueueImg_1677941809.78.jpg","width":720,"height":379,"caption":"'Complicit\u00e9 de torture par aide': un juge civil va reprendre l'affaire, Amougou Belinga peut jubiler"},{"@type":"BreadcrumbList","@id":"https:\/\/www.africa-press.net\/cameroun\/politique\/complicite-de-torture-par-aide-un-juge-civil-va-reprendre-laffaire-amougou-belinga-peut-jubiler#breadcrumb","itemListElement":[{"@type":"ListItem","position":1,"name":"Accueil","item":"https:\/\/www.africa-press.net\/cameroun\/"},{"@type":"ListItem","position":2,"name":"&lsquo;Complicit\u00e9 de torture par aide&rsquo;: un juge civil va reprendre l&rsquo;affaire, Amougou Belinga peut jubiler"}]},{"@type":"WebSite","@id":"https:\/\/www.africa-press.net\/cameroun\/#website","url":"https:\/\/www.africa-press.net\/cameroun\/","name":"Cameroun","description":"Just another Africa News Agency Sites site","potentialAction":[{"@type":"SearchAction","target":{"@type":"EntryPoint","urlTemplate":"https:\/\/www.africa-press.net\/cameroun\/?s={search_term_string}"},"query-input":{"@type":"PropertyValueSpecification","valueRequired":true,"valueName":"search_term_string"}}],"inLanguage":"fr-FR"},{"@type":"Person","@id":"https:\/\/www.africa-press.net\/cameroun\/#\/schema\/person\/2b1cf3cd81a31e3cd26889ca66d677f1","name":"cfeditorfr"}]}},"_links":{"self":[{"href":"https:\/\/www.africa-press.net\/cameroun\/wp-json\/wp\/v2\/posts\/38366","targetHints":{"allow":["GET"]}}],"collection":[{"href":"https:\/\/www.africa-press.net\/cameroun\/wp-json\/wp\/v2\/posts"}],"about":[{"href":"https:\/\/www.africa-press.net\/cameroun\/wp-json\/wp\/v2\/types\/post"}],"author":[{"embeddable":true,"href":"https:\/\/www.africa-press.net\/cameroun\/wp-json\/wp\/v2\/users\/82"}],"replies":[{"embeddable":true,"href":"https:\/\/www.africa-press.net\/cameroun\/wp-json\/wp\/v2\/comments?post=38366"}],"version-history":[{"count":0,"href":"https:\/\/www.africa-press.net\/cameroun\/wp-json\/wp\/v2\/posts\/38366\/revisions"}],"wp:featuredmedia":[{"embeddable":true,"href":"https:\/\/www.africa-press.net\/cameroun\/wp-json\/wp\/v2\/media\/38365"}],"wp:attachment":[{"href":"https:\/\/www.africa-press.net\/cameroun\/wp-json\/wp\/v2\/media?parent=38366"}],"wp:term":[{"taxonomy":"category","embeddable":true,"href":"https:\/\/www.africa-press.net\/cameroun\/wp-json\/wp\/v2\/categories?post=38366"},{"taxonomy":"post_tag","embeddable":true,"href":"https:\/\/www.africa-press.net\/cameroun\/wp-json\/wp\/v2\/tags?post=38366"}],"curies":[{"name":"wp","href":"https:\/\/api.w.org\/{rel}","templated":true}]}}