{"id":38369,"date":"2023-03-04T18:26:55","date_gmt":"2023-03-04T18:26:55","guid":{"rendered":"https:\/\/www.africa-press.net\/cameroun\/politique\/crimes-de-la-france-au-cameroun-voici-la-liste-exclusive-des-chercheurs-de-la-commission-memoire"},"modified":"2023-03-04T19:28:24","modified_gmt":"2023-03-04T19:28:24","slug":"crimes-de-la-france-au-cameroun-voici-la-liste-exclusive-des-chercheurs-de-la-commission-memoire","status":"publish","type":"post","link":"https:\/\/www.africa-press.net\/cameroun\/politique\/crimes-de-la-france-au-cameroun-voici-la-liste-exclusive-des-chercheurs-de-la-commission-memoire","title":{"rendered":"&lsquo;Crimes&rsquo; de la France au Cameroun : voici la liste exclusive des chercheurs de la commission m\u00e9moire"},"content":{"rendered":"<p><span style=\"color: #ff6600\"><strong>Africa-Press &#8211; Cameroun. <\/strong><\/span>Le 3 mars 2023, la liste des 15 chercheurs qui vont participer au volet recherche de de la commission sur le ro\u0302le de la France au Cameroun avant et apre\u0300s l\u2019inde\u0301pendance (1945 a\u0300 1971) a e\u0301te\u0301 de\u0301voile\u0301e par Radio France Internationale (RFI).<\/p>\n<p>Ce volet scientifique et historique sera dirige\u0301 par Karine Ramondy accompagne\u0301e d\u2019historiens Camerounais et franc\u0327ais. Sur les 15 se\u0301lectionne\u0301s, sept (07) sont des chercheurs camerounais.<\/p>\n<p>Les travaux vont commencer dans semaines a\u0300 venir. Et au tour de Karine Ramondy de confier que qu\u2019ils seront rendus publics a\u0300 la fin de l\u2019anne\u0301e 2024.<\/p>\n<p>En plus du volet recherche, il y a e\u0301galement le volet me\u0301moire. En clair, tous les acteurs faisant partie de ces diffe\u0301rents volets sillonneront toutes les re\u0301gions du Cameroun afin de pre\u0301lever les te\u0301moignages vivants directs et indirects.<\/p>\n<p>Liste des membres pour le \u00ab volet recherche \u00bb de la Commission sous la direction de Karine Ramondy, historienne (UMR SIRICE), universite\u0301 Paris 1 Panthe\u0301on Sorbonne.<\/p>\n<p>\u2022 Assembe Ndi Alvine, historienne (Universite\u0301 de Douala)<\/p>\n<p>\u2022 Arzel Lancelot, historien (Centre d\u2019Histoire de Sciences Po Paris)<\/p>\n<p>\u2022 Bellot Gurlet Marine, historienne (Ecole Normale Supe\u0301rieure-Lyon)<\/p>\n<p>\u2022 Blum Franc\u0327oise, historienne (Centre d\u2019Histoire Sociale)<\/p>\n<p>\u2022 Dze Ngwa Willibroad, historien (Universite\u0301 de Yaounde\u0301 2)<\/p>\n<p>\u2022 Guyon Anthony, historien (CRISES)<\/p>\n<p>\u2022 Hiribarren Vincent, historien (King\u2019s College\/Les Afriques dans le Monde)<\/p>\n<p>\u2022 Kenfack Nanfack Cyril, historien (Universite\u0301 de Dschang)<\/p>\n<p>\u2022 Koufan Menkene Jean, historien (Universite\u0301 de Yaounde\u0301 1)<\/p>\n<p>\u2022 Mbowou Claude, politologue (Centre Europe\u0301en de Sociologie et de Sciences Politiques)<\/p>\n<p>\u2022 Ngo Nlend Nadeige Laure, historienne (Universite\u0301 de Douala)<\/p>\n<p>\u2022 Ngoune\u0301 junior Patrick, historien (Universite\u0301 de Dschang)<\/p>\n<p>\u2022 Noumbissie Tchouake\u0301, historien (Universite\u0301 de Dschang)<\/p>\n<p>\u2022 Sacriste Fabien, historien (MIGRINTER)<\/p>\n<p><strong>Pour plus d&rsquo;informations et d&rsquo;analyses sur la <a href=\"https:\/\/www.africa-press.net\/cameroun\">Cameroun<\/a>, suivez <a href=\"https:\/\/www.africa-press.net\/\">Africa-Press<\/a><\/strong><\/p>\n","protected":false},"excerpt":{"rendered":"<p>Africa-Press &#8211; Cameroun. Le 3 mars 2023, la liste des 15 chercheurs qui vont participer au volet recherche de de la commission sur le ro\u0302le de la France au Cameroun avant et apre\u0300s l\u2019inde\u0301pendance (1945 a\u0300 1971) a e\u0301te\u0301 de\u0301voile\u0301e par Radio France Internationale (RFI). Ce volet scientifique et historique sera dirige\u0301 par Karine Ramondy [&hellip;]<\/p>\n","protected":false},"author":82,"featured_media":38367,"comment_status":"open","ping_status":"closed","sticky":false,"template":"","format":"standard","meta":{"footnotes":""},"categories":[7,2,20,10],"tags":[36,50,49],"class_list":["post-38369","post","type-post","status-publish","format-standard","has-post-thumbnail","hentry","category-dossiers","category-politique","category-top-nouvelles","category-toutes-les-actualites","tag-africa-press","tag-africa-press-cameroun","tag-cameroun"],"yoast_head":"<!-- This site is optimized with the Yoast SEO Premium plugin v26.1 (Yoast SEO v27.0) - https:\/\/yoast.com\/product\/yoast-seo-premium-wordpress\/ -->\n<title>&#039;Crimes&#039; de la France au Cameroun : voici la liste exclusive des chercheurs de la commission m\u00e9moire - Cameroun<\/title>\n<meta name=\"description\" content=\"Le 3 mars 2023, la liste des 15 chercheurs qui vont participer au volet recherche de de la commission sur le ro\u0302le de la ...\" \/>\n<meta name=\"robots\" content=\"index, follow, max-snippet:-1, max-image-preview:large, max-video-preview:-1\" \/>\n<link rel=\"canonical\" href=\"https:\/\/www.africa-press.net\/cameroun\/politique\/crimes-de-la-france-au-cameroun-voici-la-liste-exclusive-des-chercheurs-de-la-commission-memoire\" \/>\n<meta property=\"og:locale\" content=\"fr_FR\" \/>\n<meta property=\"og:type\" content=\"article\" \/>\n<meta property=\"og:title\" content=\"&#039;Crimes&#039; de la France au Cameroun : voici la liste exclusive des chercheurs de la commission m\u00e9moire\" \/>\n<meta property=\"og:description\" content=\"Le 3 mars 2023, la liste des 15 chercheurs qui vont participer au volet recherche de de la commission sur le ro\u0302le de la ...\" \/>\n<meta property=\"og:url\" content=\"https:\/\/www.africa-press.net\/cameroun\/politique\/crimes-de-la-france-au-cameroun-voici-la-liste-exclusive-des-chercheurs-de-la-commission-memoire\" \/>\n<meta property=\"og:site_name\" content=\"Cameroun\" \/>\n<meta property=\"article:published_time\" content=\"2023-03-04T18:26:55+00:00\" \/>\n<meta property=\"article:modified_time\" content=\"2023-03-04T19:28:24+00:00\" \/>\n<meta property=\"og:image\" content=\"https:\/\/static.africa-press.net\/cameroun\/sites\/57\/2023\/03\/postQueueImg_1677941848.00.jpg\" \/>\n\t<meta property=\"og:image:width\" content=\"720\" \/>\n\t<meta property=\"og:image:height\" content=\"480\" \/>\n\t<meta property=\"og:image:type\" content=\"image\/jpeg\" \/>\n<meta name=\"author\" content=\"cfeditorfr\" \/>\n<meta name=\"twitter:card\" content=\"summary_large_image\" \/>\n<meta name=\"twitter:label1\" content=\"\u00c9crit par\" \/>\n\t<meta name=\"twitter:data1\" content=\"cfeditorfr\" \/>\n\t<meta name=\"twitter:label2\" content=\"Dur\u00e9e de lecture estim\u00e9e\" \/>\n\t<meta name=\"twitter:data2\" content=\"2 minutes\" \/>\n<script type=\"application\/ld+json\" class=\"yoast-schema-graph\">{\"@context\":\"https:\/\/schema.org\",\"@graph\":[{\"@type\":\"Article\",\"@id\":\"https:\/\/www.africa-press.net\/cameroun\/politique\/crimes-de-la-france-au-cameroun-voici-la-liste-exclusive-des-chercheurs-de-la-commission-memoire#article\",\"isPartOf\":{\"@id\":\"https:\/\/www.africa-press.net\/cameroun\/politique\/crimes-de-la-france-au-cameroun-voici-la-liste-exclusive-des-chercheurs-de-la-commission-memoire\"},\"author\":{\"name\":\"cfeditorfr\",\"@id\":\"https:\/\/www.africa-press.net\/cameroun\/#\/schema\/person\/2b1cf3cd81a31e3cd26889ca66d677f1\"},\"headline\":\"&lsquo;Crimes&rsquo; de la France au Cameroun : voici la liste exclusive des chercheurs de la commission m\u00e9moire\",\"datePublished\":\"2023-03-04T18:26:55+00:00\",\"dateModified\":\"2023-03-04T19:28:24+00:00\",\"mainEntityOfPage\":{\"@id\":\"https:\/\/www.africa-press.net\/cameroun\/politique\/crimes-de-la-france-au-cameroun-voici-la-liste-exclusive-des-chercheurs-de-la-commission-memoire\"},\"wordCount\":307,\"commentCount\":0,\"image\":{\"@id\":\"https:\/\/www.africa-press.net\/cameroun\/politique\/crimes-de-la-france-au-cameroun-voici-la-liste-exclusive-des-chercheurs-de-la-commission-memoire#primaryimage\"},\"thumbnailUrl\":\"https:\/\/static.africa-press.net\/cameroun\/sites\/57\/2023\/03\/postQueueImg_1677941848.00.jpg\",\"keywords\":[\"Africa Press\",\"Africa Press-Cameroun\",\"Cameroun\"],\"articleSection\":[\"Dossiers\",\"Politique\",\"Top Nouvelles\",\"Toutes les actualit\u00e9s\"],\"inLanguage\":\"fr-FR\",\"potentialAction\":[{\"@type\":\"CommentAction\",\"name\":\"Comment\",\"target\":[\"https:\/\/www.africa-press.net\/cameroun\/politique\/crimes-de-la-france-au-cameroun-voici-la-liste-exclusive-des-chercheurs-de-la-commission-memoire#respond\"]}]},{\"@type\":\"WebPage\",\"@id\":\"https:\/\/www.africa-press.net\/cameroun\/politique\/crimes-de-la-france-au-cameroun-voici-la-liste-exclusive-des-chercheurs-de-la-commission-memoire\",\"url\":\"https:\/\/www.africa-press.net\/cameroun\/politique\/crimes-de-la-france-au-cameroun-voici-la-liste-exclusive-des-chercheurs-de-la-commission-memoire\",\"name\":\"'Crimes' de la France au Cameroun : voici la liste exclusive des chercheurs de la commission m\u00e9moire - Cameroun\",\"isPartOf\":{\"@id\":\"https:\/\/www.africa-press.net\/cameroun\/#website\"},\"primaryImageOfPage\":{\"@id\":\"https:\/\/www.africa-press.net\/cameroun\/politique\/crimes-de-la-france-au-cameroun-voici-la-liste-exclusive-des-chercheurs-de-la-commission-memoire#primaryimage\"},\"image\":{\"@id\":\"https:\/\/www.africa-press.net\/cameroun\/politique\/crimes-de-la-france-au-cameroun-voici-la-liste-exclusive-des-chercheurs-de-la-commission-memoire#primaryimage\"},\"thumbnailUrl\":\"https:\/\/static.africa-press.net\/cameroun\/sites\/57\/2023\/03\/postQueueImg_1677941848.00.jpg\",\"datePublished\":\"2023-03-04T18:26:55+00:00\",\"dateModified\":\"2023-03-04T19:28:24+00:00\",\"author\":{\"@id\":\"https:\/\/www.africa-press.net\/cameroun\/#\/schema\/person\/2b1cf3cd81a31e3cd26889ca66d677f1\"},\"description\":\"Le 3 mars 2023, la liste des 15 chercheurs qui vont participer au volet recherche de de la commission sur le ro\u0302le de la ...\",\"breadcrumb\":{\"@id\":\"https:\/\/www.africa-press.net\/cameroun\/politique\/crimes-de-la-france-au-cameroun-voici-la-liste-exclusive-des-chercheurs-de-la-commission-memoire#breadcrumb\"},\"inLanguage\":\"fr-FR\",\"potentialAction\":[{\"@type\":\"ReadAction\",\"target\":[\"https:\/\/www.africa-press.net\/cameroun\/politique\/crimes-de-la-france-au-cameroun-voici-la-liste-exclusive-des-chercheurs-de-la-commission-memoire\"]}]},{\"@type\":\"ImageObject\",\"inLanguage\":\"fr-FR\",\"@id\":\"https:\/\/www.africa-press.net\/cameroun\/politique\/crimes-de-la-france-au-cameroun-voici-la-liste-exclusive-des-chercheurs-de-la-commission-memoire#primaryimage\",\"url\":\"https:\/\/static.africa-press.net\/cameroun\/sites\/57\/2023\/03\/postQueueImg_1677941848.00.jpg\",\"contentUrl\":\"https:\/\/static.africa-press.net\/cameroun\/sites\/57\/2023\/03\/postQueueImg_1677941848.00.jpg\",\"width\":720,\"height\":480,\"caption\":\"'Crimes' de la France au Cameroun : voici la liste exclusive des chercheurs de la commission m\u00e9moire\"},{\"@type\":\"BreadcrumbList\",\"@id\":\"https:\/\/www.africa-press.net\/cameroun\/politique\/crimes-de-la-france-au-cameroun-voici-la-liste-exclusive-des-chercheurs-de-la-commission-memoire#breadcrumb\",\"itemListElement\":[{\"@type\":\"ListItem\",\"position\":1,\"name\":\"Accueil\",\"item\":\"https:\/\/www.africa-press.net\/cameroun\/\"},{\"@type\":\"ListItem\",\"position\":2,\"name\":\"&lsquo;Crimes&rsquo; de la France au Cameroun : voici la liste exclusive des chercheurs de la commission m\u00e9moire\"}]},{\"@type\":\"WebSite\",\"@id\":\"https:\/\/www.africa-press.net\/cameroun\/#website\",\"url\":\"https:\/\/www.africa-press.net\/cameroun\/\",\"name\":\"Cameroun\",\"description\":\"Just another Africa News Agency Sites site\",\"potentialAction\":[{\"@type\":\"SearchAction\",\"target\":{\"@type\":\"EntryPoint\",\"urlTemplate\":\"https:\/\/www.africa-press.net\/cameroun\/?s={search_term_string}\"},\"query-input\":{\"@type\":\"PropertyValueSpecification\",\"valueRequired\":true,\"valueName\":\"search_term_string\"}}],\"inLanguage\":\"fr-FR\"},{\"@type\":\"Person\",\"@id\":\"https:\/\/www.africa-press.net\/cameroun\/#\/schema\/person\/2b1cf3cd81a31e3cd26889ca66d677f1\",\"name\":\"cfeditorfr\"}]}<\/script>\n<!-- \/ Yoast SEO Premium plugin. -->","yoast_head_json":{"title":"'Crimes' de la France au Cameroun : voici la liste exclusive des chercheurs de la commission m\u00e9moire - Cameroun","description":"Le 3 mars 2023, la liste des 15 chercheurs qui vont participer au volet recherche de de la commission sur le ro\u0302le de la ...","robots":{"index":"index","follow":"follow","max-snippet":"max-snippet:-1","max-image-preview":"max-image-preview:large","max-video-preview":"max-video-preview:-1"},"canonical":"https:\/\/www.africa-press.net\/cameroun\/politique\/crimes-de-la-france-au-cameroun-voici-la-liste-exclusive-des-chercheurs-de-la-commission-memoire","og_locale":"fr_FR","og_type":"article","og_title":"'Crimes' de la France au Cameroun : voici la liste exclusive des chercheurs de la commission m\u00e9moire","og_description":"Le 3 mars 2023, la liste des 15 chercheurs qui vont participer au volet recherche de de la commission sur le ro\u0302le de la ...","og_url":"https:\/\/www.africa-press.net\/cameroun\/politique\/crimes-de-la-france-au-cameroun-voici-la-liste-exclusive-des-chercheurs-de-la-commission-memoire","og_site_name":"Cameroun","article_published_time":"2023-03-04T18:26:55+00:00","article_modified_time":"2023-03-04T19:28:24+00:00","og_image":[{"width":720,"height":480,"url":"https:\/\/static.africa-press.net\/cameroun\/sites\/57\/2023\/03\/postQueueImg_1677941848.00.jpg","type":"image\/jpeg"}],"author":"cfeditorfr","twitter_card":"summary_large_image","twitter_misc":{"\u00c9crit par":"cfeditorfr","Dur\u00e9e de lecture estim\u00e9e":"2 minutes"},"schema":{"@context":"https:\/\/schema.org","@graph":[{"@type":"Article","@id":"https:\/\/www.africa-press.net\/cameroun\/politique\/crimes-de-la-france-au-cameroun-voici-la-liste-exclusive-des-chercheurs-de-la-commission-memoire#article","isPartOf":{"@id":"https:\/\/www.africa-press.net\/cameroun\/politique\/crimes-de-la-france-au-cameroun-voici-la-liste-exclusive-des-chercheurs-de-la-commission-memoire"},"author":{"name":"cfeditorfr","@id":"https:\/\/www.africa-press.net\/cameroun\/#\/schema\/person\/2b1cf3cd81a31e3cd26889ca66d677f1"},"headline":"&lsquo;Crimes&rsquo; de la France au Cameroun : voici la liste exclusive des chercheurs de la commission m\u00e9moire","datePublished":"2023-03-04T18:26:55+00:00","dateModified":"2023-03-04T19:28:24+00:00","mainEntityOfPage":{"@id":"https:\/\/www.africa-press.net\/cameroun\/politique\/crimes-de-la-france-au-cameroun-voici-la-liste-exclusive-des-chercheurs-de-la-commission-memoire"},"wordCount":307,"commentCount":0,"image":{"@id":"https:\/\/www.africa-press.net\/cameroun\/politique\/crimes-de-la-france-au-cameroun-voici-la-liste-exclusive-des-chercheurs-de-la-commission-memoire#primaryimage"},"thumbnailUrl":"https:\/\/static.africa-press.net\/cameroun\/sites\/57\/2023\/03\/postQueueImg_1677941848.00.jpg","keywords":["Africa Press","Africa Press-Cameroun","Cameroun"],"articleSection":["Dossiers","Politique","Top Nouvelles","Toutes les actualit\u00e9s"],"inLanguage":"fr-FR","potentialAction":[{"@type":"CommentAction","name":"Comment","target":["https:\/\/www.africa-press.net\/cameroun\/politique\/crimes-de-la-france-au-cameroun-voici-la-liste-exclusive-des-chercheurs-de-la-commission-memoire#respond"]}]},{"@type":"WebPage","@id":"https:\/\/www.africa-press.net\/cameroun\/politique\/crimes-de-la-france-au-cameroun-voici-la-liste-exclusive-des-chercheurs-de-la-commission-memoire","url":"https:\/\/www.africa-press.net\/cameroun\/politique\/crimes-de-la-france-au-cameroun-voici-la-liste-exclusive-des-chercheurs-de-la-commission-memoire","name":"'Crimes' de la France au Cameroun : voici la liste exclusive des chercheurs de la commission m\u00e9moire - Cameroun","isPartOf":{"@id":"https:\/\/www.africa-press.net\/cameroun\/#website"},"primaryImageOfPage":{"@id":"https:\/\/www.africa-press.net\/cameroun\/politique\/crimes-de-la-france-au-cameroun-voici-la-liste-exclusive-des-chercheurs-de-la-commission-memoire#primaryimage"},"image":{"@id":"https:\/\/www.africa-press.net\/cameroun\/politique\/crimes-de-la-france-au-cameroun-voici-la-liste-exclusive-des-chercheurs-de-la-commission-memoire#primaryimage"},"thumbnailUrl":"https:\/\/static.africa-press.net\/cameroun\/sites\/57\/2023\/03\/postQueueImg_1677941848.00.jpg","datePublished":"2023-03-04T18:26:55+00:00","dateModified":"2023-03-04T19:28:24+00:00","author":{"@id":"https:\/\/www.africa-press.net\/cameroun\/#\/schema\/person\/2b1cf3cd81a31e3cd26889ca66d677f1"},"description":"Le 3 mars 2023, la liste des 15 chercheurs qui vont participer au volet recherche de de la commission sur le ro\u0302le de la ...","breadcrumb":{"@id":"https:\/\/www.africa-press.net\/cameroun\/politique\/crimes-de-la-france-au-cameroun-voici-la-liste-exclusive-des-chercheurs-de-la-commission-memoire#breadcrumb"},"inLanguage":"fr-FR","potentialAction":[{"@type":"ReadAction","target":["https:\/\/www.africa-press.net\/cameroun\/politique\/crimes-de-la-france-au-cameroun-voici-la-liste-exclusive-des-chercheurs-de-la-commission-memoire"]}]},{"@type":"ImageObject","inLanguage":"fr-FR","@id":"https:\/\/www.africa-press.net\/cameroun\/politique\/crimes-de-la-france-au-cameroun-voici-la-liste-exclusive-des-chercheurs-de-la-commission-memoire#primaryimage","url":"https:\/\/static.africa-press.net\/cameroun\/sites\/57\/2023\/03\/postQueueImg_1677941848.00.jpg","contentUrl":"https:\/\/static.africa-press.net\/cameroun\/sites\/57\/2023\/03\/postQueueImg_1677941848.00.jpg","width":720,"height":480,"caption":"'Crimes' de la France au Cameroun : voici la liste exclusive des chercheurs de la commission m\u00e9moire"},{"@type":"BreadcrumbList","@id":"https:\/\/www.africa-press.net\/cameroun\/politique\/crimes-de-la-france-au-cameroun-voici-la-liste-exclusive-des-chercheurs-de-la-commission-memoire#breadcrumb","itemListElement":[{"@type":"ListItem","position":1,"name":"Accueil","item":"https:\/\/www.africa-press.net\/cameroun\/"},{"@type":"ListItem","position":2,"name":"&lsquo;Crimes&rsquo; de la France au Cameroun : voici la liste exclusive des chercheurs de la commission m\u00e9moire"}]},{"@type":"WebSite","@id":"https:\/\/www.africa-press.net\/cameroun\/#website","url":"https:\/\/www.africa-press.net\/cameroun\/","name":"Cameroun","description":"Just another Africa News Agency Sites site","potentialAction":[{"@type":"SearchAction","target":{"@type":"EntryPoint","urlTemplate":"https:\/\/www.africa-press.net\/cameroun\/?s={search_term_string}"},"query-input":{"@type":"PropertyValueSpecification","valueRequired":true,"valueName":"search_term_string"}}],"inLanguage":"fr-FR"},{"@type":"Person","@id":"https:\/\/www.africa-press.net\/cameroun\/#\/schema\/person\/2b1cf3cd81a31e3cd26889ca66d677f1","name":"cfeditorfr"}]}},"_links":{"self":[{"href":"https:\/\/www.africa-press.net\/cameroun\/wp-json\/wp\/v2\/posts\/38369","targetHints":{"allow":["GET"]}}],"collection":[{"href":"https:\/\/www.africa-press.net\/cameroun\/wp-json\/wp\/v2\/posts"}],"about":[{"href":"https:\/\/www.africa-press.net\/cameroun\/wp-json\/wp\/v2\/types\/post"}],"author":[{"embeddable":true,"href":"https:\/\/www.africa-press.net\/cameroun\/wp-json\/wp\/v2\/users\/82"}],"replies":[{"embeddable":true,"href":"https:\/\/www.africa-press.net\/cameroun\/wp-json\/wp\/v2\/comments?post=38369"}],"version-history":[{"count":0,"href":"https:\/\/www.africa-press.net\/cameroun\/wp-json\/wp\/v2\/posts\/38369\/revisions"}],"wp:featuredmedia":[{"embeddable":true,"href":"https:\/\/www.africa-press.net\/cameroun\/wp-json\/wp\/v2\/media\/38367"}],"wp:attachment":[{"href":"https:\/\/www.africa-press.net\/cameroun\/wp-json\/wp\/v2\/media?parent=38369"}],"wp:term":[{"taxonomy":"category","embeddable":true,"href":"https:\/\/www.africa-press.net\/cameroun\/wp-json\/wp\/v2\/categories?post=38369"},{"taxonomy":"post_tag","embeddable":true,"href":"https:\/\/www.africa-press.net\/cameroun\/wp-json\/wp\/v2\/tags?post=38369"}],"curies":[{"name":"wp","href":"https:\/\/api.w.org\/{rel}","templated":true}]}}