{"id":38372,"date":"2023-03-04T18:27:07","date_gmt":"2023-03-04T18:27:07","guid":{"rendered":"https:\/\/www.africa-press.net\/cameroun\/politique\/affaire-amougou-belinga-la-complicite-de-torture-parait-moins-grave-que-la-complicite-dassassinat"},"modified":"2023-03-04T19:28:41","modified_gmt":"2023-03-04T19:28:41","slug":"affaire-amougou-belinga-la-complicite-de-torture-parait-moins-grave-que-la-complicite-dassassinat","status":"publish","type":"post","link":"https:\/\/www.africa-press.net\/cameroun\/politique\/affaire-amougou-belinga-la-complicite-de-torture-parait-moins-grave-que-la-complicite-dassassinat","title":{"rendered":"Affaire Amougou Belinga : &lsquo;la complicit\u00e9 de torture para\u00eet moins grave que la complicit\u00e9 d&rsquo;assassinat&rsquo;"},"content":{"rendered":"<p><span style=\"color: #ff6600\"><strong>Africa-Press &#8211; Cameroun. <\/strong><\/span>Dans le cadre de l&rsquo;affaire Martinez Zogo, Amougou Belinga vient d&rsquo;e\u0302tre place\u0301 sous mandat de detention provisoire a\u0300 Kondengui pour une dure\u0301e de 6 mois renouvelable 2 fois. Ce qui e\u0301tait tre\u0300s attendu dans cette affaire ce sont les chefs d&rsquo;accusation retenus contre lui. Et a\u0300 ce sujet nous apprenons qu&rsquo;il a\u0300 e\u0301te\u0301 envoye\u0301 a\u0300 Kondengui pour complicite\u0301 de torture et non pour complicite\u0301 d&rsquo;assassinat. Est-ce pareil ?<\/p>\n<p>En attendant l&rsquo;avis e\u0301claire\u0301 des juristes sur cette question, nous pouvons supputer. Le juge aurait pu retenir la complicite\u0301 d&rsquo;assassinat. Mais il a pluto\u0302t retenu complicite\u0301 de torture. Ce qui ne signifie pas la me\u0302me chose apparemment. Car selon note compre\u0301hension la complicite\u0301 de torture parai\u0302t moins grave que la complicite\u0301 d&rsquo;assassinat.<\/p>\n<p>Cependant, si les circonstances de l&rsquo;assassinat de Martinez Zogo sont celles qui sont de\u0301crites sur la toile depuis le de\u0301but de l&rsquo;affaire, j&rsquo;aimerais que quelqu&rsquo;un nous dise s&rsquo;il y a une diffe\u0301rence entre enfoncer une barre de fer dans l&rsquo;orifice d&rsquo;un homme et l&rsquo;assassiner. Quand on enfonce barre de fer dans l&rsquo;orifice d&rsquo;un homme qu&rsquo;on abandonne ensuite dans les te\u0301ne\u0300bres de la nuit au lieu de l&#8217;emmener a\u0300 l&rsquo;ho\u0302pital, c\u0327a veut dire que l&rsquo;intention est de le tuer. Il ne s&rsquo;agit plus d&rsquo;une simple torture mais d&rsquo;un assassinat.<\/p>\n<p>Donc complicite\u0301 d&rsquo;assassinat se comprendrait mieux. Car si on ne voulait pas qu&rsquo;il meurt on ne lui aurait pas mis une barre de faire dans l&rsquo;orifice. On ne serait pas aller le jeter a\u0300 un endroit ou\u0300 personne ne pouvait lui porter secours.. il y avait manifestement la volonte\u0301 de le voir mourir.<\/p>\n<p>Pourquoi ne l&rsquo;ont-ils pas abandonne\u0301 au bord de la route ou\u0300 des a\u0302mes charitables auraient pu le conduire a\u0300 l&rsquo;ho\u0302pital ? Pourquoi ont-ils pre\u0301fe\u0301re\u0301 aller le jeter a\u0300 Ebogo3 ou\u0300 personne ne pouvait le secourir ? Qu&rsquo;est-ce qui prouve d&rsquo;ailleurs qu&rsquo;il n&rsquo;est pas mort pendant la torture ?<\/p>\n<p>Il est bien vrai, certains juristes nous disent que les chefs d&rsquo;accusation \u00a0\u00bb complicite\u0301 de torture \u00a0\u00bb et \u00ab\u00a0complicite\u0301 d&rsquo;assassinat\u00a0\u00bb entrai\u0302nent les me\u0302mes conse\u0301quences sur le plan pe\u0301nal. D&rsquo;accord mais nous voulons connai\u0302tre la ve\u0301rite\u0301, toute la ve\u0301rite\u0301.<\/p>\n<p>Nous voulons comprendre pourquoi toute les personnes cite\u0301es dans cette affaire n&rsquo;ont pas e\u0301te\u0301 entendues. Nous voulons tout savoir car en tant que citoyens de ce pays, nous avons le droit de connai\u0302tre toute la ve\u0301rite\u0301 dans cette affaire. On ne la\u0302chera rien. Nous resterons mobilise\u0301s jusqu&rsquo;au triomphe de la ve\u0301rite\u0301. De toute la ve\u0301rite\u0301 et non d&rsquo;une partie de la ve\u0301rite\u0301.<\/p>\n<p><strong>Pour plus d&rsquo;informations et d&rsquo;analyses sur la <a href=\"https:\/\/www.africa-press.net\/cameroun\">Cameroun<\/a>, suivez <a href=\"https:\/\/www.africa-press.net\/\">Africa-Press<\/a><\/strong><\/p>\n","protected":false},"excerpt":{"rendered":"<p>Africa-Press &#8211; Cameroun. Dans le cadre de l&rsquo;affaire Martinez Zogo, Amougou Belinga vient d&rsquo;e\u0302tre place\u0301 sous mandat de detention provisoire a\u0300 Kondengui pour une dure\u0301e de 6 mois renouvelable 2 fois. Ce qui e\u0301tait tre\u0300s attendu dans cette affaire ce sont les chefs d&rsquo;accusation retenus contre lui. Et a\u0300 ce sujet nous apprenons qu&rsquo;il a\u0300 [&hellip;]<\/p>\n","protected":false},"author":82,"featured_media":38371,"comment_status":"open","ping_status":"closed","sticky":false,"template":"","format":"standard","meta":{"footnotes":""},"categories":[2,10],"tags":[36,50,49],"class_list":["post-38372","post","type-post","status-publish","format-standard","has-post-thumbnail","hentry","category-politique","category-toutes-les-actualites","tag-africa-press","tag-africa-press-cameroun","tag-cameroun"],"yoast_head":"<!-- This site is optimized with the Yoast SEO Premium plugin v26.1 (Yoast SEO v27.0) - https:\/\/yoast.com\/product\/yoast-seo-premium-wordpress\/ -->\n<title>Affaire Amougou Belinga : &#039;la complicit\u00e9 de torture para\u00eet moins grave que la complicit\u00e9 d&#039;assassinat&#039; - Cameroun<\/title>\n<meta name=\"description\" content=\"Dans le cadre de l&#039;affaire Martinez Zogo, Amougou Belinga vient d&#039;e\u0302tre place\u0301 sous mandat de detention provisoire a\u0300 Ko ...\" \/>\n<meta name=\"robots\" content=\"index, follow, max-snippet:-1, max-image-preview:large, max-video-preview:-1\" \/>\n<link rel=\"canonical\" href=\"https:\/\/www.africa-press.net\/cameroun\/politique\/affaire-amougou-belinga-la-complicite-de-torture-parait-moins-grave-que-la-complicite-dassassinat\" \/>\n<meta property=\"og:locale\" content=\"fr_FR\" \/>\n<meta property=\"og:type\" content=\"article\" \/>\n<meta property=\"og:title\" content=\"Affaire Amougou Belinga : &#039;la complicit\u00e9 de torture para\u00eet moins grave que la complicit\u00e9 d&#039;assassinat&#039;\" \/>\n<meta property=\"og:description\" content=\"Dans le cadre de l&#039;affaire Martinez Zogo, Amougou Belinga vient d&#039;e\u0302tre place\u0301 sous mandat de detention provisoire a\u0300 Ko ...\" \/>\n<meta property=\"og:url\" content=\"https:\/\/www.africa-press.net\/cameroun\/politique\/affaire-amougou-belinga-la-complicite-de-torture-parait-moins-grave-que-la-complicite-dassassinat\" \/>\n<meta property=\"og:site_name\" content=\"Cameroun\" \/>\n<meta property=\"article:published_time\" content=\"2023-03-04T18:27:07+00:00\" \/>\n<meta property=\"article:modified_time\" content=\"2023-03-04T19:28:41+00:00\" \/>\n<meta property=\"og:image\" content=\"https:\/\/static.africa-press.net\/cameroun\/sites\/57\/2023\/03\/postQueueImg_1677941829.23.jpg\" \/>\n\t<meta property=\"og:image:width\" content=\"720\" \/>\n\t<meta property=\"og:image:height\" content=\"550\" \/>\n\t<meta property=\"og:image:type\" content=\"image\/jpeg\" \/>\n<meta name=\"author\" content=\"cfeditorfr\" \/>\n<meta name=\"twitter:card\" content=\"summary_large_image\" \/>\n<meta name=\"twitter:label1\" content=\"\u00c9crit par\" \/>\n\t<meta name=\"twitter:data1\" content=\"cfeditorfr\" \/>\n\t<meta name=\"twitter:label2\" content=\"Dur\u00e9e de lecture estim\u00e9e\" \/>\n\t<meta name=\"twitter:data2\" content=\"3 minutes\" \/>\n<script type=\"application\/ld+json\" class=\"yoast-schema-graph\">{\"@context\":\"https:\/\/schema.org\",\"@graph\":[{\"@type\":\"Article\",\"@id\":\"https:\/\/www.africa-press.net\/cameroun\/politique\/affaire-amougou-belinga-la-complicite-de-torture-parait-moins-grave-que-la-complicite-dassassinat#article\",\"isPartOf\":{\"@id\":\"https:\/\/www.africa-press.net\/cameroun\/politique\/affaire-amougou-belinga-la-complicite-de-torture-parait-moins-grave-que-la-complicite-dassassinat\"},\"author\":{\"name\":\"cfeditorfr\",\"@id\":\"https:\/\/www.africa-press.net\/cameroun\/#\/schema\/person\/2b1cf3cd81a31e3cd26889ca66d677f1\"},\"headline\":\"Affaire Amougou Belinga : &lsquo;la complicit\u00e9 de torture para\u00eet moins grave que la complicit\u00e9 d&rsquo;assassinat&rsquo;\",\"datePublished\":\"2023-03-04T18:27:07+00:00\",\"dateModified\":\"2023-03-04T19:28:41+00:00\",\"mainEntityOfPage\":{\"@id\":\"https:\/\/www.africa-press.net\/cameroun\/politique\/affaire-amougou-belinga-la-complicite-de-torture-parait-moins-grave-que-la-complicite-dassassinat\"},\"wordCount\":509,\"commentCount\":0,\"image\":{\"@id\":\"https:\/\/www.africa-press.net\/cameroun\/politique\/affaire-amougou-belinga-la-complicite-de-torture-parait-moins-grave-que-la-complicite-dassassinat#primaryimage\"},\"thumbnailUrl\":\"https:\/\/static.africa-press.net\/cameroun\/sites\/57\/2023\/03\/postQueueImg_1677941829.23.jpg\",\"keywords\":[\"Africa Press\",\"Africa Press-Cameroun\",\"Cameroun\"],\"articleSection\":[\"Politique\",\"Toutes les actualit\u00e9s\"],\"inLanguage\":\"fr-FR\",\"potentialAction\":[{\"@type\":\"CommentAction\",\"name\":\"Comment\",\"target\":[\"https:\/\/www.africa-press.net\/cameroun\/politique\/affaire-amougou-belinga-la-complicite-de-torture-parait-moins-grave-que-la-complicite-dassassinat#respond\"]}]},{\"@type\":\"WebPage\",\"@id\":\"https:\/\/www.africa-press.net\/cameroun\/politique\/affaire-amougou-belinga-la-complicite-de-torture-parait-moins-grave-que-la-complicite-dassassinat\",\"url\":\"https:\/\/www.africa-press.net\/cameroun\/politique\/affaire-amougou-belinga-la-complicite-de-torture-parait-moins-grave-que-la-complicite-dassassinat\",\"name\":\"Affaire Amougou Belinga : 'la complicit\u00e9 de torture para\u00eet moins grave que la complicit\u00e9 d'assassinat' - Cameroun\",\"isPartOf\":{\"@id\":\"https:\/\/www.africa-press.net\/cameroun\/#website\"},\"primaryImageOfPage\":{\"@id\":\"https:\/\/www.africa-press.net\/cameroun\/politique\/affaire-amougou-belinga-la-complicite-de-torture-parait-moins-grave-que-la-complicite-dassassinat#primaryimage\"},\"image\":{\"@id\":\"https:\/\/www.africa-press.net\/cameroun\/politique\/affaire-amougou-belinga-la-complicite-de-torture-parait-moins-grave-que-la-complicite-dassassinat#primaryimage\"},\"thumbnailUrl\":\"https:\/\/static.africa-press.net\/cameroun\/sites\/57\/2023\/03\/postQueueImg_1677941829.23.jpg\",\"datePublished\":\"2023-03-04T18:27:07+00:00\",\"dateModified\":\"2023-03-04T19:28:41+00:00\",\"author\":{\"@id\":\"https:\/\/www.africa-press.net\/cameroun\/#\/schema\/person\/2b1cf3cd81a31e3cd26889ca66d677f1\"},\"description\":\"Dans le cadre de l'affaire Martinez Zogo, Amougou Belinga vient d'e\u0302tre place\u0301 sous mandat de detention provisoire a\u0300 Ko ...\",\"breadcrumb\":{\"@id\":\"https:\/\/www.africa-press.net\/cameroun\/politique\/affaire-amougou-belinga-la-complicite-de-torture-parait-moins-grave-que-la-complicite-dassassinat#breadcrumb\"},\"inLanguage\":\"fr-FR\",\"potentialAction\":[{\"@type\":\"ReadAction\",\"target\":[\"https:\/\/www.africa-press.net\/cameroun\/politique\/affaire-amougou-belinga-la-complicite-de-torture-parait-moins-grave-que-la-complicite-dassassinat\"]}]},{\"@type\":\"ImageObject\",\"inLanguage\":\"fr-FR\",\"@id\":\"https:\/\/www.africa-press.net\/cameroun\/politique\/affaire-amougou-belinga-la-complicite-de-torture-parait-moins-grave-que-la-complicite-dassassinat#primaryimage\",\"url\":\"https:\/\/static.africa-press.net\/cameroun\/sites\/57\/2023\/03\/postQueueImg_1677941829.23.jpg\",\"contentUrl\":\"https:\/\/static.africa-press.net\/cameroun\/sites\/57\/2023\/03\/postQueueImg_1677941829.23.jpg\",\"width\":720,\"height\":550,\"caption\":\"Affaire Amougou Belinga : 'la complicit\u00e9 de torture para\u00eet moins grave que la complicit\u00e9 d'assassinat'\"},{\"@type\":\"BreadcrumbList\",\"@id\":\"https:\/\/www.africa-press.net\/cameroun\/politique\/affaire-amougou-belinga-la-complicite-de-torture-parait-moins-grave-que-la-complicite-dassassinat#breadcrumb\",\"itemListElement\":[{\"@type\":\"ListItem\",\"position\":1,\"name\":\"Accueil\",\"item\":\"https:\/\/www.africa-press.net\/cameroun\/\"},{\"@type\":\"ListItem\",\"position\":2,\"name\":\"Affaire Amougou Belinga : &lsquo;la complicit\u00e9 de torture para\u00eet moins grave que la complicit\u00e9 d&rsquo;assassinat&rsquo;\"}]},{\"@type\":\"WebSite\",\"@id\":\"https:\/\/www.africa-press.net\/cameroun\/#website\",\"url\":\"https:\/\/www.africa-press.net\/cameroun\/\",\"name\":\"Cameroun\",\"description\":\"Just another Africa News Agency Sites site\",\"potentialAction\":[{\"@type\":\"SearchAction\",\"target\":{\"@type\":\"EntryPoint\",\"urlTemplate\":\"https:\/\/www.africa-press.net\/cameroun\/?s={search_term_string}\"},\"query-input\":{\"@type\":\"PropertyValueSpecification\",\"valueRequired\":true,\"valueName\":\"search_term_string\"}}],\"inLanguage\":\"fr-FR\"},{\"@type\":\"Person\",\"@id\":\"https:\/\/www.africa-press.net\/cameroun\/#\/schema\/person\/2b1cf3cd81a31e3cd26889ca66d677f1\",\"name\":\"cfeditorfr\"}]}<\/script>\n<!-- \/ Yoast SEO Premium plugin. -->","yoast_head_json":{"title":"Affaire Amougou Belinga : 'la complicit\u00e9 de torture para\u00eet moins grave que la complicit\u00e9 d'assassinat' - Cameroun","description":"Dans le cadre de l'affaire Martinez Zogo, Amougou Belinga vient d'e\u0302tre place\u0301 sous mandat de detention provisoire a\u0300 Ko ...","robots":{"index":"index","follow":"follow","max-snippet":"max-snippet:-1","max-image-preview":"max-image-preview:large","max-video-preview":"max-video-preview:-1"},"canonical":"https:\/\/www.africa-press.net\/cameroun\/politique\/affaire-amougou-belinga-la-complicite-de-torture-parait-moins-grave-que-la-complicite-dassassinat","og_locale":"fr_FR","og_type":"article","og_title":"Affaire Amougou Belinga : 'la complicit\u00e9 de torture para\u00eet moins grave que la complicit\u00e9 d'assassinat'","og_description":"Dans le cadre de l'affaire Martinez Zogo, Amougou Belinga vient d'e\u0302tre place\u0301 sous mandat de detention provisoire a\u0300 Ko ...","og_url":"https:\/\/www.africa-press.net\/cameroun\/politique\/affaire-amougou-belinga-la-complicite-de-torture-parait-moins-grave-que-la-complicite-dassassinat","og_site_name":"Cameroun","article_published_time":"2023-03-04T18:27:07+00:00","article_modified_time":"2023-03-04T19:28:41+00:00","og_image":[{"width":720,"height":550,"url":"https:\/\/static.africa-press.net\/cameroun\/sites\/57\/2023\/03\/postQueueImg_1677941829.23.jpg","type":"image\/jpeg"}],"author":"cfeditorfr","twitter_card":"summary_large_image","twitter_misc":{"\u00c9crit par":"cfeditorfr","Dur\u00e9e de lecture estim\u00e9e":"3 minutes"},"schema":{"@context":"https:\/\/schema.org","@graph":[{"@type":"Article","@id":"https:\/\/www.africa-press.net\/cameroun\/politique\/affaire-amougou-belinga-la-complicite-de-torture-parait-moins-grave-que-la-complicite-dassassinat#article","isPartOf":{"@id":"https:\/\/www.africa-press.net\/cameroun\/politique\/affaire-amougou-belinga-la-complicite-de-torture-parait-moins-grave-que-la-complicite-dassassinat"},"author":{"name":"cfeditorfr","@id":"https:\/\/www.africa-press.net\/cameroun\/#\/schema\/person\/2b1cf3cd81a31e3cd26889ca66d677f1"},"headline":"Affaire Amougou Belinga : &lsquo;la complicit\u00e9 de torture para\u00eet moins grave que la complicit\u00e9 d&rsquo;assassinat&rsquo;","datePublished":"2023-03-04T18:27:07+00:00","dateModified":"2023-03-04T19:28:41+00:00","mainEntityOfPage":{"@id":"https:\/\/www.africa-press.net\/cameroun\/politique\/affaire-amougou-belinga-la-complicite-de-torture-parait-moins-grave-que-la-complicite-dassassinat"},"wordCount":509,"commentCount":0,"image":{"@id":"https:\/\/www.africa-press.net\/cameroun\/politique\/affaire-amougou-belinga-la-complicite-de-torture-parait-moins-grave-que-la-complicite-dassassinat#primaryimage"},"thumbnailUrl":"https:\/\/static.africa-press.net\/cameroun\/sites\/57\/2023\/03\/postQueueImg_1677941829.23.jpg","keywords":["Africa Press","Africa Press-Cameroun","Cameroun"],"articleSection":["Politique","Toutes les actualit\u00e9s"],"inLanguage":"fr-FR","potentialAction":[{"@type":"CommentAction","name":"Comment","target":["https:\/\/www.africa-press.net\/cameroun\/politique\/affaire-amougou-belinga-la-complicite-de-torture-parait-moins-grave-que-la-complicite-dassassinat#respond"]}]},{"@type":"WebPage","@id":"https:\/\/www.africa-press.net\/cameroun\/politique\/affaire-amougou-belinga-la-complicite-de-torture-parait-moins-grave-que-la-complicite-dassassinat","url":"https:\/\/www.africa-press.net\/cameroun\/politique\/affaire-amougou-belinga-la-complicite-de-torture-parait-moins-grave-que-la-complicite-dassassinat","name":"Affaire Amougou Belinga : 'la complicit\u00e9 de torture para\u00eet moins grave que la complicit\u00e9 d'assassinat' - Cameroun","isPartOf":{"@id":"https:\/\/www.africa-press.net\/cameroun\/#website"},"primaryImageOfPage":{"@id":"https:\/\/www.africa-press.net\/cameroun\/politique\/affaire-amougou-belinga-la-complicite-de-torture-parait-moins-grave-que-la-complicite-dassassinat#primaryimage"},"image":{"@id":"https:\/\/www.africa-press.net\/cameroun\/politique\/affaire-amougou-belinga-la-complicite-de-torture-parait-moins-grave-que-la-complicite-dassassinat#primaryimage"},"thumbnailUrl":"https:\/\/static.africa-press.net\/cameroun\/sites\/57\/2023\/03\/postQueueImg_1677941829.23.jpg","datePublished":"2023-03-04T18:27:07+00:00","dateModified":"2023-03-04T19:28:41+00:00","author":{"@id":"https:\/\/www.africa-press.net\/cameroun\/#\/schema\/person\/2b1cf3cd81a31e3cd26889ca66d677f1"},"description":"Dans le cadre de l'affaire Martinez Zogo, Amougou Belinga vient d'e\u0302tre place\u0301 sous mandat de detention provisoire a\u0300 Ko ...","breadcrumb":{"@id":"https:\/\/www.africa-press.net\/cameroun\/politique\/affaire-amougou-belinga-la-complicite-de-torture-parait-moins-grave-que-la-complicite-dassassinat#breadcrumb"},"inLanguage":"fr-FR","potentialAction":[{"@type":"ReadAction","target":["https:\/\/www.africa-press.net\/cameroun\/politique\/affaire-amougou-belinga-la-complicite-de-torture-parait-moins-grave-que-la-complicite-dassassinat"]}]},{"@type":"ImageObject","inLanguage":"fr-FR","@id":"https:\/\/www.africa-press.net\/cameroun\/politique\/affaire-amougou-belinga-la-complicite-de-torture-parait-moins-grave-que-la-complicite-dassassinat#primaryimage","url":"https:\/\/static.africa-press.net\/cameroun\/sites\/57\/2023\/03\/postQueueImg_1677941829.23.jpg","contentUrl":"https:\/\/static.africa-press.net\/cameroun\/sites\/57\/2023\/03\/postQueueImg_1677941829.23.jpg","width":720,"height":550,"caption":"Affaire Amougou Belinga : 'la complicit\u00e9 de torture para\u00eet moins grave que la complicit\u00e9 d'assassinat'"},{"@type":"BreadcrumbList","@id":"https:\/\/www.africa-press.net\/cameroun\/politique\/affaire-amougou-belinga-la-complicite-de-torture-parait-moins-grave-que-la-complicite-dassassinat#breadcrumb","itemListElement":[{"@type":"ListItem","position":1,"name":"Accueil","item":"https:\/\/www.africa-press.net\/cameroun\/"},{"@type":"ListItem","position":2,"name":"Affaire Amougou Belinga : &lsquo;la complicit\u00e9 de torture para\u00eet moins grave que la complicit\u00e9 d&rsquo;assassinat&rsquo;"}]},{"@type":"WebSite","@id":"https:\/\/www.africa-press.net\/cameroun\/#website","url":"https:\/\/www.africa-press.net\/cameroun\/","name":"Cameroun","description":"Just another Africa News Agency Sites site","potentialAction":[{"@type":"SearchAction","target":{"@type":"EntryPoint","urlTemplate":"https:\/\/www.africa-press.net\/cameroun\/?s={search_term_string}"},"query-input":{"@type":"PropertyValueSpecification","valueRequired":true,"valueName":"search_term_string"}}],"inLanguage":"fr-FR"},{"@type":"Person","@id":"https:\/\/www.africa-press.net\/cameroun\/#\/schema\/person\/2b1cf3cd81a31e3cd26889ca66d677f1","name":"cfeditorfr"}]}},"_links":{"self":[{"href":"https:\/\/www.africa-press.net\/cameroun\/wp-json\/wp\/v2\/posts\/38372","targetHints":{"allow":["GET"]}}],"collection":[{"href":"https:\/\/www.africa-press.net\/cameroun\/wp-json\/wp\/v2\/posts"}],"about":[{"href":"https:\/\/www.africa-press.net\/cameroun\/wp-json\/wp\/v2\/types\/post"}],"author":[{"embeddable":true,"href":"https:\/\/www.africa-press.net\/cameroun\/wp-json\/wp\/v2\/users\/82"}],"replies":[{"embeddable":true,"href":"https:\/\/www.africa-press.net\/cameroun\/wp-json\/wp\/v2\/comments?post=38372"}],"version-history":[{"count":0,"href":"https:\/\/www.africa-press.net\/cameroun\/wp-json\/wp\/v2\/posts\/38372\/revisions"}],"wp:featuredmedia":[{"embeddable":true,"href":"https:\/\/www.africa-press.net\/cameroun\/wp-json\/wp\/v2\/media\/38371"}],"wp:attachment":[{"href":"https:\/\/www.africa-press.net\/cameroun\/wp-json\/wp\/v2\/media?parent=38372"}],"wp:term":[{"taxonomy":"category","embeddable":true,"href":"https:\/\/www.africa-press.net\/cameroun\/wp-json\/wp\/v2\/categories?post=38372"},{"taxonomy":"post_tag","embeddable":true,"href":"https:\/\/www.africa-press.net\/cameroun\/wp-json\/wp\/v2\/tags?post=38372"}],"curies":[{"name":"wp","href":"https:\/\/api.w.org\/{rel}","templated":true}]}}