{"id":38375,"date":"2023-03-04T18:27:12","date_gmt":"2023-03-04T18:27:12","guid":{"rendered":"https:\/\/www.africa-press.net\/cameroun\/politique\/entree-en-prison-nouveau-texte-signe-laurent-esso-tremble"},"modified":"2023-03-04T19:29:03","modified_gmt":"2023-03-04T19:29:03","slug":"entree-en-prison-nouveau-texte-signe-laurent-esso-tremble","status":"publish","type":"post","link":"https:\/\/www.africa-press.net\/cameroun\/politique\/entree-en-prison-nouveau-texte-signe-laurent-esso-tremble","title":{"rendered":"Entr\u00e9e en prison : nouveau texte sign\u00e9, Laurent Esso tremble"},"content":{"rendered":"<p><span style=\"color: #ff6600\"><strong>Africa-Press &#8211; Cameroun. <\/strong><\/span>La journe\u0301e du samedi le 04 mars 2023 restera a\u0300 jamais grave\u0301e dans la me\u0301moire collective. Le milliardaire suppose\u0301 intouchable Jean-Pierre Amougou Belinga de\u0301pose\u0301 a\u0300 Kondengui, prison principale de Yaounde\u0301 pour \u00ab complicite\u0301 de torture par aide \u00bb dans l\u2019affaire de l\u2019assassinat de l\u2019homme de me\u0301dia Martinez Zogo.<\/p>\n<p>La nouvelle des arrestations du PDG de Vision 4 Jean-Pierre Amougou Belinga, du patron de la DGRE Le\u0301opold Maxime Eko Eko et de son homme de main Justin Danwe, du journaliste Bruno Bidjang, de l\u2019ancien commandant de la garde pre\u0301sidentielle Raymond Etoundi Nsoe&#8230; a beaucoup de\u0301chai\u0302ne\u0301 les passions.<\/p>\n<p>Et l\u2019information relative a\u0300 l\u2019emprisonnement re\u0301cent de Jean-Pierre Amougou Belinga et Le\u0301opold Maxime Eko Eko ainsi que le lieutenant-colonel Justin Danwe (prison militaire) fait l\u2019objet des discussions enflamme\u0301es.<\/p>\n<p>Le peuple a toujours soif de justice, surtout qu\u2019il est ressorti dans la presse que le ministre de la Justice, Garde des sceaux Laurent Esso ou encore le ministre des Finances Louis-Paul Motaze seraient implique\u0301s d\u2019une manie\u0300re ou d\u2019une autre dans l\u2019homicide.<\/p>\n<p>La certitude donne\u0301e par la justice en l\u2019e\u0301tat actuel des choses est que Jean-Pierre Amougou Belinga est complice de torture inflige\u0301e a\u0300 Martinez Zogo. Cela signifie qu\u2019il n\u2019est pas seul, en te\u0301moigne les autres mandats de de\u0301po\u0302ts de\u0301livre\u0301s.<\/p>\n<p>Au milieu de tout ceci, le lanceur d\u2019alertes Shance Lion lance un message qui peut faire sauter le c\u0153ur de Laurent Esso qui est re\u0301gulie\u0300rement cite\u0301 depuis le kidnapping du directeur ge\u0301ne\u0301ral de la radio Amplitude FM, suivi de son assassinat.<\/p>\n<p>Shance Lion s\u2019est rappele\u0301 d\u2019une citation : \u00ab En juillet 2020, le directeur adjoint du cabinet civil de la pre\u0301sidence de la Re\u0301publique camerounaise, Oswald Baboke partageait cette maxime : \u00ab\u00a0Au sommet de ta gloire, n&rsquo;oublie jamais ceux qui t&rsquo;ont permis de monter si haut. Si tu n&rsquo;es motive\u0301 que par l&rsquo;ambition, tu risques d&rsquo;oublier ceux qui t&rsquo;aident a\u0300 atteindre le sommet\u00a0\u00bb \u00bb.<\/p>\n<p>Il ajoute ensuite que \u00ab quel que soit notre sommet, sachons faire preuve d&rsquo;humilite\u0301 en toute chose, en toute circonstance, dans chaque action, chaque parole \u00bb, ce qui ressemble a\u0300 une lec\u0327on de vie qui collerait parfaitement a\u0300 la peau de Laurent Esso.<\/p>\n<p>La source cite\u0301e ne s\u2019est pas arre\u0302te\u0301e la\u0300 : \u00ab Le sommet de certains, la majorite\u0301 en tout cas, ne tient qu&rsquo;a\u0300 la signature de quelqu&rsquo;un qui est quelque part, des fois quelqu&rsquo;un qu&rsquo;on croit insignifiant par rapport a\u0300 nous. Dans notre pays ci, me\u0302me les plus intimes des intimes ont subi le code de la signature, les incontournables sont devenus contournables du jour au lendemain par le code de la signature de quelqu&rsquo;un \u00bb.<\/p>\n<p>Par conse\u0301quent, \u00ab des ministres d&rsquo;E\u0301tat, des Premiers ministres&#8230; appellent de simples gardiens de prison \u00ab\u00a0s&rsquo;il vous plai\u0302t monsieur le gardien de prison\u00a0\u00bb \u00bb.<\/p>\n<p>Sachant que Jean-Pierre Amougou Belinga n\u2019est pas un ministre, a\u0300 qui fait allusion le lanceur d\u2019alertes. Suivez son regard.<\/p>\n<p><strong>Pour plus d&rsquo;informations et d&rsquo;analyses sur la <a href=\"https:\/\/www.africa-press.net\/cameroun\">Cameroun<\/a>, suivez <a href=\"https:\/\/www.africa-press.net\/\">Africa-Press<\/a><\/strong><\/p>\n","protected":false},"excerpt":{"rendered":"<p>Africa-Press &#8211; Cameroun. La journe\u0301e du samedi le 04 mars 2023 restera a\u0300 jamais grave\u0301e dans la me\u0301moire collective. Le milliardaire suppose\u0301 intouchable Jean-Pierre Amougou Belinga de\u0301pose\u0301 a\u0300 Kondengui, prison principale de Yaounde\u0301 pour \u00ab complicite\u0301 de torture par aide \u00bb dans l\u2019affaire de l\u2019assassinat de l\u2019homme de me\u0301dia Martinez Zogo. La nouvelle des arrestations [&hellip;]<\/p>\n","protected":false},"author":82,"featured_media":38374,"comment_status":"open","ping_status":"closed","sticky":false,"template":"","format":"standard","meta":{"footnotes":""},"categories":[2,10],"tags":[36,50,49],"class_list":["post-38375","post","type-post","status-publish","format-standard","has-post-thumbnail","hentry","category-politique","category-toutes-les-actualites","tag-africa-press","tag-africa-press-cameroun","tag-cameroun"],"yoast_head":"<!-- This site is optimized with the Yoast SEO Premium plugin v26.1 (Yoast SEO v27.0) - https:\/\/yoast.com\/product\/yoast-seo-premium-wordpress\/ -->\n<title>Entr\u00e9e en prison : nouveau texte sign\u00e9, Laurent Esso tremble - Cameroun<\/title>\n<meta name=\"description\" content=\"La journe\u0301e du samedi le 04 mars 2023 restera a\u0300 jamais grave\u0301e dans la me\u0301moire collective. Le milliardaire suppose\u0301 in ...\" \/>\n<meta name=\"robots\" content=\"index, follow, max-snippet:-1, max-image-preview:large, max-video-preview:-1\" \/>\n<link rel=\"canonical\" href=\"https:\/\/www.africa-press.net\/cameroun\/politique\/entree-en-prison-nouveau-texte-signe-laurent-esso-tremble\" \/>\n<meta property=\"og:locale\" content=\"fr_FR\" \/>\n<meta property=\"og:type\" content=\"article\" \/>\n<meta property=\"og:title\" content=\"Entr\u00e9e en prison : nouveau texte sign\u00e9, Laurent Esso tremble\" \/>\n<meta property=\"og:description\" content=\"La journe\u0301e du samedi le 04 mars 2023 restera a\u0300 jamais grave\u0301e dans la me\u0301moire collective. Le milliardaire suppose\u0301 in ...\" \/>\n<meta property=\"og:url\" content=\"https:\/\/www.africa-press.net\/cameroun\/politique\/entree-en-prison-nouveau-texte-signe-laurent-esso-tremble\" \/>\n<meta property=\"og:site_name\" content=\"Cameroun\" \/>\n<meta property=\"article:published_time\" content=\"2023-03-04T18:27:12+00:00\" \/>\n<meta property=\"article:modified_time\" content=\"2023-03-04T19:29:03+00:00\" \/>\n<meta property=\"og:image\" content=\"https:\/\/static.africa-press.net\/cameroun\/sites\/57\/2023\/03\/postQueueImg_1677941834.75.jpg\" \/>\n\t<meta property=\"og:image:width\" content=\"720\" \/>\n\t<meta property=\"og:image:height\" content=\"444\" \/>\n\t<meta property=\"og:image:type\" content=\"image\/jpeg\" \/>\n<meta name=\"author\" content=\"cfeditorfr\" \/>\n<meta name=\"twitter:card\" content=\"summary_large_image\" \/>\n<meta name=\"twitter:label1\" content=\"\u00c9crit par\" \/>\n\t<meta name=\"twitter:data1\" content=\"cfeditorfr\" \/>\n\t<meta name=\"twitter:label2\" content=\"Dur\u00e9e de lecture estim\u00e9e\" \/>\n\t<meta name=\"twitter:data2\" content=\"3 minutes\" \/>\n<script type=\"application\/ld+json\" class=\"yoast-schema-graph\">{\"@context\":\"https:\/\/schema.org\",\"@graph\":[{\"@type\":\"Article\",\"@id\":\"https:\/\/www.africa-press.net\/cameroun\/politique\/entree-en-prison-nouveau-texte-signe-laurent-esso-tremble#article\",\"isPartOf\":{\"@id\":\"https:\/\/www.africa-press.net\/cameroun\/politique\/entree-en-prison-nouveau-texte-signe-laurent-esso-tremble\"},\"author\":{\"name\":\"cfeditorfr\",\"@id\":\"https:\/\/www.africa-press.net\/cameroun\/#\/schema\/person\/2b1cf3cd81a31e3cd26889ca66d677f1\"},\"headline\":\"Entr\u00e9e en prison : nouveau texte sign\u00e9, Laurent Esso tremble\",\"datePublished\":\"2023-03-04T18:27:12+00:00\",\"dateModified\":\"2023-03-04T19:29:03+00:00\",\"mainEntityOfPage\":{\"@id\":\"https:\/\/www.africa-press.net\/cameroun\/politique\/entree-en-prison-nouveau-texte-signe-laurent-esso-tremble\"},\"wordCount\":548,\"commentCount\":0,\"image\":{\"@id\":\"https:\/\/www.africa-press.net\/cameroun\/politique\/entree-en-prison-nouveau-texte-signe-laurent-esso-tremble#primaryimage\"},\"thumbnailUrl\":\"https:\/\/static.africa-press.net\/cameroun\/sites\/57\/2023\/03\/postQueueImg_1677941834.75.jpg\",\"keywords\":[\"Africa Press\",\"Africa Press-Cameroun\",\"Cameroun\"],\"articleSection\":[\"Politique\",\"Toutes les actualit\u00e9s\"],\"inLanguage\":\"fr-FR\",\"potentialAction\":[{\"@type\":\"CommentAction\",\"name\":\"Comment\",\"target\":[\"https:\/\/www.africa-press.net\/cameroun\/politique\/entree-en-prison-nouveau-texte-signe-laurent-esso-tremble#respond\"]}]},{\"@type\":\"WebPage\",\"@id\":\"https:\/\/www.africa-press.net\/cameroun\/politique\/entree-en-prison-nouveau-texte-signe-laurent-esso-tremble\",\"url\":\"https:\/\/www.africa-press.net\/cameroun\/politique\/entree-en-prison-nouveau-texte-signe-laurent-esso-tremble\",\"name\":\"Entr\u00e9e en prison : nouveau texte sign\u00e9, Laurent Esso tremble - Cameroun\",\"isPartOf\":{\"@id\":\"https:\/\/www.africa-press.net\/cameroun\/#website\"},\"primaryImageOfPage\":{\"@id\":\"https:\/\/www.africa-press.net\/cameroun\/politique\/entree-en-prison-nouveau-texte-signe-laurent-esso-tremble#primaryimage\"},\"image\":{\"@id\":\"https:\/\/www.africa-press.net\/cameroun\/politique\/entree-en-prison-nouveau-texte-signe-laurent-esso-tremble#primaryimage\"},\"thumbnailUrl\":\"https:\/\/static.africa-press.net\/cameroun\/sites\/57\/2023\/03\/postQueueImg_1677941834.75.jpg\",\"datePublished\":\"2023-03-04T18:27:12+00:00\",\"dateModified\":\"2023-03-04T19:29:03+00:00\",\"author\":{\"@id\":\"https:\/\/www.africa-press.net\/cameroun\/#\/schema\/person\/2b1cf3cd81a31e3cd26889ca66d677f1\"},\"description\":\"La journe\u0301e du samedi le 04 mars 2023 restera a\u0300 jamais grave\u0301e dans la me\u0301moire collective. Le milliardaire suppose\u0301 in ...\",\"breadcrumb\":{\"@id\":\"https:\/\/www.africa-press.net\/cameroun\/politique\/entree-en-prison-nouveau-texte-signe-laurent-esso-tremble#breadcrumb\"},\"inLanguage\":\"fr-FR\",\"potentialAction\":[{\"@type\":\"ReadAction\",\"target\":[\"https:\/\/www.africa-press.net\/cameroun\/politique\/entree-en-prison-nouveau-texte-signe-laurent-esso-tremble\"]}]},{\"@type\":\"ImageObject\",\"inLanguage\":\"fr-FR\",\"@id\":\"https:\/\/www.africa-press.net\/cameroun\/politique\/entree-en-prison-nouveau-texte-signe-laurent-esso-tremble#primaryimage\",\"url\":\"https:\/\/static.africa-press.net\/cameroun\/sites\/57\/2023\/03\/postQueueImg_1677941834.75.jpg\",\"contentUrl\":\"https:\/\/static.africa-press.net\/cameroun\/sites\/57\/2023\/03\/postQueueImg_1677941834.75.jpg\",\"width\":720,\"height\":444,\"caption\":\"Entr\u00e9e en prison : nouveau texte sign\u00e9, Laurent Esso tremble\"},{\"@type\":\"BreadcrumbList\",\"@id\":\"https:\/\/www.africa-press.net\/cameroun\/politique\/entree-en-prison-nouveau-texte-signe-laurent-esso-tremble#breadcrumb\",\"itemListElement\":[{\"@type\":\"ListItem\",\"position\":1,\"name\":\"Accueil\",\"item\":\"https:\/\/www.africa-press.net\/cameroun\/\"},{\"@type\":\"ListItem\",\"position\":2,\"name\":\"Entr\u00e9e en prison : nouveau texte sign\u00e9, Laurent Esso tremble\"}]},{\"@type\":\"WebSite\",\"@id\":\"https:\/\/www.africa-press.net\/cameroun\/#website\",\"url\":\"https:\/\/www.africa-press.net\/cameroun\/\",\"name\":\"Cameroun\",\"description\":\"Just another Africa News Agency Sites site\",\"potentialAction\":[{\"@type\":\"SearchAction\",\"target\":{\"@type\":\"EntryPoint\",\"urlTemplate\":\"https:\/\/www.africa-press.net\/cameroun\/?s={search_term_string}\"},\"query-input\":{\"@type\":\"PropertyValueSpecification\",\"valueRequired\":true,\"valueName\":\"search_term_string\"}}],\"inLanguage\":\"fr-FR\"},{\"@type\":\"Person\",\"@id\":\"https:\/\/www.africa-press.net\/cameroun\/#\/schema\/person\/2b1cf3cd81a31e3cd26889ca66d677f1\",\"name\":\"cfeditorfr\"}]}<\/script>\n<!-- \/ Yoast SEO Premium plugin. -->","yoast_head_json":{"title":"Entr\u00e9e en prison : nouveau texte sign\u00e9, Laurent Esso tremble - Cameroun","description":"La journe\u0301e du samedi le 04 mars 2023 restera a\u0300 jamais grave\u0301e dans la me\u0301moire collective. Le milliardaire suppose\u0301 in ...","robots":{"index":"index","follow":"follow","max-snippet":"max-snippet:-1","max-image-preview":"max-image-preview:large","max-video-preview":"max-video-preview:-1"},"canonical":"https:\/\/www.africa-press.net\/cameroun\/politique\/entree-en-prison-nouveau-texte-signe-laurent-esso-tremble","og_locale":"fr_FR","og_type":"article","og_title":"Entr\u00e9e en prison : nouveau texte sign\u00e9, Laurent Esso tremble","og_description":"La journe\u0301e du samedi le 04 mars 2023 restera a\u0300 jamais grave\u0301e dans la me\u0301moire collective. Le milliardaire suppose\u0301 in ...","og_url":"https:\/\/www.africa-press.net\/cameroun\/politique\/entree-en-prison-nouveau-texte-signe-laurent-esso-tremble","og_site_name":"Cameroun","article_published_time":"2023-03-04T18:27:12+00:00","article_modified_time":"2023-03-04T19:29:03+00:00","og_image":[{"width":720,"height":444,"url":"https:\/\/static.africa-press.net\/cameroun\/sites\/57\/2023\/03\/postQueueImg_1677941834.75.jpg","type":"image\/jpeg"}],"author":"cfeditorfr","twitter_card":"summary_large_image","twitter_misc":{"\u00c9crit par":"cfeditorfr","Dur\u00e9e de lecture estim\u00e9e":"3 minutes"},"schema":{"@context":"https:\/\/schema.org","@graph":[{"@type":"Article","@id":"https:\/\/www.africa-press.net\/cameroun\/politique\/entree-en-prison-nouveau-texte-signe-laurent-esso-tremble#article","isPartOf":{"@id":"https:\/\/www.africa-press.net\/cameroun\/politique\/entree-en-prison-nouveau-texte-signe-laurent-esso-tremble"},"author":{"name":"cfeditorfr","@id":"https:\/\/www.africa-press.net\/cameroun\/#\/schema\/person\/2b1cf3cd81a31e3cd26889ca66d677f1"},"headline":"Entr\u00e9e en prison : nouveau texte sign\u00e9, Laurent Esso tremble","datePublished":"2023-03-04T18:27:12+00:00","dateModified":"2023-03-04T19:29:03+00:00","mainEntityOfPage":{"@id":"https:\/\/www.africa-press.net\/cameroun\/politique\/entree-en-prison-nouveau-texte-signe-laurent-esso-tremble"},"wordCount":548,"commentCount":0,"image":{"@id":"https:\/\/www.africa-press.net\/cameroun\/politique\/entree-en-prison-nouveau-texte-signe-laurent-esso-tremble#primaryimage"},"thumbnailUrl":"https:\/\/static.africa-press.net\/cameroun\/sites\/57\/2023\/03\/postQueueImg_1677941834.75.jpg","keywords":["Africa Press","Africa Press-Cameroun","Cameroun"],"articleSection":["Politique","Toutes les actualit\u00e9s"],"inLanguage":"fr-FR","potentialAction":[{"@type":"CommentAction","name":"Comment","target":["https:\/\/www.africa-press.net\/cameroun\/politique\/entree-en-prison-nouveau-texte-signe-laurent-esso-tremble#respond"]}]},{"@type":"WebPage","@id":"https:\/\/www.africa-press.net\/cameroun\/politique\/entree-en-prison-nouveau-texte-signe-laurent-esso-tremble","url":"https:\/\/www.africa-press.net\/cameroun\/politique\/entree-en-prison-nouveau-texte-signe-laurent-esso-tremble","name":"Entr\u00e9e en prison : nouveau texte sign\u00e9, Laurent Esso tremble - Cameroun","isPartOf":{"@id":"https:\/\/www.africa-press.net\/cameroun\/#website"},"primaryImageOfPage":{"@id":"https:\/\/www.africa-press.net\/cameroun\/politique\/entree-en-prison-nouveau-texte-signe-laurent-esso-tremble#primaryimage"},"image":{"@id":"https:\/\/www.africa-press.net\/cameroun\/politique\/entree-en-prison-nouveau-texte-signe-laurent-esso-tremble#primaryimage"},"thumbnailUrl":"https:\/\/static.africa-press.net\/cameroun\/sites\/57\/2023\/03\/postQueueImg_1677941834.75.jpg","datePublished":"2023-03-04T18:27:12+00:00","dateModified":"2023-03-04T19:29:03+00:00","author":{"@id":"https:\/\/www.africa-press.net\/cameroun\/#\/schema\/person\/2b1cf3cd81a31e3cd26889ca66d677f1"},"description":"La journe\u0301e du samedi le 04 mars 2023 restera a\u0300 jamais grave\u0301e dans la me\u0301moire collective. Le milliardaire suppose\u0301 in ...","breadcrumb":{"@id":"https:\/\/www.africa-press.net\/cameroun\/politique\/entree-en-prison-nouveau-texte-signe-laurent-esso-tremble#breadcrumb"},"inLanguage":"fr-FR","potentialAction":[{"@type":"ReadAction","target":["https:\/\/www.africa-press.net\/cameroun\/politique\/entree-en-prison-nouveau-texte-signe-laurent-esso-tremble"]}]},{"@type":"ImageObject","inLanguage":"fr-FR","@id":"https:\/\/www.africa-press.net\/cameroun\/politique\/entree-en-prison-nouveau-texte-signe-laurent-esso-tremble#primaryimage","url":"https:\/\/static.africa-press.net\/cameroun\/sites\/57\/2023\/03\/postQueueImg_1677941834.75.jpg","contentUrl":"https:\/\/static.africa-press.net\/cameroun\/sites\/57\/2023\/03\/postQueueImg_1677941834.75.jpg","width":720,"height":444,"caption":"Entr\u00e9e en prison : nouveau texte sign\u00e9, Laurent Esso tremble"},{"@type":"BreadcrumbList","@id":"https:\/\/www.africa-press.net\/cameroun\/politique\/entree-en-prison-nouveau-texte-signe-laurent-esso-tremble#breadcrumb","itemListElement":[{"@type":"ListItem","position":1,"name":"Accueil","item":"https:\/\/www.africa-press.net\/cameroun\/"},{"@type":"ListItem","position":2,"name":"Entr\u00e9e en prison : nouveau texte sign\u00e9, Laurent Esso tremble"}]},{"@type":"WebSite","@id":"https:\/\/www.africa-press.net\/cameroun\/#website","url":"https:\/\/www.africa-press.net\/cameroun\/","name":"Cameroun","description":"Just another Africa News Agency Sites site","potentialAction":[{"@type":"SearchAction","target":{"@type":"EntryPoint","urlTemplate":"https:\/\/www.africa-press.net\/cameroun\/?s={search_term_string}"},"query-input":{"@type":"PropertyValueSpecification","valueRequired":true,"valueName":"search_term_string"}}],"inLanguage":"fr-FR"},{"@type":"Person","@id":"https:\/\/www.africa-press.net\/cameroun\/#\/schema\/person\/2b1cf3cd81a31e3cd26889ca66d677f1","name":"cfeditorfr"}]}},"_links":{"self":[{"href":"https:\/\/www.africa-press.net\/cameroun\/wp-json\/wp\/v2\/posts\/38375","targetHints":{"allow":["GET"]}}],"collection":[{"href":"https:\/\/www.africa-press.net\/cameroun\/wp-json\/wp\/v2\/posts"}],"about":[{"href":"https:\/\/www.africa-press.net\/cameroun\/wp-json\/wp\/v2\/types\/post"}],"author":[{"embeddable":true,"href":"https:\/\/www.africa-press.net\/cameroun\/wp-json\/wp\/v2\/users\/82"}],"replies":[{"embeddable":true,"href":"https:\/\/www.africa-press.net\/cameroun\/wp-json\/wp\/v2\/comments?post=38375"}],"version-history":[{"count":0,"href":"https:\/\/www.africa-press.net\/cameroun\/wp-json\/wp\/v2\/posts\/38375\/revisions"}],"wp:featuredmedia":[{"embeddable":true,"href":"https:\/\/www.africa-press.net\/cameroun\/wp-json\/wp\/v2\/media\/38374"}],"wp:attachment":[{"href":"https:\/\/www.africa-press.net\/cameroun\/wp-json\/wp\/v2\/media?parent=38375"}],"wp:term":[{"taxonomy":"category","embeddable":true,"href":"https:\/\/www.africa-press.net\/cameroun\/wp-json\/wp\/v2\/categories?post=38375"},{"taxonomy":"post_tag","embeddable":true,"href":"https:\/\/www.africa-press.net\/cameroun\/wp-json\/wp\/v2\/tags?post=38375"}],"curies":[{"name":"wp","href":"https:\/\/api.w.org\/{rel}","templated":true}]}}