{"id":38378,"date":"2023-03-04T18:27:41","date_gmt":"2023-03-04T18:27:41","guid":{"rendered":"https:\/\/www.africa-press.net\/cameroun\/politique\/cameroun-assassinat-martinez-zogo-amougou-belinga-place-a-la-prison-de-kondengui"},"modified":"2023-03-04T19:29:31","modified_gmt":"2023-03-04T19:29:31","slug":"cameroun-assassinat-martinez-zogo-amougou-belinga-place-a-la-prison-de-kondengui","status":"publish","type":"post","link":"https:\/\/www.africa-press.net\/cameroun\/toutes-les-actualites\/cameroun-assassinat-martinez-zogo-amougou-belinga-place-a-la-prison-de-kondengui","title":{"rendered":"Cameroun-Assassinat Martinez Zogo : Amougou Belinga plac\u00e9 \u00e0 la prison de Kondengui"},"content":{"rendered":"<p><span style=\"color: #ff6600\"><strong>Africa-Press &#8211; Cameroun. <\/strong><\/span><b>La nouvelle est tombe\u0301e ce samedi 04 mars 2023, Jean Pierre Amougou Belinga est envoye\u0301 a\u0300 la prison de Kondengui dans le cadre de l\u2019enque\u0302te sur l\u2019assassinat de Martinez Zogo.<\/b><\/p>\n<p>C\u2019est par un tonnerre d\u2019applaudissements, a\u0300 tre\u0300s forte \u00ab Amplitude \u00bb, que Jean Pierre Amougou Belinga a e\u0301te\u0301 accueilli ce matin a\u0300 la prison centrale de Kondengui, a\u0300 Yaounde\u0301. Causant ainsi un e\u0301norme \u00ab Embouteillage \u00bb dans son quartier d\u2019affectation. Les autres de\u0301tenus e\u0301tant avides de voir de pre\u0300s le PDG du groupe l\u2019Anecdote.<\/p>\n<p>L\u2019identite\u0301 du meurtrier du journaliste Martinez Zogo n\u2019a toujours pas e\u0301te\u0301 de\u0301voile\u0301e. Mais selon les dernie\u0300res informations en provenance du Tribunal militaire de Yaounde\u0301, Cerlin Belinga, le Commissaire du gouvernement apre\u0300s lecture du rapport d\u2019enque\u0302te pre\u0301liminaire produit par la Commission mixte gendarmerie et police trouve qu\u2019il y a assez d\u2019indices pour mettre en de\u0301tention provisoire le PDG du groupe l\u2019Anecdote Jean Pierre Amougou Belinga, le Lieutenant-colonel Justin Danwe\u0301 et tous les e\u0301le\u0301ments de la DGRE implique\u0301s dans cette affaire.<\/p>\n<p>Apre\u0300s plus d\u2019un mois d\u2019enque\u0302te, les principaux mis en cause dans cette affaire ont donc e\u0301te\u0301 place\u0301s sous mandat de de\u0301po\u0302t a\u0300 la prison principale de Yaounde\u0301. Justin Danwe, est inculpe\u0301 pour filature, enle\u0300vement et torture. Quant a\u0300 Jean Pierre Amougou Belinga, il est inculpe\u0301 de complicite\u0301 de torture avec aide. La dure\u0301e de de\u0301tention de ce dernier serait de 6 mois, car elle serait provisoire. Le patron de la DGRE, Maxime Eko Eko est e\u0301galement a\u0300 la prison principale de Kondengui. Il est accuse\u0301 d\u2019avoir joue\u0301 un ro\u0302le dans l\u2019enle\u0300vement et le meurtre du journaliste<\/p>\n<p>Par ailleurs, les autres collaborateurs de Jean Pierre Amougou Belinga qui e\u0301taient encore de\u0301tenus ont e\u0301te\u0301 tous libe\u0301re\u0301s, notamment le colonel Nsoe\u0301 et Bruno Bidjang.<\/p>\n<p><strong>Pour plus d&rsquo;informations et d&rsquo;analyses sur la <a href=\"https:\/\/www.africa-press.net\/cameroun\">Cameroun<\/a>, suivez <a href=\"https:\/\/www.africa-press.net\/\">Africa-Press<\/a><\/strong><\/p>\n","protected":false},"excerpt":{"rendered":"<p>Africa-Press &#8211; Cameroun. La nouvelle est tombe\u0301e ce samedi 04 mars 2023, Jean Pierre Amougou Belinga est envoye\u0301 a\u0300 la prison de Kondengui dans le cadre de l\u2019enque\u0302te sur l\u2019assassinat de Martinez Zogo. C\u2019est par un tonnerre d\u2019applaudissements, a\u0300 tre\u0300s forte \u00ab Amplitude \u00bb, que Jean Pierre Amougou Belinga a e\u0301te\u0301 accueilli ce matin a\u0300 [&hellip;]<\/p>\n","protected":false},"author":82,"featured_media":38376,"comment_status":"open","ping_status":"closed","sticky":false,"template":"","format":"standard","meta":{"footnotes":""},"categories":[21,20,10],"tags":[36,50,49],"class_list":["post-38378","post","type-post","status-publish","format-standard","has-post-thumbnail","hentry","category-communaute","category-top-nouvelles","category-toutes-les-actualites","tag-africa-press","tag-africa-press-cameroun","tag-cameroun"],"yoast_head":"<!-- This site is optimized with the Yoast SEO Premium plugin v26.1 (Yoast SEO v27.0) - https:\/\/yoast.com\/product\/yoast-seo-premium-wordpress\/ -->\n<title>Cameroun-Assassinat Martinez Zogo : Amougou Belinga plac\u00e9 \u00e0 la prison de Kondengui - Cameroun<\/title>\n<meta name=\"description\" content=\"La nouvelle est tombe\u0301e ce samedi 04 mars 2023, Jean Pierre Amougou Belinga est envoye\u0301 a\u0300 la prison de Kondengui dan ...\" \/>\n<meta name=\"robots\" content=\"index, follow, max-snippet:-1, max-image-preview:large, max-video-preview:-1\" \/>\n<link rel=\"canonical\" href=\"https:\/\/www.africa-press.net\/cameroun\/toutes-les-actualites\/cameroun-assassinat-martinez-zogo-amougou-belinga-place-a-la-prison-de-kondengui\" \/>\n<meta property=\"og:locale\" content=\"fr_FR\" \/>\n<meta property=\"og:type\" content=\"article\" \/>\n<meta property=\"og:title\" content=\"Cameroun-Assassinat Martinez Zogo : Amougou Belinga plac\u00e9 \u00e0 la prison de Kondengui\" \/>\n<meta property=\"og:description\" content=\"La nouvelle est tombe\u0301e ce samedi 04 mars 2023, Jean Pierre Amougou Belinga est envoye\u0301 a\u0300 la prison de Kondengui dan ...\" \/>\n<meta property=\"og:url\" content=\"https:\/\/www.africa-press.net\/cameroun\/toutes-les-actualites\/cameroun-assassinat-martinez-zogo-amougou-belinga-place-a-la-prison-de-kondengui\" \/>\n<meta property=\"og:site_name\" content=\"Cameroun\" \/>\n<meta property=\"article:published_time\" content=\"2023-03-04T18:27:41+00:00\" \/>\n<meta property=\"article:modified_time\" content=\"2023-03-04T19:29:31+00:00\" \/>\n<meta property=\"og:image\" content=\"https:\/\/static.africa-press.net\/cameroun\/sites\/57\/2023\/03\/postQueueImg_1677941864.84.jpg\" \/>\n\t<meta property=\"og:image:width\" content=\"814\" \/>\n\t<meta property=\"og:image:height\" content=\"526\" \/>\n\t<meta property=\"og:image:type\" content=\"image\/jpeg\" \/>\n<meta name=\"author\" content=\"cfeditorfr\" \/>\n<meta name=\"twitter:card\" content=\"summary_large_image\" \/>\n<meta name=\"twitter:label1\" content=\"\u00c9crit par\" \/>\n\t<meta name=\"twitter:data1\" content=\"cfeditorfr\" \/>\n\t<meta name=\"twitter:label2\" content=\"Dur\u00e9e de lecture estim\u00e9e\" \/>\n\t<meta name=\"twitter:data2\" content=\"2 minutes\" \/>\n<script type=\"application\/ld+json\" class=\"yoast-schema-graph\">{\"@context\":\"https:\/\/schema.org\",\"@graph\":[{\"@type\":\"Article\",\"@id\":\"https:\/\/www.africa-press.net\/cameroun\/toutes-les-actualites\/cameroun-assassinat-martinez-zogo-amougou-belinga-place-a-la-prison-de-kondengui#article\",\"isPartOf\":{\"@id\":\"https:\/\/www.africa-press.net\/cameroun\/toutes-les-actualites\/cameroun-assassinat-martinez-zogo-amougou-belinga-place-a-la-prison-de-kondengui\"},\"author\":{\"name\":\"cfeditorfr\",\"@id\":\"https:\/\/www.africa-press.net\/cameroun\/#\/schema\/person\/2b1cf3cd81a31e3cd26889ca66d677f1\"},\"headline\":\"Cameroun-Assassinat Martinez Zogo : Amougou Belinga plac\u00e9 \u00e0 la prison de Kondengui\",\"datePublished\":\"2023-03-04T18:27:41+00:00\",\"dateModified\":\"2023-03-04T19:29:31+00:00\",\"mainEntityOfPage\":{\"@id\":\"https:\/\/www.africa-press.net\/cameroun\/toutes-les-actualites\/cameroun-assassinat-martinez-zogo-amougou-belinga-place-a-la-prison-de-kondengui\"},\"wordCount\":354,\"commentCount\":0,\"image\":{\"@id\":\"https:\/\/www.africa-press.net\/cameroun\/toutes-les-actualites\/cameroun-assassinat-martinez-zogo-amougou-belinga-place-a-la-prison-de-kondengui#primaryimage\"},\"thumbnailUrl\":\"https:\/\/static.africa-press.net\/cameroun\/sites\/57\/2023\/03\/postQueueImg_1677941864.84.jpg\",\"keywords\":[\"Africa Press\",\"Africa Press-Cameroun\",\"Cameroun\"],\"articleSection\":[\"Communaut\u00e9\",\"Top Nouvelles\",\"Toutes les actualit\u00e9s\"],\"inLanguage\":\"fr-FR\",\"potentialAction\":[{\"@type\":\"CommentAction\",\"name\":\"Comment\",\"target\":[\"https:\/\/www.africa-press.net\/cameroun\/toutes-les-actualites\/cameroun-assassinat-martinez-zogo-amougou-belinga-place-a-la-prison-de-kondengui#respond\"]}]},{\"@type\":\"WebPage\",\"@id\":\"https:\/\/www.africa-press.net\/cameroun\/toutes-les-actualites\/cameroun-assassinat-martinez-zogo-amougou-belinga-place-a-la-prison-de-kondengui\",\"url\":\"https:\/\/www.africa-press.net\/cameroun\/toutes-les-actualites\/cameroun-assassinat-martinez-zogo-amougou-belinga-place-a-la-prison-de-kondengui\",\"name\":\"Cameroun-Assassinat Martinez Zogo : Amougou Belinga plac\u00e9 \u00e0 la prison de Kondengui - Cameroun\",\"isPartOf\":{\"@id\":\"https:\/\/www.africa-press.net\/cameroun\/#website\"},\"primaryImageOfPage\":{\"@id\":\"https:\/\/www.africa-press.net\/cameroun\/toutes-les-actualites\/cameroun-assassinat-martinez-zogo-amougou-belinga-place-a-la-prison-de-kondengui#primaryimage\"},\"image\":{\"@id\":\"https:\/\/www.africa-press.net\/cameroun\/toutes-les-actualites\/cameroun-assassinat-martinez-zogo-amougou-belinga-place-a-la-prison-de-kondengui#primaryimage\"},\"thumbnailUrl\":\"https:\/\/static.africa-press.net\/cameroun\/sites\/57\/2023\/03\/postQueueImg_1677941864.84.jpg\",\"datePublished\":\"2023-03-04T18:27:41+00:00\",\"dateModified\":\"2023-03-04T19:29:31+00:00\",\"author\":{\"@id\":\"https:\/\/www.africa-press.net\/cameroun\/#\/schema\/person\/2b1cf3cd81a31e3cd26889ca66d677f1\"},\"description\":\"La nouvelle est tombe\u0301e ce samedi 04 mars 2023, Jean Pierre Amougou Belinga est envoye\u0301 a\u0300 la prison de Kondengui dan ...\",\"breadcrumb\":{\"@id\":\"https:\/\/www.africa-press.net\/cameroun\/toutes-les-actualites\/cameroun-assassinat-martinez-zogo-amougou-belinga-place-a-la-prison-de-kondengui#breadcrumb\"},\"inLanguage\":\"fr-FR\",\"potentialAction\":[{\"@type\":\"ReadAction\",\"target\":[\"https:\/\/www.africa-press.net\/cameroun\/toutes-les-actualites\/cameroun-assassinat-martinez-zogo-amougou-belinga-place-a-la-prison-de-kondengui\"]}]},{\"@type\":\"ImageObject\",\"inLanguage\":\"fr-FR\",\"@id\":\"https:\/\/www.africa-press.net\/cameroun\/toutes-les-actualites\/cameroun-assassinat-martinez-zogo-amougou-belinga-place-a-la-prison-de-kondengui#primaryimage\",\"url\":\"https:\/\/static.africa-press.net\/cameroun\/sites\/57\/2023\/03\/postQueueImg_1677941864.84.jpg\",\"contentUrl\":\"https:\/\/static.africa-press.net\/cameroun\/sites\/57\/2023\/03\/postQueueImg_1677941864.84.jpg\",\"width\":814,\"height\":526,\"caption\":\"Cameroun-Assassinat Martinez Zogo : Amougou Belinga plac\u00e9 \u00e0 la prison de Kondengui\"},{\"@type\":\"BreadcrumbList\",\"@id\":\"https:\/\/www.africa-press.net\/cameroun\/toutes-les-actualites\/cameroun-assassinat-martinez-zogo-amougou-belinga-place-a-la-prison-de-kondengui#breadcrumb\",\"itemListElement\":[{\"@type\":\"ListItem\",\"position\":1,\"name\":\"Accueil\",\"item\":\"https:\/\/www.africa-press.net\/cameroun\/\"},{\"@type\":\"ListItem\",\"position\":2,\"name\":\"Cameroun-Assassinat Martinez Zogo : Amougou Belinga plac\u00e9 \u00e0 la prison de Kondengui\"}]},{\"@type\":\"WebSite\",\"@id\":\"https:\/\/www.africa-press.net\/cameroun\/#website\",\"url\":\"https:\/\/www.africa-press.net\/cameroun\/\",\"name\":\"Cameroun\",\"description\":\"Just another Africa News Agency Sites site\",\"potentialAction\":[{\"@type\":\"SearchAction\",\"target\":{\"@type\":\"EntryPoint\",\"urlTemplate\":\"https:\/\/www.africa-press.net\/cameroun\/?s={search_term_string}\"},\"query-input\":{\"@type\":\"PropertyValueSpecification\",\"valueRequired\":true,\"valueName\":\"search_term_string\"}}],\"inLanguage\":\"fr-FR\"},{\"@type\":\"Person\",\"@id\":\"https:\/\/www.africa-press.net\/cameroun\/#\/schema\/person\/2b1cf3cd81a31e3cd26889ca66d677f1\",\"name\":\"cfeditorfr\"}]}<\/script>\n<!-- \/ Yoast SEO Premium plugin. -->","yoast_head_json":{"title":"Cameroun-Assassinat Martinez Zogo : Amougou Belinga plac\u00e9 \u00e0 la prison de Kondengui - Cameroun","description":"La nouvelle est tombe\u0301e ce samedi 04 mars 2023, Jean Pierre Amougou Belinga est envoye\u0301 a\u0300 la prison de Kondengui dan ...","robots":{"index":"index","follow":"follow","max-snippet":"max-snippet:-1","max-image-preview":"max-image-preview:large","max-video-preview":"max-video-preview:-1"},"canonical":"https:\/\/www.africa-press.net\/cameroun\/toutes-les-actualites\/cameroun-assassinat-martinez-zogo-amougou-belinga-place-a-la-prison-de-kondengui","og_locale":"fr_FR","og_type":"article","og_title":"Cameroun-Assassinat Martinez Zogo : Amougou Belinga plac\u00e9 \u00e0 la prison de Kondengui","og_description":"La nouvelle est tombe\u0301e ce samedi 04 mars 2023, Jean Pierre Amougou Belinga est envoye\u0301 a\u0300 la prison de Kondengui dan ...","og_url":"https:\/\/www.africa-press.net\/cameroun\/toutes-les-actualites\/cameroun-assassinat-martinez-zogo-amougou-belinga-place-a-la-prison-de-kondengui","og_site_name":"Cameroun","article_published_time":"2023-03-04T18:27:41+00:00","article_modified_time":"2023-03-04T19:29:31+00:00","og_image":[{"width":814,"height":526,"url":"https:\/\/static.africa-press.net\/cameroun\/sites\/57\/2023\/03\/postQueueImg_1677941864.84.jpg","type":"image\/jpeg"}],"author":"cfeditorfr","twitter_card":"summary_large_image","twitter_misc":{"\u00c9crit par":"cfeditorfr","Dur\u00e9e de lecture estim\u00e9e":"2 minutes"},"schema":{"@context":"https:\/\/schema.org","@graph":[{"@type":"Article","@id":"https:\/\/www.africa-press.net\/cameroun\/toutes-les-actualites\/cameroun-assassinat-martinez-zogo-amougou-belinga-place-a-la-prison-de-kondengui#article","isPartOf":{"@id":"https:\/\/www.africa-press.net\/cameroun\/toutes-les-actualites\/cameroun-assassinat-martinez-zogo-amougou-belinga-place-a-la-prison-de-kondengui"},"author":{"name":"cfeditorfr","@id":"https:\/\/www.africa-press.net\/cameroun\/#\/schema\/person\/2b1cf3cd81a31e3cd26889ca66d677f1"},"headline":"Cameroun-Assassinat Martinez Zogo : Amougou Belinga plac\u00e9 \u00e0 la prison de Kondengui","datePublished":"2023-03-04T18:27:41+00:00","dateModified":"2023-03-04T19:29:31+00:00","mainEntityOfPage":{"@id":"https:\/\/www.africa-press.net\/cameroun\/toutes-les-actualites\/cameroun-assassinat-martinez-zogo-amougou-belinga-place-a-la-prison-de-kondengui"},"wordCount":354,"commentCount":0,"image":{"@id":"https:\/\/www.africa-press.net\/cameroun\/toutes-les-actualites\/cameroun-assassinat-martinez-zogo-amougou-belinga-place-a-la-prison-de-kondengui#primaryimage"},"thumbnailUrl":"https:\/\/static.africa-press.net\/cameroun\/sites\/57\/2023\/03\/postQueueImg_1677941864.84.jpg","keywords":["Africa Press","Africa Press-Cameroun","Cameroun"],"articleSection":["Communaut\u00e9","Top Nouvelles","Toutes les actualit\u00e9s"],"inLanguage":"fr-FR","potentialAction":[{"@type":"CommentAction","name":"Comment","target":["https:\/\/www.africa-press.net\/cameroun\/toutes-les-actualites\/cameroun-assassinat-martinez-zogo-amougou-belinga-place-a-la-prison-de-kondengui#respond"]}]},{"@type":"WebPage","@id":"https:\/\/www.africa-press.net\/cameroun\/toutes-les-actualites\/cameroun-assassinat-martinez-zogo-amougou-belinga-place-a-la-prison-de-kondengui","url":"https:\/\/www.africa-press.net\/cameroun\/toutes-les-actualites\/cameroun-assassinat-martinez-zogo-amougou-belinga-place-a-la-prison-de-kondengui","name":"Cameroun-Assassinat Martinez Zogo : Amougou Belinga plac\u00e9 \u00e0 la prison de Kondengui - Cameroun","isPartOf":{"@id":"https:\/\/www.africa-press.net\/cameroun\/#website"},"primaryImageOfPage":{"@id":"https:\/\/www.africa-press.net\/cameroun\/toutes-les-actualites\/cameroun-assassinat-martinez-zogo-amougou-belinga-place-a-la-prison-de-kondengui#primaryimage"},"image":{"@id":"https:\/\/www.africa-press.net\/cameroun\/toutes-les-actualites\/cameroun-assassinat-martinez-zogo-amougou-belinga-place-a-la-prison-de-kondengui#primaryimage"},"thumbnailUrl":"https:\/\/static.africa-press.net\/cameroun\/sites\/57\/2023\/03\/postQueueImg_1677941864.84.jpg","datePublished":"2023-03-04T18:27:41+00:00","dateModified":"2023-03-04T19:29:31+00:00","author":{"@id":"https:\/\/www.africa-press.net\/cameroun\/#\/schema\/person\/2b1cf3cd81a31e3cd26889ca66d677f1"},"description":"La nouvelle est tombe\u0301e ce samedi 04 mars 2023, Jean Pierre Amougou Belinga est envoye\u0301 a\u0300 la prison de Kondengui dan ...","breadcrumb":{"@id":"https:\/\/www.africa-press.net\/cameroun\/toutes-les-actualites\/cameroun-assassinat-martinez-zogo-amougou-belinga-place-a-la-prison-de-kondengui#breadcrumb"},"inLanguage":"fr-FR","potentialAction":[{"@type":"ReadAction","target":["https:\/\/www.africa-press.net\/cameroun\/toutes-les-actualites\/cameroun-assassinat-martinez-zogo-amougou-belinga-place-a-la-prison-de-kondengui"]}]},{"@type":"ImageObject","inLanguage":"fr-FR","@id":"https:\/\/www.africa-press.net\/cameroun\/toutes-les-actualites\/cameroun-assassinat-martinez-zogo-amougou-belinga-place-a-la-prison-de-kondengui#primaryimage","url":"https:\/\/static.africa-press.net\/cameroun\/sites\/57\/2023\/03\/postQueueImg_1677941864.84.jpg","contentUrl":"https:\/\/static.africa-press.net\/cameroun\/sites\/57\/2023\/03\/postQueueImg_1677941864.84.jpg","width":814,"height":526,"caption":"Cameroun-Assassinat Martinez Zogo : Amougou Belinga plac\u00e9 \u00e0 la prison de Kondengui"},{"@type":"BreadcrumbList","@id":"https:\/\/www.africa-press.net\/cameroun\/toutes-les-actualites\/cameroun-assassinat-martinez-zogo-amougou-belinga-place-a-la-prison-de-kondengui#breadcrumb","itemListElement":[{"@type":"ListItem","position":1,"name":"Accueil","item":"https:\/\/www.africa-press.net\/cameroun\/"},{"@type":"ListItem","position":2,"name":"Cameroun-Assassinat Martinez Zogo : Amougou Belinga plac\u00e9 \u00e0 la prison de Kondengui"}]},{"@type":"WebSite","@id":"https:\/\/www.africa-press.net\/cameroun\/#website","url":"https:\/\/www.africa-press.net\/cameroun\/","name":"Cameroun","description":"Just another Africa News Agency Sites site","potentialAction":[{"@type":"SearchAction","target":{"@type":"EntryPoint","urlTemplate":"https:\/\/www.africa-press.net\/cameroun\/?s={search_term_string}"},"query-input":{"@type":"PropertyValueSpecification","valueRequired":true,"valueName":"search_term_string"}}],"inLanguage":"fr-FR"},{"@type":"Person","@id":"https:\/\/www.africa-press.net\/cameroun\/#\/schema\/person\/2b1cf3cd81a31e3cd26889ca66d677f1","name":"cfeditorfr"}]}},"_links":{"self":[{"href":"https:\/\/www.africa-press.net\/cameroun\/wp-json\/wp\/v2\/posts\/38378","targetHints":{"allow":["GET"]}}],"collection":[{"href":"https:\/\/www.africa-press.net\/cameroun\/wp-json\/wp\/v2\/posts"}],"about":[{"href":"https:\/\/www.africa-press.net\/cameroun\/wp-json\/wp\/v2\/types\/post"}],"author":[{"embeddable":true,"href":"https:\/\/www.africa-press.net\/cameroun\/wp-json\/wp\/v2\/users\/82"}],"replies":[{"embeddable":true,"href":"https:\/\/www.africa-press.net\/cameroun\/wp-json\/wp\/v2\/comments?post=38378"}],"version-history":[{"count":0,"href":"https:\/\/www.africa-press.net\/cameroun\/wp-json\/wp\/v2\/posts\/38378\/revisions"}],"wp:featuredmedia":[{"embeddable":true,"href":"https:\/\/www.africa-press.net\/cameroun\/wp-json\/wp\/v2\/media\/38376"}],"wp:attachment":[{"href":"https:\/\/www.africa-press.net\/cameroun\/wp-json\/wp\/v2\/media?parent=38378"}],"wp:term":[{"taxonomy":"category","embeddable":true,"href":"https:\/\/www.africa-press.net\/cameroun\/wp-json\/wp\/v2\/categories?post=38378"},{"taxonomy":"post_tag","embeddable":true,"href":"https:\/\/www.africa-press.net\/cameroun\/wp-json\/wp\/v2\/tags?post=38378"}],"curies":[{"name":"wp","href":"https:\/\/api.w.org\/{rel}","templated":true}]}}