{"id":38382,"date":"2023-03-04T18:35:59","date_gmt":"2023-03-04T18:35:59","guid":{"rendered":"https:\/\/www.africa-press.net\/cameroun\/politique\/afrique-ce-qui-fait-courir-emmanuel-macron"},"modified":"2023-03-04T19:47:30","modified_gmt":"2023-03-04T19:47:30","slug":"afrique-ce-qui-fait-courir-emmanuel-macron","status":"publish","type":"post","link":"https:\/\/www.africa-press.net\/cameroun\/dossiers\/afrique-ce-qui-fait-courir-emmanuel-macron","title":{"rendered":"Afrique \u2013 Ce qui fait courir Emmanuel Macron"},"content":{"rendered":"<p><span style=\"color: #ff6600\"><strong>Africa-Press &#8211; Cameroun. <\/strong><\/span><b>Depuis le 1er Mars dernier, le Chef de l\u2019Etat franc\u0327ais a de\u0301serte\u0301 l\u2019Elyse\u0301e pour un pe\u0301riple de 5 jours en Afrique centrale, notamment au Gabon, en Angola, au Congo et en Re\u0301publique De\u0301mocratique du Congo. Un voyage au pas de charge qui suscite des interrogations quant aux objectifs.<\/b><\/p>\n<p>En pre\u0301lude a\u0300 son se\u0301jour dans les pays e\u0301voque\u0301s ci-dessus, Emmanuel Macron avait lors de son allocution relative a\u0300 la politique franc\u0327aise en Afrique, de\u0301clare\u0301 que son pays n\u2019avait plus de pre\u0301-carre\u0301 sur le continent. Seulement un de\u0301cryptage sommaire de sa nouvelle randonne\u0301e laisse croire que la France n\u2019est pas pre\u0302te a\u0300 la\u0302cher du lest.<\/p>\n<p>Le Pre\u0301sident franc\u0327ais en cinq jours est en train de parcourir plusieurs Etats africains. C\u2019est un secret de polichinelle de\u0301sormais : \u00ab les Etats n\u2019ont pas d\u2019amis ; ils n\u2019ont que des inte\u0301re\u0302ts \u00bb. En re\u0301alite\u0301, Emmanuel Macron ne peut entamer ce voyage et le justifier valablement aux yeux des franc\u0327ais que si le retour financier et e\u0301conomique va au be\u0301ne\u0301fice de la France.<\/p>\n<p>A l\u2019analyse, de toutes les e\u0301tapes de ce se\u0301jour, seule celle angolaise et dans une certaine mesure l\u2019e\u0301tape gabonaise sont susceptibles de se\u0301rieuses retombe\u0301es financie\u0300res et e\u0301conomiques. Au Gabon, les entreprises franc\u0327aises peuvent se positionner dans l\u2019exploitation des fore\u0302ts et les technologies de pre\u0301servation des zones forestie\u0300res sensibles. De me\u0302me en Angola, les inte\u0301re\u0302ts financiers sont officiellement affiche\u0301s.<\/p>\n<p>En revanche, l\u2019e\u0301tape congolaise apparait comme un souci de pre\u0301server la francafrique de Sassou-Nguesso. Il ne faut pas fa\u0302cher, encore moins frustrer le vieil ami Nguesso. Pour quelques heures de visite de son homologue franc\u0327ais, le congolais a organise\u0301 une re\u0301ception pompeuse. De toute e\u0301vidence, le peuple franc\u0327ais sait comment voter pour permettre l\u2019alternance politique. Une chose que les congolais ne savent pas faire puisqu\u2019ils continuent de voter depuis plusieurs de\u0301cennies pour le me\u0302me Sassou-Nguesso. Par ailleurs, il e\u0301tait ne\u0301cessaire pour Emmanuel Macron d\u2019aller ta\u0302ter le pouls de la diplomatie de la RDC.<\/p>\n<p>Somme toute, les revers diplomatiques que connait la France en Afrique de l\u2019Ouest imposent a\u0300 Emmanuel Macron une course contre la montre. Il faut sauver les meubles pour ne pas s\u2019inscrire dans l\u2019histoire comme le Chef d\u2019Etat qui a fait perdre l\u2019Afrique a\u0300 la France.<\/p>\n<p><strong>Pour plus d&rsquo;informations et d&rsquo;analyses sur la <a href=\"https:\/\/www.africa-press.net\/cameroun\">Cameroun<\/a>, suivez <a href=\"https:\/\/www.africa-press.net\/\">Africa-Press<\/a><\/strong><\/p>\n","protected":false},"excerpt":{"rendered":"<p>Africa-Press &#8211; Cameroun. Depuis le 1er Mars dernier, le Chef de l\u2019Etat franc\u0327ais a de\u0301serte\u0301 l\u2019Elyse\u0301e pour un pe\u0301riple de 5 jours en Afrique centrale, notamment au Gabon, en Angola, au Congo et en Re\u0301publique De\u0301mocratique du Congo. Un voyage au pas de charge qui suscite des interrogations quant aux objectifs. En pre\u0301lude a\u0300 son [&hellip;]<\/p>\n","protected":false},"author":82,"featured_media":38381,"comment_status":"open","ping_status":"closed","sticky":false,"template":"","format":"standard","meta":{"footnotes":""},"categories":[7,10],"tags":[36,50,49],"class_list":["post-38382","post","type-post","status-publish","format-standard","has-post-thumbnail","hentry","category-dossiers","category-toutes-les-actualites","tag-africa-press","tag-africa-press-cameroun","tag-cameroun"],"yoast_head":"<!-- This site is optimized with the Yoast SEO Premium plugin v26.1 (Yoast SEO v27.0) - https:\/\/yoast.com\/product\/yoast-seo-premium-wordpress\/ -->\n<title>Afrique \u2013 Ce qui fait courir Emmanuel Macron - Cameroun<\/title>\n<meta name=\"description\" content=\"Depuis le 1er Mars dernier, le Chef de l\u2019Etat franc\u0327ais a de\u0301serte\u0301 l\u2019Elyse\u0301e pour un pe\u0301riple de 5 jours en Afrique ...\" \/>\n<meta name=\"robots\" content=\"index, follow, max-snippet:-1, max-image-preview:large, max-video-preview:-1\" \/>\n<link rel=\"canonical\" href=\"https:\/\/www.africa-press.net\/cameroun\/dossiers\/afrique-ce-qui-fait-courir-emmanuel-macron\" \/>\n<meta property=\"og:locale\" content=\"fr_FR\" \/>\n<meta property=\"og:type\" content=\"article\" \/>\n<meta property=\"og:title\" content=\"Afrique \u2013 Ce qui fait courir Emmanuel Macron\" \/>\n<meta property=\"og:description\" content=\"Depuis le 1er Mars dernier, le Chef de l\u2019Etat franc\u0327ais a de\u0301serte\u0301 l\u2019Elyse\u0301e pour un pe\u0301riple de 5 jours en Afrique ...\" \/>\n<meta property=\"og:url\" content=\"https:\/\/www.africa-press.net\/cameroun\/dossiers\/afrique-ce-qui-fait-courir-emmanuel-macron\" \/>\n<meta property=\"og:site_name\" content=\"Cameroun\" \/>\n<meta property=\"article:published_time\" content=\"2023-03-04T18:35:59+00:00\" \/>\n<meta property=\"article:modified_time\" content=\"2023-03-04T19:47:30+00:00\" \/>\n<meta property=\"og:image\" content=\"https:\/\/static.africa-press.net\/cameroun\/sites\/57\/2023\/03\/postQueueImg_1677942366.98.jpg\" \/>\n\t<meta property=\"og:image:width\" content=\"1212\" \/>\n\t<meta property=\"og:image:height\" content=\"800\" \/>\n\t<meta property=\"og:image:type\" content=\"image\/jpeg\" \/>\n<meta name=\"author\" content=\"cfeditorfr\" \/>\n<meta name=\"twitter:card\" content=\"summary_large_image\" \/>\n<meta name=\"twitter:label1\" content=\"\u00c9crit par\" \/>\n\t<meta name=\"twitter:data1\" content=\"cfeditorfr\" \/>\n\t<meta name=\"twitter:label2\" content=\"Dur\u00e9e de lecture estim\u00e9e\" \/>\n\t<meta name=\"twitter:data2\" content=\"2 minutes\" \/>\n<script type=\"application\/ld+json\" class=\"yoast-schema-graph\">{\"@context\":\"https:\/\/schema.org\",\"@graph\":[{\"@type\":\"Article\",\"@id\":\"https:\/\/www.africa-press.net\/cameroun\/dossiers\/afrique-ce-qui-fait-courir-emmanuel-macron#article\",\"isPartOf\":{\"@id\":\"https:\/\/www.africa-press.net\/cameroun\/dossiers\/afrique-ce-qui-fait-courir-emmanuel-macron\"},\"author\":{\"name\":\"cfeditorfr\",\"@id\":\"https:\/\/www.africa-press.net\/cameroun\/#\/schema\/person\/2b1cf3cd81a31e3cd26889ca66d677f1\"},\"headline\":\"Afrique \u2013 Ce qui fait courir Emmanuel Macron\",\"datePublished\":\"2023-03-04T18:35:59+00:00\",\"dateModified\":\"2023-03-04T19:47:30+00:00\",\"mainEntityOfPage\":{\"@id\":\"https:\/\/www.africa-press.net\/cameroun\/dossiers\/afrique-ce-qui-fait-courir-emmanuel-macron\"},\"wordCount\":454,\"commentCount\":0,\"image\":{\"@id\":\"https:\/\/www.africa-press.net\/cameroun\/dossiers\/afrique-ce-qui-fait-courir-emmanuel-macron#primaryimage\"},\"thumbnailUrl\":\"https:\/\/static.africa-press.net\/cameroun\/sites\/57\/2023\/03\/postQueueImg_1677942366.98.jpg\",\"keywords\":[\"Africa Press\",\"Africa Press-Cameroun\",\"Cameroun\"],\"articleSection\":[\"Dossiers\",\"Toutes les actualit\u00e9s\"],\"inLanguage\":\"fr-FR\",\"potentialAction\":[{\"@type\":\"CommentAction\",\"name\":\"Comment\",\"target\":[\"https:\/\/www.africa-press.net\/cameroun\/dossiers\/afrique-ce-qui-fait-courir-emmanuel-macron#respond\"]}]},{\"@type\":\"WebPage\",\"@id\":\"https:\/\/www.africa-press.net\/cameroun\/dossiers\/afrique-ce-qui-fait-courir-emmanuel-macron\",\"url\":\"https:\/\/www.africa-press.net\/cameroun\/dossiers\/afrique-ce-qui-fait-courir-emmanuel-macron\",\"name\":\"Afrique \u2013 Ce qui fait courir Emmanuel Macron - Cameroun\",\"isPartOf\":{\"@id\":\"https:\/\/www.africa-press.net\/cameroun\/#website\"},\"primaryImageOfPage\":{\"@id\":\"https:\/\/www.africa-press.net\/cameroun\/dossiers\/afrique-ce-qui-fait-courir-emmanuel-macron#primaryimage\"},\"image\":{\"@id\":\"https:\/\/www.africa-press.net\/cameroun\/dossiers\/afrique-ce-qui-fait-courir-emmanuel-macron#primaryimage\"},\"thumbnailUrl\":\"https:\/\/static.africa-press.net\/cameroun\/sites\/57\/2023\/03\/postQueueImg_1677942366.98.jpg\",\"datePublished\":\"2023-03-04T18:35:59+00:00\",\"dateModified\":\"2023-03-04T19:47:30+00:00\",\"author\":{\"@id\":\"https:\/\/www.africa-press.net\/cameroun\/#\/schema\/person\/2b1cf3cd81a31e3cd26889ca66d677f1\"},\"description\":\"Depuis le 1er Mars dernier, le Chef de l\u2019Etat franc\u0327ais a de\u0301serte\u0301 l\u2019Elyse\u0301e pour un pe\u0301riple de 5 jours en Afrique ...\",\"breadcrumb\":{\"@id\":\"https:\/\/www.africa-press.net\/cameroun\/dossiers\/afrique-ce-qui-fait-courir-emmanuel-macron#breadcrumb\"},\"inLanguage\":\"fr-FR\",\"potentialAction\":[{\"@type\":\"ReadAction\",\"target\":[\"https:\/\/www.africa-press.net\/cameroun\/dossiers\/afrique-ce-qui-fait-courir-emmanuel-macron\"]}]},{\"@type\":\"ImageObject\",\"inLanguage\":\"fr-FR\",\"@id\":\"https:\/\/www.africa-press.net\/cameroun\/dossiers\/afrique-ce-qui-fait-courir-emmanuel-macron#primaryimage\",\"url\":\"https:\/\/static.africa-press.net\/cameroun\/sites\/57\/2023\/03\/postQueueImg_1677942366.98.jpg\",\"contentUrl\":\"https:\/\/static.africa-press.net\/cameroun\/sites\/57\/2023\/03\/postQueueImg_1677942366.98.jpg\",\"width\":1212,\"height\":800,\"caption\":\"Afrique \u2013 Ce qui fait courir Emmanuel Macron\"},{\"@type\":\"BreadcrumbList\",\"@id\":\"https:\/\/www.africa-press.net\/cameroun\/dossiers\/afrique-ce-qui-fait-courir-emmanuel-macron#breadcrumb\",\"itemListElement\":[{\"@type\":\"ListItem\",\"position\":1,\"name\":\"Accueil\",\"item\":\"https:\/\/www.africa-press.net\/cameroun\/\"},{\"@type\":\"ListItem\",\"position\":2,\"name\":\"Afrique \u2013 Ce qui fait courir Emmanuel Macron\"}]},{\"@type\":\"WebSite\",\"@id\":\"https:\/\/www.africa-press.net\/cameroun\/#website\",\"url\":\"https:\/\/www.africa-press.net\/cameroun\/\",\"name\":\"Cameroun\",\"description\":\"Just another Africa News Agency Sites site\",\"potentialAction\":[{\"@type\":\"SearchAction\",\"target\":{\"@type\":\"EntryPoint\",\"urlTemplate\":\"https:\/\/www.africa-press.net\/cameroun\/?s={search_term_string}\"},\"query-input\":{\"@type\":\"PropertyValueSpecification\",\"valueRequired\":true,\"valueName\":\"search_term_string\"}}],\"inLanguage\":\"fr-FR\"},{\"@type\":\"Person\",\"@id\":\"https:\/\/www.africa-press.net\/cameroun\/#\/schema\/person\/2b1cf3cd81a31e3cd26889ca66d677f1\",\"name\":\"cfeditorfr\"}]}<\/script>\n<!-- \/ Yoast SEO Premium plugin. -->","yoast_head_json":{"title":"Afrique \u2013 Ce qui fait courir Emmanuel Macron - Cameroun","description":"Depuis le 1er Mars dernier, le Chef de l\u2019Etat franc\u0327ais a de\u0301serte\u0301 l\u2019Elyse\u0301e pour un pe\u0301riple de 5 jours en Afrique ...","robots":{"index":"index","follow":"follow","max-snippet":"max-snippet:-1","max-image-preview":"max-image-preview:large","max-video-preview":"max-video-preview:-1"},"canonical":"https:\/\/www.africa-press.net\/cameroun\/dossiers\/afrique-ce-qui-fait-courir-emmanuel-macron","og_locale":"fr_FR","og_type":"article","og_title":"Afrique \u2013 Ce qui fait courir Emmanuel Macron","og_description":"Depuis le 1er Mars dernier, le Chef de l\u2019Etat franc\u0327ais a de\u0301serte\u0301 l\u2019Elyse\u0301e pour un pe\u0301riple de 5 jours en Afrique ...","og_url":"https:\/\/www.africa-press.net\/cameroun\/dossiers\/afrique-ce-qui-fait-courir-emmanuel-macron","og_site_name":"Cameroun","article_published_time":"2023-03-04T18:35:59+00:00","article_modified_time":"2023-03-04T19:47:30+00:00","og_image":[{"width":1212,"height":800,"url":"https:\/\/static.africa-press.net\/cameroun\/sites\/57\/2023\/03\/postQueueImg_1677942366.98.jpg","type":"image\/jpeg"}],"author":"cfeditorfr","twitter_card":"summary_large_image","twitter_misc":{"\u00c9crit par":"cfeditorfr","Dur\u00e9e de lecture estim\u00e9e":"2 minutes"},"schema":{"@context":"https:\/\/schema.org","@graph":[{"@type":"Article","@id":"https:\/\/www.africa-press.net\/cameroun\/dossiers\/afrique-ce-qui-fait-courir-emmanuel-macron#article","isPartOf":{"@id":"https:\/\/www.africa-press.net\/cameroun\/dossiers\/afrique-ce-qui-fait-courir-emmanuel-macron"},"author":{"name":"cfeditorfr","@id":"https:\/\/www.africa-press.net\/cameroun\/#\/schema\/person\/2b1cf3cd81a31e3cd26889ca66d677f1"},"headline":"Afrique \u2013 Ce qui fait courir Emmanuel Macron","datePublished":"2023-03-04T18:35:59+00:00","dateModified":"2023-03-04T19:47:30+00:00","mainEntityOfPage":{"@id":"https:\/\/www.africa-press.net\/cameroun\/dossiers\/afrique-ce-qui-fait-courir-emmanuel-macron"},"wordCount":454,"commentCount":0,"image":{"@id":"https:\/\/www.africa-press.net\/cameroun\/dossiers\/afrique-ce-qui-fait-courir-emmanuel-macron#primaryimage"},"thumbnailUrl":"https:\/\/static.africa-press.net\/cameroun\/sites\/57\/2023\/03\/postQueueImg_1677942366.98.jpg","keywords":["Africa Press","Africa Press-Cameroun","Cameroun"],"articleSection":["Dossiers","Toutes les actualit\u00e9s"],"inLanguage":"fr-FR","potentialAction":[{"@type":"CommentAction","name":"Comment","target":["https:\/\/www.africa-press.net\/cameroun\/dossiers\/afrique-ce-qui-fait-courir-emmanuel-macron#respond"]}]},{"@type":"WebPage","@id":"https:\/\/www.africa-press.net\/cameroun\/dossiers\/afrique-ce-qui-fait-courir-emmanuel-macron","url":"https:\/\/www.africa-press.net\/cameroun\/dossiers\/afrique-ce-qui-fait-courir-emmanuel-macron","name":"Afrique \u2013 Ce qui fait courir Emmanuel Macron - Cameroun","isPartOf":{"@id":"https:\/\/www.africa-press.net\/cameroun\/#website"},"primaryImageOfPage":{"@id":"https:\/\/www.africa-press.net\/cameroun\/dossiers\/afrique-ce-qui-fait-courir-emmanuel-macron#primaryimage"},"image":{"@id":"https:\/\/www.africa-press.net\/cameroun\/dossiers\/afrique-ce-qui-fait-courir-emmanuel-macron#primaryimage"},"thumbnailUrl":"https:\/\/static.africa-press.net\/cameroun\/sites\/57\/2023\/03\/postQueueImg_1677942366.98.jpg","datePublished":"2023-03-04T18:35:59+00:00","dateModified":"2023-03-04T19:47:30+00:00","author":{"@id":"https:\/\/www.africa-press.net\/cameroun\/#\/schema\/person\/2b1cf3cd81a31e3cd26889ca66d677f1"},"description":"Depuis le 1er Mars dernier, le Chef de l\u2019Etat franc\u0327ais a de\u0301serte\u0301 l\u2019Elyse\u0301e pour un pe\u0301riple de 5 jours en Afrique ...","breadcrumb":{"@id":"https:\/\/www.africa-press.net\/cameroun\/dossiers\/afrique-ce-qui-fait-courir-emmanuel-macron#breadcrumb"},"inLanguage":"fr-FR","potentialAction":[{"@type":"ReadAction","target":["https:\/\/www.africa-press.net\/cameroun\/dossiers\/afrique-ce-qui-fait-courir-emmanuel-macron"]}]},{"@type":"ImageObject","inLanguage":"fr-FR","@id":"https:\/\/www.africa-press.net\/cameroun\/dossiers\/afrique-ce-qui-fait-courir-emmanuel-macron#primaryimage","url":"https:\/\/static.africa-press.net\/cameroun\/sites\/57\/2023\/03\/postQueueImg_1677942366.98.jpg","contentUrl":"https:\/\/static.africa-press.net\/cameroun\/sites\/57\/2023\/03\/postQueueImg_1677942366.98.jpg","width":1212,"height":800,"caption":"Afrique \u2013 Ce qui fait courir Emmanuel Macron"},{"@type":"BreadcrumbList","@id":"https:\/\/www.africa-press.net\/cameroun\/dossiers\/afrique-ce-qui-fait-courir-emmanuel-macron#breadcrumb","itemListElement":[{"@type":"ListItem","position":1,"name":"Accueil","item":"https:\/\/www.africa-press.net\/cameroun\/"},{"@type":"ListItem","position":2,"name":"Afrique \u2013 Ce qui fait courir Emmanuel Macron"}]},{"@type":"WebSite","@id":"https:\/\/www.africa-press.net\/cameroun\/#website","url":"https:\/\/www.africa-press.net\/cameroun\/","name":"Cameroun","description":"Just another Africa News Agency Sites site","potentialAction":[{"@type":"SearchAction","target":{"@type":"EntryPoint","urlTemplate":"https:\/\/www.africa-press.net\/cameroun\/?s={search_term_string}"},"query-input":{"@type":"PropertyValueSpecification","valueRequired":true,"valueName":"search_term_string"}}],"inLanguage":"fr-FR"},{"@type":"Person","@id":"https:\/\/www.africa-press.net\/cameroun\/#\/schema\/person\/2b1cf3cd81a31e3cd26889ca66d677f1","name":"cfeditorfr"}]}},"_links":{"self":[{"href":"https:\/\/www.africa-press.net\/cameroun\/wp-json\/wp\/v2\/posts\/38382","targetHints":{"allow":["GET"]}}],"collection":[{"href":"https:\/\/www.africa-press.net\/cameroun\/wp-json\/wp\/v2\/posts"}],"about":[{"href":"https:\/\/www.africa-press.net\/cameroun\/wp-json\/wp\/v2\/types\/post"}],"author":[{"embeddable":true,"href":"https:\/\/www.africa-press.net\/cameroun\/wp-json\/wp\/v2\/users\/82"}],"replies":[{"embeddable":true,"href":"https:\/\/www.africa-press.net\/cameroun\/wp-json\/wp\/v2\/comments?post=38382"}],"version-history":[{"count":0,"href":"https:\/\/www.africa-press.net\/cameroun\/wp-json\/wp\/v2\/posts\/38382\/revisions"}],"wp:featuredmedia":[{"embeddable":true,"href":"https:\/\/www.africa-press.net\/cameroun\/wp-json\/wp\/v2\/media\/38381"}],"wp:attachment":[{"href":"https:\/\/www.africa-press.net\/cameroun\/wp-json\/wp\/v2\/media?parent=38382"}],"wp:term":[{"taxonomy":"category","embeddable":true,"href":"https:\/\/www.africa-press.net\/cameroun\/wp-json\/wp\/v2\/categories?post=38382"},{"taxonomy":"post_tag","embeddable":true,"href":"https:\/\/www.africa-press.net\/cameroun\/wp-json\/wp\/v2\/tags?post=38382"}],"curies":[{"name":"wp","href":"https:\/\/api.w.org\/{rel}","templated":true}]}}