{"id":38388,"date":"2023-03-05T20:11:55","date_gmt":"2023-03-05T20:11:55","guid":{"rendered":"https:\/\/www.africa-press.net\/cameroun\/politique\/cameroun-ae-bras-de-fer-a-laeuniversita-de-ngaoundaraa-le-contraleur-financier-rappelle-a-madame-le-recteur-quaeil-est-temps-quae"},"modified":"2023-03-05T20:29:18","modified_gmt":"2023-03-05T20:29:18","slug":"cameroun-ae-bras-de-fer-a-laeuniversita-de-ngaoundaraa-le-contraleur-financier-rappelle-a-madame-le-recteur-quaeil-est-temps-quae","status":"publish","type":"post","link":"https:\/\/www.africa-press.net\/cameroun\/toutes-les-actualites\/cameroun-ae-bras-de-fer-a-laeuniversita-de-ngaoundaraa-le-contraleur-financier-rappelle-a-madame-le-recteur-quaeil-est-temps-quae","title":{"rendered":"Cameroun \u00e2\u20ac\u201c Bras de fer \u00c3\u00a0 l\u00e2\u20ac\u2122Universit\u00c3\u00a9 de Ngaound\u00c3\u00a9r\u00c3\u00a9\u00c2\u00a0: Le Contr\u00c3\u00b4leur financier rappelle \u00c3\u00a0 Madame le Recteur qu\u00e2\u20ac\u2122il est temps qu\u00e2\u20ac\u2122elle parte \u00c3\u00a0 la retraite."},"content":{"rendered":"<p><span style=\"color: #ff6600\"><strong>Africa-Press &#8211; Cameroun. <\/strong><\/span>L\u2019argentier de la premie\u0300re universite\u0301 publique du Septentrion camerounais a interpelle\u0301 sur un ton brutal la cheffe de l\u2019institution, le Professeur Florence CHINJE e\u0301pse MELO, parce que cette dernie\u0300re a continue\u0301 a\u0300 ordonner certaines de\u0301penses alors qu\u2019elle a atteint l\u2019a\u0302ge le\u0301gal de de\u0301part a\u0300 la retraite.<\/p>\n<p>\u00ab Visiblement, le contro\u0302leur ne veut pas prendre le risque de tomber dans une faute de gestion et se retrouver en prison. Alors il convoque un de\u0301cret lie\u0301 a\u0300 son cas pour dire a\u0300 Madame le Recteur qu\u2019elle ne peut plus engager le budget maintenant qu\u2019elle a atteint l\u2019a\u0302ge d\u2019aller a\u0300 la retraite \u00bb analyse un fonctionnaire en service a\u0300 l\u2019Universite\u0301 de Ngaounde\u0301re\u0301.<\/p>\n<p>\u00ab Vous savez, le Recteur dont la tutelle est le Ministe\u0300re de l\u2019enseignement supe\u0301rieur, est l\u2019ordonnateur principal des de\u0301penses et le contro\u0302leur financier qui de\u0301pend du Ministe\u0300re des Finances est le responsable qui s\u2019assure de la conformite\u0301 des sorties des fonds sollicite\u0301s par le Recteur \u00bb ajoute notre source.<\/p>\n<p>Ce conflit a bloque\u0301 en partie la gestion financie\u0300re de cette universite\u0301. Il pourrait impacter les pre\u0301paratifs des prochains Jeux universitaires pre\u0301vus en avril &#8211; mai 2023 a\u0300 Ngaounde\u0301re\u0301. \u00ab En attendant qu\u2019une solution soit trouve\u0301e, le Ministre de tutelle peut engager certaines de\u0301penses comme les salaires du personnel par exemple \u00bb indique notre source.<\/p>\n<p><b>Copie lettre du contro\u0302leur financier au Recteur.<\/b><\/p>\n<p><strong>Pour plus d&rsquo;informations et d&rsquo;analyses sur la <a href=\"https:\/\/www.africa-press.net\/cameroun\">Cameroun<\/a>, suivez <a href=\"https:\/\/www.africa-press.net\/\">Africa-Press<\/a><\/strong><\/p>\n","protected":false},"excerpt":{"rendered":"<p>Africa-Press &#8211; Cameroun. L\u2019argentier de la premie\u0300re universite\u0301 publique du Septentrion camerounais a interpelle\u0301 sur un ton brutal la cheffe de l\u2019institution, le Professeur Florence CHINJE e\u0301pse MELO, parce que cette dernie\u0300re a continue\u0301 a\u0300 ordonner certaines de\u0301penses alors qu\u2019elle a atteint l\u2019a\u0302ge le\u0301gal de de\u0301part a\u0300 la retraite. \u00ab Visiblement, le contro\u0302leur ne veut [&hellip;]<\/p>\n","protected":false},"author":82,"featured_media":38387,"comment_status":"open","ping_status":"closed","sticky":false,"template":"","format":"standard","meta":{"footnotes":""},"categories":[21,10],"tags":[36,50,49],"class_list":["post-38388","post","type-post","status-publish","format-standard","has-post-thumbnail","hentry","category-communaute","category-toutes-les-actualites","tag-africa-press","tag-africa-press-cameroun","tag-cameroun"],"yoast_head":"<!-- This site is optimized with the Yoast SEO Premium plugin v26.1 (Yoast SEO v27.0) - https:\/\/yoast.com\/product\/yoast-seo-premium-wordpress\/ -->\n<title>Cameroun \u00e2\u20ac\u201c Bras de fer \u00c3\u00a0 l\u00e2\u20ac\u2122Universit\u00c3\u00a9 de Ngaound\u00c3\u00a9r\u00c3\u00a9\u00c2\u00a0: Le Contr\u00c3\u00b4leur financier rappelle \u00c3\u00a0 Madame le Recteur qu\u00e2\u20ac\u2122il est temps qu\u00e2\u20ac\u2122elle parte \u00c3\u00a0 la retraite. - Cameroun<\/title>\n<meta name=\"description\" content=\"L\u2019argentier de la premie\u0300re universite\u0301 publique du Septentrion camerounais a interpelle\u0301 sur un ton brutal la cheffe de ...\" \/>\n<meta name=\"robots\" content=\"index, follow, max-snippet:-1, max-image-preview:large, max-video-preview:-1\" \/>\n<link rel=\"canonical\" href=\"https:\/\/www.africa-press.net\/cameroun\/toutes-les-actualites\/cameroun-ae-bras-de-fer-a-laeuniversita-de-ngaoundaraa-le-contraleur-financier-rappelle-a-madame-le-recteur-quaeil-est-temps-quae\" \/>\n<meta property=\"og:locale\" content=\"fr_FR\" \/>\n<meta property=\"og:type\" content=\"article\" \/>\n<meta property=\"og:title\" content=\"Cameroun \u00e2\u20ac\u201c Bras de fer \u00c3\u00a0 l\u00e2\u20ac\u2122Universit\u00c3\u00a9 de Ngaound\u00c3\u00a9r\u00c3\u00a9\u00c2\u00a0: Le Contr\u00c3\u00b4leur financier rappelle \u00c3\u00a0 Madame le Recteur qu\u00e2\u20ac\u2122il est temps qu\u00e2\u20ac\u2122elle parte \u00c3\u00a0 la retraite.\" \/>\n<meta property=\"og:description\" content=\"L\u2019argentier de la premie\u0300re universite\u0301 publique du Septentrion camerounais a interpelle\u0301 sur un ton brutal la cheffe de ...\" \/>\n<meta property=\"og:url\" content=\"https:\/\/www.africa-press.net\/cameroun\/toutes-les-actualites\/cameroun-ae-bras-de-fer-a-laeuniversita-de-ngaoundaraa-le-contraleur-financier-rappelle-a-madame-le-recteur-quaeil-est-temps-quae\" \/>\n<meta property=\"og:site_name\" content=\"Cameroun\" \/>\n<meta property=\"article:published_time\" content=\"2023-03-05T20:11:55+00:00\" \/>\n<meta property=\"article:modified_time\" content=\"2023-03-05T20:29:18+00:00\" \/>\n<meta property=\"og:image\" content=\"https:\/\/static.africa-press.net\/cameroun\/sites\/57\/2023\/03\/postQueueImg_1678034520.56.jpg\" \/>\n\t<meta property=\"og:image:width\" content=\"800\" \/>\n\t<meta property=\"og:image:height\" content=\"563\" \/>\n\t<meta property=\"og:image:type\" content=\"image\/jpeg\" \/>\n<meta name=\"author\" content=\"cfeditorfr\" \/>\n<meta name=\"twitter:card\" content=\"summary_large_image\" \/>\n<meta name=\"twitter:label1\" content=\"\u00c9crit par\" \/>\n\t<meta name=\"twitter:data1\" content=\"cfeditorfr\" \/>\n\t<meta name=\"twitter:label2\" content=\"Dur\u00e9e de lecture estim\u00e9e\" \/>\n\t<meta name=\"twitter:data2\" content=\"2 minutes\" \/>\n<script type=\"application\/ld+json\" class=\"yoast-schema-graph\">{\"@context\":\"https:\/\/schema.org\",\"@graph\":[{\"@type\":\"Article\",\"@id\":\"https:\/\/www.africa-press.net\/cameroun\/toutes-les-actualites\/cameroun-ae-bras-de-fer-a-laeuniversita-de-ngaoundaraa-le-contraleur-financier-rappelle-a-madame-le-recteur-quaeil-est-temps-quae#article\",\"isPartOf\":{\"@id\":\"https:\/\/www.africa-press.net\/cameroun\/toutes-les-actualites\/cameroun-ae-bras-de-fer-a-laeuniversita-de-ngaoundaraa-le-contraleur-financier-rappelle-a-madame-le-recteur-quaeil-est-temps-quae\"},\"author\":{\"name\":\"cfeditorfr\",\"@id\":\"https:\/\/www.africa-press.net\/cameroun\/#\/schema\/person\/2b1cf3cd81a31e3cd26889ca66d677f1\"},\"headline\":\"Cameroun \u00e2\u20ac\u201c Bras de fer \u00c3\u00a0 l\u00e2\u20ac\u2122Universit\u00c3\u00a9 de Ngaound\u00c3\u00a9r\u00c3\u00a9\u00c2\u00a0: Le Contr\u00c3\u00b4leur financier rappelle \u00c3\u00a0 Madame le Recteur qu\u00e2\u20ac\u2122il est temps qu\u00e2\u20ac\u2122elle parte \u00c3\u00a0 la retraite.\",\"datePublished\":\"2023-03-05T20:11:55+00:00\",\"dateModified\":\"2023-03-05T20:29:18+00:00\",\"mainEntityOfPage\":{\"@id\":\"https:\/\/www.africa-press.net\/cameroun\/toutes-les-actualites\/cameroun-ae-bras-de-fer-a-laeuniversita-de-ngaoundaraa-le-contraleur-financier-rappelle-a-madame-le-recteur-quaeil-est-temps-quae\"},\"wordCount\":292,\"commentCount\":0,\"image\":{\"@id\":\"https:\/\/www.africa-press.net\/cameroun\/toutes-les-actualites\/cameroun-ae-bras-de-fer-a-laeuniversita-de-ngaoundaraa-le-contraleur-financier-rappelle-a-madame-le-recteur-quaeil-est-temps-quae#primaryimage\"},\"thumbnailUrl\":\"https:\/\/static.africa-press.net\/cameroun\/sites\/57\/2023\/03\/postQueueImg_1678034520.56.jpg\",\"keywords\":[\"Africa Press\",\"Africa Press-Cameroun\",\"Cameroun\"],\"articleSection\":[\"Communaut\u00e9\",\"Toutes les actualit\u00e9s\"],\"inLanguage\":\"fr-FR\",\"potentialAction\":[{\"@type\":\"CommentAction\",\"name\":\"Comment\",\"target\":[\"https:\/\/www.africa-press.net\/cameroun\/toutes-les-actualites\/cameroun-ae-bras-de-fer-a-laeuniversita-de-ngaoundaraa-le-contraleur-financier-rappelle-a-madame-le-recteur-quaeil-est-temps-quae#respond\"]}]},{\"@type\":\"WebPage\",\"@id\":\"https:\/\/www.africa-press.net\/cameroun\/toutes-les-actualites\/cameroun-ae-bras-de-fer-a-laeuniversita-de-ngaoundaraa-le-contraleur-financier-rappelle-a-madame-le-recteur-quaeil-est-temps-quae\",\"url\":\"https:\/\/www.africa-press.net\/cameroun\/toutes-les-actualites\/cameroun-ae-bras-de-fer-a-laeuniversita-de-ngaoundaraa-le-contraleur-financier-rappelle-a-madame-le-recteur-quaeil-est-temps-quae\",\"name\":\"Cameroun \u00e2\u20ac\u201c Bras de fer \u00c3\u00a0 l\u00e2\u20ac\u2122Universit\u00c3\u00a9 de Ngaound\u00c3\u00a9r\u00c3\u00a9\u00c2\u00a0: Le Contr\u00c3\u00b4leur financier rappelle \u00c3\u00a0 Madame le Recteur qu\u00e2\u20ac\u2122il est temps qu\u00e2\u20ac\u2122elle parte \u00c3\u00a0 la retraite. - Cameroun\",\"isPartOf\":{\"@id\":\"https:\/\/www.africa-press.net\/cameroun\/#website\"},\"primaryImageOfPage\":{\"@id\":\"https:\/\/www.africa-press.net\/cameroun\/toutes-les-actualites\/cameroun-ae-bras-de-fer-a-laeuniversita-de-ngaoundaraa-le-contraleur-financier-rappelle-a-madame-le-recteur-quaeil-est-temps-quae#primaryimage\"},\"image\":{\"@id\":\"https:\/\/www.africa-press.net\/cameroun\/toutes-les-actualites\/cameroun-ae-bras-de-fer-a-laeuniversita-de-ngaoundaraa-le-contraleur-financier-rappelle-a-madame-le-recteur-quaeil-est-temps-quae#primaryimage\"},\"thumbnailUrl\":\"https:\/\/static.africa-press.net\/cameroun\/sites\/57\/2023\/03\/postQueueImg_1678034520.56.jpg\",\"datePublished\":\"2023-03-05T20:11:55+00:00\",\"dateModified\":\"2023-03-05T20:29:18+00:00\",\"author\":{\"@id\":\"https:\/\/www.africa-press.net\/cameroun\/#\/schema\/person\/2b1cf3cd81a31e3cd26889ca66d677f1\"},\"description\":\"L\u2019argentier de la premie\u0300re universite\u0301 publique du Septentrion camerounais a interpelle\u0301 sur un ton brutal la cheffe de ...\",\"breadcrumb\":{\"@id\":\"https:\/\/www.africa-press.net\/cameroun\/toutes-les-actualites\/cameroun-ae-bras-de-fer-a-laeuniversita-de-ngaoundaraa-le-contraleur-financier-rappelle-a-madame-le-recteur-quaeil-est-temps-quae#breadcrumb\"},\"inLanguage\":\"fr-FR\",\"potentialAction\":[{\"@type\":\"ReadAction\",\"target\":[\"https:\/\/www.africa-press.net\/cameroun\/toutes-les-actualites\/cameroun-ae-bras-de-fer-a-laeuniversita-de-ngaoundaraa-le-contraleur-financier-rappelle-a-madame-le-recteur-quaeil-est-temps-quae\"]}]},{\"@type\":\"ImageObject\",\"inLanguage\":\"fr-FR\",\"@id\":\"https:\/\/www.africa-press.net\/cameroun\/toutes-les-actualites\/cameroun-ae-bras-de-fer-a-laeuniversita-de-ngaoundaraa-le-contraleur-financier-rappelle-a-madame-le-recteur-quaeil-est-temps-quae#primaryimage\",\"url\":\"https:\/\/static.africa-press.net\/cameroun\/sites\/57\/2023\/03\/postQueueImg_1678034520.56.jpg\",\"contentUrl\":\"https:\/\/static.africa-press.net\/cameroun\/sites\/57\/2023\/03\/postQueueImg_1678034520.56.jpg\",\"width\":800,\"height\":563,\"caption\":\"Cameroun \u00e2\u20ac\u201c Bras de fer \u00c3\u00a0 l\u00e2\u20ac\u2122Universit\u00c3\u00a9 de Ngaound\u00c3\u00a9r\u00c3\u00a9\u00c2\u00a0: Le Contr\u00c3\u00b4leur financier rappelle \u00c3\u00a0 Madame le Recteur qu\u00e2\u20ac\u2122il est temps qu\u00e2\u20ac\u2122elle parte \u00c3\u00a0 la retraite.\"},{\"@type\":\"BreadcrumbList\",\"@id\":\"https:\/\/www.africa-press.net\/cameroun\/toutes-les-actualites\/cameroun-ae-bras-de-fer-a-laeuniversita-de-ngaoundaraa-le-contraleur-financier-rappelle-a-madame-le-recteur-quaeil-est-temps-quae#breadcrumb\",\"itemListElement\":[{\"@type\":\"ListItem\",\"position\":1,\"name\":\"Accueil\",\"item\":\"https:\/\/www.africa-press.net\/cameroun\/\"},{\"@type\":\"ListItem\",\"position\":2,\"name\":\"Cameroun \u00e2\u20ac\u201c Bras de fer \u00c3\u00a0 l\u00e2\u20ac\u2122Universit\u00c3\u00a9 de Ngaound\u00c3\u00a9r\u00c3\u00a9\u00c2\u00a0: Le Contr\u00c3\u00b4leur financier rappelle \u00c3\u00a0 Madame le Recteur qu\u00e2\u20ac\u2122il est temps qu\u00e2\u20ac\u2122elle parte \u00c3\u00a0 la retraite.\"}]},{\"@type\":\"WebSite\",\"@id\":\"https:\/\/www.africa-press.net\/cameroun\/#website\",\"url\":\"https:\/\/www.africa-press.net\/cameroun\/\",\"name\":\"Cameroun\",\"description\":\"Just another Africa News Agency Sites site\",\"potentialAction\":[{\"@type\":\"SearchAction\",\"target\":{\"@type\":\"EntryPoint\",\"urlTemplate\":\"https:\/\/www.africa-press.net\/cameroun\/?s={search_term_string}\"},\"query-input\":{\"@type\":\"PropertyValueSpecification\",\"valueRequired\":true,\"valueName\":\"search_term_string\"}}],\"inLanguage\":\"fr-FR\"},{\"@type\":\"Person\",\"@id\":\"https:\/\/www.africa-press.net\/cameroun\/#\/schema\/person\/2b1cf3cd81a31e3cd26889ca66d677f1\",\"name\":\"cfeditorfr\"}]}<\/script>\n<!-- \/ Yoast SEO Premium plugin. -->","yoast_head_json":{"title":"Cameroun \u00e2\u20ac\u201c Bras de fer \u00c3\u00a0 l\u00e2\u20ac\u2122Universit\u00c3\u00a9 de Ngaound\u00c3\u00a9r\u00c3\u00a9\u00c2\u00a0: Le Contr\u00c3\u00b4leur financier rappelle \u00c3\u00a0 Madame le Recteur qu\u00e2\u20ac\u2122il est temps qu\u00e2\u20ac\u2122elle parte \u00c3\u00a0 la retraite. - Cameroun","description":"L\u2019argentier de la premie\u0300re universite\u0301 publique du Septentrion camerounais a interpelle\u0301 sur un ton brutal la cheffe de ...","robots":{"index":"index","follow":"follow","max-snippet":"max-snippet:-1","max-image-preview":"max-image-preview:large","max-video-preview":"max-video-preview:-1"},"canonical":"https:\/\/www.africa-press.net\/cameroun\/toutes-les-actualites\/cameroun-ae-bras-de-fer-a-laeuniversita-de-ngaoundaraa-le-contraleur-financier-rappelle-a-madame-le-recteur-quaeil-est-temps-quae","og_locale":"fr_FR","og_type":"article","og_title":"Cameroun \u00e2\u20ac\u201c Bras de fer \u00c3\u00a0 l\u00e2\u20ac\u2122Universit\u00c3\u00a9 de Ngaound\u00c3\u00a9r\u00c3\u00a9\u00c2\u00a0: Le Contr\u00c3\u00b4leur financier rappelle \u00c3\u00a0 Madame le Recteur qu\u00e2\u20ac\u2122il est temps qu\u00e2\u20ac\u2122elle parte \u00c3\u00a0 la retraite.","og_description":"L\u2019argentier de la premie\u0300re universite\u0301 publique du Septentrion camerounais a interpelle\u0301 sur un ton brutal la cheffe de ...","og_url":"https:\/\/www.africa-press.net\/cameroun\/toutes-les-actualites\/cameroun-ae-bras-de-fer-a-laeuniversita-de-ngaoundaraa-le-contraleur-financier-rappelle-a-madame-le-recteur-quaeil-est-temps-quae","og_site_name":"Cameroun","article_published_time":"2023-03-05T20:11:55+00:00","article_modified_time":"2023-03-05T20:29:18+00:00","og_image":[{"width":800,"height":563,"url":"https:\/\/static.africa-press.net\/cameroun\/sites\/57\/2023\/03\/postQueueImg_1678034520.56.jpg","type":"image\/jpeg"}],"author":"cfeditorfr","twitter_card":"summary_large_image","twitter_misc":{"\u00c9crit par":"cfeditorfr","Dur\u00e9e de lecture estim\u00e9e":"2 minutes"},"schema":{"@context":"https:\/\/schema.org","@graph":[{"@type":"Article","@id":"https:\/\/www.africa-press.net\/cameroun\/toutes-les-actualites\/cameroun-ae-bras-de-fer-a-laeuniversita-de-ngaoundaraa-le-contraleur-financier-rappelle-a-madame-le-recteur-quaeil-est-temps-quae#article","isPartOf":{"@id":"https:\/\/www.africa-press.net\/cameroun\/toutes-les-actualites\/cameroun-ae-bras-de-fer-a-laeuniversita-de-ngaoundaraa-le-contraleur-financier-rappelle-a-madame-le-recteur-quaeil-est-temps-quae"},"author":{"name":"cfeditorfr","@id":"https:\/\/www.africa-press.net\/cameroun\/#\/schema\/person\/2b1cf3cd81a31e3cd26889ca66d677f1"},"headline":"Cameroun \u00e2\u20ac\u201c Bras de fer \u00c3\u00a0 l\u00e2\u20ac\u2122Universit\u00c3\u00a9 de Ngaound\u00c3\u00a9r\u00c3\u00a9\u00c2\u00a0: Le Contr\u00c3\u00b4leur financier rappelle \u00c3\u00a0 Madame le Recteur qu\u00e2\u20ac\u2122il est temps qu\u00e2\u20ac\u2122elle parte \u00c3\u00a0 la retraite.","datePublished":"2023-03-05T20:11:55+00:00","dateModified":"2023-03-05T20:29:18+00:00","mainEntityOfPage":{"@id":"https:\/\/www.africa-press.net\/cameroun\/toutes-les-actualites\/cameroun-ae-bras-de-fer-a-laeuniversita-de-ngaoundaraa-le-contraleur-financier-rappelle-a-madame-le-recteur-quaeil-est-temps-quae"},"wordCount":292,"commentCount":0,"image":{"@id":"https:\/\/www.africa-press.net\/cameroun\/toutes-les-actualites\/cameroun-ae-bras-de-fer-a-laeuniversita-de-ngaoundaraa-le-contraleur-financier-rappelle-a-madame-le-recteur-quaeil-est-temps-quae#primaryimage"},"thumbnailUrl":"https:\/\/static.africa-press.net\/cameroun\/sites\/57\/2023\/03\/postQueueImg_1678034520.56.jpg","keywords":["Africa Press","Africa Press-Cameroun","Cameroun"],"articleSection":["Communaut\u00e9","Toutes les actualit\u00e9s"],"inLanguage":"fr-FR","potentialAction":[{"@type":"CommentAction","name":"Comment","target":["https:\/\/www.africa-press.net\/cameroun\/toutes-les-actualites\/cameroun-ae-bras-de-fer-a-laeuniversita-de-ngaoundaraa-le-contraleur-financier-rappelle-a-madame-le-recteur-quaeil-est-temps-quae#respond"]}]},{"@type":"WebPage","@id":"https:\/\/www.africa-press.net\/cameroun\/toutes-les-actualites\/cameroun-ae-bras-de-fer-a-laeuniversita-de-ngaoundaraa-le-contraleur-financier-rappelle-a-madame-le-recteur-quaeil-est-temps-quae","url":"https:\/\/www.africa-press.net\/cameroun\/toutes-les-actualites\/cameroun-ae-bras-de-fer-a-laeuniversita-de-ngaoundaraa-le-contraleur-financier-rappelle-a-madame-le-recteur-quaeil-est-temps-quae","name":"Cameroun \u00e2\u20ac\u201c Bras de fer \u00c3\u00a0 l\u00e2\u20ac\u2122Universit\u00c3\u00a9 de Ngaound\u00c3\u00a9r\u00c3\u00a9\u00c2\u00a0: Le Contr\u00c3\u00b4leur financier rappelle \u00c3\u00a0 Madame le Recteur qu\u00e2\u20ac\u2122il est temps qu\u00e2\u20ac\u2122elle parte \u00c3\u00a0 la retraite. - Cameroun","isPartOf":{"@id":"https:\/\/www.africa-press.net\/cameroun\/#website"},"primaryImageOfPage":{"@id":"https:\/\/www.africa-press.net\/cameroun\/toutes-les-actualites\/cameroun-ae-bras-de-fer-a-laeuniversita-de-ngaoundaraa-le-contraleur-financier-rappelle-a-madame-le-recteur-quaeil-est-temps-quae#primaryimage"},"image":{"@id":"https:\/\/www.africa-press.net\/cameroun\/toutes-les-actualites\/cameroun-ae-bras-de-fer-a-laeuniversita-de-ngaoundaraa-le-contraleur-financier-rappelle-a-madame-le-recteur-quaeil-est-temps-quae#primaryimage"},"thumbnailUrl":"https:\/\/static.africa-press.net\/cameroun\/sites\/57\/2023\/03\/postQueueImg_1678034520.56.jpg","datePublished":"2023-03-05T20:11:55+00:00","dateModified":"2023-03-05T20:29:18+00:00","author":{"@id":"https:\/\/www.africa-press.net\/cameroun\/#\/schema\/person\/2b1cf3cd81a31e3cd26889ca66d677f1"},"description":"L\u2019argentier de la premie\u0300re universite\u0301 publique du Septentrion camerounais a interpelle\u0301 sur un ton brutal la cheffe de ...","breadcrumb":{"@id":"https:\/\/www.africa-press.net\/cameroun\/toutes-les-actualites\/cameroun-ae-bras-de-fer-a-laeuniversita-de-ngaoundaraa-le-contraleur-financier-rappelle-a-madame-le-recteur-quaeil-est-temps-quae#breadcrumb"},"inLanguage":"fr-FR","potentialAction":[{"@type":"ReadAction","target":["https:\/\/www.africa-press.net\/cameroun\/toutes-les-actualites\/cameroun-ae-bras-de-fer-a-laeuniversita-de-ngaoundaraa-le-contraleur-financier-rappelle-a-madame-le-recteur-quaeil-est-temps-quae"]}]},{"@type":"ImageObject","inLanguage":"fr-FR","@id":"https:\/\/www.africa-press.net\/cameroun\/toutes-les-actualites\/cameroun-ae-bras-de-fer-a-laeuniversita-de-ngaoundaraa-le-contraleur-financier-rappelle-a-madame-le-recteur-quaeil-est-temps-quae#primaryimage","url":"https:\/\/static.africa-press.net\/cameroun\/sites\/57\/2023\/03\/postQueueImg_1678034520.56.jpg","contentUrl":"https:\/\/static.africa-press.net\/cameroun\/sites\/57\/2023\/03\/postQueueImg_1678034520.56.jpg","width":800,"height":563,"caption":"Cameroun \u00e2\u20ac\u201c Bras de fer \u00c3\u00a0 l\u00e2\u20ac\u2122Universit\u00c3\u00a9 de Ngaound\u00c3\u00a9r\u00c3\u00a9\u00c2\u00a0: Le Contr\u00c3\u00b4leur financier rappelle \u00c3\u00a0 Madame le Recteur qu\u00e2\u20ac\u2122il est temps qu\u00e2\u20ac\u2122elle parte \u00c3\u00a0 la retraite."},{"@type":"BreadcrumbList","@id":"https:\/\/www.africa-press.net\/cameroun\/toutes-les-actualites\/cameroun-ae-bras-de-fer-a-laeuniversita-de-ngaoundaraa-le-contraleur-financier-rappelle-a-madame-le-recteur-quaeil-est-temps-quae#breadcrumb","itemListElement":[{"@type":"ListItem","position":1,"name":"Accueil","item":"https:\/\/www.africa-press.net\/cameroun\/"},{"@type":"ListItem","position":2,"name":"Cameroun \u00e2\u20ac\u201c Bras de fer \u00c3\u00a0 l\u00e2\u20ac\u2122Universit\u00c3\u00a9 de Ngaound\u00c3\u00a9r\u00c3\u00a9\u00c2\u00a0: Le Contr\u00c3\u00b4leur financier rappelle \u00c3\u00a0 Madame le Recteur qu\u00e2\u20ac\u2122il est temps qu\u00e2\u20ac\u2122elle parte \u00c3\u00a0 la retraite."}]},{"@type":"WebSite","@id":"https:\/\/www.africa-press.net\/cameroun\/#website","url":"https:\/\/www.africa-press.net\/cameroun\/","name":"Cameroun","description":"Just another Africa News Agency Sites site","potentialAction":[{"@type":"SearchAction","target":{"@type":"EntryPoint","urlTemplate":"https:\/\/www.africa-press.net\/cameroun\/?s={search_term_string}"},"query-input":{"@type":"PropertyValueSpecification","valueRequired":true,"valueName":"search_term_string"}}],"inLanguage":"fr-FR"},{"@type":"Person","@id":"https:\/\/www.africa-press.net\/cameroun\/#\/schema\/person\/2b1cf3cd81a31e3cd26889ca66d677f1","name":"cfeditorfr"}]}},"_links":{"self":[{"href":"https:\/\/www.africa-press.net\/cameroun\/wp-json\/wp\/v2\/posts\/38388","targetHints":{"allow":["GET"]}}],"collection":[{"href":"https:\/\/www.africa-press.net\/cameroun\/wp-json\/wp\/v2\/posts"}],"about":[{"href":"https:\/\/www.africa-press.net\/cameroun\/wp-json\/wp\/v2\/types\/post"}],"author":[{"embeddable":true,"href":"https:\/\/www.africa-press.net\/cameroun\/wp-json\/wp\/v2\/users\/82"}],"replies":[{"embeddable":true,"href":"https:\/\/www.africa-press.net\/cameroun\/wp-json\/wp\/v2\/comments?post=38388"}],"version-history":[{"count":0,"href":"https:\/\/www.africa-press.net\/cameroun\/wp-json\/wp\/v2\/posts\/38388\/revisions"}],"wp:featuredmedia":[{"embeddable":true,"href":"https:\/\/www.africa-press.net\/cameroun\/wp-json\/wp\/v2\/media\/38387"}],"wp:attachment":[{"href":"https:\/\/www.africa-press.net\/cameroun\/wp-json\/wp\/v2\/media?parent=38388"}],"wp:term":[{"taxonomy":"category","embeddable":true,"href":"https:\/\/www.africa-press.net\/cameroun\/wp-json\/wp\/v2\/categories?post=38388"},{"taxonomy":"post_tag","embeddable":true,"href":"https:\/\/www.africa-press.net\/cameroun\/wp-json\/wp\/v2\/tags?post=38388"}],"curies":[{"name":"wp","href":"https:\/\/api.w.org\/{rel}","templated":true}]}}