{"id":38392,"date":"2023-03-05T20:12:28","date_gmt":"2023-03-05T20:12:28","guid":{"rendered":"https:\/\/www.africa-press.net\/cameroun\/politique\/dernieres-mises-au-point-sil-est-condamne-amougou-belinga-sortira-de-prison-plus-tot-que-prevu"},"modified":"2023-03-05T20:30:31","modified_gmt":"2023-03-05T20:30:31","slug":"dernieres-mises-au-point-sil-est-condamne-amougou-belinga-sortira-de-prison-plus-tot-que-prevu","status":"publish","type":"post","link":"https:\/\/www.africa-press.net\/cameroun\/politique\/dernieres-mises-au-point-sil-est-condamne-amougou-belinga-sortira-de-prison-plus-tot-que-prevu","title":{"rendered":"Derni\u00e8res mises au point : S\u2019il est condamn\u00e9, Amougou Belinga sortira de prison plus t\u00f4t que pr\u00e9vu"},"content":{"rendered":"<p><span style=\"color: #ff6600\"><strong>Africa-Press &#8211; Cameroun. <\/strong><\/span>La grande surprise de ce 4 mars 2023 a e\u0301te\u0301 l\u2019inculpation de Jean Pierre Amougou Belinga pour \u00ab complicite\u0301 de torture par aide \u00bb. Il n\u2019est mentionne\u0301 nulle part que sa complicite\u0301 a cause\u0301 la mort de Martinez Zogo.<\/p>\n<p>Selon la camerounaise Marle\u0300ne Emvoutou cela signifie que Jean Pierre Amougou Belinga prendra minimum une peine de prison de 25 ans. \u00abJ\u2018aimerai dire a\u0300 nos lecteurs que les personnes inculpe\u0301es dans cette affaire risquent au moins 25 ans de prison pour enle\u0300vement, se\u0301questration, torture, coups et blessures ayant entrai\u0302ne\u0301 la mort. On parle d\u2019assassinat lorsque le but principal de toute la pre\u0301paration e\u0301tait de donner la mort. Dans ce cas, une seule balle dans la te\u0302te aurait e\u0301te\u0301 suffisante. \u00bb, e\u0301claire-t-elle.<\/p>\n<p>\u00ab Aux personnes inculpe\u0301es, nous leur souhaitons beaucoup de courage, puisque jusqu\u2019a\u0300 pre\u0301sent, le principe de pre\u0301somption d\u2019innocence devrait leur e\u0302tre accorde\u0301 \u00bb, a-t-elle ajoute\u0301.<\/p>\n<p>Par ailleurs, le commissaire du gouvernement a inculpe\u0301 le lieutenant-colonel Justin Danwe pour \u00ab filature, enle\u0300vement et torture \u00bb. En ce qui concerne les 21 agents de la DGRE, ils sont e\u0301galement inculpe\u0301s pour \u00ab filature, enle\u0300vement et torture \u00bb.<\/p>\n<p>Concre\u0300tement, sur la base des preuves soumis par la commission mixte Gendarmerie-Police, le commissaire du gouvernement a conclu qu\u2019Amougou Belinga et les autres individus inculpe\u0301s ont effectivement capture\u0301 et torture\u0301 Martinez Zogo mais ne l\u2019ont pas assassine\u0301.<\/p>\n<p>L\u2019article 277-3 du code pe\u0301nal du Cameroun ne sera donc pas pris en compte. Puisque selon le tribunal militaire ceux-ci n\u2019ont pas tue\u0301 le journaliste Martinez Zogo.<\/p>\n<p><strong>Pour plus d&rsquo;informations et d&rsquo;analyses sur la <a href=\"https:\/\/www.africa-press.net\/cameroun\">Cameroun<\/a>, suivez <a href=\"https:\/\/www.africa-press.net\/\">Africa-Press<\/a><\/strong><\/p>\n","protected":false},"excerpt":{"rendered":"<p>Africa-Press &#8211; Cameroun. La grande surprise de ce 4 mars 2023 a e\u0301te\u0301 l\u2019inculpation de Jean Pierre Amougou Belinga pour \u00ab complicite\u0301 de torture par aide \u00bb. Il n\u2019est mentionne\u0301 nulle part que sa complicite\u0301 a cause\u0301 la mort de Martinez Zogo. Selon la camerounaise Marle\u0300ne Emvoutou cela signifie que Jean Pierre Amougou Belinga prendra [&hellip;]<\/p>\n","protected":false},"author":82,"featured_media":38391,"comment_status":"open","ping_status":"closed","sticky":false,"template":"","format":"standard","meta":{"footnotes":""},"categories":[2,10],"tags":[36,50,49],"class_list":["post-38392","post","type-post","status-publish","format-standard","has-post-thumbnail","hentry","category-politique","category-toutes-les-actualites","tag-africa-press","tag-africa-press-cameroun","tag-cameroun"],"yoast_head":"<!-- This site is optimized with the Yoast SEO Premium plugin v26.1 (Yoast SEO v27.0) - https:\/\/yoast.com\/product\/yoast-seo-premium-wordpress\/ -->\n<title>Derni\u00e8res mises au point : S\u2019il est condamn\u00e9, Amougou Belinga sortira de prison plus t\u00f4t que pr\u00e9vu - Cameroun<\/title>\n<meta name=\"description\" content=\"La grande surprise de ce 4 mars 2023 a e\u0301te\u0301 l\u2019inculpation de Jean Pierre Amougou Belinga pour \u00ab complicite\u0301 de torture ...\" \/>\n<meta name=\"robots\" content=\"index, follow, max-snippet:-1, max-image-preview:large, max-video-preview:-1\" \/>\n<link rel=\"canonical\" href=\"https:\/\/www.africa-press.net\/cameroun\/politique\/dernieres-mises-au-point-sil-est-condamne-amougou-belinga-sortira-de-prison-plus-tot-que-prevu\" \/>\n<meta property=\"og:locale\" content=\"fr_FR\" \/>\n<meta property=\"og:type\" content=\"article\" \/>\n<meta property=\"og:title\" content=\"Derni\u00e8res mises au point : S\u2019il est condamn\u00e9, Amougou Belinga sortira de prison plus t\u00f4t que pr\u00e9vu\" \/>\n<meta property=\"og:description\" content=\"La grande surprise de ce 4 mars 2023 a e\u0301te\u0301 l\u2019inculpation de Jean Pierre Amougou Belinga pour \u00ab complicite\u0301 de torture ...\" \/>\n<meta property=\"og:url\" content=\"https:\/\/www.africa-press.net\/cameroun\/politique\/dernieres-mises-au-point-sil-est-condamne-amougou-belinga-sortira-de-prison-plus-tot-que-prevu\" \/>\n<meta property=\"og:site_name\" content=\"Cameroun\" \/>\n<meta property=\"article:published_time\" content=\"2023-03-05T20:12:28+00:00\" \/>\n<meta property=\"article:modified_time\" content=\"2023-03-05T20:30:31+00:00\" \/>\n<meta property=\"og:image\" content=\"https:\/\/static.africa-press.net\/cameroun\/sites\/57\/2023\/03\/postQueueImg_1678034577.21.jpg\" \/>\n\t<meta property=\"og:image:width\" content=\"720\" \/>\n\t<meta property=\"og:image:height\" content=\"360\" \/>\n\t<meta property=\"og:image:type\" content=\"image\/jpeg\" \/>\n<meta name=\"author\" content=\"cfeditorfr\" \/>\n<meta name=\"twitter:card\" content=\"summary_large_image\" \/>\n<meta name=\"twitter:label1\" content=\"\u00c9crit par\" \/>\n\t<meta name=\"twitter:data1\" content=\"cfeditorfr\" \/>\n\t<meta name=\"twitter:label2\" content=\"Dur\u00e9e de lecture estim\u00e9e\" \/>\n\t<meta name=\"twitter:data2\" content=\"1 minute\" \/>\n<script type=\"application\/ld+json\" class=\"yoast-schema-graph\">{\"@context\":\"https:\/\/schema.org\",\"@graph\":[{\"@type\":\"Article\",\"@id\":\"https:\/\/www.africa-press.net\/cameroun\/politique\/dernieres-mises-au-point-sil-est-condamne-amougou-belinga-sortira-de-prison-plus-tot-que-prevu#article\",\"isPartOf\":{\"@id\":\"https:\/\/www.africa-press.net\/cameroun\/politique\/dernieres-mises-au-point-sil-est-condamne-amougou-belinga-sortira-de-prison-plus-tot-que-prevu\"},\"author\":{\"name\":\"cfeditorfr\",\"@id\":\"https:\/\/www.africa-press.net\/cameroun\/#\/schema\/person\/2b1cf3cd81a31e3cd26889ca66d677f1\"},\"headline\":\"Derni\u00e8res mises au point : S\u2019il est condamn\u00e9, Amougou Belinga sortira de prison plus t\u00f4t que pr\u00e9vu\",\"datePublished\":\"2023-03-05T20:12:28+00:00\",\"dateModified\":\"2023-03-05T20:30:31+00:00\",\"mainEntityOfPage\":{\"@id\":\"https:\/\/www.africa-press.net\/cameroun\/politique\/dernieres-mises-au-point-sil-est-condamne-amougou-belinga-sortira-de-prison-plus-tot-que-prevu\"},\"wordCount\":302,\"commentCount\":0,\"image\":{\"@id\":\"https:\/\/www.africa-press.net\/cameroun\/politique\/dernieres-mises-au-point-sil-est-condamne-amougou-belinga-sortira-de-prison-plus-tot-que-prevu#primaryimage\"},\"thumbnailUrl\":\"https:\/\/static.africa-press.net\/cameroun\/sites\/57\/2023\/03\/postQueueImg_1678034577.21.jpg\",\"keywords\":[\"Africa Press\",\"Africa Press-Cameroun\",\"Cameroun\"],\"articleSection\":[\"Politique\",\"Toutes les actualit\u00e9s\"],\"inLanguage\":\"fr-FR\",\"potentialAction\":[{\"@type\":\"CommentAction\",\"name\":\"Comment\",\"target\":[\"https:\/\/www.africa-press.net\/cameroun\/politique\/dernieres-mises-au-point-sil-est-condamne-amougou-belinga-sortira-de-prison-plus-tot-que-prevu#respond\"]}]},{\"@type\":\"WebPage\",\"@id\":\"https:\/\/www.africa-press.net\/cameroun\/politique\/dernieres-mises-au-point-sil-est-condamne-amougou-belinga-sortira-de-prison-plus-tot-que-prevu\",\"url\":\"https:\/\/www.africa-press.net\/cameroun\/politique\/dernieres-mises-au-point-sil-est-condamne-amougou-belinga-sortira-de-prison-plus-tot-que-prevu\",\"name\":\"Derni\u00e8res mises au point : S\u2019il est condamn\u00e9, Amougou Belinga sortira de prison plus t\u00f4t que pr\u00e9vu - Cameroun\",\"isPartOf\":{\"@id\":\"https:\/\/www.africa-press.net\/cameroun\/#website\"},\"primaryImageOfPage\":{\"@id\":\"https:\/\/www.africa-press.net\/cameroun\/politique\/dernieres-mises-au-point-sil-est-condamne-amougou-belinga-sortira-de-prison-plus-tot-que-prevu#primaryimage\"},\"image\":{\"@id\":\"https:\/\/www.africa-press.net\/cameroun\/politique\/dernieres-mises-au-point-sil-est-condamne-amougou-belinga-sortira-de-prison-plus-tot-que-prevu#primaryimage\"},\"thumbnailUrl\":\"https:\/\/static.africa-press.net\/cameroun\/sites\/57\/2023\/03\/postQueueImg_1678034577.21.jpg\",\"datePublished\":\"2023-03-05T20:12:28+00:00\",\"dateModified\":\"2023-03-05T20:30:31+00:00\",\"author\":{\"@id\":\"https:\/\/www.africa-press.net\/cameroun\/#\/schema\/person\/2b1cf3cd81a31e3cd26889ca66d677f1\"},\"description\":\"La grande surprise de ce 4 mars 2023 a e\u0301te\u0301 l\u2019inculpation de Jean Pierre Amougou Belinga pour \u00ab complicite\u0301 de torture ...\",\"breadcrumb\":{\"@id\":\"https:\/\/www.africa-press.net\/cameroun\/politique\/dernieres-mises-au-point-sil-est-condamne-amougou-belinga-sortira-de-prison-plus-tot-que-prevu#breadcrumb\"},\"inLanguage\":\"fr-FR\",\"potentialAction\":[{\"@type\":\"ReadAction\",\"target\":[\"https:\/\/www.africa-press.net\/cameroun\/politique\/dernieres-mises-au-point-sil-est-condamne-amougou-belinga-sortira-de-prison-plus-tot-que-prevu\"]}]},{\"@type\":\"ImageObject\",\"inLanguage\":\"fr-FR\",\"@id\":\"https:\/\/www.africa-press.net\/cameroun\/politique\/dernieres-mises-au-point-sil-est-condamne-amougou-belinga-sortira-de-prison-plus-tot-que-prevu#primaryimage\",\"url\":\"https:\/\/static.africa-press.net\/cameroun\/sites\/57\/2023\/03\/postQueueImg_1678034577.21.jpg\",\"contentUrl\":\"https:\/\/static.africa-press.net\/cameroun\/sites\/57\/2023\/03\/postQueueImg_1678034577.21.jpg\",\"width\":720,\"height\":360,\"caption\":\"Derni\u00e8res mises au point : S\u2019il est condamn\u00e9, Amougou Belinga sortira de prison plus t\u00f4t que pr\u00e9vu\"},{\"@type\":\"BreadcrumbList\",\"@id\":\"https:\/\/www.africa-press.net\/cameroun\/politique\/dernieres-mises-au-point-sil-est-condamne-amougou-belinga-sortira-de-prison-plus-tot-que-prevu#breadcrumb\",\"itemListElement\":[{\"@type\":\"ListItem\",\"position\":1,\"name\":\"Accueil\",\"item\":\"https:\/\/www.africa-press.net\/cameroun\/\"},{\"@type\":\"ListItem\",\"position\":2,\"name\":\"Derni\u00e8res mises au point : S\u2019il est condamn\u00e9, Amougou Belinga sortira de prison plus t\u00f4t que pr\u00e9vu\"}]},{\"@type\":\"WebSite\",\"@id\":\"https:\/\/www.africa-press.net\/cameroun\/#website\",\"url\":\"https:\/\/www.africa-press.net\/cameroun\/\",\"name\":\"Cameroun\",\"description\":\"Just another Africa News Agency Sites site\",\"potentialAction\":[{\"@type\":\"SearchAction\",\"target\":{\"@type\":\"EntryPoint\",\"urlTemplate\":\"https:\/\/www.africa-press.net\/cameroun\/?s={search_term_string}\"},\"query-input\":{\"@type\":\"PropertyValueSpecification\",\"valueRequired\":true,\"valueName\":\"search_term_string\"}}],\"inLanguage\":\"fr-FR\"},{\"@type\":\"Person\",\"@id\":\"https:\/\/www.africa-press.net\/cameroun\/#\/schema\/person\/2b1cf3cd81a31e3cd26889ca66d677f1\",\"name\":\"cfeditorfr\"}]}<\/script>\n<!-- \/ Yoast SEO Premium plugin. -->","yoast_head_json":{"title":"Derni\u00e8res mises au point : S\u2019il est condamn\u00e9, Amougou Belinga sortira de prison plus t\u00f4t que pr\u00e9vu - Cameroun","description":"La grande surprise de ce 4 mars 2023 a e\u0301te\u0301 l\u2019inculpation de Jean Pierre Amougou Belinga pour \u00ab complicite\u0301 de torture ...","robots":{"index":"index","follow":"follow","max-snippet":"max-snippet:-1","max-image-preview":"max-image-preview:large","max-video-preview":"max-video-preview:-1"},"canonical":"https:\/\/www.africa-press.net\/cameroun\/politique\/dernieres-mises-au-point-sil-est-condamne-amougou-belinga-sortira-de-prison-plus-tot-que-prevu","og_locale":"fr_FR","og_type":"article","og_title":"Derni\u00e8res mises au point : S\u2019il est condamn\u00e9, Amougou Belinga sortira de prison plus t\u00f4t que pr\u00e9vu","og_description":"La grande surprise de ce 4 mars 2023 a e\u0301te\u0301 l\u2019inculpation de Jean Pierre Amougou Belinga pour \u00ab complicite\u0301 de torture ...","og_url":"https:\/\/www.africa-press.net\/cameroun\/politique\/dernieres-mises-au-point-sil-est-condamne-amougou-belinga-sortira-de-prison-plus-tot-que-prevu","og_site_name":"Cameroun","article_published_time":"2023-03-05T20:12:28+00:00","article_modified_time":"2023-03-05T20:30:31+00:00","og_image":[{"width":720,"height":360,"url":"https:\/\/static.africa-press.net\/cameroun\/sites\/57\/2023\/03\/postQueueImg_1678034577.21.jpg","type":"image\/jpeg"}],"author":"cfeditorfr","twitter_card":"summary_large_image","twitter_misc":{"\u00c9crit par":"cfeditorfr","Dur\u00e9e de lecture estim\u00e9e":"1 minute"},"schema":{"@context":"https:\/\/schema.org","@graph":[{"@type":"Article","@id":"https:\/\/www.africa-press.net\/cameroun\/politique\/dernieres-mises-au-point-sil-est-condamne-amougou-belinga-sortira-de-prison-plus-tot-que-prevu#article","isPartOf":{"@id":"https:\/\/www.africa-press.net\/cameroun\/politique\/dernieres-mises-au-point-sil-est-condamne-amougou-belinga-sortira-de-prison-plus-tot-que-prevu"},"author":{"name":"cfeditorfr","@id":"https:\/\/www.africa-press.net\/cameroun\/#\/schema\/person\/2b1cf3cd81a31e3cd26889ca66d677f1"},"headline":"Derni\u00e8res mises au point : S\u2019il est condamn\u00e9, Amougou Belinga sortira de prison plus t\u00f4t que pr\u00e9vu","datePublished":"2023-03-05T20:12:28+00:00","dateModified":"2023-03-05T20:30:31+00:00","mainEntityOfPage":{"@id":"https:\/\/www.africa-press.net\/cameroun\/politique\/dernieres-mises-au-point-sil-est-condamne-amougou-belinga-sortira-de-prison-plus-tot-que-prevu"},"wordCount":302,"commentCount":0,"image":{"@id":"https:\/\/www.africa-press.net\/cameroun\/politique\/dernieres-mises-au-point-sil-est-condamne-amougou-belinga-sortira-de-prison-plus-tot-que-prevu#primaryimage"},"thumbnailUrl":"https:\/\/static.africa-press.net\/cameroun\/sites\/57\/2023\/03\/postQueueImg_1678034577.21.jpg","keywords":["Africa Press","Africa Press-Cameroun","Cameroun"],"articleSection":["Politique","Toutes les actualit\u00e9s"],"inLanguage":"fr-FR","potentialAction":[{"@type":"CommentAction","name":"Comment","target":["https:\/\/www.africa-press.net\/cameroun\/politique\/dernieres-mises-au-point-sil-est-condamne-amougou-belinga-sortira-de-prison-plus-tot-que-prevu#respond"]}]},{"@type":"WebPage","@id":"https:\/\/www.africa-press.net\/cameroun\/politique\/dernieres-mises-au-point-sil-est-condamne-amougou-belinga-sortira-de-prison-plus-tot-que-prevu","url":"https:\/\/www.africa-press.net\/cameroun\/politique\/dernieres-mises-au-point-sil-est-condamne-amougou-belinga-sortira-de-prison-plus-tot-que-prevu","name":"Derni\u00e8res mises au point : S\u2019il est condamn\u00e9, Amougou Belinga sortira de prison plus t\u00f4t que pr\u00e9vu - Cameroun","isPartOf":{"@id":"https:\/\/www.africa-press.net\/cameroun\/#website"},"primaryImageOfPage":{"@id":"https:\/\/www.africa-press.net\/cameroun\/politique\/dernieres-mises-au-point-sil-est-condamne-amougou-belinga-sortira-de-prison-plus-tot-que-prevu#primaryimage"},"image":{"@id":"https:\/\/www.africa-press.net\/cameroun\/politique\/dernieres-mises-au-point-sil-est-condamne-amougou-belinga-sortira-de-prison-plus-tot-que-prevu#primaryimage"},"thumbnailUrl":"https:\/\/static.africa-press.net\/cameroun\/sites\/57\/2023\/03\/postQueueImg_1678034577.21.jpg","datePublished":"2023-03-05T20:12:28+00:00","dateModified":"2023-03-05T20:30:31+00:00","author":{"@id":"https:\/\/www.africa-press.net\/cameroun\/#\/schema\/person\/2b1cf3cd81a31e3cd26889ca66d677f1"},"description":"La grande surprise de ce 4 mars 2023 a e\u0301te\u0301 l\u2019inculpation de Jean Pierre Amougou Belinga pour \u00ab complicite\u0301 de torture ...","breadcrumb":{"@id":"https:\/\/www.africa-press.net\/cameroun\/politique\/dernieres-mises-au-point-sil-est-condamne-amougou-belinga-sortira-de-prison-plus-tot-que-prevu#breadcrumb"},"inLanguage":"fr-FR","potentialAction":[{"@type":"ReadAction","target":["https:\/\/www.africa-press.net\/cameroun\/politique\/dernieres-mises-au-point-sil-est-condamne-amougou-belinga-sortira-de-prison-plus-tot-que-prevu"]}]},{"@type":"ImageObject","inLanguage":"fr-FR","@id":"https:\/\/www.africa-press.net\/cameroun\/politique\/dernieres-mises-au-point-sil-est-condamne-amougou-belinga-sortira-de-prison-plus-tot-que-prevu#primaryimage","url":"https:\/\/static.africa-press.net\/cameroun\/sites\/57\/2023\/03\/postQueueImg_1678034577.21.jpg","contentUrl":"https:\/\/static.africa-press.net\/cameroun\/sites\/57\/2023\/03\/postQueueImg_1678034577.21.jpg","width":720,"height":360,"caption":"Derni\u00e8res mises au point : S\u2019il est condamn\u00e9, Amougou Belinga sortira de prison plus t\u00f4t que pr\u00e9vu"},{"@type":"BreadcrumbList","@id":"https:\/\/www.africa-press.net\/cameroun\/politique\/dernieres-mises-au-point-sil-est-condamne-amougou-belinga-sortira-de-prison-plus-tot-que-prevu#breadcrumb","itemListElement":[{"@type":"ListItem","position":1,"name":"Accueil","item":"https:\/\/www.africa-press.net\/cameroun\/"},{"@type":"ListItem","position":2,"name":"Derni\u00e8res mises au point : S\u2019il est condamn\u00e9, Amougou Belinga sortira de prison plus t\u00f4t que pr\u00e9vu"}]},{"@type":"WebSite","@id":"https:\/\/www.africa-press.net\/cameroun\/#website","url":"https:\/\/www.africa-press.net\/cameroun\/","name":"Cameroun","description":"Just another Africa News Agency Sites site","potentialAction":[{"@type":"SearchAction","target":{"@type":"EntryPoint","urlTemplate":"https:\/\/www.africa-press.net\/cameroun\/?s={search_term_string}"},"query-input":{"@type":"PropertyValueSpecification","valueRequired":true,"valueName":"search_term_string"}}],"inLanguage":"fr-FR"},{"@type":"Person","@id":"https:\/\/www.africa-press.net\/cameroun\/#\/schema\/person\/2b1cf3cd81a31e3cd26889ca66d677f1","name":"cfeditorfr"}]}},"_links":{"self":[{"href":"https:\/\/www.africa-press.net\/cameroun\/wp-json\/wp\/v2\/posts\/38392","targetHints":{"allow":["GET"]}}],"collection":[{"href":"https:\/\/www.africa-press.net\/cameroun\/wp-json\/wp\/v2\/posts"}],"about":[{"href":"https:\/\/www.africa-press.net\/cameroun\/wp-json\/wp\/v2\/types\/post"}],"author":[{"embeddable":true,"href":"https:\/\/www.africa-press.net\/cameroun\/wp-json\/wp\/v2\/users\/82"}],"replies":[{"embeddable":true,"href":"https:\/\/www.africa-press.net\/cameroun\/wp-json\/wp\/v2\/comments?post=38392"}],"version-history":[{"count":0,"href":"https:\/\/www.africa-press.net\/cameroun\/wp-json\/wp\/v2\/posts\/38392\/revisions"}],"wp:featuredmedia":[{"embeddable":true,"href":"https:\/\/www.africa-press.net\/cameroun\/wp-json\/wp\/v2\/media\/38391"}],"wp:attachment":[{"href":"https:\/\/www.africa-press.net\/cameroun\/wp-json\/wp\/v2\/media?parent=38392"}],"wp:term":[{"taxonomy":"category","embeddable":true,"href":"https:\/\/www.africa-press.net\/cameroun\/wp-json\/wp\/v2\/categories?post=38392"},{"taxonomy":"post_tag","embeddable":true,"href":"https:\/\/www.africa-press.net\/cameroun\/wp-json\/wp\/v2\/tags?post=38392"}],"curies":[{"name":"wp","href":"https:\/\/api.w.org\/{rel}","templated":true}]}}