{"id":38395,"date":"2023-03-05T20:13:02","date_gmt":"2023-03-05T20:13:02","guid":{"rendered":"https:\/\/www.africa-press.net\/cameroun\/politique\/mise-en-garde-voici-la-derniere-instruction-qua-recue-bruno-bidjang-avant-sa-mise-en-liberte"},"modified":"2023-03-05T20:31:16","modified_gmt":"2023-03-05T20:31:16","slug":"mise-en-garde-voici-la-derniere-instruction-qua-recue-bruno-bidjang-avant-sa-mise-en-liberte","status":"publish","type":"post","link":"https:\/\/www.africa-press.net\/cameroun\/politique\/mise-en-garde-voici-la-derniere-instruction-qua-recue-bruno-bidjang-avant-sa-mise-en-liberte","title":{"rendered":"Mise en garde : voici la derni\u00e8re instruction qu\u2019a re\u00e7ue Bruno Bidjang avant sa mise en libert\u00e9"},"content":{"rendered":"<p><span style=\"color: #ff6600\"><strong>Africa-Press &#8211; Cameroun. <\/strong><\/span>Alors que son patron Amougou Belinga a e\u0301te\u0301 transfe\u0301re\u0301 a\u0300 la prison centrale de Kondengui, Bruno Bidjang a e\u0301te\u0301 libe\u0301re\u0301 le 4 mars 2023. Il en est ainsi pour Etoundi Nsoe le beau-pe\u0300re d\u2019Amougou Belinga.<\/p>\n<p>Nous apprenons qu\u2019avant d\u2019e\u0302tre libe\u0301re\u0301, Bruno Bidjang a rec\u0327u des instructions tre\u0300s claires : il lui est formellement interdit de commenter publiquement l\u2019affaire sur l\u2019assassinat de Martinez Zogo selon nos confre\u0300res de 237online. Le collaborateur nume\u0301ro 1 de Jean Pierre Amougou Belinga doit respecter cette de\u0301cision des autorite\u0301s compe\u0301tentes jusqu\u2019a\u0300 nouvel ordre. Et, d\u2019apre\u0300s la source cite\u0301e dans les lignes ante\u0301rieures, cette interdiction est une mesure pre\u0301ventive visant a\u0300 e\u0301viter toute atteinte a\u0300 la pre\u0301somption d\u2019innocence et toute perturbation de l\u2019enque\u0302te en cours.<\/p>\n<p>A noter aussi que, re\u0301cemment, le gouvernement a, en des termes voile\u0301s, interdit aux camerounais de commenter l\u2019affaire Martinez Zogo en re\u0301servant ce droit uniquement aux autorite\u0301s compe\u0301tentes.<\/p>\n<p>\u00ab\u00a0(&#8230;) il convient de relever que toute communication intervenant sur une affaire, alors qu\u2019une enque\u0302te de police judiciaire est en cours, est encadre\u0301e par les dispositions pertinentes du Code de Proce\u0301dure Pe\u0301nale, qui dispose en son article 102, aline\u0301a 1, que \u2018\u2019la proce\u0301dure durant l\u2019enque\u0302te de police judiciaire est secre\u0300te. Toutefois, le secret de l\u2019enque\u0302te n\u2019est pas opposable au Ministe\u0300re Public\u00a0\u00bb.<\/p>\n<p>En outre, l\u2019aline\u0301as 3 du me\u0302me article, re\u0301serve aux seuls Officiers de Police Judiciaire la possibilite\u0301 de publier, apre\u0300s visa du Procureur de la Re\u0301publique, des communique\u0301s et documents relatifs a\u0300 certains affaires soit-il sont saisis(&#8230;) La commission d\u2019une telle infraction par voie de presse, constitue une circonstance aggravante au sens de la loi(&#8230;)<\/p>\n<p>Le gouvernement de la Re\u0301publique n\u2019est pas exempte\u0301s, tout comme l\u2019ensemble des me\u0301dias qui, de ce fait, sont tenus au respect scrupuleux de ces dispositions de la loi \u00bb, a communique\u0301 le ministre de la communication, porte-parole du gouvernement, Emmanuel SADI le 1 mars dernier.<\/p>\n<p>Jusqu\u2019a\u0300 pre\u0301sent, les autorite\u0301s compe\u0301tentes n\u2019ont donne\u0301 aucune information sur l\u2019enque\u0302te en cours, me\u0302me suite a\u0300 l\u2019inculpation d\u2019Amougou Belinga et des agents de la DGRE.<\/p>\n<p><strong>Pour plus d&rsquo;informations et d&rsquo;analyses sur la <a href=\"https:\/\/www.africa-press.net\/cameroun\">Cameroun<\/a>, suivez <a href=\"https:\/\/www.africa-press.net\/\">Africa-Press<\/a><\/strong><\/p>\n","protected":false},"excerpt":{"rendered":"<p>Africa-Press &#8211; Cameroun. Alors que son patron Amougou Belinga a e\u0301te\u0301 transfe\u0301re\u0301 a\u0300 la prison centrale de Kondengui, Bruno Bidjang a e\u0301te\u0301 libe\u0301re\u0301 le 4 mars 2023. Il en est ainsi pour Etoundi Nsoe le beau-pe\u0300re d\u2019Amougou Belinga. Nous apprenons qu\u2019avant d\u2019e\u0302tre libe\u0301re\u0301, Bruno Bidjang a rec\u0327u des instructions tre\u0300s claires : il lui est [&hellip;]<\/p>\n","protected":false},"author":82,"featured_media":38393,"comment_status":"open","ping_status":"closed","sticky":false,"template":"","format":"standard","meta":{"footnotes":""},"categories":[2,10],"tags":[36,50,49],"class_list":["post-38395","post","type-post","status-publish","format-standard","has-post-thumbnail","hentry","category-politique","category-toutes-les-actualites","tag-africa-press","tag-africa-press-cameroun","tag-cameroun"],"yoast_head":"<!-- This site is optimized with the Yoast SEO Premium plugin v26.1 (Yoast SEO v27.0) - https:\/\/yoast.com\/product\/yoast-seo-premium-wordpress\/ -->\n<title>Mise en garde : voici la derni\u00e8re instruction qu\u2019a re\u00e7ue Bruno Bidjang avant sa mise en libert\u00e9 - Cameroun<\/title>\n<meta name=\"description\" content=\"Alors que son patron Amougou Belinga a e\u0301te\u0301 transfe\u0301re\u0301 a\u0300 la prison centrale de Kondengui, Bruno Bidjang a e\u0301te\u0301 libe\u0301 ...\" \/>\n<meta name=\"robots\" content=\"index, follow, max-snippet:-1, max-image-preview:large, max-video-preview:-1\" \/>\n<link rel=\"canonical\" href=\"https:\/\/www.africa-press.net\/cameroun\/politique\/mise-en-garde-voici-la-derniere-instruction-qua-recue-bruno-bidjang-avant-sa-mise-en-liberte\" \/>\n<meta property=\"og:locale\" content=\"fr_FR\" \/>\n<meta property=\"og:type\" content=\"article\" \/>\n<meta property=\"og:title\" content=\"Mise en garde : voici la derni\u00e8re instruction qu\u2019a re\u00e7ue Bruno Bidjang avant sa mise en libert\u00e9\" \/>\n<meta property=\"og:description\" content=\"Alors que son patron Amougou Belinga a e\u0301te\u0301 transfe\u0301re\u0301 a\u0300 la prison centrale de Kondengui, Bruno Bidjang a e\u0301te\u0301 libe\u0301 ...\" \/>\n<meta property=\"og:url\" content=\"https:\/\/www.africa-press.net\/cameroun\/politique\/mise-en-garde-voici-la-derniere-instruction-qua-recue-bruno-bidjang-avant-sa-mise-en-liberte\" \/>\n<meta property=\"og:site_name\" content=\"Cameroun\" \/>\n<meta property=\"article:published_time\" content=\"2023-03-05T20:13:02+00:00\" \/>\n<meta property=\"article:modified_time\" content=\"2023-03-05T20:31:16+00:00\" \/>\n<meta property=\"og:image\" content=\"https:\/\/static.africa-press.net\/cameroun\/sites\/57\/2023\/03\/postQueueImg_1678034587.23.jpg\" \/>\n\t<meta property=\"og:image:width\" content=\"720\" \/>\n\t<meta property=\"og:image:height\" content=\"416\" \/>\n\t<meta property=\"og:image:type\" content=\"image\/jpeg\" \/>\n<meta name=\"author\" content=\"cfeditorfr\" \/>\n<meta name=\"twitter:card\" content=\"summary_large_image\" \/>\n<meta name=\"twitter:label1\" content=\"\u00c9crit par\" \/>\n\t<meta name=\"twitter:data1\" content=\"cfeditorfr\" \/>\n\t<meta name=\"twitter:label2\" content=\"Dur\u00e9e de lecture estim\u00e9e\" \/>\n\t<meta name=\"twitter:data2\" content=\"2 minutes\" \/>\n<script type=\"application\/ld+json\" class=\"yoast-schema-graph\">{\"@context\":\"https:\/\/schema.org\",\"@graph\":[{\"@type\":\"Article\",\"@id\":\"https:\/\/www.africa-press.net\/cameroun\/politique\/mise-en-garde-voici-la-derniere-instruction-qua-recue-bruno-bidjang-avant-sa-mise-en-liberte#article\",\"isPartOf\":{\"@id\":\"https:\/\/www.africa-press.net\/cameroun\/politique\/mise-en-garde-voici-la-derniere-instruction-qua-recue-bruno-bidjang-avant-sa-mise-en-liberte\"},\"author\":{\"name\":\"cfeditorfr\",\"@id\":\"https:\/\/www.africa-press.net\/cameroun\/#\/schema\/person\/2b1cf3cd81a31e3cd26889ca66d677f1\"},\"headline\":\"Mise en garde : voici la derni\u00e8re instruction qu\u2019a re\u00e7ue Bruno Bidjang avant sa mise en libert\u00e9\",\"datePublished\":\"2023-03-05T20:13:02+00:00\",\"dateModified\":\"2023-03-05T20:31:16+00:00\",\"mainEntityOfPage\":{\"@id\":\"https:\/\/www.africa-press.net\/cameroun\/politique\/mise-en-garde-voici-la-derniere-instruction-qua-recue-bruno-bidjang-avant-sa-mise-en-liberte\"},\"wordCount\":428,\"commentCount\":0,\"image\":{\"@id\":\"https:\/\/www.africa-press.net\/cameroun\/politique\/mise-en-garde-voici-la-derniere-instruction-qua-recue-bruno-bidjang-avant-sa-mise-en-liberte#primaryimage\"},\"thumbnailUrl\":\"https:\/\/static.africa-press.net\/cameroun\/sites\/57\/2023\/03\/postQueueImg_1678034587.23.jpg\",\"keywords\":[\"Africa Press\",\"Africa Press-Cameroun\",\"Cameroun\"],\"articleSection\":[\"Politique\",\"Toutes les actualit\u00e9s\"],\"inLanguage\":\"fr-FR\",\"potentialAction\":[{\"@type\":\"CommentAction\",\"name\":\"Comment\",\"target\":[\"https:\/\/www.africa-press.net\/cameroun\/politique\/mise-en-garde-voici-la-derniere-instruction-qua-recue-bruno-bidjang-avant-sa-mise-en-liberte#respond\"]}]},{\"@type\":\"WebPage\",\"@id\":\"https:\/\/www.africa-press.net\/cameroun\/politique\/mise-en-garde-voici-la-derniere-instruction-qua-recue-bruno-bidjang-avant-sa-mise-en-liberte\",\"url\":\"https:\/\/www.africa-press.net\/cameroun\/politique\/mise-en-garde-voici-la-derniere-instruction-qua-recue-bruno-bidjang-avant-sa-mise-en-liberte\",\"name\":\"Mise en garde : voici la derni\u00e8re instruction qu\u2019a re\u00e7ue Bruno Bidjang avant sa mise en libert\u00e9 - Cameroun\",\"isPartOf\":{\"@id\":\"https:\/\/www.africa-press.net\/cameroun\/#website\"},\"primaryImageOfPage\":{\"@id\":\"https:\/\/www.africa-press.net\/cameroun\/politique\/mise-en-garde-voici-la-derniere-instruction-qua-recue-bruno-bidjang-avant-sa-mise-en-liberte#primaryimage\"},\"image\":{\"@id\":\"https:\/\/www.africa-press.net\/cameroun\/politique\/mise-en-garde-voici-la-derniere-instruction-qua-recue-bruno-bidjang-avant-sa-mise-en-liberte#primaryimage\"},\"thumbnailUrl\":\"https:\/\/static.africa-press.net\/cameroun\/sites\/57\/2023\/03\/postQueueImg_1678034587.23.jpg\",\"datePublished\":\"2023-03-05T20:13:02+00:00\",\"dateModified\":\"2023-03-05T20:31:16+00:00\",\"author\":{\"@id\":\"https:\/\/www.africa-press.net\/cameroun\/#\/schema\/person\/2b1cf3cd81a31e3cd26889ca66d677f1\"},\"description\":\"Alors que son patron Amougou Belinga a e\u0301te\u0301 transfe\u0301re\u0301 a\u0300 la prison centrale de Kondengui, Bruno Bidjang a e\u0301te\u0301 libe\u0301 ...\",\"breadcrumb\":{\"@id\":\"https:\/\/www.africa-press.net\/cameroun\/politique\/mise-en-garde-voici-la-derniere-instruction-qua-recue-bruno-bidjang-avant-sa-mise-en-liberte#breadcrumb\"},\"inLanguage\":\"fr-FR\",\"potentialAction\":[{\"@type\":\"ReadAction\",\"target\":[\"https:\/\/www.africa-press.net\/cameroun\/politique\/mise-en-garde-voici-la-derniere-instruction-qua-recue-bruno-bidjang-avant-sa-mise-en-liberte\"]}]},{\"@type\":\"ImageObject\",\"inLanguage\":\"fr-FR\",\"@id\":\"https:\/\/www.africa-press.net\/cameroun\/politique\/mise-en-garde-voici-la-derniere-instruction-qua-recue-bruno-bidjang-avant-sa-mise-en-liberte#primaryimage\",\"url\":\"https:\/\/static.africa-press.net\/cameroun\/sites\/57\/2023\/03\/postQueueImg_1678034587.23.jpg\",\"contentUrl\":\"https:\/\/static.africa-press.net\/cameroun\/sites\/57\/2023\/03\/postQueueImg_1678034587.23.jpg\",\"width\":720,\"height\":416,\"caption\":\"Mise en garde : voici la derni\u00e8re instruction qu\u2019a re\u00e7ue Bruno Bidjang avant sa mise en libert\u00e9\"},{\"@type\":\"BreadcrumbList\",\"@id\":\"https:\/\/www.africa-press.net\/cameroun\/politique\/mise-en-garde-voici-la-derniere-instruction-qua-recue-bruno-bidjang-avant-sa-mise-en-liberte#breadcrumb\",\"itemListElement\":[{\"@type\":\"ListItem\",\"position\":1,\"name\":\"Accueil\",\"item\":\"https:\/\/www.africa-press.net\/cameroun\/\"},{\"@type\":\"ListItem\",\"position\":2,\"name\":\"Mise en garde : voici la derni\u00e8re instruction qu\u2019a re\u00e7ue Bruno Bidjang avant sa mise en libert\u00e9\"}]},{\"@type\":\"WebSite\",\"@id\":\"https:\/\/www.africa-press.net\/cameroun\/#website\",\"url\":\"https:\/\/www.africa-press.net\/cameroun\/\",\"name\":\"Cameroun\",\"description\":\"Just another Africa News Agency Sites site\",\"potentialAction\":[{\"@type\":\"SearchAction\",\"target\":{\"@type\":\"EntryPoint\",\"urlTemplate\":\"https:\/\/www.africa-press.net\/cameroun\/?s={search_term_string}\"},\"query-input\":{\"@type\":\"PropertyValueSpecification\",\"valueRequired\":true,\"valueName\":\"search_term_string\"}}],\"inLanguage\":\"fr-FR\"},{\"@type\":\"Person\",\"@id\":\"https:\/\/www.africa-press.net\/cameroun\/#\/schema\/person\/2b1cf3cd81a31e3cd26889ca66d677f1\",\"name\":\"cfeditorfr\"}]}<\/script>\n<!-- \/ Yoast SEO Premium plugin. -->","yoast_head_json":{"title":"Mise en garde : voici la derni\u00e8re instruction qu\u2019a re\u00e7ue Bruno Bidjang avant sa mise en libert\u00e9 - Cameroun","description":"Alors que son patron Amougou Belinga a e\u0301te\u0301 transfe\u0301re\u0301 a\u0300 la prison centrale de Kondengui, Bruno Bidjang a e\u0301te\u0301 libe\u0301 ...","robots":{"index":"index","follow":"follow","max-snippet":"max-snippet:-1","max-image-preview":"max-image-preview:large","max-video-preview":"max-video-preview:-1"},"canonical":"https:\/\/www.africa-press.net\/cameroun\/politique\/mise-en-garde-voici-la-derniere-instruction-qua-recue-bruno-bidjang-avant-sa-mise-en-liberte","og_locale":"fr_FR","og_type":"article","og_title":"Mise en garde : voici la derni\u00e8re instruction qu\u2019a re\u00e7ue Bruno Bidjang avant sa mise en libert\u00e9","og_description":"Alors que son patron Amougou Belinga a e\u0301te\u0301 transfe\u0301re\u0301 a\u0300 la prison centrale de Kondengui, Bruno Bidjang a e\u0301te\u0301 libe\u0301 ...","og_url":"https:\/\/www.africa-press.net\/cameroun\/politique\/mise-en-garde-voici-la-derniere-instruction-qua-recue-bruno-bidjang-avant-sa-mise-en-liberte","og_site_name":"Cameroun","article_published_time":"2023-03-05T20:13:02+00:00","article_modified_time":"2023-03-05T20:31:16+00:00","og_image":[{"width":720,"height":416,"url":"https:\/\/static.africa-press.net\/cameroun\/sites\/57\/2023\/03\/postQueueImg_1678034587.23.jpg","type":"image\/jpeg"}],"author":"cfeditorfr","twitter_card":"summary_large_image","twitter_misc":{"\u00c9crit par":"cfeditorfr","Dur\u00e9e de lecture estim\u00e9e":"2 minutes"},"schema":{"@context":"https:\/\/schema.org","@graph":[{"@type":"Article","@id":"https:\/\/www.africa-press.net\/cameroun\/politique\/mise-en-garde-voici-la-derniere-instruction-qua-recue-bruno-bidjang-avant-sa-mise-en-liberte#article","isPartOf":{"@id":"https:\/\/www.africa-press.net\/cameroun\/politique\/mise-en-garde-voici-la-derniere-instruction-qua-recue-bruno-bidjang-avant-sa-mise-en-liberte"},"author":{"name":"cfeditorfr","@id":"https:\/\/www.africa-press.net\/cameroun\/#\/schema\/person\/2b1cf3cd81a31e3cd26889ca66d677f1"},"headline":"Mise en garde : voici la derni\u00e8re instruction qu\u2019a re\u00e7ue Bruno Bidjang avant sa mise en libert\u00e9","datePublished":"2023-03-05T20:13:02+00:00","dateModified":"2023-03-05T20:31:16+00:00","mainEntityOfPage":{"@id":"https:\/\/www.africa-press.net\/cameroun\/politique\/mise-en-garde-voici-la-derniere-instruction-qua-recue-bruno-bidjang-avant-sa-mise-en-liberte"},"wordCount":428,"commentCount":0,"image":{"@id":"https:\/\/www.africa-press.net\/cameroun\/politique\/mise-en-garde-voici-la-derniere-instruction-qua-recue-bruno-bidjang-avant-sa-mise-en-liberte#primaryimage"},"thumbnailUrl":"https:\/\/static.africa-press.net\/cameroun\/sites\/57\/2023\/03\/postQueueImg_1678034587.23.jpg","keywords":["Africa Press","Africa Press-Cameroun","Cameroun"],"articleSection":["Politique","Toutes les actualit\u00e9s"],"inLanguage":"fr-FR","potentialAction":[{"@type":"CommentAction","name":"Comment","target":["https:\/\/www.africa-press.net\/cameroun\/politique\/mise-en-garde-voici-la-derniere-instruction-qua-recue-bruno-bidjang-avant-sa-mise-en-liberte#respond"]}]},{"@type":"WebPage","@id":"https:\/\/www.africa-press.net\/cameroun\/politique\/mise-en-garde-voici-la-derniere-instruction-qua-recue-bruno-bidjang-avant-sa-mise-en-liberte","url":"https:\/\/www.africa-press.net\/cameroun\/politique\/mise-en-garde-voici-la-derniere-instruction-qua-recue-bruno-bidjang-avant-sa-mise-en-liberte","name":"Mise en garde : voici la derni\u00e8re instruction qu\u2019a re\u00e7ue Bruno Bidjang avant sa mise en libert\u00e9 - Cameroun","isPartOf":{"@id":"https:\/\/www.africa-press.net\/cameroun\/#website"},"primaryImageOfPage":{"@id":"https:\/\/www.africa-press.net\/cameroun\/politique\/mise-en-garde-voici-la-derniere-instruction-qua-recue-bruno-bidjang-avant-sa-mise-en-liberte#primaryimage"},"image":{"@id":"https:\/\/www.africa-press.net\/cameroun\/politique\/mise-en-garde-voici-la-derniere-instruction-qua-recue-bruno-bidjang-avant-sa-mise-en-liberte#primaryimage"},"thumbnailUrl":"https:\/\/static.africa-press.net\/cameroun\/sites\/57\/2023\/03\/postQueueImg_1678034587.23.jpg","datePublished":"2023-03-05T20:13:02+00:00","dateModified":"2023-03-05T20:31:16+00:00","author":{"@id":"https:\/\/www.africa-press.net\/cameroun\/#\/schema\/person\/2b1cf3cd81a31e3cd26889ca66d677f1"},"description":"Alors que son patron Amougou Belinga a e\u0301te\u0301 transfe\u0301re\u0301 a\u0300 la prison centrale de Kondengui, Bruno Bidjang a e\u0301te\u0301 libe\u0301 ...","breadcrumb":{"@id":"https:\/\/www.africa-press.net\/cameroun\/politique\/mise-en-garde-voici-la-derniere-instruction-qua-recue-bruno-bidjang-avant-sa-mise-en-liberte#breadcrumb"},"inLanguage":"fr-FR","potentialAction":[{"@type":"ReadAction","target":["https:\/\/www.africa-press.net\/cameroun\/politique\/mise-en-garde-voici-la-derniere-instruction-qua-recue-bruno-bidjang-avant-sa-mise-en-liberte"]}]},{"@type":"ImageObject","inLanguage":"fr-FR","@id":"https:\/\/www.africa-press.net\/cameroun\/politique\/mise-en-garde-voici-la-derniere-instruction-qua-recue-bruno-bidjang-avant-sa-mise-en-liberte#primaryimage","url":"https:\/\/static.africa-press.net\/cameroun\/sites\/57\/2023\/03\/postQueueImg_1678034587.23.jpg","contentUrl":"https:\/\/static.africa-press.net\/cameroun\/sites\/57\/2023\/03\/postQueueImg_1678034587.23.jpg","width":720,"height":416,"caption":"Mise en garde : voici la derni\u00e8re instruction qu\u2019a re\u00e7ue Bruno Bidjang avant sa mise en libert\u00e9"},{"@type":"BreadcrumbList","@id":"https:\/\/www.africa-press.net\/cameroun\/politique\/mise-en-garde-voici-la-derniere-instruction-qua-recue-bruno-bidjang-avant-sa-mise-en-liberte#breadcrumb","itemListElement":[{"@type":"ListItem","position":1,"name":"Accueil","item":"https:\/\/www.africa-press.net\/cameroun\/"},{"@type":"ListItem","position":2,"name":"Mise en garde : voici la derni\u00e8re instruction qu\u2019a re\u00e7ue Bruno Bidjang avant sa mise en libert\u00e9"}]},{"@type":"WebSite","@id":"https:\/\/www.africa-press.net\/cameroun\/#website","url":"https:\/\/www.africa-press.net\/cameroun\/","name":"Cameroun","description":"Just another Africa News Agency Sites site","potentialAction":[{"@type":"SearchAction","target":{"@type":"EntryPoint","urlTemplate":"https:\/\/www.africa-press.net\/cameroun\/?s={search_term_string}"},"query-input":{"@type":"PropertyValueSpecification","valueRequired":true,"valueName":"search_term_string"}}],"inLanguage":"fr-FR"},{"@type":"Person","@id":"https:\/\/www.africa-press.net\/cameroun\/#\/schema\/person\/2b1cf3cd81a31e3cd26889ca66d677f1","name":"cfeditorfr"}]}},"_links":{"self":[{"href":"https:\/\/www.africa-press.net\/cameroun\/wp-json\/wp\/v2\/posts\/38395","targetHints":{"allow":["GET"]}}],"collection":[{"href":"https:\/\/www.africa-press.net\/cameroun\/wp-json\/wp\/v2\/posts"}],"about":[{"href":"https:\/\/www.africa-press.net\/cameroun\/wp-json\/wp\/v2\/types\/post"}],"author":[{"embeddable":true,"href":"https:\/\/www.africa-press.net\/cameroun\/wp-json\/wp\/v2\/users\/82"}],"replies":[{"embeddable":true,"href":"https:\/\/www.africa-press.net\/cameroun\/wp-json\/wp\/v2\/comments?post=38395"}],"version-history":[{"count":0,"href":"https:\/\/www.africa-press.net\/cameroun\/wp-json\/wp\/v2\/posts\/38395\/revisions"}],"wp:featuredmedia":[{"embeddable":true,"href":"https:\/\/www.africa-press.net\/cameroun\/wp-json\/wp\/v2\/media\/38393"}],"wp:attachment":[{"href":"https:\/\/www.africa-press.net\/cameroun\/wp-json\/wp\/v2\/media?parent=38395"}],"wp:term":[{"taxonomy":"category","embeddable":true,"href":"https:\/\/www.africa-press.net\/cameroun\/wp-json\/wp\/v2\/categories?post=38395"},{"taxonomy":"post_tag","embeddable":true,"href":"https:\/\/www.africa-press.net\/cameroun\/wp-json\/wp\/v2\/tags?post=38395"}],"curies":[{"name":"wp","href":"https:\/\/api.w.org\/{rel}","templated":true}]}}