{"id":38404,"date":"2023-03-05T20:14:31","date_gmt":"2023-03-05T20:14:31","guid":{"rendered":"https:\/\/www.africa-press.net\/cameroun\/politique\/affaire-amougou-belinga-justice-pour-martine-zogo-est-bien-et-meme-tres-bien-mais-ca-ne-suffit-pas"},"modified":"2023-03-05T20:33:32","modified_gmt":"2023-03-05T20:33:32","slug":"affaire-amougou-belinga-justice-pour-martine-zogo-est-bien-et-meme-tres-bien-mais-ca-ne-suffit-pas","status":"publish","type":"post","link":"https:\/\/www.africa-press.net\/cameroun\/politique\/affaire-amougou-belinga-justice-pour-martine-zogo-est-bien-et-meme-tres-bien-mais-ca-ne-suffit-pas","title":{"rendered":"Affaire Amougou Belinga : &lsquo;Justice pour Martine Zogo est bien et m\u00eame tr\u00e8s bien, mais \u00e7a ne suffit pas&rsquo;"},"content":{"rendered":"<p><span style=\"color: #ff6600\"><strong>Africa-Press &#8211; Cameroun. <\/strong><\/span>Justice pour Martinez Zogo signifie aussi non a\u0300 l&rsquo;injustice, non a\u0300 un syste\u0300me ou\u0300 on vous envoie en prison ou vous assassine avec les moyens de l&rsquo;E\u0301tat parce que vous de\u0301noncez la pre\u0301varication de la fortune publique.<\/p>\n<p>Donc dire est bien et me\u0302me tre\u0300s bien. Mais c\u0327a ne suffit pas . Il faut aller plus loin en mettant fin au syste\u0300me qui a\u0300 laisse\u0301 croire a\u0300 certains qu&rsquo;ils e\u0301taient des intouchables qu&rsquo;ils pouvaient tout se permettre y compris en utilisant les moyens de l&rsquo;E\u0301tat pour assassiner d&rsquo;honne\u0302tes citoyens.<\/p>\n<p>Pendant que nous disons justice pour Martinez Zogo, Yaounde\u0301 pre\u0301pare sa succession pour faire perpe\u0301tuer l&rsquo;injustice que nous combattons. C&rsquo;est pourquoi pour combattre efficacement et faire reculer l&rsquo;injustice de fac\u0327on notable au Cameroun aujourd&rsquo;hui il faut s&rsquo;inscrire sur les listes e\u0301lectorales pour mettre fin au syste\u0300me en place.<\/p>\n<p>Continuons a\u0300 dire \u00ab\u00a0justice pour Martinez Zogo\u00a0\u00bb mais n&rsquo;oublions pas que l&rsquo;essentiel c&rsquo;est de mettre fin au syste\u0300me qui nourrit l&rsquo;injustice. Donc inscrivez-vous les amis. Si vous avez 20 ans re\u0301volus, c&rsquo;est le moment de prendre votre carte e\u0301lectorale. Je crois que s&rsquo;il y a un parti qui a bien compris l&rsquo;enjeu des inscriptions massives sur les listes e\u0301lectorales aujourd&rsquo;hui c&rsquo;est le MRC dont je salue le dynamisme sur le terrain de la mobilisation et des inscriptions massives.<\/p>\n<p>C&rsquo;est important de rappeler que tout le combat que nous menons aujourd&rsquo;hui pour la justice et la liberte\u0301 ne serviront a\u0300 rien si le re\u0301gime de Yaounde\u0301 re\u0301ussit a\u0300 se maintenir au pouvoir. Nous pouvons mettre fin a\u0300 cette sinistre ambition en nous inscrivant de\u0300s demain dans l&rsquo;une des antennes elecam du Cameroun.<\/p>\n<p>Ne vous battez pas sans armes contre un syste\u0300me corrompu. Ne vous battez pas contre l&rsquo;injustice sans combattre le syste\u0300me qui la nourrit. Ce serait absolument insense\u0301. Armez vous de vos cartes d&rsquo;e\u0301lecteurs pour chasser le re\u0301gime de Yaounde\u0301. Nous pouvons le faire Car nous le peuple opprime\u0301, nous sommes de loin les plus nombreux face a\u0300 la minorite\u0301 gouvernante.<\/p>\n<p><strong>Pour plus d&rsquo;informations et d&rsquo;analyses sur la <a href=\"https:\/\/www.africa-press.net\/cameroun\">Cameroun<\/a>, suivez <a href=\"https:\/\/www.africa-press.net\/\">Africa-Press<\/a><\/strong><\/p>\n","protected":false},"excerpt":{"rendered":"<p>Africa-Press &#8211; Cameroun. Justice pour Martinez Zogo signifie aussi non a\u0300 l&rsquo;injustice, non a\u0300 un syste\u0300me ou\u0300 on vous envoie en prison ou vous assassine avec les moyens de l&rsquo;E\u0301tat parce que vous de\u0301noncez la pre\u0301varication de la fortune publique. Donc dire est bien et me\u0302me tre\u0300s bien. Mais c\u0327a ne suffit pas . Il [&hellip;]<\/p>\n","protected":false},"author":82,"featured_media":38402,"comment_status":"open","ping_status":"closed","sticky":false,"template":"","format":"standard","meta":{"footnotes":""},"categories":[2,10],"tags":[36,50,49],"class_list":["post-38404","post","type-post","status-publish","format-standard","has-post-thumbnail","hentry","category-politique","category-toutes-les-actualites","tag-africa-press","tag-africa-press-cameroun","tag-cameroun"],"yoast_head":"<!-- This site is optimized with the Yoast SEO Premium plugin v26.1 (Yoast SEO v27.0) - https:\/\/yoast.com\/product\/yoast-seo-premium-wordpress\/ -->\n<title>Affaire Amougou Belinga : &#039;Justice pour Martine Zogo est bien et m\u00eame tr\u00e8s bien, mais \u00e7a ne suffit pas&#039; - Cameroun<\/title>\n<meta name=\"description\" content=\"Justice pour Martinez Zogo signifie aussi non a\u0300 l&#039;injustice, non a\u0300 un syste\u0300me ou\u0300 on vous envoie en prison ou vous as ...\" \/>\n<meta name=\"robots\" content=\"index, follow, max-snippet:-1, max-image-preview:large, max-video-preview:-1\" \/>\n<link rel=\"canonical\" href=\"https:\/\/www.africa-press.net\/cameroun\/politique\/affaire-amougou-belinga-justice-pour-martine-zogo-est-bien-et-meme-tres-bien-mais-ca-ne-suffit-pas\" \/>\n<meta property=\"og:locale\" content=\"fr_FR\" \/>\n<meta property=\"og:type\" content=\"article\" \/>\n<meta property=\"og:title\" content=\"Affaire Amougou Belinga : &#039;Justice pour Martine Zogo est bien et m\u00eame tr\u00e8s bien, mais \u00e7a ne suffit pas&#039;\" \/>\n<meta property=\"og:description\" content=\"Justice pour Martinez Zogo signifie aussi non a\u0300 l&#039;injustice, non a\u0300 un syste\u0300me ou\u0300 on vous envoie en prison ou vous as ...\" \/>\n<meta property=\"og:url\" content=\"https:\/\/www.africa-press.net\/cameroun\/politique\/affaire-amougou-belinga-justice-pour-martine-zogo-est-bien-et-meme-tres-bien-mais-ca-ne-suffit-pas\" \/>\n<meta property=\"og:site_name\" content=\"Cameroun\" \/>\n<meta property=\"article:published_time\" content=\"2023-03-05T20:14:31+00:00\" \/>\n<meta property=\"article:modified_time\" content=\"2023-03-05T20:33:32+00:00\" \/>\n<meta property=\"og:image\" content=\"https:\/\/static.africa-press.net\/cameroun\/sites\/57\/2023\/03\/postQueueImg_1678034678.54.jpg\" \/>\n\t<meta property=\"og:image:width\" content=\"720\" \/>\n\t<meta property=\"og:image:height\" content=\"471\" \/>\n\t<meta property=\"og:image:type\" content=\"image\/jpeg\" \/>\n<meta name=\"author\" content=\"cfeditorfr\" \/>\n<meta name=\"twitter:card\" content=\"summary_large_image\" \/>\n<meta name=\"twitter:label1\" content=\"\u00c9crit par\" \/>\n\t<meta name=\"twitter:data1\" content=\"cfeditorfr\" \/>\n\t<meta name=\"twitter:label2\" content=\"Dur\u00e9e de lecture estim\u00e9e\" \/>\n\t<meta name=\"twitter:data2\" content=\"2 minutes\" \/>\n<script type=\"application\/ld+json\" class=\"yoast-schema-graph\">{\"@context\":\"https:\/\/schema.org\",\"@graph\":[{\"@type\":\"Article\",\"@id\":\"https:\/\/www.africa-press.net\/cameroun\/politique\/affaire-amougou-belinga-justice-pour-martine-zogo-est-bien-et-meme-tres-bien-mais-ca-ne-suffit-pas#article\",\"isPartOf\":{\"@id\":\"https:\/\/www.africa-press.net\/cameroun\/politique\/affaire-amougou-belinga-justice-pour-martine-zogo-est-bien-et-meme-tres-bien-mais-ca-ne-suffit-pas\"},\"author\":{\"name\":\"cfeditorfr\",\"@id\":\"https:\/\/www.africa-press.net\/cameroun\/#\/schema\/person\/2b1cf3cd81a31e3cd26889ca66d677f1\"},\"headline\":\"Affaire Amougou Belinga : &lsquo;Justice pour Martine Zogo est bien et m\u00eame tr\u00e8s bien, mais \u00e7a ne suffit pas&rsquo;\",\"datePublished\":\"2023-03-05T20:14:31+00:00\",\"dateModified\":\"2023-03-05T20:33:32+00:00\",\"mainEntityOfPage\":{\"@id\":\"https:\/\/www.africa-press.net\/cameroun\/politique\/affaire-amougou-belinga-justice-pour-martine-zogo-est-bien-et-meme-tres-bien-mais-ca-ne-suffit-pas\"},\"wordCount\":412,\"commentCount\":0,\"image\":{\"@id\":\"https:\/\/www.africa-press.net\/cameroun\/politique\/affaire-amougou-belinga-justice-pour-martine-zogo-est-bien-et-meme-tres-bien-mais-ca-ne-suffit-pas#primaryimage\"},\"thumbnailUrl\":\"https:\/\/static.africa-press.net\/cameroun\/sites\/57\/2023\/03\/postQueueImg_1678034678.54.jpg\",\"keywords\":[\"Africa Press\",\"Africa Press-Cameroun\",\"Cameroun\"],\"articleSection\":[\"Politique\",\"Toutes les actualit\u00e9s\"],\"inLanguage\":\"fr-FR\",\"potentialAction\":[{\"@type\":\"CommentAction\",\"name\":\"Comment\",\"target\":[\"https:\/\/www.africa-press.net\/cameroun\/politique\/affaire-amougou-belinga-justice-pour-martine-zogo-est-bien-et-meme-tres-bien-mais-ca-ne-suffit-pas#respond\"]}]},{\"@type\":\"WebPage\",\"@id\":\"https:\/\/www.africa-press.net\/cameroun\/politique\/affaire-amougou-belinga-justice-pour-martine-zogo-est-bien-et-meme-tres-bien-mais-ca-ne-suffit-pas\",\"url\":\"https:\/\/www.africa-press.net\/cameroun\/politique\/affaire-amougou-belinga-justice-pour-martine-zogo-est-bien-et-meme-tres-bien-mais-ca-ne-suffit-pas\",\"name\":\"Affaire Amougou Belinga : 'Justice pour Martine Zogo est bien et m\u00eame tr\u00e8s bien, mais \u00e7a ne suffit pas' - Cameroun\",\"isPartOf\":{\"@id\":\"https:\/\/www.africa-press.net\/cameroun\/#website\"},\"primaryImageOfPage\":{\"@id\":\"https:\/\/www.africa-press.net\/cameroun\/politique\/affaire-amougou-belinga-justice-pour-martine-zogo-est-bien-et-meme-tres-bien-mais-ca-ne-suffit-pas#primaryimage\"},\"image\":{\"@id\":\"https:\/\/www.africa-press.net\/cameroun\/politique\/affaire-amougou-belinga-justice-pour-martine-zogo-est-bien-et-meme-tres-bien-mais-ca-ne-suffit-pas#primaryimage\"},\"thumbnailUrl\":\"https:\/\/static.africa-press.net\/cameroun\/sites\/57\/2023\/03\/postQueueImg_1678034678.54.jpg\",\"datePublished\":\"2023-03-05T20:14:31+00:00\",\"dateModified\":\"2023-03-05T20:33:32+00:00\",\"author\":{\"@id\":\"https:\/\/www.africa-press.net\/cameroun\/#\/schema\/person\/2b1cf3cd81a31e3cd26889ca66d677f1\"},\"description\":\"Justice pour Martinez Zogo signifie aussi non a\u0300 l'injustice, non a\u0300 un syste\u0300me ou\u0300 on vous envoie en prison ou vous as ...\",\"breadcrumb\":{\"@id\":\"https:\/\/www.africa-press.net\/cameroun\/politique\/affaire-amougou-belinga-justice-pour-martine-zogo-est-bien-et-meme-tres-bien-mais-ca-ne-suffit-pas#breadcrumb\"},\"inLanguage\":\"fr-FR\",\"potentialAction\":[{\"@type\":\"ReadAction\",\"target\":[\"https:\/\/www.africa-press.net\/cameroun\/politique\/affaire-amougou-belinga-justice-pour-martine-zogo-est-bien-et-meme-tres-bien-mais-ca-ne-suffit-pas\"]}]},{\"@type\":\"ImageObject\",\"inLanguage\":\"fr-FR\",\"@id\":\"https:\/\/www.africa-press.net\/cameroun\/politique\/affaire-amougou-belinga-justice-pour-martine-zogo-est-bien-et-meme-tres-bien-mais-ca-ne-suffit-pas#primaryimage\",\"url\":\"https:\/\/static.africa-press.net\/cameroun\/sites\/57\/2023\/03\/postQueueImg_1678034678.54.jpg\",\"contentUrl\":\"https:\/\/static.africa-press.net\/cameroun\/sites\/57\/2023\/03\/postQueueImg_1678034678.54.jpg\",\"width\":720,\"height\":471,\"caption\":\"Affaire Amougou Belinga : 'Justice pour Martine Zogo est bien et m\u00eame tr\u00e8s bien, mais \u00e7a ne suffit pas'\"},{\"@type\":\"BreadcrumbList\",\"@id\":\"https:\/\/www.africa-press.net\/cameroun\/politique\/affaire-amougou-belinga-justice-pour-martine-zogo-est-bien-et-meme-tres-bien-mais-ca-ne-suffit-pas#breadcrumb\",\"itemListElement\":[{\"@type\":\"ListItem\",\"position\":1,\"name\":\"Accueil\",\"item\":\"https:\/\/www.africa-press.net\/cameroun\/\"},{\"@type\":\"ListItem\",\"position\":2,\"name\":\"Affaire Amougou Belinga : &lsquo;Justice pour Martine Zogo est bien et m\u00eame tr\u00e8s bien, mais \u00e7a ne suffit pas&rsquo;\"}]},{\"@type\":\"WebSite\",\"@id\":\"https:\/\/www.africa-press.net\/cameroun\/#website\",\"url\":\"https:\/\/www.africa-press.net\/cameroun\/\",\"name\":\"Cameroun\",\"description\":\"Just another Africa News Agency Sites site\",\"potentialAction\":[{\"@type\":\"SearchAction\",\"target\":{\"@type\":\"EntryPoint\",\"urlTemplate\":\"https:\/\/www.africa-press.net\/cameroun\/?s={search_term_string}\"},\"query-input\":{\"@type\":\"PropertyValueSpecification\",\"valueRequired\":true,\"valueName\":\"search_term_string\"}}],\"inLanguage\":\"fr-FR\"},{\"@type\":\"Person\",\"@id\":\"https:\/\/www.africa-press.net\/cameroun\/#\/schema\/person\/2b1cf3cd81a31e3cd26889ca66d677f1\",\"name\":\"cfeditorfr\"}]}<\/script>\n<!-- \/ Yoast SEO Premium plugin. -->","yoast_head_json":{"title":"Affaire Amougou Belinga : 'Justice pour Martine Zogo est bien et m\u00eame tr\u00e8s bien, mais \u00e7a ne suffit pas' - Cameroun","description":"Justice pour Martinez Zogo signifie aussi non a\u0300 l'injustice, non a\u0300 un syste\u0300me ou\u0300 on vous envoie en prison ou vous as ...","robots":{"index":"index","follow":"follow","max-snippet":"max-snippet:-1","max-image-preview":"max-image-preview:large","max-video-preview":"max-video-preview:-1"},"canonical":"https:\/\/www.africa-press.net\/cameroun\/politique\/affaire-amougou-belinga-justice-pour-martine-zogo-est-bien-et-meme-tres-bien-mais-ca-ne-suffit-pas","og_locale":"fr_FR","og_type":"article","og_title":"Affaire Amougou Belinga : 'Justice pour Martine Zogo est bien et m\u00eame tr\u00e8s bien, mais \u00e7a ne suffit pas'","og_description":"Justice pour Martinez Zogo signifie aussi non a\u0300 l'injustice, non a\u0300 un syste\u0300me ou\u0300 on vous envoie en prison ou vous as ...","og_url":"https:\/\/www.africa-press.net\/cameroun\/politique\/affaire-amougou-belinga-justice-pour-martine-zogo-est-bien-et-meme-tres-bien-mais-ca-ne-suffit-pas","og_site_name":"Cameroun","article_published_time":"2023-03-05T20:14:31+00:00","article_modified_time":"2023-03-05T20:33:32+00:00","og_image":[{"width":720,"height":471,"url":"https:\/\/static.africa-press.net\/cameroun\/sites\/57\/2023\/03\/postQueueImg_1678034678.54.jpg","type":"image\/jpeg"}],"author":"cfeditorfr","twitter_card":"summary_large_image","twitter_misc":{"\u00c9crit par":"cfeditorfr","Dur\u00e9e de lecture estim\u00e9e":"2 minutes"},"schema":{"@context":"https:\/\/schema.org","@graph":[{"@type":"Article","@id":"https:\/\/www.africa-press.net\/cameroun\/politique\/affaire-amougou-belinga-justice-pour-martine-zogo-est-bien-et-meme-tres-bien-mais-ca-ne-suffit-pas#article","isPartOf":{"@id":"https:\/\/www.africa-press.net\/cameroun\/politique\/affaire-amougou-belinga-justice-pour-martine-zogo-est-bien-et-meme-tres-bien-mais-ca-ne-suffit-pas"},"author":{"name":"cfeditorfr","@id":"https:\/\/www.africa-press.net\/cameroun\/#\/schema\/person\/2b1cf3cd81a31e3cd26889ca66d677f1"},"headline":"Affaire Amougou Belinga : &lsquo;Justice pour Martine Zogo est bien et m\u00eame tr\u00e8s bien, mais \u00e7a ne suffit pas&rsquo;","datePublished":"2023-03-05T20:14:31+00:00","dateModified":"2023-03-05T20:33:32+00:00","mainEntityOfPage":{"@id":"https:\/\/www.africa-press.net\/cameroun\/politique\/affaire-amougou-belinga-justice-pour-martine-zogo-est-bien-et-meme-tres-bien-mais-ca-ne-suffit-pas"},"wordCount":412,"commentCount":0,"image":{"@id":"https:\/\/www.africa-press.net\/cameroun\/politique\/affaire-amougou-belinga-justice-pour-martine-zogo-est-bien-et-meme-tres-bien-mais-ca-ne-suffit-pas#primaryimage"},"thumbnailUrl":"https:\/\/static.africa-press.net\/cameroun\/sites\/57\/2023\/03\/postQueueImg_1678034678.54.jpg","keywords":["Africa Press","Africa Press-Cameroun","Cameroun"],"articleSection":["Politique","Toutes les actualit\u00e9s"],"inLanguage":"fr-FR","potentialAction":[{"@type":"CommentAction","name":"Comment","target":["https:\/\/www.africa-press.net\/cameroun\/politique\/affaire-amougou-belinga-justice-pour-martine-zogo-est-bien-et-meme-tres-bien-mais-ca-ne-suffit-pas#respond"]}]},{"@type":"WebPage","@id":"https:\/\/www.africa-press.net\/cameroun\/politique\/affaire-amougou-belinga-justice-pour-martine-zogo-est-bien-et-meme-tres-bien-mais-ca-ne-suffit-pas","url":"https:\/\/www.africa-press.net\/cameroun\/politique\/affaire-amougou-belinga-justice-pour-martine-zogo-est-bien-et-meme-tres-bien-mais-ca-ne-suffit-pas","name":"Affaire Amougou Belinga : 'Justice pour Martine Zogo est bien et m\u00eame tr\u00e8s bien, mais \u00e7a ne suffit pas' - Cameroun","isPartOf":{"@id":"https:\/\/www.africa-press.net\/cameroun\/#website"},"primaryImageOfPage":{"@id":"https:\/\/www.africa-press.net\/cameroun\/politique\/affaire-amougou-belinga-justice-pour-martine-zogo-est-bien-et-meme-tres-bien-mais-ca-ne-suffit-pas#primaryimage"},"image":{"@id":"https:\/\/www.africa-press.net\/cameroun\/politique\/affaire-amougou-belinga-justice-pour-martine-zogo-est-bien-et-meme-tres-bien-mais-ca-ne-suffit-pas#primaryimage"},"thumbnailUrl":"https:\/\/static.africa-press.net\/cameroun\/sites\/57\/2023\/03\/postQueueImg_1678034678.54.jpg","datePublished":"2023-03-05T20:14:31+00:00","dateModified":"2023-03-05T20:33:32+00:00","author":{"@id":"https:\/\/www.africa-press.net\/cameroun\/#\/schema\/person\/2b1cf3cd81a31e3cd26889ca66d677f1"},"description":"Justice pour Martinez Zogo signifie aussi non a\u0300 l'injustice, non a\u0300 un syste\u0300me ou\u0300 on vous envoie en prison ou vous as ...","breadcrumb":{"@id":"https:\/\/www.africa-press.net\/cameroun\/politique\/affaire-amougou-belinga-justice-pour-martine-zogo-est-bien-et-meme-tres-bien-mais-ca-ne-suffit-pas#breadcrumb"},"inLanguage":"fr-FR","potentialAction":[{"@type":"ReadAction","target":["https:\/\/www.africa-press.net\/cameroun\/politique\/affaire-amougou-belinga-justice-pour-martine-zogo-est-bien-et-meme-tres-bien-mais-ca-ne-suffit-pas"]}]},{"@type":"ImageObject","inLanguage":"fr-FR","@id":"https:\/\/www.africa-press.net\/cameroun\/politique\/affaire-amougou-belinga-justice-pour-martine-zogo-est-bien-et-meme-tres-bien-mais-ca-ne-suffit-pas#primaryimage","url":"https:\/\/static.africa-press.net\/cameroun\/sites\/57\/2023\/03\/postQueueImg_1678034678.54.jpg","contentUrl":"https:\/\/static.africa-press.net\/cameroun\/sites\/57\/2023\/03\/postQueueImg_1678034678.54.jpg","width":720,"height":471,"caption":"Affaire Amougou Belinga : 'Justice pour Martine Zogo est bien et m\u00eame tr\u00e8s bien, mais \u00e7a ne suffit pas'"},{"@type":"BreadcrumbList","@id":"https:\/\/www.africa-press.net\/cameroun\/politique\/affaire-amougou-belinga-justice-pour-martine-zogo-est-bien-et-meme-tres-bien-mais-ca-ne-suffit-pas#breadcrumb","itemListElement":[{"@type":"ListItem","position":1,"name":"Accueil","item":"https:\/\/www.africa-press.net\/cameroun\/"},{"@type":"ListItem","position":2,"name":"Affaire Amougou Belinga : &lsquo;Justice pour Martine Zogo est bien et m\u00eame tr\u00e8s bien, mais \u00e7a ne suffit pas&rsquo;"}]},{"@type":"WebSite","@id":"https:\/\/www.africa-press.net\/cameroun\/#website","url":"https:\/\/www.africa-press.net\/cameroun\/","name":"Cameroun","description":"Just another Africa News Agency Sites site","potentialAction":[{"@type":"SearchAction","target":{"@type":"EntryPoint","urlTemplate":"https:\/\/www.africa-press.net\/cameroun\/?s={search_term_string}"},"query-input":{"@type":"PropertyValueSpecification","valueRequired":true,"valueName":"search_term_string"}}],"inLanguage":"fr-FR"},{"@type":"Person","@id":"https:\/\/www.africa-press.net\/cameroun\/#\/schema\/person\/2b1cf3cd81a31e3cd26889ca66d677f1","name":"cfeditorfr"}]}},"_links":{"self":[{"href":"https:\/\/www.africa-press.net\/cameroun\/wp-json\/wp\/v2\/posts\/38404","targetHints":{"allow":["GET"]}}],"collection":[{"href":"https:\/\/www.africa-press.net\/cameroun\/wp-json\/wp\/v2\/posts"}],"about":[{"href":"https:\/\/www.africa-press.net\/cameroun\/wp-json\/wp\/v2\/types\/post"}],"author":[{"embeddable":true,"href":"https:\/\/www.africa-press.net\/cameroun\/wp-json\/wp\/v2\/users\/82"}],"replies":[{"embeddable":true,"href":"https:\/\/www.africa-press.net\/cameroun\/wp-json\/wp\/v2\/comments?post=38404"}],"version-history":[{"count":0,"href":"https:\/\/www.africa-press.net\/cameroun\/wp-json\/wp\/v2\/posts\/38404\/revisions"}],"wp:featuredmedia":[{"embeddable":true,"href":"https:\/\/www.africa-press.net\/cameroun\/wp-json\/wp\/v2\/media\/38402"}],"wp:attachment":[{"href":"https:\/\/www.africa-press.net\/cameroun\/wp-json\/wp\/v2\/media?parent=38404"}],"wp:term":[{"taxonomy":"category","embeddable":true,"href":"https:\/\/www.africa-press.net\/cameroun\/wp-json\/wp\/v2\/categories?post=38404"},{"taxonomy":"post_tag","embeddable":true,"href":"https:\/\/www.africa-press.net\/cameroun\/wp-json\/wp\/v2\/tags?post=38404"}],"curies":[{"name":"wp","href":"https:\/\/api.w.org\/{rel}","templated":true}]}}