{"id":38409,"date":"2023-03-06T19:42:56","date_gmt":"2023-03-06T19:42:56","guid":{"rendered":"https:\/\/www.africa-press.net\/cameroun\/politique\/camerouna-le-prasident-paul-biya-dacra%c2%a8te-la-revalorisation-des-salaires-des-personnels-civils-et-militaires"},"modified":"2023-03-06T20:12:41","modified_gmt":"2023-03-06T20:12:41","slug":"camerouna-le-prasident-paul-biya-dacra%c2%a8te-la-revalorisation-des-salaires-des-personnels-civils-et-militaires","status":"publish","type":"post","link":"https:\/\/www.africa-press.net\/cameroun\/politique\/camerouna-le-prasident-paul-biya-dacra%c2%a8te-la-revalorisation-des-salaires-des-personnels-civils-et-militaires","title":{"rendered":"Cameroun\u00c2\u00a0: Le pr\u00c3\u00a9sident Paul Biya d\u00c3\u00a9cr\u00c3\u00a8te la revalorisation des salaires des personnels civils et militaires."},"content":{"rendered":"<p><span style=\"color: #ff6600\"><strong>Africa-Press &#8211; Cameroun. <\/strong><\/span>Le mardi 31 janvier 2023, le gouvernement camerounais avait officiellement annonce\u0301 que les prix des carburants seront revus a\u0300 la hausse a\u0300 partir du mercredi 1er fe\u0301vrier 2023. Ainsi, depuis plus d\u2019un mois, le litre du Super est passe\u0301 de 630 FCFA a\u0300 730 FCFA ; le litre du Gazoil est passe\u0301 de 545 FCFA a\u0300 720 FCFA le litre.<\/p>\n<p>Dans la foule\u0301e, Joseph Dion Ngute, le chef du gouvernement avait annonce\u0301 que dans le cadre des mesures d\u2019accompagnement, la re\u0301mune\u0301ration des agents publics allait e\u0302tre revue a\u0300 la hausse a\u0300 un taux moyen de 5,2 % et qu\u2019une proposition a e\u0301te\u0301 faite pour que le SMIG soit revalorise\u0301 a\u0300 41 mil 875 FCFA<\/p>\n<p>Ce lundi apre\u0300s-midi, le pre\u0301sident de la Re\u0301publique a signe\u0301 un de\u0301cret qui revalorise de 5,2% les salaires des personnels civils et militaires.<\/p>\n<p><b>Ci-dessous, les nouveaux bare\u0300mes salariaux induits par cette revalorisation<\/b><\/p>\n<p><strong>Pour plus d&rsquo;informations et d&rsquo;analyses sur la <a href=\"https:\/\/www.africa-press.net\/cameroun\">Cameroun<\/a>, suivez <a href=\"https:\/\/www.africa-press.net\/\">Africa-Press<\/a><\/strong><\/p>\n","protected":false},"excerpt":{"rendered":"<p>Africa-Press &#8211; Cameroun. Le mardi 31 janvier 2023, le gouvernement camerounais avait officiellement annonce\u0301 que les prix des carburants seront revus a\u0300 la hausse a\u0300 partir du mercredi 1er fe\u0301vrier 2023. Ainsi, depuis plus d\u2019un mois, le litre du Super est passe\u0301 de 630 FCFA a\u0300 730 FCFA ; le litre du Gazoil est passe\u0301 [&hellip;]<\/p>\n","protected":false},"author":82,"featured_media":38408,"comment_status":"open","ping_status":"closed","sticky":false,"template":"","format":"standard","meta":{"footnotes":""},"categories":[2,10],"tags":[36,50,49],"class_list":["post-38409","post","type-post","status-publish","format-standard","has-post-thumbnail","hentry","category-politique","category-toutes-les-actualites","tag-africa-press","tag-africa-press-cameroun","tag-cameroun"],"yoast_head":"<!-- This site is optimized with the Yoast SEO Premium plugin v26.1 (Yoast SEO v27.0) - https:\/\/yoast.com\/product\/yoast-seo-premium-wordpress\/ -->\n<title>Cameroun\u00c2\u00a0: Le pr\u00c3\u00a9sident Paul Biya d\u00c3\u00a9cr\u00c3\u00a8te la revalorisation des salaires des personnels civils et militaires. - Cameroun<\/title>\n<meta name=\"description\" content=\"Le mardi 31 janvier 2023, le gouvernement camerounais avait officiellement annonce\u0301 que les prix des carburants seront r ...\" \/>\n<meta name=\"robots\" content=\"index, follow, max-snippet:-1, max-image-preview:large, max-video-preview:-1\" \/>\n<link rel=\"canonical\" href=\"https:\/\/www.africa-press.net\/cameroun\/politique\/camerouna-le-prasident-paul-biya-dacra\u00a8te-la-revalorisation-des-salaires-des-personnels-civils-et-militaires\" \/>\n<meta property=\"og:locale\" content=\"fr_FR\" \/>\n<meta property=\"og:type\" content=\"article\" \/>\n<meta property=\"og:title\" content=\"Cameroun\u00c2\u00a0: Le pr\u00c3\u00a9sident Paul Biya d\u00c3\u00a9cr\u00c3\u00a8te la revalorisation des salaires des personnels civils et militaires.\" \/>\n<meta property=\"og:description\" content=\"Le mardi 31 janvier 2023, le gouvernement camerounais avait officiellement annonce\u0301 que les prix des carburants seront r ...\" \/>\n<meta property=\"og:url\" content=\"https:\/\/www.africa-press.net\/cameroun\/politique\/camerouna-le-prasident-paul-biya-dacra\u00a8te-la-revalorisation-des-salaires-des-personnels-civils-et-militaires\" \/>\n<meta property=\"og:site_name\" content=\"Cameroun\" \/>\n<meta property=\"article:published_time\" content=\"2023-03-06T19:42:56+00:00\" \/>\n<meta property=\"article:modified_time\" content=\"2023-03-06T20:12:41+00:00\" \/>\n<meta property=\"og:image\" content=\"https:\/\/static.africa-press.net\/cameroun\/sites\/57\/2023\/03\/postQueueImg_1678119181.84.jpg\" \/>\n\t<meta property=\"og:image:width\" content=\"800\" \/>\n\t<meta property=\"og:image:height\" content=\"476\" \/>\n\t<meta property=\"og:image:type\" content=\"image\/jpeg\" \/>\n<meta name=\"author\" content=\"cfeditorfr\" \/>\n<meta name=\"twitter:card\" content=\"summary_large_image\" \/>\n<meta name=\"twitter:label1\" content=\"\u00c9crit par\" \/>\n\t<meta name=\"twitter:data1\" content=\"cfeditorfr\" \/>\n\t<meta name=\"twitter:label2\" content=\"Dur\u00e9e de lecture estim\u00e9e\" \/>\n\t<meta name=\"twitter:data2\" content=\"1 minute\" \/>\n<script type=\"application\/ld+json\" class=\"yoast-schema-graph\">{\"@context\":\"https:\/\/schema.org\",\"@graph\":[{\"@type\":\"Article\",\"@id\":\"https:\/\/www.africa-press.net\/cameroun\/politique\/camerouna-le-prasident-paul-biya-dacra%c2%a8te-la-revalorisation-des-salaires-des-personnels-civils-et-militaires#article\",\"isPartOf\":{\"@id\":\"https:\/\/www.africa-press.net\/cameroun\/politique\/camerouna-le-prasident-paul-biya-dacra%c2%a8te-la-revalorisation-des-salaires-des-personnels-civils-et-militaires\"},\"author\":{\"name\":\"cfeditorfr\",\"@id\":\"https:\/\/www.africa-press.net\/cameroun\/#\/schema\/person\/2b1cf3cd81a31e3cd26889ca66d677f1\"},\"headline\":\"Cameroun\u00c2\u00a0: Le pr\u00c3\u00a9sident Paul Biya d\u00c3\u00a9cr\u00c3\u00a8te la revalorisation des salaires des personnels civils et militaires.\",\"datePublished\":\"2023-03-06T19:42:56+00:00\",\"dateModified\":\"2023-03-06T20:12:41+00:00\",\"mainEntityOfPage\":{\"@id\":\"https:\/\/www.africa-press.net\/cameroun\/politique\/camerouna-le-prasident-paul-biya-dacra%c2%a8te-la-revalorisation-des-salaires-des-personnels-civils-et-militaires\"},\"wordCount\":180,\"commentCount\":0,\"image\":{\"@id\":\"https:\/\/www.africa-press.net\/cameroun\/politique\/camerouna-le-prasident-paul-biya-dacra%c2%a8te-la-revalorisation-des-salaires-des-personnels-civils-et-militaires#primaryimage\"},\"thumbnailUrl\":\"https:\/\/static.africa-press.net\/cameroun\/sites\/57\/2023\/03\/postQueueImg_1678119181.84.jpg\",\"keywords\":[\"Africa Press\",\"Africa Press-Cameroun\",\"Cameroun\"],\"articleSection\":[\"Politique\",\"Toutes les actualit\u00e9s\"],\"inLanguage\":\"fr-FR\",\"potentialAction\":[{\"@type\":\"CommentAction\",\"name\":\"Comment\",\"target\":[\"https:\/\/www.africa-press.net\/cameroun\/politique\/camerouna-le-prasident-paul-biya-dacra%c2%a8te-la-revalorisation-des-salaires-des-personnels-civils-et-militaires#respond\"]}]},{\"@type\":\"WebPage\",\"@id\":\"https:\/\/www.africa-press.net\/cameroun\/politique\/camerouna-le-prasident-paul-biya-dacra%c2%a8te-la-revalorisation-des-salaires-des-personnels-civils-et-militaires\",\"url\":\"https:\/\/www.africa-press.net\/cameroun\/politique\/camerouna-le-prasident-paul-biya-dacra%c2%a8te-la-revalorisation-des-salaires-des-personnels-civils-et-militaires\",\"name\":\"Cameroun\u00c2\u00a0: Le pr\u00c3\u00a9sident Paul Biya d\u00c3\u00a9cr\u00c3\u00a8te la revalorisation des salaires des personnels civils et militaires. - Cameroun\",\"isPartOf\":{\"@id\":\"https:\/\/www.africa-press.net\/cameroun\/#website\"},\"primaryImageOfPage\":{\"@id\":\"https:\/\/www.africa-press.net\/cameroun\/politique\/camerouna-le-prasident-paul-biya-dacra%c2%a8te-la-revalorisation-des-salaires-des-personnels-civils-et-militaires#primaryimage\"},\"image\":{\"@id\":\"https:\/\/www.africa-press.net\/cameroun\/politique\/camerouna-le-prasident-paul-biya-dacra%c2%a8te-la-revalorisation-des-salaires-des-personnels-civils-et-militaires#primaryimage\"},\"thumbnailUrl\":\"https:\/\/static.africa-press.net\/cameroun\/sites\/57\/2023\/03\/postQueueImg_1678119181.84.jpg\",\"datePublished\":\"2023-03-06T19:42:56+00:00\",\"dateModified\":\"2023-03-06T20:12:41+00:00\",\"author\":{\"@id\":\"https:\/\/www.africa-press.net\/cameroun\/#\/schema\/person\/2b1cf3cd81a31e3cd26889ca66d677f1\"},\"description\":\"Le mardi 31 janvier 2023, le gouvernement camerounais avait officiellement annonce\u0301 que les prix des carburants seront r ...\",\"breadcrumb\":{\"@id\":\"https:\/\/www.africa-press.net\/cameroun\/politique\/camerouna-le-prasident-paul-biya-dacra%c2%a8te-la-revalorisation-des-salaires-des-personnels-civils-et-militaires#breadcrumb\"},\"inLanguage\":\"fr-FR\",\"potentialAction\":[{\"@type\":\"ReadAction\",\"target\":[\"https:\/\/www.africa-press.net\/cameroun\/politique\/camerouna-le-prasident-paul-biya-dacra%c2%a8te-la-revalorisation-des-salaires-des-personnels-civils-et-militaires\"]}]},{\"@type\":\"ImageObject\",\"inLanguage\":\"fr-FR\",\"@id\":\"https:\/\/www.africa-press.net\/cameroun\/politique\/camerouna-le-prasident-paul-biya-dacra%c2%a8te-la-revalorisation-des-salaires-des-personnels-civils-et-militaires#primaryimage\",\"url\":\"https:\/\/static.africa-press.net\/cameroun\/sites\/57\/2023\/03\/postQueueImg_1678119181.84.jpg\",\"contentUrl\":\"https:\/\/static.africa-press.net\/cameroun\/sites\/57\/2023\/03\/postQueueImg_1678119181.84.jpg\",\"width\":800,\"height\":476,\"caption\":\"Cameroun\u00c2\u00a0: Le pr\u00c3\u00a9sident Paul Biya d\u00c3\u00a9cr\u00c3\u00a8te la revalorisation des salaires des personnels civils et militaires.\"},{\"@type\":\"BreadcrumbList\",\"@id\":\"https:\/\/www.africa-press.net\/cameroun\/politique\/camerouna-le-prasident-paul-biya-dacra%c2%a8te-la-revalorisation-des-salaires-des-personnels-civils-et-militaires#breadcrumb\",\"itemListElement\":[{\"@type\":\"ListItem\",\"position\":1,\"name\":\"Accueil\",\"item\":\"https:\/\/www.africa-press.net\/cameroun\/\"},{\"@type\":\"ListItem\",\"position\":2,\"name\":\"Cameroun\u00c2\u00a0: Le pr\u00c3\u00a9sident Paul Biya d\u00c3\u00a9cr\u00c3\u00a8te la revalorisation des salaires des personnels civils et militaires.\"}]},{\"@type\":\"WebSite\",\"@id\":\"https:\/\/www.africa-press.net\/cameroun\/#website\",\"url\":\"https:\/\/www.africa-press.net\/cameroun\/\",\"name\":\"Cameroun\",\"description\":\"Just another Africa News Agency Sites site\",\"potentialAction\":[{\"@type\":\"SearchAction\",\"target\":{\"@type\":\"EntryPoint\",\"urlTemplate\":\"https:\/\/www.africa-press.net\/cameroun\/?s={search_term_string}\"},\"query-input\":{\"@type\":\"PropertyValueSpecification\",\"valueRequired\":true,\"valueName\":\"search_term_string\"}}],\"inLanguage\":\"fr-FR\"},{\"@type\":\"Person\",\"@id\":\"https:\/\/www.africa-press.net\/cameroun\/#\/schema\/person\/2b1cf3cd81a31e3cd26889ca66d677f1\",\"name\":\"cfeditorfr\"}]}<\/script>\n<!-- \/ Yoast SEO Premium plugin. -->","yoast_head_json":{"title":"Cameroun\u00c2\u00a0: Le pr\u00c3\u00a9sident Paul Biya d\u00c3\u00a9cr\u00c3\u00a8te la revalorisation des salaires des personnels civils et militaires. - Cameroun","description":"Le mardi 31 janvier 2023, le gouvernement camerounais avait officiellement annonce\u0301 que les prix des carburants seront r ...","robots":{"index":"index","follow":"follow","max-snippet":"max-snippet:-1","max-image-preview":"max-image-preview:large","max-video-preview":"max-video-preview:-1"},"canonical":"https:\/\/www.africa-press.net\/cameroun\/politique\/camerouna-le-prasident-paul-biya-dacra\u00a8te-la-revalorisation-des-salaires-des-personnels-civils-et-militaires","og_locale":"fr_FR","og_type":"article","og_title":"Cameroun\u00c2\u00a0: Le pr\u00c3\u00a9sident Paul Biya d\u00c3\u00a9cr\u00c3\u00a8te la revalorisation des salaires des personnels civils et militaires.","og_description":"Le mardi 31 janvier 2023, le gouvernement camerounais avait officiellement annonce\u0301 que les prix des carburants seront r ...","og_url":"https:\/\/www.africa-press.net\/cameroun\/politique\/camerouna-le-prasident-paul-biya-dacra\u00a8te-la-revalorisation-des-salaires-des-personnels-civils-et-militaires","og_site_name":"Cameroun","article_published_time":"2023-03-06T19:42:56+00:00","article_modified_time":"2023-03-06T20:12:41+00:00","og_image":[{"width":800,"height":476,"url":"https:\/\/static.africa-press.net\/cameroun\/sites\/57\/2023\/03\/postQueueImg_1678119181.84.jpg","type":"image\/jpeg"}],"author":"cfeditorfr","twitter_card":"summary_large_image","twitter_misc":{"\u00c9crit par":"cfeditorfr","Dur\u00e9e de lecture estim\u00e9e":"1 minute"},"schema":{"@context":"https:\/\/schema.org","@graph":[{"@type":"Article","@id":"https:\/\/www.africa-press.net\/cameroun\/politique\/camerouna-le-prasident-paul-biya-dacra%c2%a8te-la-revalorisation-des-salaires-des-personnels-civils-et-militaires#article","isPartOf":{"@id":"https:\/\/www.africa-press.net\/cameroun\/politique\/camerouna-le-prasident-paul-biya-dacra%c2%a8te-la-revalorisation-des-salaires-des-personnels-civils-et-militaires"},"author":{"name":"cfeditorfr","@id":"https:\/\/www.africa-press.net\/cameroun\/#\/schema\/person\/2b1cf3cd81a31e3cd26889ca66d677f1"},"headline":"Cameroun\u00c2\u00a0: Le pr\u00c3\u00a9sident Paul Biya d\u00c3\u00a9cr\u00c3\u00a8te la revalorisation des salaires des personnels civils et militaires.","datePublished":"2023-03-06T19:42:56+00:00","dateModified":"2023-03-06T20:12:41+00:00","mainEntityOfPage":{"@id":"https:\/\/www.africa-press.net\/cameroun\/politique\/camerouna-le-prasident-paul-biya-dacra%c2%a8te-la-revalorisation-des-salaires-des-personnels-civils-et-militaires"},"wordCount":180,"commentCount":0,"image":{"@id":"https:\/\/www.africa-press.net\/cameroun\/politique\/camerouna-le-prasident-paul-biya-dacra%c2%a8te-la-revalorisation-des-salaires-des-personnels-civils-et-militaires#primaryimage"},"thumbnailUrl":"https:\/\/static.africa-press.net\/cameroun\/sites\/57\/2023\/03\/postQueueImg_1678119181.84.jpg","keywords":["Africa Press","Africa Press-Cameroun","Cameroun"],"articleSection":["Politique","Toutes les actualit\u00e9s"],"inLanguage":"fr-FR","potentialAction":[{"@type":"CommentAction","name":"Comment","target":["https:\/\/www.africa-press.net\/cameroun\/politique\/camerouna-le-prasident-paul-biya-dacra%c2%a8te-la-revalorisation-des-salaires-des-personnels-civils-et-militaires#respond"]}]},{"@type":"WebPage","@id":"https:\/\/www.africa-press.net\/cameroun\/politique\/camerouna-le-prasident-paul-biya-dacra%c2%a8te-la-revalorisation-des-salaires-des-personnels-civils-et-militaires","url":"https:\/\/www.africa-press.net\/cameroun\/politique\/camerouna-le-prasident-paul-biya-dacra%c2%a8te-la-revalorisation-des-salaires-des-personnels-civils-et-militaires","name":"Cameroun\u00c2\u00a0: Le pr\u00c3\u00a9sident Paul Biya d\u00c3\u00a9cr\u00c3\u00a8te la revalorisation des salaires des personnels civils et militaires. - Cameroun","isPartOf":{"@id":"https:\/\/www.africa-press.net\/cameroun\/#website"},"primaryImageOfPage":{"@id":"https:\/\/www.africa-press.net\/cameroun\/politique\/camerouna-le-prasident-paul-biya-dacra%c2%a8te-la-revalorisation-des-salaires-des-personnels-civils-et-militaires#primaryimage"},"image":{"@id":"https:\/\/www.africa-press.net\/cameroun\/politique\/camerouna-le-prasident-paul-biya-dacra%c2%a8te-la-revalorisation-des-salaires-des-personnels-civils-et-militaires#primaryimage"},"thumbnailUrl":"https:\/\/static.africa-press.net\/cameroun\/sites\/57\/2023\/03\/postQueueImg_1678119181.84.jpg","datePublished":"2023-03-06T19:42:56+00:00","dateModified":"2023-03-06T20:12:41+00:00","author":{"@id":"https:\/\/www.africa-press.net\/cameroun\/#\/schema\/person\/2b1cf3cd81a31e3cd26889ca66d677f1"},"description":"Le mardi 31 janvier 2023, le gouvernement camerounais avait officiellement annonce\u0301 que les prix des carburants seront r ...","breadcrumb":{"@id":"https:\/\/www.africa-press.net\/cameroun\/politique\/camerouna-le-prasident-paul-biya-dacra%c2%a8te-la-revalorisation-des-salaires-des-personnels-civils-et-militaires#breadcrumb"},"inLanguage":"fr-FR","potentialAction":[{"@type":"ReadAction","target":["https:\/\/www.africa-press.net\/cameroun\/politique\/camerouna-le-prasident-paul-biya-dacra%c2%a8te-la-revalorisation-des-salaires-des-personnels-civils-et-militaires"]}]},{"@type":"ImageObject","inLanguage":"fr-FR","@id":"https:\/\/www.africa-press.net\/cameroun\/politique\/camerouna-le-prasident-paul-biya-dacra%c2%a8te-la-revalorisation-des-salaires-des-personnels-civils-et-militaires#primaryimage","url":"https:\/\/static.africa-press.net\/cameroun\/sites\/57\/2023\/03\/postQueueImg_1678119181.84.jpg","contentUrl":"https:\/\/static.africa-press.net\/cameroun\/sites\/57\/2023\/03\/postQueueImg_1678119181.84.jpg","width":800,"height":476,"caption":"Cameroun\u00c2\u00a0: Le pr\u00c3\u00a9sident Paul Biya d\u00c3\u00a9cr\u00c3\u00a8te la revalorisation des salaires des personnels civils et militaires."},{"@type":"BreadcrumbList","@id":"https:\/\/www.africa-press.net\/cameroun\/politique\/camerouna-le-prasident-paul-biya-dacra%c2%a8te-la-revalorisation-des-salaires-des-personnels-civils-et-militaires#breadcrumb","itemListElement":[{"@type":"ListItem","position":1,"name":"Accueil","item":"https:\/\/www.africa-press.net\/cameroun\/"},{"@type":"ListItem","position":2,"name":"Cameroun\u00c2\u00a0: Le pr\u00c3\u00a9sident Paul Biya d\u00c3\u00a9cr\u00c3\u00a8te la revalorisation des salaires des personnels civils et militaires."}]},{"@type":"WebSite","@id":"https:\/\/www.africa-press.net\/cameroun\/#website","url":"https:\/\/www.africa-press.net\/cameroun\/","name":"Cameroun","description":"Just another Africa News Agency Sites site","potentialAction":[{"@type":"SearchAction","target":{"@type":"EntryPoint","urlTemplate":"https:\/\/www.africa-press.net\/cameroun\/?s={search_term_string}"},"query-input":{"@type":"PropertyValueSpecification","valueRequired":true,"valueName":"search_term_string"}}],"inLanguage":"fr-FR"},{"@type":"Person","@id":"https:\/\/www.africa-press.net\/cameroun\/#\/schema\/person\/2b1cf3cd81a31e3cd26889ca66d677f1","name":"cfeditorfr"}]}},"_links":{"self":[{"href":"https:\/\/www.africa-press.net\/cameroun\/wp-json\/wp\/v2\/posts\/38409","targetHints":{"allow":["GET"]}}],"collection":[{"href":"https:\/\/www.africa-press.net\/cameroun\/wp-json\/wp\/v2\/posts"}],"about":[{"href":"https:\/\/www.africa-press.net\/cameroun\/wp-json\/wp\/v2\/types\/post"}],"author":[{"embeddable":true,"href":"https:\/\/www.africa-press.net\/cameroun\/wp-json\/wp\/v2\/users\/82"}],"replies":[{"embeddable":true,"href":"https:\/\/www.africa-press.net\/cameroun\/wp-json\/wp\/v2\/comments?post=38409"}],"version-history":[{"count":0,"href":"https:\/\/www.africa-press.net\/cameroun\/wp-json\/wp\/v2\/posts\/38409\/revisions"}],"wp:featuredmedia":[{"embeddable":true,"href":"https:\/\/www.africa-press.net\/cameroun\/wp-json\/wp\/v2\/media\/38408"}],"wp:attachment":[{"href":"https:\/\/www.africa-press.net\/cameroun\/wp-json\/wp\/v2\/media?parent=38409"}],"wp:term":[{"taxonomy":"category","embeddable":true,"href":"https:\/\/www.africa-press.net\/cameroun\/wp-json\/wp\/v2\/categories?post=38409"},{"taxonomy":"post_tag","embeddable":true,"href":"https:\/\/www.africa-press.net\/cameroun\/wp-json\/wp\/v2\/tags?post=38409"}],"curies":[{"name":"wp","href":"https:\/\/api.w.org\/{rel}","templated":true}]}}