{"id":38411,"date":"2023-03-06T19:43:33","date_gmt":"2023-03-06T19:43:33","guid":{"rendered":"https:\/\/www.africa-press.net\/cameroun\/politique\/kondengui-voici-la-ligne-de-defense-des-medias-damougou-belinga"},"modified":"2023-03-06T20:13:56","modified_gmt":"2023-03-06T20:13:56","slug":"kondengui-voici-la-ligne-de-defense-des-medias-damougou-belinga","status":"publish","type":"post","link":"https:\/\/www.africa-press.net\/cameroun\/politique\/kondengui-voici-la-ligne-de-defense-des-medias-damougou-belinga","title":{"rendered":"Kondengui : voici la ligne de d\u00e9fense des m\u00e9dias d\u2019Amougou Belinga"},"content":{"rendered":"<p><span style=\"color: #ff6600\"><strong>Africa-Press &#8211; Cameroun. <\/strong><\/span>Amougou Belinga s\u2019acclimate a\u0300 la prison centrale de de Yaounde\u0301 Kondengui. Le nouveau pensionnaire est inculpe\u0301 pour complicite\u0301 de torture et risque une lourde condamnation selon les professionnels du droit. La dernie\u0300re e\u0301volution de l\u2019affaire Martinez Zogo a de\u0301c\u0327u plus d\u2019un. Alors que les Camerounais s\u2019attendaient a\u0300 apprendre les noms des personnes qui seront inculpe\u0301es pour l\u2019assassinat du journaliste Martinez Zogo, la justice militaire, s\u2019est contente\u0301e d\u2019accuser la quasi-totalite\u0301 des personnes arre\u0302te\u0301es dans le cadre de cette affaire pour des faits en lien avec la torture. Me\u0302me ces suspects risquent des peines allant jusqu\u2019a\u0300 la prison a\u0300 perpe\u0301tuite\u0301, ces griefs ne permettent pas d\u2019identifier les auteurs de l\u2019assassinat de Martinez Zogo. Les Camerounais pourront donc savoir qui a torture\u0301 Martinez Zogo mais pas qui l\u2019a tue\u0301 ou encore qui a commandite\u0301 tout ce plan macabre.<\/p>\n<p>C\u2019est ce flou qui entoure l\u2019affaire de l\u2019assassinat du journaliste de l\u2019Amplitude FM qui pousse le journal l\u2019ANCDOTE d\u2019Amougou Belinga a\u0300 pre\u0301senter son fondateur comme un innocent, victime d\u2019un complot d\u2019Etat. La parution de ce jour du journal compare Amougou Belinga a\u0300 l\u2019affaire Dreyfus.<\/p>\n<p>\u00ab Harce\u0300lement sociome\u0301diatique contre Amougu Belinga. Comme Dreyfus ? \u00bb, titre le journal.<\/p>\n<p>Le capitaine Alfred Dreyfus pour la petite histoire, fut un juif d&rsquo;origine alsacienne. Il e\u0301tait accuse\u0301 d\u2019avoir livre\u0301 des documents et informations secrets de l\u2019Etat franc\u0327ais aux Allemands et fut condamne\u0301 en 1894 a\u0300 la prison a\u0300 perpe\u0301tuite\u0301 pour trahison. L\u2019affaire Dreyfus fut l\u2019une des plus ce\u0301le\u0300bres erreurs judiciaires de la France. Le cas Dreyfus avait profonde\u0301ment divise\u0301 la socie\u0301te\u0301 franc\u0327aise et occasionne\u0301 de nombreux soule\u0300vement solde\u0301s par de nombreuses morts. Le capitaine sera finalement innocente\u0301.<\/p>\n<p>Au Cameroun l\u2019affaire, il est tre\u0300s peu probable que Amougou Belinga soit le Dreyfus des Camerounais. Le profil tre\u0300s controverse\u0301 d\u2019Amougou Belinga empe\u0302che beaucoup de Camerounais de douter de sa culpabilite\u0301. L\u2019affaire Amougou Belinga ne pourra donc pas cre\u0301er des mouvements sociaux et paralyser le pays comme le souhaiterait ses partisans qui se comptent du bout des doigts.<\/p>\n<p>Contraire a\u0300 l\u2019affaire Dreyfus ou\u0300 le chef du contre-espionnage avait \u0153uvre\u0301 pour que le ve\u0301ritable espion soit identifie\u0301, au Cameroun, le chef de cette institution fait partie des pre\u0301sume\u0301s criminels jete\u0301s a\u0300 la prison centrale de Kondengui. Dreyfus une affaire d\u2019Etat ne saurait donc e\u0302tre compare a\u0300 une affaire de voyous d\u2019Etat.<\/p>\n<p><strong>Pour plus d&rsquo;informations et d&rsquo;analyses sur la <a href=\"https:\/\/www.africa-press.net\/cameroun\">Cameroun<\/a>, suivez <a href=\"https:\/\/www.africa-press.net\/\">Africa-Press<\/a><\/strong><\/p>\n","protected":false},"excerpt":{"rendered":"<p>Africa-Press &#8211; Cameroun. Amougou Belinga s\u2019acclimate a\u0300 la prison centrale de de Yaounde\u0301 Kondengui. Le nouveau pensionnaire est inculpe\u0301 pour complicite\u0301 de torture et risque une lourde condamnation selon les professionnels du droit. La dernie\u0300re e\u0301volution de l\u2019affaire Martinez Zogo a de\u0301c\u0327u plus d\u2019un. Alors que les Camerounais s\u2019attendaient a\u0300 apprendre les noms des personnes [&hellip;]<\/p>\n","protected":false},"author":82,"featured_media":38410,"comment_status":"open","ping_status":"closed","sticky":false,"template":"","format":"standard","meta":{"footnotes":""},"categories":[2,10],"tags":[36,50,49],"class_list":["post-38411","post","type-post","status-publish","format-standard","has-post-thumbnail","hentry","category-politique","category-toutes-les-actualites","tag-africa-press","tag-africa-press-cameroun","tag-cameroun"],"yoast_head":"<!-- This site is optimized with the Yoast SEO Premium plugin v26.1 (Yoast SEO v27.0) - https:\/\/yoast.com\/product\/yoast-seo-premium-wordpress\/ -->\n<title>Kondengui : voici la ligne de d\u00e9fense des m\u00e9dias d\u2019Amougou Belinga - Cameroun<\/title>\n<meta name=\"description\" content=\"Amougou Belinga s\u2019acclimate a\u0300 la prison centrale de de Yaounde\u0301 Kondengui. Le nouveau pensionnaire est inculpe\u0301 pour co ...\" \/>\n<meta name=\"robots\" content=\"index, follow, max-snippet:-1, max-image-preview:large, max-video-preview:-1\" \/>\n<link rel=\"canonical\" href=\"https:\/\/www.africa-press.net\/cameroun\/politique\/kondengui-voici-la-ligne-de-defense-des-medias-damougou-belinga\" \/>\n<meta property=\"og:locale\" content=\"fr_FR\" \/>\n<meta property=\"og:type\" content=\"article\" \/>\n<meta property=\"og:title\" content=\"Kondengui : voici la ligne de d\u00e9fense des m\u00e9dias d\u2019Amougou Belinga\" \/>\n<meta property=\"og:description\" content=\"Amougou Belinga s\u2019acclimate a\u0300 la prison centrale de de Yaounde\u0301 Kondengui. Le nouveau pensionnaire est inculpe\u0301 pour co ...\" \/>\n<meta property=\"og:url\" content=\"https:\/\/www.africa-press.net\/cameroun\/politique\/kondengui-voici-la-ligne-de-defense-des-medias-damougou-belinga\" \/>\n<meta property=\"og:site_name\" content=\"Cameroun\" \/>\n<meta property=\"article:published_time\" content=\"2023-03-06T19:43:33+00:00\" \/>\n<meta property=\"article:modified_time\" content=\"2023-03-06T20:13:56+00:00\" \/>\n<meta property=\"og:image\" content=\"https:\/\/static.africa-press.net\/cameroun\/sites\/57\/2023\/03\/postQueueImg_1678119218.45.jpg\" \/>\n\t<meta property=\"og:image:width\" content=\"720\" \/>\n\t<meta property=\"og:image:height\" content=\"354\" \/>\n\t<meta property=\"og:image:type\" content=\"image\/jpeg\" \/>\n<meta name=\"author\" content=\"cfeditorfr\" \/>\n<meta name=\"twitter:card\" content=\"summary_large_image\" \/>\n<meta name=\"twitter:label1\" content=\"\u00c9crit par\" \/>\n\t<meta name=\"twitter:data1\" content=\"cfeditorfr\" \/>\n\t<meta name=\"twitter:label2\" content=\"Dur\u00e9e de lecture estim\u00e9e\" \/>\n\t<meta name=\"twitter:data2\" content=\"2 minutes\" \/>\n<script type=\"application\/ld+json\" class=\"yoast-schema-graph\">{\"@context\":\"https:\/\/schema.org\",\"@graph\":[{\"@type\":\"Article\",\"@id\":\"https:\/\/www.africa-press.net\/cameroun\/politique\/kondengui-voici-la-ligne-de-defense-des-medias-damougou-belinga#article\",\"isPartOf\":{\"@id\":\"https:\/\/www.africa-press.net\/cameroun\/politique\/kondengui-voici-la-ligne-de-defense-des-medias-damougou-belinga\"},\"author\":{\"name\":\"cfeditorfr\",\"@id\":\"https:\/\/www.africa-press.net\/cameroun\/#\/schema\/person\/2b1cf3cd81a31e3cd26889ca66d677f1\"},\"headline\":\"Kondengui : voici la ligne de d\u00e9fense des m\u00e9dias d\u2019Amougou Belinga\",\"datePublished\":\"2023-03-06T19:43:33+00:00\",\"dateModified\":\"2023-03-06T20:13:56+00:00\",\"mainEntityOfPage\":{\"@id\":\"https:\/\/www.africa-press.net\/cameroun\/politique\/kondengui-voici-la-ligne-de-defense-des-medias-damougou-belinga\"},\"wordCount\":465,\"commentCount\":0,\"image\":{\"@id\":\"https:\/\/www.africa-press.net\/cameroun\/politique\/kondengui-voici-la-ligne-de-defense-des-medias-damougou-belinga#primaryimage\"},\"thumbnailUrl\":\"https:\/\/static.africa-press.net\/cameroun\/sites\/57\/2023\/03\/postQueueImg_1678119218.45.jpg\",\"keywords\":[\"Africa Press\",\"Africa Press-Cameroun\",\"Cameroun\"],\"articleSection\":[\"Politique\",\"Toutes les actualit\u00e9s\"],\"inLanguage\":\"fr-FR\",\"potentialAction\":[{\"@type\":\"CommentAction\",\"name\":\"Comment\",\"target\":[\"https:\/\/www.africa-press.net\/cameroun\/politique\/kondengui-voici-la-ligne-de-defense-des-medias-damougou-belinga#respond\"]}]},{\"@type\":\"WebPage\",\"@id\":\"https:\/\/www.africa-press.net\/cameroun\/politique\/kondengui-voici-la-ligne-de-defense-des-medias-damougou-belinga\",\"url\":\"https:\/\/www.africa-press.net\/cameroun\/politique\/kondengui-voici-la-ligne-de-defense-des-medias-damougou-belinga\",\"name\":\"Kondengui : voici la ligne de d\u00e9fense des m\u00e9dias d\u2019Amougou Belinga - Cameroun\",\"isPartOf\":{\"@id\":\"https:\/\/www.africa-press.net\/cameroun\/#website\"},\"primaryImageOfPage\":{\"@id\":\"https:\/\/www.africa-press.net\/cameroun\/politique\/kondengui-voici-la-ligne-de-defense-des-medias-damougou-belinga#primaryimage\"},\"image\":{\"@id\":\"https:\/\/www.africa-press.net\/cameroun\/politique\/kondengui-voici-la-ligne-de-defense-des-medias-damougou-belinga#primaryimage\"},\"thumbnailUrl\":\"https:\/\/static.africa-press.net\/cameroun\/sites\/57\/2023\/03\/postQueueImg_1678119218.45.jpg\",\"datePublished\":\"2023-03-06T19:43:33+00:00\",\"dateModified\":\"2023-03-06T20:13:56+00:00\",\"author\":{\"@id\":\"https:\/\/www.africa-press.net\/cameroun\/#\/schema\/person\/2b1cf3cd81a31e3cd26889ca66d677f1\"},\"description\":\"Amougou Belinga s\u2019acclimate a\u0300 la prison centrale de de Yaounde\u0301 Kondengui. Le nouveau pensionnaire est inculpe\u0301 pour co ...\",\"breadcrumb\":{\"@id\":\"https:\/\/www.africa-press.net\/cameroun\/politique\/kondengui-voici-la-ligne-de-defense-des-medias-damougou-belinga#breadcrumb\"},\"inLanguage\":\"fr-FR\",\"potentialAction\":[{\"@type\":\"ReadAction\",\"target\":[\"https:\/\/www.africa-press.net\/cameroun\/politique\/kondengui-voici-la-ligne-de-defense-des-medias-damougou-belinga\"]}]},{\"@type\":\"ImageObject\",\"inLanguage\":\"fr-FR\",\"@id\":\"https:\/\/www.africa-press.net\/cameroun\/politique\/kondengui-voici-la-ligne-de-defense-des-medias-damougou-belinga#primaryimage\",\"url\":\"https:\/\/static.africa-press.net\/cameroun\/sites\/57\/2023\/03\/postQueueImg_1678119218.45.jpg\",\"contentUrl\":\"https:\/\/static.africa-press.net\/cameroun\/sites\/57\/2023\/03\/postQueueImg_1678119218.45.jpg\",\"width\":720,\"height\":354,\"caption\":\"Kondengui : voici la ligne de d\u00e9fense des m\u00e9dias d\u2019Amougou Belinga\"},{\"@type\":\"BreadcrumbList\",\"@id\":\"https:\/\/www.africa-press.net\/cameroun\/politique\/kondengui-voici-la-ligne-de-defense-des-medias-damougou-belinga#breadcrumb\",\"itemListElement\":[{\"@type\":\"ListItem\",\"position\":1,\"name\":\"Accueil\",\"item\":\"https:\/\/www.africa-press.net\/cameroun\/\"},{\"@type\":\"ListItem\",\"position\":2,\"name\":\"Kondengui : voici la ligne de d\u00e9fense des m\u00e9dias d\u2019Amougou Belinga\"}]},{\"@type\":\"WebSite\",\"@id\":\"https:\/\/www.africa-press.net\/cameroun\/#website\",\"url\":\"https:\/\/www.africa-press.net\/cameroun\/\",\"name\":\"Cameroun\",\"description\":\"Just another Africa News Agency Sites site\",\"potentialAction\":[{\"@type\":\"SearchAction\",\"target\":{\"@type\":\"EntryPoint\",\"urlTemplate\":\"https:\/\/www.africa-press.net\/cameroun\/?s={search_term_string}\"},\"query-input\":{\"@type\":\"PropertyValueSpecification\",\"valueRequired\":true,\"valueName\":\"search_term_string\"}}],\"inLanguage\":\"fr-FR\"},{\"@type\":\"Person\",\"@id\":\"https:\/\/www.africa-press.net\/cameroun\/#\/schema\/person\/2b1cf3cd81a31e3cd26889ca66d677f1\",\"name\":\"cfeditorfr\"}]}<\/script>\n<!-- \/ Yoast SEO Premium plugin. -->","yoast_head_json":{"title":"Kondengui : voici la ligne de d\u00e9fense des m\u00e9dias d\u2019Amougou Belinga - Cameroun","description":"Amougou Belinga s\u2019acclimate a\u0300 la prison centrale de de Yaounde\u0301 Kondengui. Le nouveau pensionnaire est inculpe\u0301 pour co ...","robots":{"index":"index","follow":"follow","max-snippet":"max-snippet:-1","max-image-preview":"max-image-preview:large","max-video-preview":"max-video-preview:-1"},"canonical":"https:\/\/www.africa-press.net\/cameroun\/politique\/kondengui-voici-la-ligne-de-defense-des-medias-damougou-belinga","og_locale":"fr_FR","og_type":"article","og_title":"Kondengui : voici la ligne de d\u00e9fense des m\u00e9dias d\u2019Amougou Belinga","og_description":"Amougou Belinga s\u2019acclimate a\u0300 la prison centrale de de Yaounde\u0301 Kondengui. Le nouveau pensionnaire est inculpe\u0301 pour co ...","og_url":"https:\/\/www.africa-press.net\/cameroun\/politique\/kondengui-voici-la-ligne-de-defense-des-medias-damougou-belinga","og_site_name":"Cameroun","article_published_time":"2023-03-06T19:43:33+00:00","article_modified_time":"2023-03-06T20:13:56+00:00","og_image":[{"width":720,"height":354,"url":"https:\/\/static.africa-press.net\/cameroun\/sites\/57\/2023\/03\/postQueueImg_1678119218.45.jpg","type":"image\/jpeg"}],"author":"cfeditorfr","twitter_card":"summary_large_image","twitter_misc":{"\u00c9crit par":"cfeditorfr","Dur\u00e9e de lecture estim\u00e9e":"2 minutes"},"schema":{"@context":"https:\/\/schema.org","@graph":[{"@type":"Article","@id":"https:\/\/www.africa-press.net\/cameroun\/politique\/kondengui-voici-la-ligne-de-defense-des-medias-damougou-belinga#article","isPartOf":{"@id":"https:\/\/www.africa-press.net\/cameroun\/politique\/kondengui-voici-la-ligne-de-defense-des-medias-damougou-belinga"},"author":{"name":"cfeditorfr","@id":"https:\/\/www.africa-press.net\/cameroun\/#\/schema\/person\/2b1cf3cd81a31e3cd26889ca66d677f1"},"headline":"Kondengui : voici la ligne de d\u00e9fense des m\u00e9dias d\u2019Amougou Belinga","datePublished":"2023-03-06T19:43:33+00:00","dateModified":"2023-03-06T20:13:56+00:00","mainEntityOfPage":{"@id":"https:\/\/www.africa-press.net\/cameroun\/politique\/kondengui-voici-la-ligne-de-defense-des-medias-damougou-belinga"},"wordCount":465,"commentCount":0,"image":{"@id":"https:\/\/www.africa-press.net\/cameroun\/politique\/kondengui-voici-la-ligne-de-defense-des-medias-damougou-belinga#primaryimage"},"thumbnailUrl":"https:\/\/static.africa-press.net\/cameroun\/sites\/57\/2023\/03\/postQueueImg_1678119218.45.jpg","keywords":["Africa Press","Africa Press-Cameroun","Cameroun"],"articleSection":["Politique","Toutes les actualit\u00e9s"],"inLanguage":"fr-FR","potentialAction":[{"@type":"CommentAction","name":"Comment","target":["https:\/\/www.africa-press.net\/cameroun\/politique\/kondengui-voici-la-ligne-de-defense-des-medias-damougou-belinga#respond"]}]},{"@type":"WebPage","@id":"https:\/\/www.africa-press.net\/cameroun\/politique\/kondengui-voici-la-ligne-de-defense-des-medias-damougou-belinga","url":"https:\/\/www.africa-press.net\/cameroun\/politique\/kondengui-voici-la-ligne-de-defense-des-medias-damougou-belinga","name":"Kondengui : voici la ligne de d\u00e9fense des m\u00e9dias d\u2019Amougou Belinga - Cameroun","isPartOf":{"@id":"https:\/\/www.africa-press.net\/cameroun\/#website"},"primaryImageOfPage":{"@id":"https:\/\/www.africa-press.net\/cameroun\/politique\/kondengui-voici-la-ligne-de-defense-des-medias-damougou-belinga#primaryimage"},"image":{"@id":"https:\/\/www.africa-press.net\/cameroun\/politique\/kondengui-voici-la-ligne-de-defense-des-medias-damougou-belinga#primaryimage"},"thumbnailUrl":"https:\/\/static.africa-press.net\/cameroun\/sites\/57\/2023\/03\/postQueueImg_1678119218.45.jpg","datePublished":"2023-03-06T19:43:33+00:00","dateModified":"2023-03-06T20:13:56+00:00","author":{"@id":"https:\/\/www.africa-press.net\/cameroun\/#\/schema\/person\/2b1cf3cd81a31e3cd26889ca66d677f1"},"description":"Amougou Belinga s\u2019acclimate a\u0300 la prison centrale de de Yaounde\u0301 Kondengui. Le nouveau pensionnaire est inculpe\u0301 pour co ...","breadcrumb":{"@id":"https:\/\/www.africa-press.net\/cameroun\/politique\/kondengui-voici-la-ligne-de-defense-des-medias-damougou-belinga#breadcrumb"},"inLanguage":"fr-FR","potentialAction":[{"@type":"ReadAction","target":["https:\/\/www.africa-press.net\/cameroun\/politique\/kondengui-voici-la-ligne-de-defense-des-medias-damougou-belinga"]}]},{"@type":"ImageObject","inLanguage":"fr-FR","@id":"https:\/\/www.africa-press.net\/cameroun\/politique\/kondengui-voici-la-ligne-de-defense-des-medias-damougou-belinga#primaryimage","url":"https:\/\/static.africa-press.net\/cameroun\/sites\/57\/2023\/03\/postQueueImg_1678119218.45.jpg","contentUrl":"https:\/\/static.africa-press.net\/cameroun\/sites\/57\/2023\/03\/postQueueImg_1678119218.45.jpg","width":720,"height":354,"caption":"Kondengui : voici la ligne de d\u00e9fense des m\u00e9dias d\u2019Amougou Belinga"},{"@type":"BreadcrumbList","@id":"https:\/\/www.africa-press.net\/cameroun\/politique\/kondengui-voici-la-ligne-de-defense-des-medias-damougou-belinga#breadcrumb","itemListElement":[{"@type":"ListItem","position":1,"name":"Accueil","item":"https:\/\/www.africa-press.net\/cameroun\/"},{"@type":"ListItem","position":2,"name":"Kondengui : voici la ligne de d\u00e9fense des m\u00e9dias d\u2019Amougou Belinga"}]},{"@type":"WebSite","@id":"https:\/\/www.africa-press.net\/cameroun\/#website","url":"https:\/\/www.africa-press.net\/cameroun\/","name":"Cameroun","description":"Just another Africa News Agency Sites site","potentialAction":[{"@type":"SearchAction","target":{"@type":"EntryPoint","urlTemplate":"https:\/\/www.africa-press.net\/cameroun\/?s={search_term_string}"},"query-input":{"@type":"PropertyValueSpecification","valueRequired":true,"valueName":"search_term_string"}}],"inLanguage":"fr-FR"},{"@type":"Person","@id":"https:\/\/www.africa-press.net\/cameroun\/#\/schema\/person\/2b1cf3cd81a31e3cd26889ca66d677f1","name":"cfeditorfr"}]}},"_links":{"self":[{"href":"https:\/\/www.africa-press.net\/cameroun\/wp-json\/wp\/v2\/posts\/38411","targetHints":{"allow":["GET"]}}],"collection":[{"href":"https:\/\/www.africa-press.net\/cameroun\/wp-json\/wp\/v2\/posts"}],"about":[{"href":"https:\/\/www.africa-press.net\/cameroun\/wp-json\/wp\/v2\/types\/post"}],"author":[{"embeddable":true,"href":"https:\/\/www.africa-press.net\/cameroun\/wp-json\/wp\/v2\/users\/82"}],"replies":[{"embeddable":true,"href":"https:\/\/www.africa-press.net\/cameroun\/wp-json\/wp\/v2\/comments?post=38411"}],"version-history":[{"count":0,"href":"https:\/\/www.africa-press.net\/cameroun\/wp-json\/wp\/v2\/posts\/38411\/revisions"}],"wp:featuredmedia":[{"embeddable":true,"href":"https:\/\/www.africa-press.net\/cameroun\/wp-json\/wp\/v2\/media\/38410"}],"wp:attachment":[{"href":"https:\/\/www.africa-press.net\/cameroun\/wp-json\/wp\/v2\/media?parent=38411"}],"wp:term":[{"taxonomy":"category","embeddable":true,"href":"https:\/\/www.africa-press.net\/cameroun\/wp-json\/wp\/v2\/categories?post=38411"},{"taxonomy":"post_tag","embeddable":true,"href":"https:\/\/www.africa-press.net\/cameroun\/wp-json\/wp\/v2\/tags?post=38411"}],"curies":[{"name":"wp","href":"https:\/\/api.w.org\/{rel}","templated":true}]}}