{"id":38414,"date":"2023-03-06T19:43:41","date_gmt":"2023-03-06T19:43:41","guid":{"rendered":"https:\/\/www.africa-press.net\/cameroun\/politique\/ni-esso-ni-motaze-nont-ete-entendus-jeune-afrique-eventre-la-these-dun-accord-quaurait-donne-biya"},"modified":"2023-03-06T20:14:45","modified_gmt":"2023-03-06T20:14:45","slug":"ni-esso-ni-motaze-nont-ete-entendus-jeune-afrique-eventre-la-these-dun-accord-quaurait-donne-biya","status":"publish","type":"post","link":"https:\/\/www.africa-press.net\/cameroun\/politique\/ni-esso-ni-motaze-nont-ete-entendus-jeune-afrique-eventre-la-these-dun-accord-quaurait-donne-biya","title":{"rendered":"&lsquo;Ni Esso ni Motaze n\u2019ont \u00e9t\u00e9 entendus&rsquo;: Jeune Afrique \u00e9ventre la th\u00e8se d&rsquo;un accord qu&rsquo;aurait donn\u00e9 Biya"},"content":{"rendered":"<p><span style=\"color: #ff6600\"><strong>Africa-Press &#8211; Cameroun. <\/strong><\/span>Paul Biya a-t-il vraiment donne\u0301 son accord, pour que les ministres Laurent Esso et Paul Motaze\u0301 soient auditionne\u0301s par les enque\u0302teurs charge\u0301s de faire la lumie\u0300re sur l&rsquo;assassinat de Martinez Zogo?<\/p>\n<p>Tout porte a\u0300 croire, a\u0300 la lumie\u0300re d&rsquo;une information diffuse\u0301e dans un article que Jeune Afrique que non. Les deux ministres, malgre\u0301 que leurs noms sont revenus plusieurs fois dans les birbes d&rsquo;informations recueillies et diffuse\u0301es par certains me\u0301dias gra\u0302ce a\u0300 des sources proches du dossier, n&rsquo;ont jamais e\u0301te\u0301 convoque\u0301s et e\u0301coute\u0301s.<\/p>\n<p>\u00ab\u00a0Dans la deuxie\u0300me version, Danwe ajoutait que Amougou Belinga aurait e\u0301te\u0301 pre\u0301sent lors d\u2019une partie de l\u2019ope\u0301ration et aurait e\u0301te\u0301 en contact avec le ministre de la Justice, Laurent Esso, le 17 janvier, jour de l\u2019enle\u0300vement. Or, dans une troisie\u0300me version, il revenait sur cette de\u0301claration et affirmait avoir pilote\u0301 l\u2019ope\u0301ration a\u0300 distance, ajoutant que celle-ci n\u2019avait pas eu lieu dans l\u2019immeuble Ekang&#8230;Surtout, il ne citait pas le nom de Laurent Esso mais celui d\u2019un autre ministre, celui des Finances, Louis-Paul Motaze. Malgre\u0301 la dure\u0301e de l\u2019enque\u0302te pre\u0301liminaire, ni Laurent Esso ni Louis-Paul Motaze n\u2019ont a\u0300 ce jour e\u0301te\u0301 entendus officiellement\u00a0\u00bb, peut-on lire dans le tout dernier article publie\u0301 par Jeune Afrique sur l&rsquo;affaire Martinez Zogo.<\/p>\n<p>Or, plusieurs journaux avaient annonce\u0301 que le chef de l&rsquo;Etat avait donne\u0301 son accord, afin que les deux ministres soient auditionne\u0301s.<\/p>\n<p>S&rsquo;ils ne le sont pas encore, alors que les premiers suspects ont e\u0301te\u0301 arre\u0302te\u0301s et envoye\u0301s a\u0300 Kondengui, c&rsquo;est que ce accord semble n&rsquo;avoir jamais e\u0301te\u0301 donne\u0301. Sinon, quel enque\u0302teur, pourrait de\u0301libe\u0301re\u0301ment refuser d&rsquo;obe\u0301ir a\u0300 un instruction du Biya en personne?<\/p>\n<p>Laurent Esso re\u0301pond a\u0300 ceux qui l&rsquo;accusent d&rsquo;assassinat<\/p>\n<p>Nos confre\u0300res du journal Week-Infos ont publie\u0301 ce jeudi 23 fe\u0301vrier, un article dans lequel ils transmettaient un message qu&rsquo;a voulu faire passer le ministre d&rsquo;Etat en charge de la Justice, Laurent Esso, aux Camerounais, depuis que son nom est e\u0301voque\u0301e comme commanditaire de l&rsquo;assassinat de Martinez Zogo.<\/p>\n<p>L&rsquo;article de Week-Infos fait suite a\u0300 une sortie du ministre d&rsquo;Etat lors la rentre\u0301e solennelle des juges de la Cour supre\u0302me. La re\u0301daction de CamerounWeb diffuse e\u0301galement cette vide\u0301o.<\/p>\n<p>Le ministre d&rsquo;E\u0301tat Laurent Esso a vu son nom cite\u0301 dans l&rsquo;odieux assassinat du journaliste Martinez Zogo. Le lanceur d&rsquo;alerte installe\u0301 a\u0300 Paris, un responsable de RSF, la clameur de la toile ont dans une construction romanesque et fictive, implique\u0301 le patriarche Sawa, certains allant me\u0302me jusqu&rsquo;a\u0300 dire que c&rsquo;est lui qui a donne\u0301 \u00ab\u00a0le ok final\u00a0\u00bb pour le coup fatal contre Zogo.<\/p>\n<p>Face au silence e\u0301trange de Laurent Esso, WEEK INFOS avait dans un article soutenu que cette personnalite\u0301 ne ce\u0300de pas a\u0300 la pression. Il ne perd jamais son sang froid quelque soit l&rsquo;e\u0301motion. D&rsquo;ailleurs, il aurait coutume de dire a\u0300 ses proches \u00a0\u00bb les urgences c&rsquo;est a\u0300 l&rsquo;ho\u0302pital\u00a0\u00bb.<\/p>\n<p>Accule\u0301 sur la toile et au sein de l&rsquo;opinion, Laurent Esso prend son temps, e\u0301coute beaucoup et parle peu. Mais dans ce peu la\u0300, il y&rsquo;a du profond. Re\u0301pondant aux questions des journalistes de la CRTV a l&rsquo;occasion de la rentre\u0301e judiciaires 2023, il a eu ses paroles qui valent leur pesants d&rsquo;or \u00ab Il y\u2019a la justice telle que voulue par la presse, et la justice qui est la re\u0301alite\u0301 du contenu des dossiers que le magistrat examine (&#8230;) Parfois il y\u2019a tout un monde d\u2019e\u0301cart&#8230;(&#8230;)\u00a0\u00bb<\/p>\n<p><strong>Pour plus d&rsquo;informations et d&rsquo;analyses sur la <a href=\"https:\/\/www.africa-press.net\/cameroun\">Cameroun<\/a>, suivez <a href=\"https:\/\/www.africa-press.net\/\">Africa-Press<\/a><\/strong><\/p>\n","protected":false},"excerpt":{"rendered":"<p>Africa-Press &#8211; Cameroun. Paul Biya a-t-il vraiment donne\u0301 son accord, pour que les ministres Laurent Esso et Paul Motaze\u0301 soient auditionne\u0301s par les enque\u0302teurs charge\u0301s de faire la lumie\u0300re sur l&rsquo;assassinat de Martinez Zogo? Tout porte a\u0300 croire, a\u0300 la lumie\u0300re d&rsquo;une information diffuse\u0301e dans un article que Jeune Afrique que non. Les deux ministres, [&hellip;]<\/p>\n","protected":false},"author":82,"featured_media":38412,"comment_status":"open","ping_status":"closed","sticky":false,"template":"","format":"standard","meta":{"footnotes":""},"categories":[2,10],"tags":[36,50,49],"class_list":["post-38414","post","type-post","status-publish","format-standard","has-post-thumbnail","hentry","category-politique","category-toutes-les-actualites","tag-africa-press","tag-africa-press-cameroun","tag-cameroun"],"yoast_head":"<!-- This site is optimized with the Yoast SEO Premium plugin v26.1 (Yoast SEO v27.0) - https:\/\/yoast.com\/product\/yoast-seo-premium-wordpress\/ -->\n<title>&#039;Ni Esso ni Motaze n\u2019ont \u00e9t\u00e9 entendus&#039;: Jeune Afrique \u00e9ventre la th\u00e8se d&#039;un accord qu&#039;aurait donn\u00e9 Biya - Cameroun<\/title>\n<meta name=\"description\" content=\"Paul Biya a-t-il vraiment donne\u0301 son accord, pour que les ministres Laurent Esso et Paul Motaze\u0301 soient auditionne\u0301s par ...\" \/>\n<meta name=\"robots\" content=\"index, follow, max-snippet:-1, max-image-preview:large, max-video-preview:-1\" \/>\n<link rel=\"canonical\" href=\"https:\/\/www.africa-press.net\/cameroun\/politique\/ni-esso-ni-motaze-nont-ete-entendus-jeune-afrique-eventre-la-these-dun-accord-quaurait-donne-biya\" \/>\n<meta property=\"og:locale\" content=\"fr_FR\" \/>\n<meta property=\"og:type\" content=\"article\" \/>\n<meta property=\"og:title\" content=\"&#039;Ni Esso ni Motaze n\u2019ont \u00e9t\u00e9 entendus&#039;: Jeune Afrique \u00e9ventre la th\u00e8se d&#039;un accord qu&#039;aurait donn\u00e9 Biya\" \/>\n<meta property=\"og:description\" content=\"Paul Biya a-t-il vraiment donne\u0301 son accord, pour que les ministres Laurent Esso et Paul Motaze\u0301 soient auditionne\u0301s par ...\" \/>\n<meta property=\"og:url\" content=\"https:\/\/www.africa-press.net\/cameroun\/politique\/ni-esso-ni-motaze-nont-ete-entendus-jeune-afrique-eventre-la-these-dun-accord-quaurait-donne-biya\" \/>\n<meta property=\"og:site_name\" content=\"Cameroun\" \/>\n<meta property=\"article:published_time\" content=\"2023-03-06T19:43:41+00:00\" \/>\n<meta property=\"article:modified_time\" content=\"2023-03-06T20:14:45+00:00\" \/>\n<meta property=\"og:image\" content=\"https:\/\/static.africa-press.net\/cameroun\/sites\/57\/2023\/03\/postQueueImg_1678119225.04.jpg\" \/>\n\t<meta property=\"og:image:width\" content=\"720\" \/>\n\t<meta property=\"og:image:height\" content=\"523\" \/>\n\t<meta property=\"og:image:type\" content=\"image\/jpeg\" \/>\n<meta name=\"author\" content=\"cfeditorfr\" \/>\n<meta name=\"twitter:card\" content=\"summary_large_image\" \/>\n<meta name=\"twitter:label1\" content=\"\u00c9crit par\" \/>\n\t<meta name=\"twitter:data1\" content=\"cfeditorfr\" \/>\n\t<meta name=\"twitter:label2\" content=\"Dur\u00e9e de lecture estim\u00e9e\" \/>\n\t<meta name=\"twitter:data2\" content=\"3 minutes\" \/>\n<script type=\"application\/ld+json\" class=\"yoast-schema-graph\">{\"@context\":\"https:\/\/schema.org\",\"@graph\":[{\"@type\":\"Article\",\"@id\":\"https:\/\/www.africa-press.net\/cameroun\/politique\/ni-esso-ni-motaze-nont-ete-entendus-jeune-afrique-eventre-la-these-dun-accord-quaurait-donne-biya#article\",\"isPartOf\":{\"@id\":\"https:\/\/www.africa-press.net\/cameroun\/politique\/ni-esso-ni-motaze-nont-ete-entendus-jeune-afrique-eventre-la-these-dun-accord-quaurait-donne-biya\"},\"author\":{\"name\":\"cfeditorfr\",\"@id\":\"https:\/\/www.africa-press.net\/cameroun\/#\/schema\/person\/2b1cf3cd81a31e3cd26889ca66d677f1\"},\"headline\":\"&lsquo;Ni Esso ni Motaze n\u2019ont \u00e9t\u00e9 entendus&rsquo;: Jeune Afrique \u00e9ventre la th\u00e8se d&rsquo;un accord qu&rsquo;aurait donn\u00e9 Biya\",\"datePublished\":\"2023-03-06T19:43:41+00:00\",\"dateModified\":\"2023-03-06T20:14:45+00:00\",\"mainEntityOfPage\":{\"@id\":\"https:\/\/www.africa-press.net\/cameroun\/politique\/ni-esso-ni-motaze-nont-ete-entendus-jeune-afrique-eventre-la-these-dun-accord-quaurait-donne-biya\"},\"wordCount\":675,\"commentCount\":0,\"image\":{\"@id\":\"https:\/\/www.africa-press.net\/cameroun\/politique\/ni-esso-ni-motaze-nont-ete-entendus-jeune-afrique-eventre-la-these-dun-accord-quaurait-donne-biya#primaryimage\"},\"thumbnailUrl\":\"https:\/\/static.africa-press.net\/cameroun\/sites\/57\/2023\/03\/postQueueImg_1678119225.04.jpg\",\"keywords\":[\"Africa Press\",\"Africa Press-Cameroun\",\"Cameroun\"],\"articleSection\":[\"Politique\",\"Toutes les actualit\u00e9s\"],\"inLanguage\":\"fr-FR\",\"potentialAction\":[{\"@type\":\"CommentAction\",\"name\":\"Comment\",\"target\":[\"https:\/\/www.africa-press.net\/cameroun\/politique\/ni-esso-ni-motaze-nont-ete-entendus-jeune-afrique-eventre-la-these-dun-accord-quaurait-donne-biya#respond\"]}]},{\"@type\":\"WebPage\",\"@id\":\"https:\/\/www.africa-press.net\/cameroun\/politique\/ni-esso-ni-motaze-nont-ete-entendus-jeune-afrique-eventre-la-these-dun-accord-quaurait-donne-biya\",\"url\":\"https:\/\/www.africa-press.net\/cameroun\/politique\/ni-esso-ni-motaze-nont-ete-entendus-jeune-afrique-eventre-la-these-dun-accord-quaurait-donne-biya\",\"name\":\"'Ni Esso ni Motaze n\u2019ont \u00e9t\u00e9 entendus': Jeune Afrique \u00e9ventre la th\u00e8se d'un accord qu'aurait donn\u00e9 Biya - Cameroun\",\"isPartOf\":{\"@id\":\"https:\/\/www.africa-press.net\/cameroun\/#website\"},\"primaryImageOfPage\":{\"@id\":\"https:\/\/www.africa-press.net\/cameroun\/politique\/ni-esso-ni-motaze-nont-ete-entendus-jeune-afrique-eventre-la-these-dun-accord-quaurait-donne-biya#primaryimage\"},\"image\":{\"@id\":\"https:\/\/www.africa-press.net\/cameroun\/politique\/ni-esso-ni-motaze-nont-ete-entendus-jeune-afrique-eventre-la-these-dun-accord-quaurait-donne-biya#primaryimage\"},\"thumbnailUrl\":\"https:\/\/static.africa-press.net\/cameroun\/sites\/57\/2023\/03\/postQueueImg_1678119225.04.jpg\",\"datePublished\":\"2023-03-06T19:43:41+00:00\",\"dateModified\":\"2023-03-06T20:14:45+00:00\",\"author\":{\"@id\":\"https:\/\/www.africa-press.net\/cameroun\/#\/schema\/person\/2b1cf3cd81a31e3cd26889ca66d677f1\"},\"description\":\"Paul Biya a-t-il vraiment donne\u0301 son accord, pour que les ministres Laurent Esso et Paul Motaze\u0301 soient auditionne\u0301s par ...\",\"breadcrumb\":{\"@id\":\"https:\/\/www.africa-press.net\/cameroun\/politique\/ni-esso-ni-motaze-nont-ete-entendus-jeune-afrique-eventre-la-these-dun-accord-quaurait-donne-biya#breadcrumb\"},\"inLanguage\":\"fr-FR\",\"potentialAction\":[{\"@type\":\"ReadAction\",\"target\":[\"https:\/\/www.africa-press.net\/cameroun\/politique\/ni-esso-ni-motaze-nont-ete-entendus-jeune-afrique-eventre-la-these-dun-accord-quaurait-donne-biya\"]}]},{\"@type\":\"ImageObject\",\"inLanguage\":\"fr-FR\",\"@id\":\"https:\/\/www.africa-press.net\/cameroun\/politique\/ni-esso-ni-motaze-nont-ete-entendus-jeune-afrique-eventre-la-these-dun-accord-quaurait-donne-biya#primaryimage\",\"url\":\"https:\/\/static.africa-press.net\/cameroun\/sites\/57\/2023\/03\/postQueueImg_1678119225.04.jpg\",\"contentUrl\":\"https:\/\/static.africa-press.net\/cameroun\/sites\/57\/2023\/03\/postQueueImg_1678119225.04.jpg\",\"width\":720,\"height\":523,\"caption\":\"'Ni Esso ni Motaze n\u2019ont \u00e9t\u00e9 entendus': Jeune Afrique \u00e9ventre la th\u00e8se d'un accord qu'aurait donn\u00e9 Biya\"},{\"@type\":\"BreadcrumbList\",\"@id\":\"https:\/\/www.africa-press.net\/cameroun\/politique\/ni-esso-ni-motaze-nont-ete-entendus-jeune-afrique-eventre-la-these-dun-accord-quaurait-donne-biya#breadcrumb\",\"itemListElement\":[{\"@type\":\"ListItem\",\"position\":1,\"name\":\"Accueil\",\"item\":\"https:\/\/www.africa-press.net\/cameroun\/\"},{\"@type\":\"ListItem\",\"position\":2,\"name\":\"&lsquo;Ni Esso ni Motaze n\u2019ont \u00e9t\u00e9 entendus&rsquo;: Jeune Afrique \u00e9ventre la th\u00e8se d&rsquo;un accord qu&rsquo;aurait donn\u00e9 Biya\"}]},{\"@type\":\"WebSite\",\"@id\":\"https:\/\/www.africa-press.net\/cameroun\/#website\",\"url\":\"https:\/\/www.africa-press.net\/cameroun\/\",\"name\":\"Cameroun\",\"description\":\"Just another Africa News Agency Sites site\",\"potentialAction\":[{\"@type\":\"SearchAction\",\"target\":{\"@type\":\"EntryPoint\",\"urlTemplate\":\"https:\/\/www.africa-press.net\/cameroun\/?s={search_term_string}\"},\"query-input\":{\"@type\":\"PropertyValueSpecification\",\"valueRequired\":true,\"valueName\":\"search_term_string\"}}],\"inLanguage\":\"fr-FR\"},{\"@type\":\"Person\",\"@id\":\"https:\/\/www.africa-press.net\/cameroun\/#\/schema\/person\/2b1cf3cd81a31e3cd26889ca66d677f1\",\"name\":\"cfeditorfr\"}]}<\/script>\n<!-- \/ Yoast SEO Premium plugin. -->","yoast_head_json":{"title":"'Ni Esso ni Motaze n\u2019ont \u00e9t\u00e9 entendus': Jeune Afrique \u00e9ventre la th\u00e8se d'un accord qu'aurait donn\u00e9 Biya - Cameroun","description":"Paul Biya a-t-il vraiment donne\u0301 son accord, pour que les ministres Laurent Esso et Paul Motaze\u0301 soient auditionne\u0301s par ...","robots":{"index":"index","follow":"follow","max-snippet":"max-snippet:-1","max-image-preview":"max-image-preview:large","max-video-preview":"max-video-preview:-1"},"canonical":"https:\/\/www.africa-press.net\/cameroun\/politique\/ni-esso-ni-motaze-nont-ete-entendus-jeune-afrique-eventre-la-these-dun-accord-quaurait-donne-biya","og_locale":"fr_FR","og_type":"article","og_title":"'Ni Esso ni Motaze n\u2019ont \u00e9t\u00e9 entendus': Jeune Afrique \u00e9ventre la th\u00e8se d'un accord qu'aurait donn\u00e9 Biya","og_description":"Paul Biya a-t-il vraiment donne\u0301 son accord, pour que les ministres Laurent Esso et Paul Motaze\u0301 soient auditionne\u0301s par ...","og_url":"https:\/\/www.africa-press.net\/cameroun\/politique\/ni-esso-ni-motaze-nont-ete-entendus-jeune-afrique-eventre-la-these-dun-accord-quaurait-donne-biya","og_site_name":"Cameroun","article_published_time":"2023-03-06T19:43:41+00:00","article_modified_time":"2023-03-06T20:14:45+00:00","og_image":[{"width":720,"height":523,"url":"https:\/\/static.africa-press.net\/cameroun\/sites\/57\/2023\/03\/postQueueImg_1678119225.04.jpg","type":"image\/jpeg"}],"author":"cfeditorfr","twitter_card":"summary_large_image","twitter_misc":{"\u00c9crit par":"cfeditorfr","Dur\u00e9e de lecture estim\u00e9e":"3 minutes"},"schema":{"@context":"https:\/\/schema.org","@graph":[{"@type":"Article","@id":"https:\/\/www.africa-press.net\/cameroun\/politique\/ni-esso-ni-motaze-nont-ete-entendus-jeune-afrique-eventre-la-these-dun-accord-quaurait-donne-biya#article","isPartOf":{"@id":"https:\/\/www.africa-press.net\/cameroun\/politique\/ni-esso-ni-motaze-nont-ete-entendus-jeune-afrique-eventre-la-these-dun-accord-quaurait-donne-biya"},"author":{"name":"cfeditorfr","@id":"https:\/\/www.africa-press.net\/cameroun\/#\/schema\/person\/2b1cf3cd81a31e3cd26889ca66d677f1"},"headline":"&lsquo;Ni Esso ni Motaze n\u2019ont \u00e9t\u00e9 entendus&rsquo;: Jeune Afrique \u00e9ventre la th\u00e8se d&rsquo;un accord qu&rsquo;aurait donn\u00e9 Biya","datePublished":"2023-03-06T19:43:41+00:00","dateModified":"2023-03-06T20:14:45+00:00","mainEntityOfPage":{"@id":"https:\/\/www.africa-press.net\/cameroun\/politique\/ni-esso-ni-motaze-nont-ete-entendus-jeune-afrique-eventre-la-these-dun-accord-quaurait-donne-biya"},"wordCount":675,"commentCount":0,"image":{"@id":"https:\/\/www.africa-press.net\/cameroun\/politique\/ni-esso-ni-motaze-nont-ete-entendus-jeune-afrique-eventre-la-these-dun-accord-quaurait-donne-biya#primaryimage"},"thumbnailUrl":"https:\/\/static.africa-press.net\/cameroun\/sites\/57\/2023\/03\/postQueueImg_1678119225.04.jpg","keywords":["Africa Press","Africa Press-Cameroun","Cameroun"],"articleSection":["Politique","Toutes les actualit\u00e9s"],"inLanguage":"fr-FR","potentialAction":[{"@type":"CommentAction","name":"Comment","target":["https:\/\/www.africa-press.net\/cameroun\/politique\/ni-esso-ni-motaze-nont-ete-entendus-jeune-afrique-eventre-la-these-dun-accord-quaurait-donne-biya#respond"]}]},{"@type":"WebPage","@id":"https:\/\/www.africa-press.net\/cameroun\/politique\/ni-esso-ni-motaze-nont-ete-entendus-jeune-afrique-eventre-la-these-dun-accord-quaurait-donne-biya","url":"https:\/\/www.africa-press.net\/cameroun\/politique\/ni-esso-ni-motaze-nont-ete-entendus-jeune-afrique-eventre-la-these-dun-accord-quaurait-donne-biya","name":"'Ni Esso ni Motaze n\u2019ont \u00e9t\u00e9 entendus': Jeune Afrique \u00e9ventre la th\u00e8se d'un accord qu'aurait donn\u00e9 Biya - Cameroun","isPartOf":{"@id":"https:\/\/www.africa-press.net\/cameroun\/#website"},"primaryImageOfPage":{"@id":"https:\/\/www.africa-press.net\/cameroun\/politique\/ni-esso-ni-motaze-nont-ete-entendus-jeune-afrique-eventre-la-these-dun-accord-quaurait-donne-biya#primaryimage"},"image":{"@id":"https:\/\/www.africa-press.net\/cameroun\/politique\/ni-esso-ni-motaze-nont-ete-entendus-jeune-afrique-eventre-la-these-dun-accord-quaurait-donne-biya#primaryimage"},"thumbnailUrl":"https:\/\/static.africa-press.net\/cameroun\/sites\/57\/2023\/03\/postQueueImg_1678119225.04.jpg","datePublished":"2023-03-06T19:43:41+00:00","dateModified":"2023-03-06T20:14:45+00:00","author":{"@id":"https:\/\/www.africa-press.net\/cameroun\/#\/schema\/person\/2b1cf3cd81a31e3cd26889ca66d677f1"},"description":"Paul Biya a-t-il vraiment donne\u0301 son accord, pour que les ministres Laurent Esso et Paul Motaze\u0301 soient auditionne\u0301s par ...","breadcrumb":{"@id":"https:\/\/www.africa-press.net\/cameroun\/politique\/ni-esso-ni-motaze-nont-ete-entendus-jeune-afrique-eventre-la-these-dun-accord-quaurait-donne-biya#breadcrumb"},"inLanguage":"fr-FR","potentialAction":[{"@type":"ReadAction","target":["https:\/\/www.africa-press.net\/cameroun\/politique\/ni-esso-ni-motaze-nont-ete-entendus-jeune-afrique-eventre-la-these-dun-accord-quaurait-donne-biya"]}]},{"@type":"ImageObject","inLanguage":"fr-FR","@id":"https:\/\/www.africa-press.net\/cameroun\/politique\/ni-esso-ni-motaze-nont-ete-entendus-jeune-afrique-eventre-la-these-dun-accord-quaurait-donne-biya#primaryimage","url":"https:\/\/static.africa-press.net\/cameroun\/sites\/57\/2023\/03\/postQueueImg_1678119225.04.jpg","contentUrl":"https:\/\/static.africa-press.net\/cameroun\/sites\/57\/2023\/03\/postQueueImg_1678119225.04.jpg","width":720,"height":523,"caption":"'Ni Esso ni Motaze n\u2019ont \u00e9t\u00e9 entendus': Jeune Afrique \u00e9ventre la th\u00e8se d'un accord qu'aurait donn\u00e9 Biya"},{"@type":"BreadcrumbList","@id":"https:\/\/www.africa-press.net\/cameroun\/politique\/ni-esso-ni-motaze-nont-ete-entendus-jeune-afrique-eventre-la-these-dun-accord-quaurait-donne-biya#breadcrumb","itemListElement":[{"@type":"ListItem","position":1,"name":"Accueil","item":"https:\/\/www.africa-press.net\/cameroun\/"},{"@type":"ListItem","position":2,"name":"&lsquo;Ni Esso ni Motaze n\u2019ont \u00e9t\u00e9 entendus&rsquo;: Jeune Afrique \u00e9ventre la th\u00e8se d&rsquo;un accord qu&rsquo;aurait donn\u00e9 Biya"}]},{"@type":"WebSite","@id":"https:\/\/www.africa-press.net\/cameroun\/#website","url":"https:\/\/www.africa-press.net\/cameroun\/","name":"Cameroun","description":"Just another Africa News Agency Sites site","potentialAction":[{"@type":"SearchAction","target":{"@type":"EntryPoint","urlTemplate":"https:\/\/www.africa-press.net\/cameroun\/?s={search_term_string}"},"query-input":{"@type":"PropertyValueSpecification","valueRequired":true,"valueName":"search_term_string"}}],"inLanguage":"fr-FR"},{"@type":"Person","@id":"https:\/\/www.africa-press.net\/cameroun\/#\/schema\/person\/2b1cf3cd81a31e3cd26889ca66d677f1","name":"cfeditorfr"}]}},"_links":{"self":[{"href":"https:\/\/www.africa-press.net\/cameroun\/wp-json\/wp\/v2\/posts\/38414","targetHints":{"allow":["GET"]}}],"collection":[{"href":"https:\/\/www.africa-press.net\/cameroun\/wp-json\/wp\/v2\/posts"}],"about":[{"href":"https:\/\/www.africa-press.net\/cameroun\/wp-json\/wp\/v2\/types\/post"}],"author":[{"embeddable":true,"href":"https:\/\/www.africa-press.net\/cameroun\/wp-json\/wp\/v2\/users\/82"}],"replies":[{"embeddable":true,"href":"https:\/\/www.africa-press.net\/cameroun\/wp-json\/wp\/v2\/comments?post=38414"}],"version-history":[{"count":0,"href":"https:\/\/www.africa-press.net\/cameroun\/wp-json\/wp\/v2\/posts\/38414\/revisions"}],"wp:featuredmedia":[{"embeddable":true,"href":"https:\/\/www.africa-press.net\/cameroun\/wp-json\/wp\/v2\/media\/38412"}],"wp:attachment":[{"href":"https:\/\/www.africa-press.net\/cameroun\/wp-json\/wp\/v2\/media?parent=38414"}],"wp:term":[{"taxonomy":"category","embeddable":true,"href":"https:\/\/www.africa-press.net\/cameroun\/wp-json\/wp\/v2\/categories?post=38414"},{"taxonomy":"post_tag","embeddable":true,"href":"https:\/\/www.africa-press.net\/cameroun\/wp-json\/wp\/v2\/tags?post=38414"}],"curies":[{"name":"wp","href":"https:\/\/api.w.org\/{rel}","templated":true}]}}