{"id":38416,"date":"2023-03-06T19:43:47","date_gmt":"2023-03-06T19:43:47","guid":{"rendered":"https:\/\/www.africa-press.net\/cameroun\/politique\/affaire-martinez-zogo-les-noms-qui-manquent-pour-boucler-lenquete"},"modified":"2023-03-06T20:15:45","modified_gmt":"2023-03-06T20:15:45","slug":"affaire-martinez-zogo-les-noms-qui-manquent-pour-boucler-lenquete","status":"publish","type":"post","link":"https:\/\/www.africa-press.net\/cameroun\/politique\/affaire-martinez-zogo-les-noms-qui-manquent-pour-boucler-lenquete","title":{"rendered":"Affaire Martinez Zogo : les noms qui manquent pour boucler l\u2019enqu\u00eate"},"content":{"rendered":"<p><span style=\"color: #ff6600\"><strong>Africa-Press &#8211; Cameroun. <\/strong><\/span>Les chefs d\u2019accusation retenus contre Amougou Belinga, Justin Danwe et les membres du commando sont la preuve qu\u2019il existe encore des zones d\u2019ombre qu\u2019il faut e\u0301clairer dans l\u2019affaire Martinez Zogo.<\/p>\n<p>Et c\u2019est au juge d\u2019instruction de s\u2019en charger avec l\u2019aide des enque\u0302teurs. Depuis le de\u0301but de l\u2019affaire plusieurs noms sont cite\u0301s dans les trois diffe\u0301rentes versions des faits donne\u0301es par le Lieutenant-Colonel Justin Danwe.<\/p>\n<p>Premie\u0300rement, il a avoue\u0301 e\u0302tre le responsable du commando en charge de la torture puis de l\u2019assassinat de Martinez Zogo. Il pre\u0301cise par ailleurs que ces faits se sont de\u0301roule\u0301s dans l\u2019immeuble Ekang, proprie\u0301te\u0301 de Jean Pierre Amougou Belinga.<\/p>\n<p>Deuxie\u0300mement, dans les informations obtenues par Reporters sans frontie\u0300res (RSF), il a e\u0301galement avoue\u0301 qu\u2019Amougou Belinga e\u0301tait pre\u0301sent et que ce dernier aurait me\u0302me asse\u0301ne\u0301 des coups au journaliste dans le sous-sol de son immeuble. Sans oublier les pre\u0301cisions que Justin Danwe a donne\u0301es sur le garde des Sceaux, Laurent Esso. D\u2019apre\u0300s les de\u0301clarations de Justin Danwe, c\u2019est le membre du gouvernement qui a donne\u0301 l\u2019ordre final.<\/p>\n<p>Dans la troisie\u0300me version, il cite maintenant le Ministre des finances, Louis-Paul Motaze. En conclusion, Laurent Esso et Louis-Paul Motaze pourraient e\u0302tre les pie\u0300ces qui manquent au puzzle pour re\u0301soudre l\u2019enque\u0302te.<\/p>\n<p>Il faut donc les auditionner pour avoir quelques e\u0301le\u0301ments de re\u0301ponses. Une chose qui parait bien plus simple a\u0300 dire qu\u2019a\u0300 faire, car sans le feu vert du pre\u0301sident Paul Biya, aucune proce\u0301dure ne pourra e\u0302tre lance\u0301e.<\/p>\n<p>En attendant, le juge d\u2019instruction et les enque\u0302teurs devront se contenter des e\u0301le\u0301ments de preuves en leur possession et ceux qu\u2019ils pourraient trouver e\u0301ventuellement.<\/p>\n<p><strong>Pour plus d&rsquo;informations et d&rsquo;analyses sur la <a href=\"https:\/\/www.africa-press.net\/cameroun\">Cameroun<\/a>, suivez <a href=\"https:\/\/www.africa-press.net\/\">Africa-Press<\/a><\/strong><\/p>\n","protected":false},"excerpt":{"rendered":"<p>Africa-Press &#8211; Cameroun. Les chefs d\u2019accusation retenus contre Amougou Belinga, Justin Danwe et les membres du commando sont la preuve qu\u2019il existe encore des zones d\u2019ombre qu\u2019il faut e\u0301clairer dans l\u2019affaire Martinez Zogo. Et c\u2019est au juge d\u2019instruction de s\u2019en charger avec l\u2019aide des enque\u0302teurs. Depuis le de\u0301but de l\u2019affaire plusieurs noms sont cite\u0301s dans [&hellip;]<\/p>\n","protected":false},"author":82,"featured_media":38415,"comment_status":"open","ping_status":"closed","sticky":false,"template":"","format":"standard","meta":{"footnotes":""},"categories":[2,10],"tags":[36,50,49],"class_list":["post-38416","post","type-post","status-publish","format-standard","has-post-thumbnail","hentry","category-politique","category-toutes-les-actualites","tag-africa-press","tag-africa-press-cameroun","tag-cameroun"],"yoast_head":"<!-- This site is optimized with the Yoast SEO Premium plugin v26.1 (Yoast SEO v27.0) - https:\/\/yoast.com\/product\/yoast-seo-premium-wordpress\/ -->\n<title>Affaire Martinez Zogo : les noms qui manquent pour boucler l\u2019enqu\u00eate - Cameroun<\/title>\n<meta name=\"description\" content=\"Les chefs d\u2019accusation retenus contre Amougou Belinga, Justin Danwe et les membres du commando sont la preuve qu\u2019il exis ...\" \/>\n<meta name=\"robots\" content=\"index, follow, max-snippet:-1, max-image-preview:large, max-video-preview:-1\" \/>\n<link rel=\"canonical\" href=\"https:\/\/www.africa-press.net\/cameroun\/politique\/affaire-martinez-zogo-les-noms-qui-manquent-pour-boucler-lenquete\" \/>\n<meta property=\"og:locale\" content=\"fr_FR\" \/>\n<meta property=\"og:type\" content=\"article\" \/>\n<meta property=\"og:title\" content=\"Affaire Martinez Zogo : les noms qui manquent pour boucler l\u2019enqu\u00eate\" \/>\n<meta property=\"og:description\" content=\"Les chefs d\u2019accusation retenus contre Amougou Belinga, Justin Danwe et les membres du commando sont la preuve qu\u2019il exis ...\" \/>\n<meta property=\"og:url\" content=\"https:\/\/www.africa-press.net\/cameroun\/politique\/affaire-martinez-zogo-les-noms-qui-manquent-pour-boucler-lenquete\" \/>\n<meta property=\"og:site_name\" content=\"Cameroun\" \/>\n<meta property=\"article:published_time\" content=\"2023-03-06T19:43:47+00:00\" \/>\n<meta property=\"article:modified_time\" content=\"2023-03-06T20:15:45+00:00\" \/>\n<meta property=\"og:image\" content=\"https:\/\/static.africa-press.net\/cameroun\/sites\/57\/2023\/03\/postQueueImg_1678119233.01.jpg\" \/>\n\t<meta property=\"og:image:width\" content=\"720\" \/>\n\t<meta property=\"og:image:height\" content=\"432\" \/>\n\t<meta property=\"og:image:type\" content=\"image\/jpeg\" \/>\n<meta name=\"author\" content=\"cfeditorfr\" \/>\n<meta name=\"twitter:card\" content=\"summary_large_image\" \/>\n<meta name=\"twitter:label1\" content=\"\u00c9crit par\" \/>\n\t<meta name=\"twitter:data1\" content=\"cfeditorfr\" \/>\n\t<meta name=\"twitter:label2\" content=\"Dur\u00e9e de lecture estim\u00e9e\" \/>\n\t<meta name=\"twitter:data2\" content=\"2 minutes\" \/>\n<script type=\"application\/ld+json\" class=\"yoast-schema-graph\">{\"@context\":\"https:\/\/schema.org\",\"@graph\":[{\"@type\":\"Article\",\"@id\":\"https:\/\/www.africa-press.net\/cameroun\/politique\/affaire-martinez-zogo-les-noms-qui-manquent-pour-boucler-lenquete#article\",\"isPartOf\":{\"@id\":\"https:\/\/www.africa-press.net\/cameroun\/politique\/affaire-martinez-zogo-les-noms-qui-manquent-pour-boucler-lenquete\"},\"author\":{\"name\":\"cfeditorfr\",\"@id\":\"https:\/\/www.africa-press.net\/cameroun\/#\/schema\/person\/2b1cf3cd81a31e3cd26889ca66d677f1\"},\"headline\":\"Affaire Martinez Zogo : les noms qui manquent pour boucler l\u2019enqu\u00eate\",\"datePublished\":\"2023-03-06T19:43:47+00:00\",\"dateModified\":\"2023-03-06T20:15:45+00:00\",\"mainEntityOfPage\":{\"@id\":\"https:\/\/www.africa-press.net\/cameroun\/politique\/affaire-martinez-zogo-les-noms-qui-manquent-pour-boucler-lenquete\"},\"wordCount\":348,\"commentCount\":0,\"image\":{\"@id\":\"https:\/\/www.africa-press.net\/cameroun\/politique\/affaire-martinez-zogo-les-noms-qui-manquent-pour-boucler-lenquete#primaryimage\"},\"thumbnailUrl\":\"https:\/\/static.africa-press.net\/cameroun\/sites\/57\/2023\/03\/postQueueImg_1678119233.01.jpg\",\"keywords\":[\"Africa Press\",\"Africa Press-Cameroun\",\"Cameroun\"],\"articleSection\":[\"Politique\",\"Toutes les actualit\u00e9s\"],\"inLanguage\":\"fr-FR\",\"potentialAction\":[{\"@type\":\"CommentAction\",\"name\":\"Comment\",\"target\":[\"https:\/\/www.africa-press.net\/cameroun\/politique\/affaire-martinez-zogo-les-noms-qui-manquent-pour-boucler-lenquete#respond\"]}]},{\"@type\":\"WebPage\",\"@id\":\"https:\/\/www.africa-press.net\/cameroun\/politique\/affaire-martinez-zogo-les-noms-qui-manquent-pour-boucler-lenquete\",\"url\":\"https:\/\/www.africa-press.net\/cameroun\/politique\/affaire-martinez-zogo-les-noms-qui-manquent-pour-boucler-lenquete\",\"name\":\"Affaire Martinez Zogo : les noms qui manquent pour boucler l\u2019enqu\u00eate - Cameroun\",\"isPartOf\":{\"@id\":\"https:\/\/www.africa-press.net\/cameroun\/#website\"},\"primaryImageOfPage\":{\"@id\":\"https:\/\/www.africa-press.net\/cameroun\/politique\/affaire-martinez-zogo-les-noms-qui-manquent-pour-boucler-lenquete#primaryimage\"},\"image\":{\"@id\":\"https:\/\/www.africa-press.net\/cameroun\/politique\/affaire-martinez-zogo-les-noms-qui-manquent-pour-boucler-lenquete#primaryimage\"},\"thumbnailUrl\":\"https:\/\/static.africa-press.net\/cameroun\/sites\/57\/2023\/03\/postQueueImg_1678119233.01.jpg\",\"datePublished\":\"2023-03-06T19:43:47+00:00\",\"dateModified\":\"2023-03-06T20:15:45+00:00\",\"author\":{\"@id\":\"https:\/\/www.africa-press.net\/cameroun\/#\/schema\/person\/2b1cf3cd81a31e3cd26889ca66d677f1\"},\"description\":\"Les chefs d\u2019accusation retenus contre Amougou Belinga, Justin Danwe et les membres du commando sont la preuve qu\u2019il exis ...\",\"breadcrumb\":{\"@id\":\"https:\/\/www.africa-press.net\/cameroun\/politique\/affaire-martinez-zogo-les-noms-qui-manquent-pour-boucler-lenquete#breadcrumb\"},\"inLanguage\":\"fr-FR\",\"potentialAction\":[{\"@type\":\"ReadAction\",\"target\":[\"https:\/\/www.africa-press.net\/cameroun\/politique\/affaire-martinez-zogo-les-noms-qui-manquent-pour-boucler-lenquete\"]}]},{\"@type\":\"ImageObject\",\"inLanguage\":\"fr-FR\",\"@id\":\"https:\/\/www.africa-press.net\/cameroun\/politique\/affaire-martinez-zogo-les-noms-qui-manquent-pour-boucler-lenquete#primaryimage\",\"url\":\"https:\/\/static.africa-press.net\/cameroun\/sites\/57\/2023\/03\/postQueueImg_1678119233.01.jpg\",\"contentUrl\":\"https:\/\/static.africa-press.net\/cameroun\/sites\/57\/2023\/03\/postQueueImg_1678119233.01.jpg\",\"width\":720,\"height\":432,\"caption\":\"Affaire Martinez Zogo : les noms qui manquent pour boucler l\u2019enqu\u00eate\"},{\"@type\":\"BreadcrumbList\",\"@id\":\"https:\/\/www.africa-press.net\/cameroun\/politique\/affaire-martinez-zogo-les-noms-qui-manquent-pour-boucler-lenquete#breadcrumb\",\"itemListElement\":[{\"@type\":\"ListItem\",\"position\":1,\"name\":\"Accueil\",\"item\":\"https:\/\/www.africa-press.net\/cameroun\/\"},{\"@type\":\"ListItem\",\"position\":2,\"name\":\"Affaire Martinez Zogo : les noms qui manquent pour boucler l\u2019enqu\u00eate\"}]},{\"@type\":\"WebSite\",\"@id\":\"https:\/\/www.africa-press.net\/cameroun\/#website\",\"url\":\"https:\/\/www.africa-press.net\/cameroun\/\",\"name\":\"Cameroun\",\"description\":\"Just another Africa News Agency Sites site\",\"potentialAction\":[{\"@type\":\"SearchAction\",\"target\":{\"@type\":\"EntryPoint\",\"urlTemplate\":\"https:\/\/www.africa-press.net\/cameroun\/?s={search_term_string}\"},\"query-input\":{\"@type\":\"PropertyValueSpecification\",\"valueRequired\":true,\"valueName\":\"search_term_string\"}}],\"inLanguage\":\"fr-FR\"},{\"@type\":\"Person\",\"@id\":\"https:\/\/www.africa-press.net\/cameroun\/#\/schema\/person\/2b1cf3cd81a31e3cd26889ca66d677f1\",\"name\":\"cfeditorfr\"}]}<\/script>\n<!-- \/ Yoast SEO Premium plugin. -->","yoast_head_json":{"title":"Affaire Martinez Zogo : les noms qui manquent pour boucler l\u2019enqu\u00eate - Cameroun","description":"Les chefs d\u2019accusation retenus contre Amougou Belinga, Justin Danwe et les membres du commando sont la preuve qu\u2019il exis ...","robots":{"index":"index","follow":"follow","max-snippet":"max-snippet:-1","max-image-preview":"max-image-preview:large","max-video-preview":"max-video-preview:-1"},"canonical":"https:\/\/www.africa-press.net\/cameroun\/politique\/affaire-martinez-zogo-les-noms-qui-manquent-pour-boucler-lenquete","og_locale":"fr_FR","og_type":"article","og_title":"Affaire Martinez Zogo : les noms qui manquent pour boucler l\u2019enqu\u00eate","og_description":"Les chefs d\u2019accusation retenus contre Amougou Belinga, Justin Danwe et les membres du commando sont la preuve qu\u2019il exis ...","og_url":"https:\/\/www.africa-press.net\/cameroun\/politique\/affaire-martinez-zogo-les-noms-qui-manquent-pour-boucler-lenquete","og_site_name":"Cameroun","article_published_time":"2023-03-06T19:43:47+00:00","article_modified_time":"2023-03-06T20:15:45+00:00","og_image":[{"width":720,"height":432,"url":"https:\/\/static.africa-press.net\/cameroun\/sites\/57\/2023\/03\/postQueueImg_1678119233.01.jpg","type":"image\/jpeg"}],"author":"cfeditorfr","twitter_card":"summary_large_image","twitter_misc":{"\u00c9crit par":"cfeditorfr","Dur\u00e9e de lecture estim\u00e9e":"2 minutes"},"schema":{"@context":"https:\/\/schema.org","@graph":[{"@type":"Article","@id":"https:\/\/www.africa-press.net\/cameroun\/politique\/affaire-martinez-zogo-les-noms-qui-manquent-pour-boucler-lenquete#article","isPartOf":{"@id":"https:\/\/www.africa-press.net\/cameroun\/politique\/affaire-martinez-zogo-les-noms-qui-manquent-pour-boucler-lenquete"},"author":{"name":"cfeditorfr","@id":"https:\/\/www.africa-press.net\/cameroun\/#\/schema\/person\/2b1cf3cd81a31e3cd26889ca66d677f1"},"headline":"Affaire Martinez Zogo : les noms qui manquent pour boucler l\u2019enqu\u00eate","datePublished":"2023-03-06T19:43:47+00:00","dateModified":"2023-03-06T20:15:45+00:00","mainEntityOfPage":{"@id":"https:\/\/www.africa-press.net\/cameroun\/politique\/affaire-martinez-zogo-les-noms-qui-manquent-pour-boucler-lenquete"},"wordCount":348,"commentCount":0,"image":{"@id":"https:\/\/www.africa-press.net\/cameroun\/politique\/affaire-martinez-zogo-les-noms-qui-manquent-pour-boucler-lenquete#primaryimage"},"thumbnailUrl":"https:\/\/static.africa-press.net\/cameroun\/sites\/57\/2023\/03\/postQueueImg_1678119233.01.jpg","keywords":["Africa Press","Africa Press-Cameroun","Cameroun"],"articleSection":["Politique","Toutes les actualit\u00e9s"],"inLanguage":"fr-FR","potentialAction":[{"@type":"CommentAction","name":"Comment","target":["https:\/\/www.africa-press.net\/cameroun\/politique\/affaire-martinez-zogo-les-noms-qui-manquent-pour-boucler-lenquete#respond"]}]},{"@type":"WebPage","@id":"https:\/\/www.africa-press.net\/cameroun\/politique\/affaire-martinez-zogo-les-noms-qui-manquent-pour-boucler-lenquete","url":"https:\/\/www.africa-press.net\/cameroun\/politique\/affaire-martinez-zogo-les-noms-qui-manquent-pour-boucler-lenquete","name":"Affaire Martinez Zogo : les noms qui manquent pour boucler l\u2019enqu\u00eate - Cameroun","isPartOf":{"@id":"https:\/\/www.africa-press.net\/cameroun\/#website"},"primaryImageOfPage":{"@id":"https:\/\/www.africa-press.net\/cameroun\/politique\/affaire-martinez-zogo-les-noms-qui-manquent-pour-boucler-lenquete#primaryimage"},"image":{"@id":"https:\/\/www.africa-press.net\/cameroun\/politique\/affaire-martinez-zogo-les-noms-qui-manquent-pour-boucler-lenquete#primaryimage"},"thumbnailUrl":"https:\/\/static.africa-press.net\/cameroun\/sites\/57\/2023\/03\/postQueueImg_1678119233.01.jpg","datePublished":"2023-03-06T19:43:47+00:00","dateModified":"2023-03-06T20:15:45+00:00","author":{"@id":"https:\/\/www.africa-press.net\/cameroun\/#\/schema\/person\/2b1cf3cd81a31e3cd26889ca66d677f1"},"description":"Les chefs d\u2019accusation retenus contre Amougou Belinga, Justin Danwe et les membres du commando sont la preuve qu\u2019il exis ...","breadcrumb":{"@id":"https:\/\/www.africa-press.net\/cameroun\/politique\/affaire-martinez-zogo-les-noms-qui-manquent-pour-boucler-lenquete#breadcrumb"},"inLanguage":"fr-FR","potentialAction":[{"@type":"ReadAction","target":["https:\/\/www.africa-press.net\/cameroun\/politique\/affaire-martinez-zogo-les-noms-qui-manquent-pour-boucler-lenquete"]}]},{"@type":"ImageObject","inLanguage":"fr-FR","@id":"https:\/\/www.africa-press.net\/cameroun\/politique\/affaire-martinez-zogo-les-noms-qui-manquent-pour-boucler-lenquete#primaryimage","url":"https:\/\/static.africa-press.net\/cameroun\/sites\/57\/2023\/03\/postQueueImg_1678119233.01.jpg","contentUrl":"https:\/\/static.africa-press.net\/cameroun\/sites\/57\/2023\/03\/postQueueImg_1678119233.01.jpg","width":720,"height":432,"caption":"Affaire Martinez Zogo : les noms qui manquent pour boucler l\u2019enqu\u00eate"},{"@type":"BreadcrumbList","@id":"https:\/\/www.africa-press.net\/cameroun\/politique\/affaire-martinez-zogo-les-noms-qui-manquent-pour-boucler-lenquete#breadcrumb","itemListElement":[{"@type":"ListItem","position":1,"name":"Accueil","item":"https:\/\/www.africa-press.net\/cameroun\/"},{"@type":"ListItem","position":2,"name":"Affaire Martinez Zogo : les noms qui manquent pour boucler l\u2019enqu\u00eate"}]},{"@type":"WebSite","@id":"https:\/\/www.africa-press.net\/cameroun\/#website","url":"https:\/\/www.africa-press.net\/cameroun\/","name":"Cameroun","description":"Just another Africa News Agency Sites site","potentialAction":[{"@type":"SearchAction","target":{"@type":"EntryPoint","urlTemplate":"https:\/\/www.africa-press.net\/cameroun\/?s={search_term_string}"},"query-input":{"@type":"PropertyValueSpecification","valueRequired":true,"valueName":"search_term_string"}}],"inLanguage":"fr-FR"},{"@type":"Person","@id":"https:\/\/www.africa-press.net\/cameroun\/#\/schema\/person\/2b1cf3cd81a31e3cd26889ca66d677f1","name":"cfeditorfr"}]}},"_links":{"self":[{"href":"https:\/\/www.africa-press.net\/cameroun\/wp-json\/wp\/v2\/posts\/38416","targetHints":{"allow":["GET"]}}],"collection":[{"href":"https:\/\/www.africa-press.net\/cameroun\/wp-json\/wp\/v2\/posts"}],"about":[{"href":"https:\/\/www.africa-press.net\/cameroun\/wp-json\/wp\/v2\/types\/post"}],"author":[{"embeddable":true,"href":"https:\/\/www.africa-press.net\/cameroun\/wp-json\/wp\/v2\/users\/82"}],"replies":[{"embeddable":true,"href":"https:\/\/www.africa-press.net\/cameroun\/wp-json\/wp\/v2\/comments?post=38416"}],"version-history":[{"count":0,"href":"https:\/\/www.africa-press.net\/cameroun\/wp-json\/wp\/v2\/posts\/38416\/revisions"}],"wp:featuredmedia":[{"embeddable":true,"href":"https:\/\/www.africa-press.net\/cameroun\/wp-json\/wp\/v2\/media\/38415"}],"wp:attachment":[{"href":"https:\/\/www.africa-press.net\/cameroun\/wp-json\/wp\/v2\/media?parent=38416"}],"wp:term":[{"taxonomy":"category","embeddable":true,"href":"https:\/\/www.africa-press.net\/cameroun\/wp-json\/wp\/v2\/categories?post=38416"},{"taxonomy":"post_tag","embeddable":true,"href":"https:\/\/www.africa-press.net\/cameroun\/wp-json\/wp\/v2\/tags?post=38416"}],"curies":[{"name":"wp","href":"https:\/\/api.w.org\/{rel}","templated":true}]}}