{"id":38419,"date":"2023-03-06T19:44:00","date_gmt":"2023-03-06T19:44:00","guid":{"rendered":"https:\/\/www.africa-press.net\/cameroun\/politique\/parlement-et-senat-odeurs-dalternance-aux-perchoirs-le-actes-deja-signes-par-paul-biya"},"modified":"2023-03-06T20:17:50","modified_gmt":"2023-03-06T20:17:50","slug":"parlement-et-senat-odeurs-dalternance-aux-perchoirs-le-actes-deja-signes-par-paul-biya","status":"publish","type":"post","link":"https:\/\/www.africa-press.net\/cameroun\/politique\/parlement-et-senat-odeurs-dalternance-aux-perchoirs-le-actes-deja-signes-par-paul-biya","title":{"rendered":"Parlement et S\u00e9nat : odeurs d\u2019alternance aux perchoirs ; le actes d\u00e9j\u00e0 sign\u00e9s par Paul Biya"},"content":{"rendered":"<p><span style=\"color: #ff6600\"><strong>Africa-Press &#8211; Cameroun. <\/strong><\/span>Tout peut basculer dans les prochains jours. On apprend de sources concordantes que de nouveaux visages pourraient faire leur entre\u0301e aux perchoirs du parlement et du Se\u0301nat.<\/p>\n<p>Dans les coulisses d&rsquo;Etoudi, on indique que les actes seraient de\u0301ja\u0300 signe\u0301s par Paul Biya. Me\u0302me au palais des Congre\u0300s de Yaounde\u0301, sie\u0300ge des rencontres du Parlement, la rumeur sur le probable changement de personnes a\u0300 la te\u0302te de l\u2019Assemble\u0301e nationale et du Se\u0301nat alimente les commentaires et de\u0301bats.<\/p>\n<p>On indique me\u0302me que ces changements devraient survenir dans les tous prochains jours et le dossier e\u0301tait de\u0301ja\u0300 passe\u0301 sur la table du pre\u0301sident de la Re\u0301publique avant me\u0302me la tenue de la session budge\u0301taire de l\u2019anne\u0301e dernie\u0300re.<\/p>\n<p>Pour l&rsquo;heure, aucun nom n&rsquo;a encore fuite\u0301 en ce qui concerne les probables personnes a\u0300 nominer a\u0300 la te\u0302te de ces instances strate\u0301giques du pays.<\/p>\n<p>On sait que ces derniers jours, Cavaye Yeguie et Niat Marcel ne sont plus au summum de leur force. Cavaye Yeguie\u0301 au perchoir de la chambre basse depuis 1992, soit plus de 30 ans et Marcel Niat au Se\u0301nat depuis 2013 semblent visiblement tre\u0300s fatigue\u0301s vu leurs a\u0302ges avance\u0301s.<\/p>\n<p>La re\u0301cente preuve tangible e\u0301tait &lsquo;l\u2019absence&rsquo; du pre\u0301sident de l\u2019Assemble\u0301e nationale a\u0300 l\u2019ouverture des travaux de la session actuelle des parlementaires. En effet, Cavaye Yeguie e\u0301tait bel et bien pre\u0301sent mais c&rsquo;est la doyenne d&rsquo;a\u0302ge qui a ouvert et pre\u0301side\u0301 les travaux la semaine dernie\u0300re. A la chambre haute, tout laisse e\u0301galement croire que Marcel Niat va libe\u0301rer son fauteuil pour prendre de\u0301finitivement sa retraite politique.<\/p>\n<p>Il est important de rappeler que ce sont les e\u0301lections se\u0301natoriales ui pre\u0301occupent pour l&rsquo;instant au Cameroun. Au parlement tout comme au se\u0301nat, c&rsquo;est pluto\u0302t la reprise solennelle qui domine l&rsquo;actualite\u0301.<\/p>\n<p>Les prochains jours seront tre\u0300s de\u0301cisifs pour le Cameroun qui s&rsquo;appre\u0302te aux urnes le 12 mars prochain pour le choix de nouveaux se\u0301nateurs.<\/p>\n<p><strong>Pour plus d&rsquo;informations et d&rsquo;analyses sur la <a href=\"https:\/\/www.africa-press.net\/cameroun\">Cameroun<\/a>, suivez <a href=\"https:\/\/www.africa-press.net\/\">Africa-Press<\/a><\/strong><\/p>\n","protected":false},"excerpt":{"rendered":"<p>Africa-Press &#8211; Cameroun. Tout peut basculer dans les prochains jours. On apprend de sources concordantes que de nouveaux visages pourraient faire leur entre\u0301e aux perchoirs du parlement et du Se\u0301nat. Dans les coulisses d&rsquo;Etoudi, on indique que les actes seraient de\u0301ja\u0300 signe\u0301s par Paul Biya. Me\u0302me au palais des Congre\u0300s de Yaounde\u0301, sie\u0300ge des rencontres [&hellip;]<\/p>\n","protected":false},"author":82,"featured_media":38418,"comment_status":"open","ping_status":"closed","sticky":false,"template":"","format":"standard","meta":{"footnotes":""},"categories":[2,10],"tags":[36,50,49],"class_list":["post-38419","post","type-post","status-publish","format-standard","has-post-thumbnail","hentry","category-politique","category-toutes-les-actualites","tag-africa-press","tag-africa-press-cameroun","tag-cameroun"],"yoast_head":"<!-- This site is optimized with the Yoast SEO Premium plugin v26.1 (Yoast SEO v27.0) - https:\/\/yoast.com\/product\/yoast-seo-premium-wordpress\/ -->\n<title>Parlement et S\u00e9nat : odeurs d\u2019alternance aux perchoirs ; le actes d\u00e9j\u00e0 sign\u00e9s par Paul Biya - Cameroun<\/title>\n<meta name=\"description\" content=\"Tout peut basculer dans les prochains jours. On apprend de sources concordantes que de nouveaux visages pourraient faire ...Tout peut basculer dans les prochains jours. On apprend de sources concordantes que de nouveaux visages pourraient faire ...\" \/>\n<meta name=\"robots\" content=\"index, follow, max-snippet:-1, max-image-preview:large, max-video-preview:-1\" \/>\n<link rel=\"canonical\" href=\"https:\/\/www.africa-press.net\/cameroun\/politique\/parlement-et-senat-odeurs-dalternance-aux-perchoirs-le-actes-deja-signes-par-paul-biya\" \/>\n<meta property=\"og:locale\" content=\"fr_FR\" \/>\n<meta property=\"og:type\" content=\"article\" \/>\n<meta property=\"og:title\" content=\"Parlement et S\u00e9nat : odeurs d\u2019alternance aux perchoirs ; le actes d\u00e9j\u00e0 sign\u00e9s par Paul Biya\" \/>\n<meta property=\"og:description\" content=\"Tout peut basculer dans les prochains jours. On apprend de sources concordantes que de nouveaux visages pourraient faire ...Tout peut basculer dans les prochains jours. On apprend de sources concordantes que de nouveaux visages pourraient faire ...\" \/>\n<meta property=\"og:url\" content=\"https:\/\/www.africa-press.net\/cameroun\/politique\/parlement-et-senat-odeurs-dalternance-aux-perchoirs-le-actes-deja-signes-par-paul-biya\" \/>\n<meta property=\"og:site_name\" content=\"Cameroun\" \/>\n<meta property=\"article:published_time\" content=\"2023-03-06T19:44:00+00:00\" \/>\n<meta property=\"article:modified_time\" content=\"2023-03-06T20:17:50+00:00\" \/>\n<meta property=\"og:image\" content=\"https:\/\/static.africa-press.net\/cameroun\/sites\/57\/2023\/03\/postQueueImg_1678119247.79.jpg\" \/>\n\t<meta property=\"og:image:width\" content=\"720\" \/>\n\t<meta property=\"og:image:height\" content=\"398\" \/>\n\t<meta property=\"og:image:type\" content=\"image\/jpeg\" \/>\n<meta name=\"author\" content=\"cfeditorfr\" \/>\n<meta name=\"twitter:card\" content=\"summary_large_image\" \/>\n<meta name=\"twitter:label1\" content=\"\u00c9crit par\" \/>\n\t<meta name=\"twitter:data1\" content=\"cfeditorfr\" \/>\n\t<meta name=\"twitter:label2\" content=\"Dur\u00e9e de lecture estim\u00e9e\" \/>\n\t<meta name=\"twitter:data2\" content=\"2 minutes\" \/>\n<script type=\"application\/ld+json\" class=\"yoast-schema-graph\">{\"@context\":\"https:\/\/schema.org\",\"@graph\":[{\"@type\":\"Article\",\"@id\":\"https:\/\/www.africa-press.net\/cameroun\/politique\/parlement-et-senat-odeurs-dalternance-aux-perchoirs-le-actes-deja-signes-par-paul-biya#article\",\"isPartOf\":{\"@id\":\"https:\/\/www.africa-press.net\/cameroun\/politique\/parlement-et-senat-odeurs-dalternance-aux-perchoirs-le-actes-deja-signes-par-paul-biya\"},\"author\":{\"name\":\"cfeditorfr\",\"@id\":\"https:\/\/www.africa-press.net\/cameroun\/#\/schema\/person\/2b1cf3cd81a31e3cd26889ca66d677f1\"},\"headline\":\"Parlement et S\u00e9nat : odeurs d\u2019alternance aux perchoirs ; le actes d\u00e9j\u00e0 sign\u00e9s par Paul Biya\",\"datePublished\":\"2023-03-06T19:44:00+00:00\",\"dateModified\":\"2023-03-06T20:17:50+00:00\",\"mainEntityOfPage\":{\"@id\":\"https:\/\/www.africa-press.net\/cameroun\/politique\/parlement-et-senat-odeurs-dalternance-aux-perchoirs-le-actes-deja-signes-par-paul-biya\"},\"wordCount\":399,\"commentCount\":0,\"image\":{\"@id\":\"https:\/\/www.africa-press.net\/cameroun\/politique\/parlement-et-senat-odeurs-dalternance-aux-perchoirs-le-actes-deja-signes-par-paul-biya#primaryimage\"},\"thumbnailUrl\":\"https:\/\/static.africa-press.net\/cameroun\/sites\/57\/2023\/03\/postQueueImg_1678119247.79.jpg\",\"keywords\":[\"Africa Press\",\"Africa Press-Cameroun\",\"Cameroun\"],\"articleSection\":[\"Politique\",\"Toutes les actualit\u00e9s\"],\"inLanguage\":\"fr-FR\",\"potentialAction\":[{\"@type\":\"CommentAction\",\"name\":\"Comment\",\"target\":[\"https:\/\/www.africa-press.net\/cameroun\/politique\/parlement-et-senat-odeurs-dalternance-aux-perchoirs-le-actes-deja-signes-par-paul-biya#respond\"]}]},{\"@type\":\"WebPage\",\"@id\":\"https:\/\/www.africa-press.net\/cameroun\/politique\/parlement-et-senat-odeurs-dalternance-aux-perchoirs-le-actes-deja-signes-par-paul-biya\",\"url\":\"https:\/\/www.africa-press.net\/cameroun\/politique\/parlement-et-senat-odeurs-dalternance-aux-perchoirs-le-actes-deja-signes-par-paul-biya\",\"name\":\"Parlement et S\u00e9nat : odeurs d\u2019alternance aux perchoirs ; le actes d\u00e9j\u00e0 sign\u00e9s par Paul Biya - Cameroun\",\"isPartOf\":{\"@id\":\"https:\/\/www.africa-press.net\/cameroun\/#website\"},\"primaryImageOfPage\":{\"@id\":\"https:\/\/www.africa-press.net\/cameroun\/politique\/parlement-et-senat-odeurs-dalternance-aux-perchoirs-le-actes-deja-signes-par-paul-biya#primaryimage\"},\"image\":{\"@id\":\"https:\/\/www.africa-press.net\/cameroun\/politique\/parlement-et-senat-odeurs-dalternance-aux-perchoirs-le-actes-deja-signes-par-paul-biya#primaryimage\"},\"thumbnailUrl\":\"https:\/\/static.africa-press.net\/cameroun\/sites\/57\/2023\/03\/postQueueImg_1678119247.79.jpg\",\"datePublished\":\"2023-03-06T19:44:00+00:00\",\"dateModified\":\"2023-03-06T20:17:50+00:00\",\"author\":{\"@id\":\"https:\/\/www.africa-press.net\/cameroun\/#\/schema\/person\/2b1cf3cd81a31e3cd26889ca66d677f1\"},\"description\":\"Tout peut basculer dans les prochains jours. On apprend de sources concordantes que de nouveaux visages pourraient faire ...Tout peut basculer dans les prochains jours. On apprend de sources concordantes que de nouveaux visages pourraient faire ...\",\"breadcrumb\":{\"@id\":\"https:\/\/www.africa-press.net\/cameroun\/politique\/parlement-et-senat-odeurs-dalternance-aux-perchoirs-le-actes-deja-signes-par-paul-biya#breadcrumb\"},\"inLanguage\":\"fr-FR\",\"potentialAction\":[{\"@type\":\"ReadAction\",\"target\":[\"https:\/\/www.africa-press.net\/cameroun\/politique\/parlement-et-senat-odeurs-dalternance-aux-perchoirs-le-actes-deja-signes-par-paul-biya\"]}]},{\"@type\":\"ImageObject\",\"inLanguage\":\"fr-FR\",\"@id\":\"https:\/\/www.africa-press.net\/cameroun\/politique\/parlement-et-senat-odeurs-dalternance-aux-perchoirs-le-actes-deja-signes-par-paul-biya#primaryimage\",\"url\":\"https:\/\/static.africa-press.net\/cameroun\/sites\/57\/2023\/03\/postQueueImg_1678119247.79.jpg\",\"contentUrl\":\"https:\/\/static.africa-press.net\/cameroun\/sites\/57\/2023\/03\/postQueueImg_1678119247.79.jpg\",\"width\":720,\"height\":398,\"caption\":\"Parlement et S\u00e9nat : odeurs d\u2019alternance aux perchoirs ; le actes d\u00e9j\u00e0 sign\u00e9s par Paul Biya\"},{\"@type\":\"BreadcrumbList\",\"@id\":\"https:\/\/www.africa-press.net\/cameroun\/politique\/parlement-et-senat-odeurs-dalternance-aux-perchoirs-le-actes-deja-signes-par-paul-biya#breadcrumb\",\"itemListElement\":[{\"@type\":\"ListItem\",\"position\":1,\"name\":\"Accueil\",\"item\":\"https:\/\/www.africa-press.net\/cameroun\/\"},{\"@type\":\"ListItem\",\"position\":2,\"name\":\"Parlement et S\u00e9nat : odeurs d\u2019alternance aux perchoirs ; le actes d\u00e9j\u00e0 sign\u00e9s par Paul Biya\"}]},{\"@type\":\"WebSite\",\"@id\":\"https:\/\/www.africa-press.net\/cameroun\/#website\",\"url\":\"https:\/\/www.africa-press.net\/cameroun\/\",\"name\":\"Cameroun\",\"description\":\"Just another Africa News Agency Sites site\",\"potentialAction\":[{\"@type\":\"SearchAction\",\"target\":{\"@type\":\"EntryPoint\",\"urlTemplate\":\"https:\/\/www.africa-press.net\/cameroun\/?s={search_term_string}\"},\"query-input\":{\"@type\":\"PropertyValueSpecification\",\"valueRequired\":true,\"valueName\":\"search_term_string\"}}],\"inLanguage\":\"fr-FR\"},{\"@type\":\"Person\",\"@id\":\"https:\/\/www.africa-press.net\/cameroun\/#\/schema\/person\/2b1cf3cd81a31e3cd26889ca66d677f1\",\"name\":\"cfeditorfr\"}]}<\/script>\n<!-- \/ Yoast SEO Premium plugin. -->","yoast_head_json":{"title":"Parlement et S\u00e9nat : odeurs d\u2019alternance aux perchoirs ; le actes d\u00e9j\u00e0 sign\u00e9s par Paul Biya - Cameroun","description":"Tout peut basculer dans les prochains jours. On apprend de sources concordantes que de nouveaux visages pourraient faire ...Tout peut basculer dans les prochains jours. On apprend de sources concordantes que de nouveaux visages pourraient faire ...","robots":{"index":"index","follow":"follow","max-snippet":"max-snippet:-1","max-image-preview":"max-image-preview:large","max-video-preview":"max-video-preview:-1"},"canonical":"https:\/\/www.africa-press.net\/cameroun\/politique\/parlement-et-senat-odeurs-dalternance-aux-perchoirs-le-actes-deja-signes-par-paul-biya","og_locale":"fr_FR","og_type":"article","og_title":"Parlement et S\u00e9nat : odeurs d\u2019alternance aux perchoirs ; le actes d\u00e9j\u00e0 sign\u00e9s par Paul Biya","og_description":"Tout peut basculer dans les prochains jours. On apprend de sources concordantes que de nouveaux visages pourraient faire ...Tout peut basculer dans les prochains jours. On apprend de sources concordantes que de nouveaux visages pourraient faire ...","og_url":"https:\/\/www.africa-press.net\/cameroun\/politique\/parlement-et-senat-odeurs-dalternance-aux-perchoirs-le-actes-deja-signes-par-paul-biya","og_site_name":"Cameroun","article_published_time":"2023-03-06T19:44:00+00:00","article_modified_time":"2023-03-06T20:17:50+00:00","og_image":[{"width":720,"height":398,"url":"https:\/\/static.africa-press.net\/cameroun\/sites\/57\/2023\/03\/postQueueImg_1678119247.79.jpg","type":"image\/jpeg"}],"author":"cfeditorfr","twitter_card":"summary_large_image","twitter_misc":{"\u00c9crit par":"cfeditorfr","Dur\u00e9e de lecture estim\u00e9e":"2 minutes"},"schema":{"@context":"https:\/\/schema.org","@graph":[{"@type":"Article","@id":"https:\/\/www.africa-press.net\/cameroun\/politique\/parlement-et-senat-odeurs-dalternance-aux-perchoirs-le-actes-deja-signes-par-paul-biya#article","isPartOf":{"@id":"https:\/\/www.africa-press.net\/cameroun\/politique\/parlement-et-senat-odeurs-dalternance-aux-perchoirs-le-actes-deja-signes-par-paul-biya"},"author":{"name":"cfeditorfr","@id":"https:\/\/www.africa-press.net\/cameroun\/#\/schema\/person\/2b1cf3cd81a31e3cd26889ca66d677f1"},"headline":"Parlement et S\u00e9nat : odeurs d\u2019alternance aux perchoirs ; le actes d\u00e9j\u00e0 sign\u00e9s par Paul Biya","datePublished":"2023-03-06T19:44:00+00:00","dateModified":"2023-03-06T20:17:50+00:00","mainEntityOfPage":{"@id":"https:\/\/www.africa-press.net\/cameroun\/politique\/parlement-et-senat-odeurs-dalternance-aux-perchoirs-le-actes-deja-signes-par-paul-biya"},"wordCount":399,"commentCount":0,"image":{"@id":"https:\/\/www.africa-press.net\/cameroun\/politique\/parlement-et-senat-odeurs-dalternance-aux-perchoirs-le-actes-deja-signes-par-paul-biya#primaryimage"},"thumbnailUrl":"https:\/\/static.africa-press.net\/cameroun\/sites\/57\/2023\/03\/postQueueImg_1678119247.79.jpg","keywords":["Africa Press","Africa Press-Cameroun","Cameroun"],"articleSection":["Politique","Toutes les actualit\u00e9s"],"inLanguage":"fr-FR","potentialAction":[{"@type":"CommentAction","name":"Comment","target":["https:\/\/www.africa-press.net\/cameroun\/politique\/parlement-et-senat-odeurs-dalternance-aux-perchoirs-le-actes-deja-signes-par-paul-biya#respond"]}]},{"@type":"WebPage","@id":"https:\/\/www.africa-press.net\/cameroun\/politique\/parlement-et-senat-odeurs-dalternance-aux-perchoirs-le-actes-deja-signes-par-paul-biya","url":"https:\/\/www.africa-press.net\/cameroun\/politique\/parlement-et-senat-odeurs-dalternance-aux-perchoirs-le-actes-deja-signes-par-paul-biya","name":"Parlement et S\u00e9nat : odeurs d\u2019alternance aux perchoirs ; le actes d\u00e9j\u00e0 sign\u00e9s par Paul Biya - Cameroun","isPartOf":{"@id":"https:\/\/www.africa-press.net\/cameroun\/#website"},"primaryImageOfPage":{"@id":"https:\/\/www.africa-press.net\/cameroun\/politique\/parlement-et-senat-odeurs-dalternance-aux-perchoirs-le-actes-deja-signes-par-paul-biya#primaryimage"},"image":{"@id":"https:\/\/www.africa-press.net\/cameroun\/politique\/parlement-et-senat-odeurs-dalternance-aux-perchoirs-le-actes-deja-signes-par-paul-biya#primaryimage"},"thumbnailUrl":"https:\/\/static.africa-press.net\/cameroun\/sites\/57\/2023\/03\/postQueueImg_1678119247.79.jpg","datePublished":"2023-03-06T19:44:00+00:00","dateModified":"2023-03-06T20:17:50+00:00","author":{"@id":"https:\/\/www.africa-press.net\/cameroun\/#\/schema\/person\/2b1cf3cd81a31e3cd26889ca66d677f1"},"description":"Tout peut basculer dans les prochains jours. On apprend de sources concordantes que de nouveaux visages pourraient faire ...Tout peut basculer dans les prochains jours. On apprend de sources concordantes que de nouveaux visages pourraient faire ...","breadcrumb":{"@id":"https:\/\/www.africa-press.net\/cameroun\/politique\/parlement-et-senat-odeurs-dalternance-aux-perchoirs-le-actes-deja-signes-par-paul-biya#breadcrumb"},"inLanguage":"fr-FR","potentialAction":[{"@type":"ReadAction","target":["https:\/\/www.africa-press.net\/cameroun\/politique\/parlement-et-senat-odeurs-dalternance-aux-perchoirs-le-actes-deja-signes-par-paul-biya"]}]},{"@type":"ImageObject","inLanguage":"fr-FR","@id":"https:\/\/www.africa-press.net\/cameroun\/politique\/parlement-et-senat-odeurs-dalternance-aux-perchoirs-le-actes-deja-signes-par-paul-biya#primaryimage","url":"https:\/\/static.africa-press.net\/cameroun\/sites\/57\/2023\/03\/postQueueImg_1678119247.79.jpg","contentUrl":"https:\/\/static.africa-press.net\/cameroun\/sites\/57\/2023\/03\/postQueueImg_1678119247.79.jpg","width":720,"height":398,"caption":"Parlement et S\u00e9nat : odeurs d\u2019alternance aux perchoirs ; le actes d\u00e9j\u00e0 sign\u00e9s par Paul Biya"},{"@type":"BreadcrumbList","@id":"https:\/\/www.africa-press.net\/cameroun\/politique\/parlement-et-senat-odeurs-dalternance-aux-perchoirs-le-actes-deja-signes-par-paul-biya#breadcrumb","itemListElement":[{"@type":"ListItem","position":1,"name":"Accueil","item":"https:\/\/www.africa-press.net\/cameroun\/"},{"@type":"ListItem","position":2,"name":"Parlement et S\u00e9nat : odeurs d\u2019alternance aux perchoirs ; le actes d\u00e9j\u00e0 sign\u00e9s par Paul Biya"}]},{"@type":"WebSite","@id":"https:\/\/www.africa-press.net\/cameroun\/#website","url":"https:\/\/www.africa-press.net\/cameroun\/","name":"Cameroun","description":"Just another Africa News Agency Sites site","potentialAction":[{"@type":"SearchAction","target":{"@type":"EntryPoint","urlTemplate":"https:\/\/www.africa-press.net\/cameroun\/?s={search_term_string}"},"query-input":{"@type":"PropertyValueSpecification","valueRequired":true,"valueName":"search_term_string"}}],"inLanguage":"fr-FR"},{"@type":"Person","@id":"https:\/\/www.africa-press.net\/cameroun\/#\/schema\/person\/2b1cf3cd81a31e3cd26889ca66d677f1","name":"cfeditorfr"}]}},"_links":{"self":[{"href":"https:\/\/www.africa-press.net\/cameroun\/wp-json\/wp\/v2\/posts\/38419","targetHints":{"allow":["GET"]}}],"collection":[{"href":"https:\/\/www.africa-press.net\/cameroun\/wp-json\/wp\/v2\/posts"}],"about":[{"href":"https:\/\/www.africa-press.net\/cameroun\/wp-json\/wp\/v2\/types\/post"}],"author":[{"embeddable":true,"href":"https:\/\/www.africa-press.net\/cameroun\/wp-json\/wp\/v2\/users\/82"}],"replies":[{"embeddable":true,"href":"https:\/\/www.africa-press.net\/cameroun\/wp-json\/wp\/v2\/comments?post=38419"}],"version-history":[{"count":0,"href":"https:\/\/www.africa-press.net\/cameroun\/wp-json\/wp\/v2\/posts\/38419\/revisions"}],"wp:featuredmedia":[{"embeddable":true,"href":"https:\/\/www.africa-press.net\/cameroun\/wp-json\/wp\/v2\/media\/38418"}],"wp:attachment":[{"href":"https:\/\/www.africa-press.net\/cameroun\/wp-json\/wp\/v2\/media?parent=38419"}],"wp:term":[{"taxonomy":"category","embeddable":true,"href":"https:\/\/www.africa-press.net\/cameroun\/wp-json\/wp\/v2\/categories?post=38419"},{"taxonomy":"post_tag","embeddable":true,"href":"https:\/\/www.africa-press.net\/cameroun\/wp-json\/wp\/v2\/tags?post=38419"}],"curies":[{"name":"wp","href":"https:\/\/api.w.org\/{rel}","templated":true}]}}