{"id":38425,"date":"2023-03-06T19:44:23","date_gmt":"2023-03-06T19:44:23","guid":{"rendered":"https:\/\/www.africa-press.net\/cameroun\/politique\/fin-de-regne-et-succession-paul-biya-veut-couper-certaines-tetes-et-envoyer-dautres-a-la-retraite"},"modified":"2023-03-06T20:19:20","modified_gmt":"2023-03-06T20:19:20","slug":"fin-de-regne-et-succession-paul-biya-veut-couper-certaines-tetes-et-envoyer-dautres-a-la-retraite","status":"publish","type":"post","link":"https:\/\/www.africa-press.net\/cameroun\/politique\/fin-de-regne-et-succession-paul-biya-veut-couper-certaines-tetes-et-envoyer-dautres-a-la-retraite","title":{"rendered":"Fin de r\u00e8gne et succession : Paul Biya veut couper certaines t\u00eates et envoyer d\u2019autres \u00e0 la retraite"},"content":{"rendered":"<p><span style=\"color: #ff6600\"><strong>Africa-Press &#8211; Cameroun. <\/strong><\/span>PARLEMENT. Sauf avis contraire du chef de l\u2019E\u0301tat, les actes visant a\u0300 promouvoir des visages nouveaux aux fonctions de pre\u0301sidents de l\u2019institution bicame\u0301rale sont pre\u0301pare\u0301s depuis plusieurs mois. C\u2019est le principal enjeu de la session en cours.<\/p>\n<p>Odeurs d\u2019alternance aux perchoirs<\/p>\n<p>DANS LES COULOIRS du palais des Congre\u0300s de Yaounde\u0301 qui abrite depuis quelques temps les rencontres de notre Parlement, la rumeur sur le changement de personnes a\u0300 la te\u0302te de l\u2019Assemble\u0301e nationale et du Se\u0301nat alimente les commentaires.<\/p>\n<p>Les bouches quise de\u0301lient affirment que ce processus de remplacement, qui devrait survenir dans les tous prochains jours, e\u0301tait de\u0301ja\u0300 sur la table du pre\u0301sident de la Re\u0301publique avant me\u0302me la tenue de la session budge\u0301taire de l\u2019anne\u0301e dernie\u0300re. Et pendant que rien de pre\u0301cis ne filtre encore sur les personnes pressenties pour remplacer Cavaye Yeguie\u0301 au perchoir de la chambre basse depuis 1992 et Marcel Niat au Se\u0301nat depuis 2013, dans les salons feutre\u0301s et les chaumie\u0300res, le de\u0301bat sur leur identite\u0301 demeure un sujet d\u2019actualite\u0301 majeure. Autant que les mobiles de cette mise a\u0300 l\u2019e\u0301cart pour le premier demeurent un myste\u0300re. Si la presse en a fait un sujet de pre\u0301occupation, c\u2019est parce que certains indicateurs semblent corroborer cette hypothe\u0300se. L\u2019absence du pre\u0301sident de l\u2019Assemble\u0301e nationale a\u0300 l\u2019ouverture des travaux de la session actuelle serait cette explication de ce que l\u2019on s\u2019achemine vers l\u2019apre\u0300s Cavaye au perchoir et peut-e\u0302tre me\u0302me a\u0300 l\u2019he\u0301micycle. A la chambre haute, on ne respire pas non plus la se\u0301re\u0301nite\u0301. Ici, tout laisse e\u0301galement croire que Marcel Niat va libe\u0301rer son fauteuil pour prendre de\u0301finitivement sa retraite politique. Lui dont certaines indiscre\u0301tions attribuent un de\u0301sir longtemps partage\u0301 a\u0300 qui de droit, de quitter la sce\u0300ne politique. Au Rassemblement de\u0301mocratique du peuple camerounais, parti politique dans lequel militent les deux pre\u0301sidents, le sujet n\u2019est pas a\u0300 l\u2019ordre du jour. Dans son e\u0301tat-major, on parle plus de l\u2019e\u0301lection se\u0301natoriale de cette fin de semaine.<\/p>\n<p>Toutefois, a\u0300 travers l\u2019expression de certains interlocuteurs, cette situation aurait plonge\u0301 les responsables du parti dans l\u2019impasse. D\u2019autant plus qu\u2019au regard de notre Constitution, ces deux personnalite\u0301s occupent des fonctions strate\u0301giques dans l\u2019establishment politique national. Ce qui serait un ve\u0301ritable coup dur pour ceux qui ont une bonne lecture des arcanes du pouvoir. Notons que se\u0301nateurs et de\u0301pute\u0301s ont repris du service vendredi dernier dans la capitale politique. Ceci dans le cadre de la rentre\u0301e parlementaire 2023. Premie\u0300re retrouvailles du genre, ces e\u0301lus de la nation ont ainsi inaugure\u0301 la session de plein droit du mois de mars. Le premier de leur trois rendez-vous annuel ou\u0300, ils sont appele\u0301s a\u0300 de\u0301battre des affaires de la nation, a\u0300 adopter des lois, a\u0300 apporter des amendements sur certaines questions relatives a\u0300 la marche du pays et e\u0301galement autoriser le pre\u0301sident de la Re\u0301publique a\u0300 ratifier un certain nombre de traite\u0301s. Bien que la session actuelle soit aussi la dernie\u0300re pour certains se\u0301nateurs dont la prochaine configuration va de\u0301pendre du verdict des urnes du 12 mars prochain et de la main heureuse de Paul Biya.<\/p>\n<p><strong>Pour plus d&rsquo;informations et d&rsquo;analyses sur la <a href=\"https:\/\/www.africa-press.net\/cameroun\">Cameroun<\/a>, suivez <a href=\"https:\/\/www.africa-press.net\/\">Africa-Press<\/a><\/strong><\/p>\n","protected":false},"excerpt":{"rendered":"<p>Africa-Press &#8211; Cameroun. PARLEMENT. Sauf avis contraire du chef de l\u2019E\u0301tat, les actes visant a\u0300 promouvoir des visages nouveaux aux fonctions de pre\u0301sidents de l\u2019institution bicame\u0301rale sont pre\u0301pare\u0301s depuis plusieurs mois. C\u2019est le principal enjeu de la session en cours. Odeurs d\u2019alternance aux perchoirs DANS LES COULOIRS du palais des Congre\u0300s de Yaounde\u0301 qui abrite [&hellip;]<\/p>\n","protected":false},"author":82,"featured_media":38423,"comment_status":"open","ping_status":"closed","sticky":false,"template":"","format":"standard","meta":{"footnotes":""},"categories":[2,10],"tags":[36,50,49],"class_list":["post-38425","post","type-post","status-publish","format-standard","has-post-thumbnail","hentry","category-politique","category-toutes-les-actualites","tag-africa-press","tag-africa-press-cameroun","tag-cameroun"],"yoast_head":"<!-- This site is optimized with the Yoast SEO Premium plugin v26.1 (Yoast SEO v27.0) - https:\/\/yoast.com\/product\/yoast-seo-premium-wordpress\/ -->\n<title>Fin de r\u00e8gne et succession : Paul Biya veut couper certaines t\u00eates et envoyer d\u2019autres \u00e0 la retraite - Cameroun<\/title>\n<meta name=\"description\" content=\"PARLEMENT. Sauf avis contraire du chef de l\u2019E\u0301tat, les actes visant a\u0300 promouvoir des visages nouveaux aux fonctions de ...\" \/>\n<meta name=\"robots\" content=\"index, follow, max-snippet:-1, max-image-preview:large, max-video-preview:-1\" \/>\n<link rel=\"canonical\" href=\"https:\/\/www.africa-press.net\/cameroun\/politique\/fin-de-regne-et-succession-paul-biya-veut-couper-certaines-tetes-et-envoyer-dautres-a-la-retraite\" \/>\n<meta property=\"og:locale\" content=\"fr_FR\" \/>\n<meta property=\"og:type\" content=\"article\" \/>\n<meta property=\"og:title\" content=\"Fin de r\u00e8gne et succession : Paul Biya veut couper certaines t\u00eates et envoyer d\u2019autres \u00e0 la retraite\" \/>\n<meta property=\"og:description\" content=\"PARLEMENT. Sauf avis contraire du chef de l\u2019E\u0301tat, les actes visant a\u0300 promouvoir des visages nouveaux aux fonctions de ...\" \/>\n<meta property=\"og:url\" content=\"https:\/\/www.africa-press.net\/cameroun\/politique\/fin-de-regne-et-succession-paul-biya-veut-couper-certaines-tetes-et-envoyer-dautres-a-la-retraite\" \/>\n<meta property=\"og:site_name\" content=\"Cameroun\" \/>\n<meta property=\"article:published_time\" content=\"2023-03-06T19:44:23+00:00\" \/>\n<meta property=\"article:modified_time\" content=\"2023-03-06T20:19:20+00:00\" \/>\n<meta property=\"og:image\" content=\"https:\/\/static.africa-press.net\/cameroun\/sites\/57\/2023\/03\/postQueueImg_1678119269.02.jpg\" \/>\n\t<meta property=\"og:image:width\" content=\"720\" \/>\n\t<meta property=\"og:image:height\" content=\"436\" \/>\n\t<meta property=\"og:image:type\" content=\"image\/jpeg\" \/>\n<meta name=\"author\" content=\"cfeditorfr\" \/>\n<meta name=\"twitter:card\" content=\"summary_large_image\" \/>\n<meta name=\"twitter:label1\" content=\"\u00c9crit par\" \/>\n\t<meta name=\"twitter:data1\" content=\"cfeditorfr\" \/>\n\t<meta name=\"twitter:label2\" content=\"Dur\u00e9e de lecture estim\u00e9e\" \/>\n\t<meta name=\"twitter:data2\" content=\"3 minutes\" \/>\n<script type=\"application\/ld+json\" class=\"yoast-schema-graph\">{\"@context\":\"https:\/\/schema.org\",\"@graph\":[{\"@type\":\"Article\",\"@id\":\"https:\/\/www.africa-press.net\/cameroun\/politique\/fin-de-regne-et-succession-paul-biya-veut-couper-certaines-tetes-et-envoyer-dautres-a-la-retraite#article\",\"isPartOf\":{\"@id\":\"https:\/\/www.africa-press.net\/cameroun\/politique\/fin-de-regne-et-succession-paul-biya-veut-couper-certaines-tetes-et-envoyer-dautres-a-la-retraite\"},\"author\":{\"name\":\"cfeditorfr\",\"@id\":\"https:\/\/www.africa-press.net\/cameroun\/#\/schema\/person\/2b1cf3cd81a31e3cd26889ca66d677f1\"},\"headline\":\"Fin de r\u00e8gne et succession : Paul Biya veut couper certaines t\u00eates et envoyer d\u2019autres \u00e0 la retraite\",\"datePublished\":\"2023-03-06T19:44:23+00:00\",\"dateModified\":\"2023-03-06T20:19:20+00:00\",\"mainEntityOfPage\":{\"@id\":\"https:\/\/www.africa-press.net\/cameroun\/politique\/fin-de-regne-et-succession-paul-biya-veut-couper-certaines-tetes-et-envoyer-dautres-a-la-retraite\"},\"wordCount\":617,\"commentCount\":0,\"image\":{\"@id\":\"https:\/\/www.africa-press.net\/cameroun\/politique\/fin-de-regne-et-succession-paul-biya-veut-couper-certaines-tetes-et-envoyer-dautres-a-la-retraite#primaryimage\"},\"thumbnailUrl\":\"https:\/\/static.africa-press.net\/cameroun\/sites\/57\/2023\/03\/postQueueImg_1678119269.02.jpg\",\"keywords\":[\"Africa Press\",\"Africa Press-Cameroun\",\"Cameroun\"],\"articleSection\":[\"Politique\",\"Toutes les actualit\u00e9s\"],\"inLanguage\":\"fr-FR\",\"potentialAction\":[{\"@type\":\"CommentAction\",\"name\":\"Comment\",\"target\":[\"https:\/\/www.africa-press.net\/cameroun\/politique\/fin-de-regne-et-succession-paul-biya-veut-couper-certaines-tetes-et-envoyer-dautres-a-la-retraite#respond\"]}]},{\"@type\":\"WebPage\",\"@id\":\"https:\/\/www.africa-press.net\/cameroun\/politique\/fin-de-regne-et-succession-paul-biya-veut-couper-certaines-tetes-et-envoyer-dautres-a-la-retraite\",\"url\":\"https:\/\/www.africa-press.net\/cameroun\/politique\/fin-de-regne-et-succession-paul-biya-veut-couper-certaines-tetes-et-envoyer-dautres-a-la-retraite\",\"name\":\"Fin de r\u00e8gne et succession : Paul Biya veut couper certaines t\u00eates et envoyer d\u2019autres \u00e0 la retraite - Cameroun\",\"isPartOf\":{\"@id\":\"https:\/\/www.africa-press.net\/cameroun\/#website\"},\"primaryImageOfPage\":{\"@id\":\"https:\/\/www.africa-press.net\/cameroun\/politique\/fin-de-regne-et-succession-paul-biya-veut-couper-certaines-tetes-et-envoyer-dautres-a-la-retraite#primaryimage\"},\"image\":{\"@id\":\"https:\/\/www.africa-press.net\/cameroun\/politique\/fin-de-regne-et-succession-paul-biya-veut-couper-certaines-tetes-et-envoyer-dautres-a-la-retraite#primaryimage\"},\"thumbnailUrl\":\"https:\/\/static.africa-press.net\/cameroun\/sites\/57\/2023\/03\/postQueueImg_1678119269.02.jpg\",\"datePublished\":\"2023-03-06T19:44:23+00:00\",\"dateModified\":\"2023-03-06T20:19:20+00:00\",\"author\":{\"@id\":\"https:\/\/www.africa-press.net\/cameroun\/#\/schema\/person\/2b1cf3cd81a31e3cd26889ca66d677f1\"},\"description\":\"PARLEMENT. Sauf avis contraire du chef de l\u2019E\u0301tat, les actes visant a\u0300 promouvoir des visages nouveaux aux fonctions de ...\",\"breadcrumb\":{\"@id\":\"https:\/\/www.africa-press.net\/cameroun\/politique\/fin-de-regne-et-succession-paul-biya-veut-couper-certaines-tetes-et-envoyer-dautres-a-la-retraite#breadcrumb\"},\"inLanguage\":\"fr-FR\",\"potentialAction\":[{\"@type\":\"ReadAction\",\"target\":[\"https:\/\/www.africa-press.net\/cameroun\/politique\/fin-de-regne-et-succession-paul-biya-veut-couper-certaines-tetes-et-envoyer-dautres-a-la-retraite\"]}]},{\"@type\":\"ImageObject\",\"inLanguage\":\"fr-FR\",\"@id\":\"https:\/\/www.africa-press.net\/cameroun\/politique\/fin-de-regne-et-succession-paul-biya-veut-couper-certaines-tetes-et-envoyer-dautres-a-la-retraite#primaryimage\",\"url\":\"https:\/\/static.africa-press.net\/cameroun\/sites\/57\/2023\/03\/postQueueImg_1678119269.02.jpg\",\"contentUrl\":\"https:\/\/static.africa-press.net\/cameroun\/sites\/57\/2023\/03\/postQueueImg_1678119269.02.jpg\",\"width\":720,\"height\":436,\"caption\":\"Fin de r\u00e8gne et succession : Paul Biya veut couper certaines t\u00eates et envoyer d\u2019autres \u00e0 la retraite\"},{\"@type\":\"BreadcrumbList\",\"@id\":\"https:\/\/www.africa-press.net\/cameroun\/politique\/fin-de-regne-et-succession-paul-biya-veut-couper-certaines-tetes-et-envoyer-dautres-a-la-retraite#breadcrumb\",\"itemListElement\":[{\"@type\":\"ListItem\",\"position\":1,\"name\":\"Accueil\",\"item\":\"https:\/\/www.africa-press.net\/cameroun\/\"},{\"@type\":\"ListItem\",\"position\":2,\"name\":\"Fin de r\u00e8gne et succession : Paul Biya veut couper certaines t\u00eates et envoyer d\u2019autres \u00e0 la retraite\"}]},{\"@type\":\"WebSite\",\"@id\":\"https:\/\/www.africa-press.net\/cameroun\/#website\",\"url\":\"https:\/\/www.africa-press.net\/cameroun\/\",\"name\":\"Cameroun\",\"description\":\"Just another Africa News Agency Sites site\",\"potentialAction\":[{\"@type\":\"SearchAction\",\"target\":{\"@type\":\"EntryPoint\",\"urlTemplate\":\"https:\/\/www.africa-press.net\/cameroun\/?s={search_term_string}\"},\"query-input\":{\"@type\":\"PropertyValueSpecification\",\"valueRequired\":true,\"valueName\":\"search_term_string\"}}],\"inLanguage\":\"fr-FR\"},{\"@type\":\"Person\",\"@id\":\"https:\/\/www.africa-press.net\/cameroun\/#\/schema\/person\/2b1cf3cd81a31e3cd26889ca66d677f1\",\"name\":\"cfeditorfr\"}]}<\/script>\n<!-- \/ Yoast SEO Premium plugin. -->","yoast_head_json":{"title":"Fin de r\u00e8gne et succession : Paul Biya veut couper certaines t\u00eates et envoyer d\u2019autres \u00e0 la retraite - Cameroun","description":"PARLEMENT. Sauf avis contraire du chef de l\u2019E\u0301tat, les actes visant a\u0300 promouvoir des visages nouveaux aux fonctions de ...","robots":{"index":"index","follow":"follow","max-snippet":"max-snippet:-1","max-image-preview":"max-image-preview:large","max-video-preview":"max-video-preview:-1"},"canonical":"https:\/\/www.africa-press.net\/cameroun\/politique\/fin-de-regne-et-succession-paul-biya-veut-couper-certaines-tetes-et-envoyer-dautres-a-la-retraite","og_locale":"fr_FR","og_type":"article","og_title":"Fin de r\u00e8gne et succession : Paul Biya veut couper certaines t\u00eates et envoyer d\u2019autres \u00e0 la retraite","og_description":"PARLEMENT. Sauf avis contraire du chef de l\u2019E\u0301tat, les actes visant a\u0300 promouvoir des visages nouveaux aux fonctions de ...","og_url":"https:\/\/www.africa-press.net\/cameroun\/politique\/fin-de-regne-et-succession-paul-biya-veut-couper-certaines-tetes-et-envoyer-dautres-a-la-retraite","og_site_name":"Cameroun","article_published_time":"2023-03-06T19:44:23+00:00","article_modified_time":"2023-03-06T20:19:20+00:00","og_image":[{"width":720,"height":436,"url":"https:\/\/static.africa-press.net\/cameroun\/sites\/57\/2023\/03\/postQueueImg_1678119269.02.jpg","type":"image\/jpeg"}],"author":"cfeditorfr","twitter_card":"summary_large_image","twitter_misc":{"\u00c9crit par":"cfeditorfr","Dur\u00e9e de lecture estim\u00e9e":"3 minutes"},"schema":{"@context":"https:\/\/schema.org","@graph":[{"@type":"Article","@id":"https:\/\/www.africa-press.net\/cameroun\/politique\/fin-de-regne-et-succession-paul-biya-veut-couper-certaines-tetes-et-envoyer-dautres-a-la-retraite#article","isPartOf":{"@id":"https:\/\/www.africa-press.net\/cameroun\/politique\/fin-de-regne-et-succession-paul-biya-veut-couper-certaines-tetes-et-envoyer-dautres-a-la-retraite"},"author":{"name":"cfeditorfr","@id":"https:\/\/www.africa-press.net\/cameroun\/#\/schema\/person\/2b1cf3cd81a31e3cd26889ca66d677f1"},"headline":"Fin de r\u00e8gne et succession : Paul Biya veut couper certaines t\u00eates et envoyer d\u2019autres \u00e0 la retraite","datePublished":"2023-03-06T19:44:23+00:00","dateModified":"2023-03-06T20:19:20+00:00","mainEntityOfPage":{"@id":"https:\/\/www.africa-press.net\/cameroun\/politique\/fin-de-regne-et-succession-paul-biya-veut-couper-certaines-tetes-et-envoyer-dautres-a-la-retraite"},"wordCount":617,"commentCount":0,"image":{"@id":"https:\/\/www.africa-press.net\/cameroun\/politique\/fin-de-regne-et-succession-paul-biya-veut-couper-certaines-tetes-et-envoyer-dautres-a-la-retraite#primaryimage"},"thumbnailUrl":"https:\/\/static.africa-press.net\/cameroun\/sites\/57\/2023\/03\/postQueueImg_1678119269.02.jpg","keywords":["Africa Press","Africa Press-Cameroun","Cameroun"],"articleSection":["Politique","Toutes les actualit\u00e9s"],"inLanguage":"fr-FR","potentialAction":[{"@type":"CommentAction","name":"Comment","target":["https:\/\/www.africa-press.net\/cameroun\/politique\/fin-de-regne-et-succession-paul-biya-veut-couper-certaines-tetes-et-envoyer-dautres-a-la-retraite#respond"]}]},{"@type":"WebPage","@id":"https:\/\/www.africa-press.net\/cameroun\/politique\/fin-de-regne-et-succession-paul-biya-veut-couper-certaines-tetes-et-envoyer-dautres-a-la-retraite","url":"https:\/\/www.africa-press.net\/cameroun\/politique\/fin-de-regne-et-succession-paul-biya-veut-couper-certaines-tetes-et-envoyer-dautres-a-la-retraite","name":"Fin de r\u00e8gne et succession : Paul Biya veut couper certaines t\u00eates et envoyer d\u2019autres \u00e0 la retraite - Cameroun","isPartOf":{"@id":"https:\/\/www.africa-press.net\/cameroun\/#website"},"primaryImageOfPage":{"@id":"https:\/\/www.africa-press.net\/cameroun\/politique\/fin-de-regne-et-succession-paul-biya-veut-couper-certaines-tetes-et-envoyer-dautres-a-la-retraite#primaryimage"},"image":{"@id":"https:\/\/www.africa-press.net\/cameroun\/politique\/fin-de-regne-et-succession-paul-biya-veut-couper-certaines-tetes-et-envoyer-dautres-a-la-retraite#primaryimage"},"thumbnailUrl":"https:\/\/static.africa-press.net\/cameroun\/sites\/57\/2023\/03\/postQueueImg_1678119269.02.jpg","datePublished":"2023-03-06T19:44:23+00:00","dateModified":"2023-03-06T20:19:20+00:00","author":{"@id":"https:\/\/www.africa-press.net\/cameroun\/#\/schema\/person\/2b1cf3cd81a31e3cd26889ca66d677f1"},"description":"PARLEMENT. Sauf avis contraire du chef de l\u2019E\u0301tat, les actes visant a\u0300 promouvoir des visages nouveaux aux fonctions de ...","breadcrumb":{"@id":"https:\/\/www.africa-press.net\/cameroun\/politique\/fin-de-regne-et-succession-paul-biya-veut-couper-certaines-tetes-et-envoyer-dautres-a-la-retraite#breadcrumb"},"inLanguage":"fr-FR","potentialAction":[{"@type":"ReadAction","target":["https:\/\/www.africa-press.net\/cameroun\/politique\/fin-de-regne-et-succession-paul-biya-veut-couper-certaines-tetes-et-envoyer-dautres-a-la-retraite"]}]},{"@type":"ImageObject","inLanguage":"fr-FR","@id":"https:\/\/www.africa-press.net\/cameroun\/politique\/fin-de-regne-et-succession-paul-biya-veut-couper-certaines-tetes-et-envoyer-dautres-a-la-retraite#primaryimage","url":"https:\/\/static.africa-press.net\/cameroun\/sites\/57\/2023\/03\/postQueueImg_1678119269.02.jpg","contentUrl":"https:\/\/static.africa-press.net\/cameroun\/sites\/57\/2023\/03\/postQueueImg_1678119269.02.jpg","width":720,"height":436,"caption":"Fin de r\u00e8gne et succession : Paul Biya veut couper certaines t\u00eates et envoyer d\u2019autres \u00e0 la retraite"},{"@type":"BreadcrumbList","@id":"https:\/\/www.africa-press.net\/cameroun\/politique\/fin-de-regne-et-succession-paul-biya-veut-couper-certaines-tetes-et-envoyer-dautres-a-la-retraite#breadcrumb","itemListElement":[{"@type":"ListItem","position":1,"name":"Accueil","item":"https:\/\/www.africa-press.net\/cameroun\/"},{"@type":"ListItem","position":2,"name":"Fin de r\u00e8gne et succession : Paul Biya veut couper certaines t\u00eates et envoyer d\u2019autres \u00e0 la retraite"}]},{"@type":"WebSite","@id":"https:\/\/www.africa-press.net\/cameroun\/#website","url":"https:\/\/www.africa-press.net\/cameroun\/","name":"Cameroun","description":"Just another Africa News Agency Sites site","potentialAction":[{"@type":"SearchAction","target":{"@type":"EntryPoint","urlTemplate":"https:\/\/www.africa-press.net\/cameroun\/?s={search_term_string}"},"query-input":{"@type":"PropertyValueSpecification","valueRequired":true,"valueName":"search_term_string"}}],"inLanguage":"fr-FR"},{"@type":"Person","@id":"https:\/\/www.africa-press.net\/cameroun\/#\/schema\/person\/2b1cf3cd81a31e3cd26889ca66d677f1","name":"cfeditorfr"}]}},"_links":{"self":[{"href":"https:\/\/www.africa-press.net\/cameroun\/wp-json\/wp\/v2\/posts\/38425","targetHints":{"allow":["GET"]}}],"collection":[{"href":"https:\/\/www.africa-press.net\/cameroun\/wp-json\/wp\/v2\/posts"}],"about":[{"href":"https:\/\/www.africa-press.net\/cameroun\/wp-json\/wp\/v2\/types\/post"}],"author":[{"embeddable":true,"href":"https:\/\/www.africa-press.net\/cameroun\/wp-json\/wp\/v2\/users\/82"}],"replies":[{"embeddable":true,"href":"https:\/\/www.africa-press.net\/cameroun\/wp-json\/wp\/v2\/comments?post=38425"}],"version-history":[{"count":0,"href":"https:\/\/www.africa-press.net\/cameroun\/wp-json\/wp\/v2\/posts\/38425\/revisions"}],"wp:featuredmedia":[{"embeddable":true,"href":"https:\/\/www.africa-press.net\/cameroun\/wp-json\/wp\/v2\/media\/38423"}],"wp:attachment":[{"href":"https:\/\/www.africa-press.net\/cameroun\/wp-json\/wp\/v2\/media?parent=38425"}],"wp:term":[{"taxonomy":"category","embeddable":true,"href":"https:\/\/www.africa-press.net\/cameroun\/wp-json\/wp\/v2\/categories?post=38425"},{"taxonomy":"post_tag","embeddable":true,"href":"https:\/\/www.africa-press.net\/cameroun\/wp-json\/wp\/v2\/tags?post=38425"}],"curies":[{"name":"wp","href":"https:\/\/api.w.org\/{rel}","templated":true}]}}