{"id":38435,"date":"2023-03-06T19:45:26","date_gmt":"2023-03-06T19:45:26","guid":{"rendered":"https:\/\/www.africa-press.net\/cameroun\/politique\/eko-eko-menace-de-sen-prendre-a-amougou-belinga"},"modified":"2023-03-06T20:23:32","modified_gmt":"2023-03-06T20:23:32","slug":"eko-eko-menace-de-sen-prendre-a-amougou-belinga","status":"publish","type":"post","link":"https:\/\/www.africa-press.net\/cameroun\/toutes-les-actualites\/eko-eko-menace-de-sen-prendre-a-amougou-belinga","title":{"rendered":"Eko Eko menace de s&rsquo;en prendre \u00e0 Amougou Belinga"},"content":{"rendered":"<p><span style=\"color: #ff6600\"><strong>Africa-Press &#8211; Cameroun. <\/strong><\/span>Une forte menace plane sur l\u2019homme d\u2019affaire Jean Pierre Amougou Belinga depuis sa cellule. Il s\u2019agit d\u2019une menace profe\u0301re\u0301e par Eko Eko, le patron de la DGRE.<\/p>\n<p>Les deux personnes inculpe\u0301es dans l\u2019affaire Martinez Zogo, sont de\u0301sormais chacun sur le qui-vive. Une source proche contacte\u0301e, indique que Maxime Eko Eko menace de s&rsquo;en prendre a\u0300 Jean Pierre Amougou Belinga si ce dernier lui adresse la parole. Il estime que le PDG du Groupe L\u2019Anecdote est en train de bousiller sa vie.<\/p>\n<p>Aussi, s&rsquo;agissant de la rumeur qui circule dans certains re\u0301seaux sociaux selon ce que Amougou Belinga aurait de\u0301ja\u0300 offert un ve\u0301hicule au Re\u0301gisseur d&rsquo;ici, notre source indique que \u00ab cela parai\u0302t peu probable \u00bb. En effet, des sources indique cette journe\u0301e que le zomloa aurait offert un ve\u0301hicule au Re\u0301gisseur qui est par ailleurs de la me\u0302me promotion que la nie\u0300ce du Zomloa, gardienne principale des prisons, Nnomo.<\/p>\n<p>Aussi, on indique qu\u2019il y a e\u0301galement une guerre souterraine. Si la mise en de\u0301tention provisoire de Jean Pierre Amougou Belinga est acquise au sommet de l\u2019Etat, le cas de Maxime Eko Eko divise. A la man\u0153uvre, le de\u0301le\u0301gue\u0301 ge\u0301ne\u0301ral a\u0300 la su\u0302rete\u0301 nationale, Martin Mbarga Nguele, qui estime qu\u2019il n\u2019existe pas suffisamment d\u2019e\u0301le\u0301ments permettant d\u2019attester de l\u2019implication de Maxime Eko Eko dans cette affaire.<\/p>\n<p>Le DGSN accuse les gendarmes d\u2019avoir torpille\u0301 l\u2019enque\u0302te a\u0300 son sujet pour satisfaire les inte\u0301re\u0302ts politiques du secre\u0301taire ge\u0301ne\u0301ral de la pre\u0301sidence de la Re\u0301publique, Ferdinand Ngoh Ngoh, qui re\u0302ve de le remplacer a\u0300 la te\u0302te de la DGRE depuis des anne\u0301es.<\/p>\n<p>A Kondengui, on apprend aux dernie\u0300res nouvelles qu\u2019une des femmes de Eko Eko est venu lui rendre visite. \u00ab Cette femme est venue avec une de ses petites s\u0153urs qu&rsquo;elle a demande\u0301 de rester dehors pour avoir une certaine intimite\u0301 avec son mari. Elle aurait me\u0302me indique\u0301 a\u0300 sa s\u0153ur que la situation est plus grave que son mari ne l&rsquo;affirme. \u00bb<\/p>\n<p><strong>Pour plus d&rsquo;informations et d&rsquo;analyses sur la <a href=\"https:\/\/www.africa-press.net\/cameroun\">Cameroun<\/a>, suivez <a href=\"https:\/\/www.africa-press.net\/\">Africa-Press<\/a><\/strong><\/p>\n","protected":false},"excerpt":{"rendered":"<p>Africa-Press &#8211; Cameroun. Une forte menace plane sur l\u2019homme d\u2019affaire Jean Pierre Amougou Belinga depuis sa cellule. Il s\u2019agit d\u2019une menace profe\u0301re\u0301e par Eko Eko, le patron de la DGRE. Les deux personnes inculpe\u0301es dans l\u2019affaire Martinez Zogo, sont de\u0301sormais chacun sur le qui-vive. Une source proche contacte\u0301e, indique que Maxime Eko Eko menace de [&hellip;]<\/p>\n","protected":false},"author":82,"featured_media":38433,"comment_status":"open","ping_status":"closed","sticky":false,"template":"","format":"standard","meta":{"footnotes":""},"categories":[21,10],"tags":[36,50,49],"class_list":["post-38435","post","type-post","status-publish","format-standard","has-post-thumbnail","hentry","category-communaute","category-toutes-les-actualites","tag-africa-press","tag-africa-press-cameroun","tag-cameroun"],"yoast_head":"<!-- This site is optimized with the Yoast SEO Premium plugin v26.1 (Yoast SEO v27.0) - https:\/\/yoast.com\/product\/yoast-seo-premium-wordpress\/ -->\n<title>Eko Eko menace de s&#039;en prendre \u00e0 Amougou Belinga - Cameroun<\/title>\n<meta name=\"description\" content=\"Une forte menace plane sur l\u2019homme d\u2019affaire Jean Pierre Amougou Belinga depuis sa cellule. Il s\u2019agit d\u2019une menace profe ...\" \/>\n<meta name=\"robots\" content=\"index, follow, max-snippet:-1, max-image-preview:large, max-video-preview:-1\" \/>\n<link rel=\"canonical\" href=\"https:\/\/www.africa-press.net\/cameroun\/toutes-les-actualites\/eko-eko-menace-de-sen-prendre-a-amougou-belinga\" \/>\n<meta property=\"og:locale\" content=\"fr_FR\" \/>\n<meta property=\"og:type\" content=\"article\" \/>\n<meta property=\"og:title\" content=\"Eko Eko menace de s&#039;en prendre \u00e0 Amougou Belinga\" \/>\n<meta property=\"og:description\" content=\"Une forte menace plane sur l\u2019homme d\u2019affaire Jean Pierre Amougou Belinga depuis sa cellule. Il s\u2019agit d\u2019une menace profe ...\" \/>\n<meta property=\"og:url\" content=\"https:\/\/www.africa-press.net\/cameroun\/toutes-les-actualites\/eko-eko-menace-de-sen-prendre-a-amougou-belinga\" \/>\n<meta property=\"og:site_name\" content=\"Cameroun\" \/>\n<meta property=\"article:published_time\" content=\"2023-03-06T19:45:26+00:00\" \/>\n<meta property=\"article:modified_time\" content=\"2023-03-06T20:23:32+00:00\" \/>\n<meta property=\"og:image\" content=\"https:\/\/static.africa-press.net\/cameroun\/sites\/57\/2023\/03\/postQueueImg_1678119333.46.jpg\" \/>\n\t<meta property=\"og:image:width\" content=\"720\" \/>\n\t<meta property=\"og:image:height\" content=\"525\" \/>\n\t<meta property=\"og:image:type\" content=\"image\/jpeg\" \/>\n<meta name=\"author\" content=\"cfeditorfr\" \/>\n<meta name=\"twitter:card\" content=\"summary_large_image\" \/>\n<meta name=\"twitter:label1\" content=\"\u00c9crit par\" \/>\n\t<meta name=\"twitter:data1\" content=\"cfeditorfr\" \/>\n\t<meta name=\"twitter:label2\" content=\"Dur\u00e9e de lecture estim\u00e9e\" \/>\n\t<meta name=\"twitter:data2\" content=\"2 minutes\" \/>\n<script type=\"application\/ld+json\" class=\"yoast-schema-graph\">{\"@context\":\"https:\/\/schema.org\",\"@graph\":[{\"@type\":\"Article\",\"@id\":\"https:\/\/www.africa-press.net\/cameroun\/toutes-les-actualites\/eko-eko-menace-de-sen-prendre-a-amougou-belinga#article\",\"isPartOf\":{\"@id\":\"https:\/\/www.africa-press.net\/cameroun\/toutes-les-actualites\/eko-eko-menace-de-sen-prendre-a-amougou-belinga\"},\"author\":{\"name\":\"cfeditorfr\",\"@id\":\"https:\/\/www.africa-press.net\/cameroun\/#\/schema\/person\/2b1cf3cd81a31e3cd26889ca66d677f1\"},\"headline\":\"Eko Eko menace de s&rsquo;en prendre \u00e0 Amougou Belinga\",\"datePublished\":\"2023-03-06T19:45:26+00:00\",\"dateModified\":\"2023-03-06T20:23:32+00:00\",\"mainEntityOfPage\":{\"@id\":\"https:\/\/www.africa-press.net\/cameroun\/toutes-les-actualites\/eko-eko-menace-de-sen-prendre-a-amougou-belinga\"},\"wordCount\":399,\"commentCount\":0,\"image\":{\"@id\":\"https:\/\/www.africa-press.net\/cameroun\/toutes-les-actualites\/eko-eko-menace-de-sen-prendre-a-amougou-belinga#primaryimage\"},\"thumbnailUrl\":\"https:\/\/static.africa-press.net\/cameroun\/sites\/57\/2023\/03\/postQueueImg_1678119333.46.jpg\",\"keywords\":[\"Africa Press\",\"Africa Press-Cameroun\",\"Cameroun\"],\"articleSection\":[\"Communaut\u00e9\",\"Toutes les actualit\u00e9s\"],\"inLanguage\":\"fr-FR\",\"potentialAction\":[{\"@type\":\"CommentAction\",\"name\":\"Comment\",\"target\":[\"https:\/\/www.africa-press.net\/cameroun\/toutes-les-actualites\/eko-eko-menace-de-sen-prendre-a-amougou-belinga#respond\"]}]},{\"@type\":\"WebPage\",\"@id\":\"https:\/\/www.africa-press.net\/cameroun\/toutes-les-actualites\/eko-eko-menace-de-sen-prendre-a-amougou-belinga\",\"url\":\"https:\/\/www.africa-press.net\/cameroun\/toutes-les-actualites\/eko-eko-menace-de-sen-prendre-a-amougou-belinga\",\"name\":\"Eko Eko menace de s'en prendre \u00e0 Amougou Belinga - Cameroun\",\"isPartOf\":{\"@id\":\"https:\/\/www.africa-press.net\/cameroun\/#website\"},\"primaryImageOfPage\":{\"@id\":\"https:\/\/www.africa-press.net\/cameroun\/toutes-les-actualites\/eko-eko-menace-de-sen-prendre-a-amougou-belinga#primaryimage\"},\"image\":{\"@id\":\"https:\/\/www.africa-press.net\/cameroun\/toutes-les-actualites\/eko-eko-menace-de-sen-prendre-a-amougou-belinga#primaryimage\"},\"thumbnailUrl\":\"https:\/\/static.africa-press.net\/cameroun\/sites\/57\/2023\/03\/postQueueImg_1678119333.46.jpg\",\"datePublished\":\"2023-03-06T19:45:26+00:00\",\"dateModified\":\"2023-03-06T20:23:32+00:00\",\"author\":{\"@id\":\"https:\/\/www.africa-press.net\/cameroun\/#\/schema\/person\/2b1cf3cd81a31e3cd26889ca66d677f1\"},\"description\":\"Une forte menace plane sur l\u2019homme d\u2019affaire Jean Pierre Amougou Belinga depuis sa cellule. Il s\u2019agit d\u2019une menace profe ...\",\"breadcrumb\":{\"@id\":\"https:\/\/www.africa-press.net\/cameroun\/toutes-les-actualites\/eko-eko-menace-de-sen-prendre-a-amougou-belinga#breadcrumb\"},\"inLanguage\":\"fr-FR\",\"potentialAction\":[{\"@type\":\"ReadAction\",\"target\":[\"https:\/\/www.africa-press.net\/cameroun\/toutes-les-actualites\/eko-eko-menace-de-sen-prendre-a-amougou-belinga\"]}]},{\"@type\":\"ImageObject\",\"inLanguage\":\"fr-FR\",\"@id\":\"https:\/\/www.africa-press.net\/cameroun\/toutes-les-actualites\/eko-eko-menace-de-sen-prendre-a-amougou-belinga#primaryimage\",\"url\":\"https:\/\/static.africa-press.net\/cameroun\/sites\/57\/2023\/03\/postQueueImg_1678119333.46.jpg\",\"contentUrl\":\"https:\/\/static.africa-press.net\/cameroun\/sites\/57\/2023\/03\/postQueueImg_1678119333.46.jpg\",\"width\":720,\"height\":525,\"caption\":\"Eko Eko menace de s'en prendre \u00e0 Amougou Belinga\"},{\"@type\":\"BreadcrumbList\",\"@id\":\"https:\/\/www.africa-press.net\/cameroun\/toutes-les-actualites\/eko-eko-menace-de-sen-prendre-a-amougou-belinga#breadcrumb\",\"itemListElement\":[{\"@type\":\"ListItem\",\"position\":1,\"name\":\"Accueil\",\"item\":\"https:\/\/www.africa-press.net\/cameroun\/\"},{\"@type\":\"ListItem\",\"position\":2,\"name\":\"Eko Eko menace de s&rsquo;en prendre \u00e0 Amougou Belinga\"}]},{\"@type\":\"WebSite\",\"@id\":\"https:\/\/www.africa-press.net\/cameroun\/#website\",\"url\":\"https:\/\/www.africa-press.net\/cameroun\/\",\"name\":\"Cameroun\",\"description\":\"Just another Africa News Agency Sites site\",\"potentialAction\":[{\"@type\":\"SearchAction\",\"target\":{\"@type\":\"EntryPoint\",\"urlTemplate\":\"https:\/\/www.africa-press.net\/cameroun\/?s={search_term_string}\"},\"query-input\":{\"@type\":\"PropertyValueSpecification\",\"valueRequired\":true,\"valueName\":\"search_term_string\"}}],\"inLanguage\":\"fr-FR\"},{\"@type\":\"Person\",\"@id\":\"https:\/\/www.africa-press.net\/cameroun\/#\/schema\/person\/2b1cf3cd81a31e3cd26889ca66d677f1\",\"name\":\"cfeditorfr\"}]}<\/script>\n<!-- \/ Yoast SEO Premium plugin. -->","yoast_head_json":{"title":"Eko Eko menace de s'en prendre \u00e0 Amougou Belinga - Cameroun","description":"Une forte menace plane sur l\u2019homme d\u2019affaire Jean Pierre Amougou Belinga depuis sa cellule. Il s\u2019agit d\u2019une menace profe ...","robots":{"index":"index","follow":"follow","max-snippet":"max-snippet:-1","max-image-preview":"max-image-preview:large","max-video-preview":"max-video-preview:-1"},"canonical":"https:\/\/www.africa-press.net\/cameroun\/toutes-les-actualites\/eko-eko-menace-de-sen-prendre-a-amougou-belinga","og_locale":"fr_FR","og_type":"article","og_title":"Eko Eko menace de s'en prendre \u00e0 Amougou Belinga","og_description":"Une forte menace plane sur l\u2019homme d\u2019affaire Jean Pierre Amougou Belinga depuis sa cellule. Il s\u2019agit d\u2019une menace profe ...","og_url":"https:\/\/www.africa-press.net\/cameroun\/toutes-les-actualites\/eko-eko-menace-de-sen-prendre-a-amougou-belinga","og_site_name":"Cameroun","article_published_time":"2023-03-06T19:45:26+00:00","article_modified_time":"2023-03-06T20:23:32+00:00","og_image":[{"width":720,"height":525,"url":"https:\/\/static.africa-press.net\/cameroun\/sites\/57\/2023\/03\/postQueueImg_1678119333.46.jpg","type":"image\/jpeg"}],"author":"cfeditorfr","twitter_card":"summary_large_image","twitter_misc":{"\u00c9crit par":"cfeditorfr","Dur\u00e9e de lecture estim\u00e9e":"2 minutes"},"schema":{"@context":"https:\/\/schema.org","@graph":[{"@type":"Article","@id":"https:\/\/www.africa-press.net\/cameroun\/toutes-les-actualites\/eko-eko-menace-de-sen-prendre-a-amougou-belinga#article","isPartOf":{"@id":"https:\/\/www.africa-press.net\/cameroun\/toutes-les-actualites\/eko-eko-menace-de-sen-prendre-a-amougou-belinga"},"author":{"name":"cfeditorfr","@id":"https:\/\/www.africa-press.net\/cameroun\/#\/schema\/person\/2b1cf3cd81a31e3cd26889ca66d677f1"},"headline":"Eko Eko menace de s&rsquo;en prendre \u00e0 Amougou Belinga","datePublished":"2023-03-06T19:45:26+00:00","dateModified":"2023-03-06T20:23:32+00:00","mainEntityOfPage":{"@id":"https:\/\/www.africa-press.net\/cameroun\/toutes-les-actualites\/eko-eko-menace-de-sen-prendre-a-amougou-belinga"},"wordCount":399,"commentCount":0,"image":{"@id":"https:\/\/www.africa-press.net\/cameroun\/toutes-les-actualites\/eko-eko-menace-de-sen-prendre-a-amougou-belinga#primaryimage"},"thumbnailUrl":"https:\/\/static.africa-press.net\/cameroun\/sites\/57\/2023\/03\/postQueueImg_1678119333.46.jpg","keywords":["Africa Press","Africa Press-Cameroun","Cameroun"],"articleSection":["Communaut\u00e9","Toutes les actualit\u00e9s"],"inLanguage":"fr-FR","potentialAction":[{"@type":"CommentAction","name":"Comment","target":["https:\/\/www.africa-press.net\/cameroun\/toutes-les-actualites\/eko-eko-menace-de-sen-prendre-a-amougou-belinga#respond"]}]},{"@type":"WebPage","@id":"https:\/\/www.africa-press.net\/cameroun\/toutes-les-actualites\/eko-eko-menace-de-sen-prendre-a-amougou-belinga","url":"https:\/\/www.africa-press.net\/cameroun\/toutes-les-actualites\/eko-eko-menace-de-sen-prendre-a-amougou-belinga","name":"Eko Eko menace de s'en prendre \u00e0 Amougou Belinga - Cameroun","isPartOf":{"@id":"https:\/\/www.africa-press.net\/cameroun\/#website"},"primaryImageOfPage":{"@id":"https:\/\/www.africa-press.net\/cameroun\/toutes-les-actualites\/eko-eko-menace-de-sen-prendre-a-amougou-belinga#primaryimage"},"image":{"@id":"https:\/\/www.africa-press.net\/cameroun\/toutes-les-actualites\/eko-eko-menace-de-sen-prendre-a-amougou-belinga#primaryimage"},"thumbnailUrl":"https:\/\/static.africa-press.net\/cameroun\/sites\/57\/2023\/03\/postQueueImg_1678119333.46.jpg","datePublished":"2023-03-06T19:45:26+00:00","dateModified":"2023-03-06T20:23:32+00:00","author":{"@id":"https:\/\/www.africa-press.net\/cameroun\/#\/schema\/person\/2b1cf3cd81a31e3cd26889ca66d677f1"},"description":"Une forte menace plane sur l\u2019homme d\u2019affaire Jean Pierre Amougou Belinga depuis sa cellule. Il s\u2019agit d\u2019une menace profe ...","breadcrumb":{"@id":"https:\/\/www.africa-press.net\/cameroun\/toutes-les-actualites\/eko-eko-menace-de-sen-prendre-a-amougou-belinga#breadcrumb"},"inLanguage":"fr-FR","potentialAction":[{"@type":"ReadAction","target":["https:\/\/www.africa-press.net\/cameroun\/toutes-les-actualites\/eko-eko-menace-de-sen-prendre-a-amougou-belinga"]}]},{"@type":"ImageObject","inLanguage":"fr-FR","@id":"https:\/\/www.africa-press.net\/cameroun\/toutes-les-actualites\/eko-eko-menace-de-sen-prendre-a-amougou-belinga#primaryimage","url":"https:\/\/static.africa-press.net\/cameroun\/sites\/57\/2023\/03\/postQueueImg_1678119333.46.jpg","contentUrl":"https:\/\/static.africa-press.net\/cameroun\/sites\/57\/2023\/03\/postQueueImg_1678119333.46.jpg","width":720,"height":525,"caption":"Eko Eko menace de s'en prendre \u00e0 Amougou Belinga"},{"@type":"BreadcrumbList","@id":"https:\/\/www.africa-press.net\/cameroun\/toutes-les-actualites\/eko-eko-menace-de-sen-prendre-a-amougou-belinga#breadcrumb","itemListElement":[{"@type":"ListItem","position":1,"name":"Accueil","item":"https:\/\/www.africa-press.net\/cameroun\/"},{"@type":"ListItem","position":2,"name":"Eko Eko menace de s&rsquo;en prendre \u00e0 Amougou Belinga"}]},{"@type":"WebSite","@id":"https:\/\/www.africa-press.net\/cameroun\/#website","url":"https:\/\/www.africa-press.net\/cameroun\/","name":"Cameroun","description":"Just another Africa News Agency Sites site","potentialAction":[{"@type":"SearchAction","target":{"@type":"EntryPoint","urlTemplate":"https:\/\/www.africa-press.net\/cameroun\/?s={search_term_string}"},"query-input":{"@type":"PropertyValueSpecification","valueRequired":true,"valueName":"search_term_string"}}],"inLanguage":"fr-FR"},{"@type":"Person","@id":"https:\/\/www.africa-press.net\/cameroun\/#\/schema\/person\/2b1cf3cd81a31e3cd26889ca66d677f1","name":"cfeditorfr"}]}},"_links":{"self":[{"href":"https:\/\/www.africa-press.net\/cameroun\/wp-json\/wp\/v2\/posts\/38435","targetHints":{"allow":["GET"]}}],"collection":[{"href":"https:\/\/www.africa-press.net\/cameroun\/wp-json\/wp\/v2\/posts"}],"about":[{"href":"https:\/\/www.africa-press.net\/cameroun\/wp-json\/wp\/v2\/types\/post"}],"author":[{"embeddable":true,"href":"https:\/\/www.africa-press.net\/cameroun\/wp-json\/wp\/v2\/users\/82"}],"replies":[{"embeddable":true,"href":"https:\/\/www.africa-press.net\/cameroun\/wp-json\/wp\/v2\/comments?post=38435"}],"version-history":[{"count":0,"href":"https:\/\/www.africa-press.net\/cameroun\/wp-json\/wp\/v2\/posts\/38435\/revisions"}],"wp:featuredmedia":[{"embeddable":true,"href":"https:\/\/www.africa-press.net\/cameroun\/wp-json\/wp\/v2\/media\/38433"}],"wp:attachment":[{"href":"https:\/\/www.africa-press.net\/cameroun\/wp-json\/wp\/v2\/media?parent=38435"}],"wp:term":[{"taxonomy":"category","embeddable":true,"href":"https:\/\/www.africa-press.net\/cameroun\/wp-json\/wp\/v2\/categories?post=38435"},{"taxonomy":"post_tag","embeddable":true,"href":"https:\/\/www.africa-press.net\/cameroun\/wp-json\/wp\/v2\/tags?post=38435"}],"curies":[{"name":"wp","href":"https:\/\/api.w.org\/{rel}","templated":true}]}}