{"id":38441,"date":"2023-03-06T19:46:25","date_gmt":"2023-03-06T19:46:25","guid":{"rendered":"https:\/\/www.africa-press.net\/cameroun\/politique\/le-fonds-saoudien-de-developpement-evalue-a-30-milliards-de-fcfa-au-cameroun"},"modified":"2023-03-06T20:25:36","modified_gmt":"2023-03-06T20:25:36","slug":"le-fonds-saoudien-de-developpement-evalue-a-30-milliards-de-fcfa-au-cameroun","status":"publish","type":"post","link":"https:\/\/www.africa-press.net\/cameroun\/economie\/le-fonds-saoudien-de-developpement-evalue-a-30-milliards-de-fcfa-au-cameroun","title":{"rendered":"Le Fonds Saoudien de D\u00e9veloppement \u00e9valu\u00e9 \u00e0 30 milliards de FCFA au Cameroun"},"content":{"rendered":"<p><span style=\"color: #ff6600\"><strong>Africa-Press &#8211; Cameroun. <\/strong><\/span>Le Ministre de l\u2019Economie, de la Planification et de l\u2019Ame\u0301nagement du Territoire, Alamine OUSMANE MEY a accorde\u0301e, jeudi 02 mars 2023 une audience a\u0300 l\u2019Ambassadeur du Royaume d\u2019Arabie Saoudite au Cameroun, S.E Faisal Saud Al Mejel.<\/p>\n<p>Les e\u0301changes entre le Ministre de l\u2019Economie, de la Planification et de l\u2019Ame\u0301nagement du Territoire et son ho\u0302te ont porte\u0301 sur les axes d\u2019ame\u0301lioration de la coope\u0301ration e\u0301conomique entre Yaounde\u0301 et Riyad. Il s\u2019est agi pour les deux personnalite\u0301s d\u2019explorer les actions a\u0300 mettre en \u0153uvre pour non seulement de\u0301velopper les e\u0301nergies renouvelables au Cameroun, mais aussi pour rapprocher les ope\u0301rateurs e\u0301conomiques des deux pays respectifs.<\/p>\n<p>Selon le minepat, la coope\u0301ration Cameroun-Arabie Saoudite date des anne\u0301es 60. Elle se mate\u0301rialise dans notre pays principalement a\u0300 travers le financement de nombreux projets de de\u0301veloppement dans divers domaines (e\u0301ducation, sante\u0301, hydraulique, infrastructures de transport, secteur rural), gra\u0302ce aux ressources issues du Fonds Saoudien de De\u0301veloppement (FSD).<\/p>\n<p>Par le passe\u0301, ce Fonds a contribue\u0301 a\u0300 la construction de l\u2019Universite\u0301 de Ngaounde\u0301re\u0301, la route Ayos-Bonis (tronc\u0327on Ayos-Abong Mbang) et chemin de fer Ede\u0301a-Maloume\u0301, etc. A ce jour, le portefeuille actif du FSD comporte cinq (05) projets, pour une enveloppe d\u2019environ 30 milliards de FCFA. Ces projets sont entre autres : les routes Foumban-Tibati (tronc\u0327on Foumban-Manki-Magba-Pont de la Mape\u0301), Sangme\u0301lima-Djoum (tronc\u0327on Bikoula-Bjoum) et Olama-Kribi (tronc\u0327on Bingambo-Grandzambi) ; la construction et l\u2019e\u0301quipement de l\u2019Ho\u0302pital Re\u0301gional Annexe de Mbalmayo, et du Lyce\u0301e d\u2019Enseignement des Me\u0301tiers Industriels d\u2019Akwa.<\/p>\n<p><strong>Pour plus d&rsquo;informations et d&rsquo;analyses sur la <a href=\"https:\/\/www.africa-press.net\/cameroun\">Cameroun<\/a>, suivez <a href=\"https:\/\/www.africa-press.net\/\">Africa-Press<\/a><\/strong><\/p>\n","protected":false},"excerpt":{"rendered":"<p>Africa-Press &#8211; Cameroun. Le Ministre de l\u2019Economie, de la Planification et de l\u2019Ame\u0301nagement du Territoire, Alamine OUSMANE MEY a accorde\u0301e, jeudi 02 mars 2023 une audience a\u0300 l\u2019Ambassadeur du Royaume d\u2019Arabie Saoudite au Cameroun, S.E Faisal Saud Al Mejel. Les e\u0301changes entre le Ministre de l\u2019Economie, de la Planification et de l\u2019Ame\u0301nagement du Territoire et [&hellip;]<\/p>\n","protected":false},"author":82,"featured_media":38439,"comment_status":"open","ping_status":"closed","sticky":false,"template":"","format":"standard","meta":{"footnotes":""},"categories":[3,10],"tags":[36,50,49],"class_list":["post-38441","post","type-post","status-publish","format-standard","has-post-thumbnail","hentry","category-economie","category-toutes-les-actualites","tag-africa-press","tag-africa-press-cameroun","tag-cameroun"],"yoast_head":"<!-- This site is optimized with the Yoast SEO Premium plugin v26.1 (Yoast SEO v27.0) - https:\/\/yoast.com\/product\/yoast-seo-premium-wordpress\/ -->\n<title>Le Fonds Saoudien de D\u00e9veloppement \u00e9valu\u00e9 \u00e0 30 milliards de FCFA au Cameroun - Cameroun<\/title>\n<meta name=\"description\" content=\"Le Ministre de l\u2019Economie, de la Planification et de l\u2019Ame\u0301nagement du Territoire, Alamine OUSMANE MEY a accorde\u0301e, jeud ...\" \/>\n<meta name=\"robots\" content=\"index, follow, max-snippet:-1, max-image-preview:large, max-video-preview:-1\" \/>\n<link rel=\"canonical\" href=\"https:\/\/www.africa-press.net\/cameroun\/economie\/le-fonds-saoudien-de-developpement-evalue-a-30-milliards-de-fcfa-au-cameroun\" \/>\n<meta property=\"og:locale\" content=\"fr_FR\" \/>\n<meta property=\"og:type\" content=\"article\" \/>\n<meta property=\"og:title\" content=\"Le Fonds Saoudien de D\u00e9veloppement \u00e9valu\u00e9 \u00e0 30 milliards de FCFA au Cameroun\" \/>\n<meta property=\"og:description\" content=\"Le Ministre de l\u2019Economie, de la Planification et de l\u2019Ame\u0301nagement du Territoire, Alamine OUSMANE MEY a accorde\u0301e, jeud ...\" \/>\n<meta property=\"og:url\" content=\"https:\/\/www.africa-press.net\/cameroun\/economie\/le-fonds-saoudien-de-developpement-evalue-a-30-milliards-de-fcfa-au-cameroun\" \/>\n<meta property=\"og:site_name\" content=\"Cameroun\" \/>\n<meta property=\"article:published_time\" content=\"2023-03-06T19:46:25+00:00\" \/>\n<meta property=\"article:modified_time\" content=\"2023-03-06T20:25:36+00:00\" \/>\n<meta property=\"og:image\" content=\"https:\/\/static.africa-press.net\/cameroun\/sites\/57\/2023\/03\/postQueueImg_1678119389.36.jpg\" \/>\n\t<meta property=\"og:image:width\" content=\"850\" \/>\n\t<meta property=\"og:image:height\" content=\"550\" \/>\n\t<meta property=\"og:image:type\" content=\"image\/jpeg\" \/>\n<meta name=\"author\" content=\"cfeditorfr\" \/>\n<meta name=\"twitter:card\" content=\"summary_large_image\" \/>\n<meta name=\"twitter:label1\" content=\"\u00c9crit par\" \/>\n\t<meta name=\"twitter:data1\" content=\"cfeditorfr\" \/>\n\t<meta name=\"twitter:label2\" content=\"Dur\u00e9e de lecture estim\u00e9e\" \/>\n\t<meta name=\"twitter:data2\" content=\"2 minutes\" \/>\n<script type=\"application\/ld+json\" class=\"yoast-schema-graph\">{\"@context\":\"https:\/\/schema.org\",\"@graph\":[{\"@type\":\"Article\",\"@id\":\"https:\/\/www.africa-press.net\/cameroun\/economie\/le-fonds-saoudien-de-developpement-evalue-a-30-milliards-de-fcfa-au-cameroun#article\",\"isPartOf\":{\"@id\":\"https:\/\/www.africa-press.net\/cameroun\/economie\/le-fonds-saoudien-de-developpement-evalue-a-30-milliards-de-fcfa-au-cameroun\"},\"author\":{\"name\":\"cfeditorfr\",\"@id\":\"https:\/\/www.africa-press.net\/cameroun\/#\/schema\/person\/2b1cf3cd81a31e3cd26889ca66d677f1\"},\"headline\":\"Le Fonds Saoudien de D\u00e9veloppement \u00e9valu\u00e9 \u00e0 30 milliards de FCFA au Cameroun\",\"datePublished\":\"2023-03-06T19:46:25+00:00\",\"dateModified\":\"2023-03-06T20:25:36+00:00\",\"mainEntityOfPage\":{\"@id\":\"https:\/\/www.africa-press.net\/cameroun\/economie\/le-fonds-saoudien-de-developpement-evalue-a-30-milliards-de-fcfa-au-cameroun\"},\"wordCount\":304,\"commentCount\":0,\"image\":{\"@id\":\"https:\/\/www.africa-press.net\/cameroun\/economie\/le-fonds-saoudien-de-developpement-evalue-a-30-milliards-de-fcfa-au-cameroun#primaryimage\"},\"thumbnailUrl\":\"https:\/\/static.africa-press.net\/cameroun\/sites\/57\/2023\/03\/postQueueImg_1678119389.36.jpg\",\"keywords\":[\"Africa Press\",\"Africa Press-Cameroun\",\"Cameroun\"],\"articleSection\":[\"\u00c9conomie\",\"Toutes les actualit\u00e9s\"],\"inLanguage\":\"fr-FR\",\"potentialAction\":[{\"@type\":\"CommentAction\",\"name\":\"Comment\",\"target\":[\"https:\/\/www.africa-press.net\/cameroun\/economie\/le-fonds-saoudien-de-developpement-evalue-a-30-milliards-de-fcfa-au-cameroun#respond\"]}]},{\"@type\":\"WebPage\",\"@id\":\"https:\/\/www.africa-press.net\/cameroun\/economie\/le-fonds-saoudien-de-developpement-evalue-a-30-milliards-de-fcfa-au-cameroun\",\"url\":\"https:\/\/www.africa-press.net\/cameroun\/economie\/le-fonds-saoudien-de-developpement-evalue-a-30-milliards-de-fcfa-au-cameroun\",\"name\":\"Le Fonds Saoudien de D\u00e9veloppement \u00e9valu\u00e9 \u00e0 30 milliards de FCFA au Cameroun - Cameroun\",\"isPartOf\":{\"@id\":\"https:\/\/www.africa-press.net\/cameroun\/#website\"},\"primaryImageOfPage\":{\"@id\":\"https:\/\/www.africa-press.net\/cameroun\/economie\/le-fonds-saoudien-de-developpement-evalue-a-30-milliards-de-fcfa-au-cameroun#primaryimage\"},\"image\":{\"@id\":\"https:\/\/www.africa-press.net\/cameroun\/economie\/le-fonds-saoudien-de-developpement-evalue-a-30-milliards-de-fcfa-au-cameroun#primaryimage\"},\"thumbnailUrl\":\"https:\/\/static.africa-press.net\/cameroun\/sites\/57\/2023\/03\/postQueueImg_1678119389.36.jpg\",\"datePublished\":\"2023-03-06T19:46:25+00:00\",\"dateModified\":\"2023-03-06T20:25:36+00:00\",\"author\":{\"@id\":\"https:\/\/www.africa-press.net\/cameroun\/#\/schema\/person\/2b1cf3cd81a31e3cd26889ca66d677f1\"},\"description\":\"Le Ministre de l\u2019Economie, de la Planification et de l\u2019Ame\u0301nagement du Territoire, Alamine OUSMANE MEY a accorde\u0301e, jeud ...\",\"breadcrumb\":{\"@id\":\"https:\/\/www.africa-press.net\/cameroun\/economie\/le-fonds-saoudien-de-developpement-evalue-a-30-milliards-de-fcfa-au-cameroun#breadcrumb\"},\"inLanguage\":\"fr-FR\",\"potentialAction\":[{\"@type\":\"ReadAction\",\"target\":[\"https:\/\/www.africa-press.net\/cameroun\/economie\/le-fonds-saoudien-de-developpement-evalue-a-30-milliards-de-fcfa-au-cameroun\"]}]},{\"@type\":\"ImageObject\",\"inLanguage\":\"fr-FR\",\"@id\":\"https:\/\/www.africa-press.net\/cameroun\/economie\/le-fonds-saoudien-de-developpement-evalue-a-30-milliards-de-fcfa-au-cameroun#primaryimage\",\"url\":\"https:\/\/static.africa-press.net\/cameroun\/sites\/57\/2023\/03\/postQueueImg_1678119389.36.jpg\",\"contentUrl\":\"https:\/\/static.africa-press.net\/cameroun\/sites\/57\/2023\/03\/postQueueImg_1678119389.36.jpg\",\"width\":850,\"height\":550,\"caption\":\"Le Fonds Saoudien de D\u00e9veloppement \u00e9valu\u00e9 \u00e0 30 milliards de FCFA au Cameroun\"},{\"@type\":\"BreadcrumbList\",\"@id\":\"https:\/\/www.africa-press.net\/cameroun\/economie\/le-fonds-saoudien-de-developpement-evalue-a-30-milliards-de-fcfa-au-cameroun#breadcrumb\",\"itemListElement\":[{\"@type\":\"ListItem\",\"position\":1,\"name\":\"Accueil\",\"item\":\"https:\/\/www.africa-press.net\/cameroun\/\"},{\"@type\":\"ListItem\",\"position\":2,\"name\":\"Le Fonds Saoudien de D\u00e9veloppement \u00e9valu\u00e9 \u00e0 30 milliards de FCFA au Cameroun\"}]},{\"@type\":\"WebSite\",\"@id\":\"https:\/\/www.africa-press.net\/cameroun\/#website\",\"url\":\"https:\/\/www.africa-press.net\/cameroun\/\",\"name\":\"Cameroun\",\"description\":\"Just another Africa News Agency Sites site\",\"potentialAction\":[{\"@type\":\"SearchAction\",\"target\":{\"@type\":\"EntryPoint\",\"urlTemplate\":\"https:\/\/www.africa-press.net\/cameroun\/?s={search_term_string}\"},\"query-input\":{\"@type\":\"PropertyValueSpecification\",\"valueRequired\":true,\"valueName\":\"search_term_string\"}}],\"inLanguage\":\"fr-FR\"},{\"@type\":\"Person\",\"@id\":\"https:\/\/www.africa-press.net\/cameroun\/#\/schema\/person\/2b1cf3cd81a31e3cd26889ca66d677f1\",\"name\":\"cfeditorfr\"}]}<\/script>\n<!-- \/ Yoast SEO Premium plugin. -->","yoast_head_json":{"title":"Le Fonds Saoudien de D\u00e9veloppement \u00e9valu\u00e9 \u00e0 30 milliards de FCFA au Cameroun - Cameroun","description":"Le Ministre de l\u2019Economie, de la Planification et de l\u2019Ame\u0301nagement du Territoire, Alamine OUSMANE MEY a accorde\u0301e, jeud ...","robots":{"index":"index","follow":"follow","max-snippet":"max-snippet:-1","max-image-preview":"max-image-preview:large","max-video-preview":"max-video-preview:-1"},"canonical":"https:\/\/www.africa-press.net\/cameroun\/economie\/le-fonds-saoudien-de-developpement-evalue-a-30-milliards-de-fcfa-au-cameroun","og_locale":"fr_FR","og_type":"article","og_title":"Le Fonds Saoudien de D\u00e9veloppement \u00e9valu\u00e9 \u00e0 30 milliards de FCFA au Cameroun","og_description":"Le Ministre de l\u2019Economie, de la Planification et de l\u2019Ame\u0301nagement du Territoire, Alamine OUSMANE MEY a accorde\u0301e, jeud ...","og_url":"https:\/\/www.africa-press.net\/cameroun\/economie\/le-fonds-saoudien-de-developpement-evalue-a-30-milliards-de-fcfa-au-cameroun","og_site_name":"Cameroun","article_published_time":"2023-03-06T19:46:25+00:00","article_modified_time":"2023-03-06T20:25:36+00:00","og_image":[{"width":850,"height":550,"url":"https:\/\/static.africa-press.net\/cameroun\/sites\/57\/2023\/03\/postQueueImg_1678119389.36.jpg","type":"image\/jpeg"}],"author":"cfeditorfr","twitter_card":"summary_large_image","twitter_misc":{"\u00c9crit par":"cfeditorfr","Dur\u00e9e de lecture estim\u00e9e":"2 minutes"},"schema":{"@context":"https:\/\/schema.org","@graph":[{"@type":"Article","@id":"https:\/\/www.africa-press.net\/cameroun\/economie\/le-fonds-saoudien-de-developpement-evalue-a-30-milliards-de-fcfa-au-cameroun#article","isPartOf":{"@id":"https:\/\/www.africa-press.net\/cameroun\/economie\/le-fonds-saoudien-de-developpement-evalue-a-30-milliards-de-fcfa-au-cameroun"},"author":{"name":"cfeditorfr","@id":"https:\/\/www.africa-press.net\/cameroun\/#\/schema\/person\/2b1cf3cd81a31e3cd26889ca66d677f1"},"headline":"Le Fonds Saoudien de D\u00e9veloppement \u00e9valu\u00e9 \u00e0 30 milliards de FCFA au Cameroun","datePublished":"2023-03-06T19:46:25+00:00","dateModified":"2023-03-06T20:25:36+00:00","mainEntityOfPage":{"@id":"https:\/\/www.africa-press.net\/cameroun\/economie\/le-fonds-saoudien-de-developpement-evalue-a-30-milliards-de-fcfa-au-cameroun"},"wordCount":304,"commentCount":0,"image":{"@id":"https:\/\/www.africa-press.net\/cameroun\/economie\/le-fonds-saoudien-de-developpement-evalue-a-30-milliards-de-fcfa-au-cameroun#primaryimage"},"thumbnailUrl":"https:\/\/static.africa-press.net\/cameroun\/sites\/57\/2023\/03\/postQueueImg_1678119389.36.jpg","keywords":["Africa Press","Africa Press-Cameroun","Cameroun"],"articleSection":["\u00c9conomie","Toutes les actualit\u00e9s"],"inLanguage":"fr-FR","potentialAction":[{"@type":"CommentAction","name":"Comment","target":["https:\/\/www.africa-press.net\/cameroun\/economie\/le-fonds-saoudien-de-developpement-evalue-a-30-milliards-de-fcfa-au-cameroun#respond"]}]},{"@type":"WebPage","@id":"https:\/\/www.africa-press.net\/cameroun\/economie\/le-fonds-saoudien-de-developpement-evalue-a-30-milliards-de-fcfa-au-cameroun","url":"https:\/\/www.africa-press.net\/cameroun\/economie\/le-fonds-saoudien-de-developpement-evalue-a-30-milliards-de-fcfa-au-cameroun","name":"Le Fonds Saoudien de D\u00e9veloppement \u00e9valu\u00e9 \u00e0 30 milliards de FCFA au Cameroun - Cameroun","isPartOf":{"@id":"https:\/\/www.africa-press.net\/cameroun\/#website"},"primaryImageOfPage":{"@id":"https:\/\/www.africa-press.net\/cameroun\/economie\/le-fonds-saoudien-de-developpement-evalue-a-30-milliards-de-fcfa-au-cameroun#primaryimage"},"image":{"@id":"https:\/\/www.africa-press.net\/cameroun\/economie\/le-fonds-saoudien-de-developpement-evalue-a-30-milliards-de-fcfa-au-cameroun#primaryimage"},"thumbnailUrl":"https:\/\/static.africa-press.net\/cameroun\/sites\/57\/2023\/03\/postQueueImg_1678119389.36.jpg","datePublished":"2023-03-06T19:46:25+00:00","dateModified":"2023-03-06T20:25:36+00:00","author":{"@id":"https:\/\/www.africa-press.net\/cameroun\/#\/schema\/person\/2b1cf3cd81a31e3cd26889ca66d677f1"},"description":"Le Ministre de l\u2019Economie, de la Planification et de l\u2019Ame\u0301nagement du Territoire, Alamine OUSMANE MEY a accorde\u0301e, jeud ...","breadcrumb":{"@id":"https:\/\/www.africa-press.net\/cameroun\/economie\/le-fonds-saoudien-de-developpement-evalue-a-30-milliards-de-fcfa-au-cameroun#breadcrumb"},"inLanguage":"fr-FR","potentialAction":[{"@type":"ReadAction","target":["https:\/\/www.africa-press.net\/cameroun\/economie\/le-fonds-saoudien-de-developpement-evalue-a-30-milliards-de-fcfa-au-cameroun"]}]},{"@type":"ImageObject","inLanguage":"fr-FR","@id":"https:\/\/www.africa-press.net\/cameroun\/economie\/le-fonds-saoudien-de-developpement-evalue-a-30-milliards-de-fcfa-au-cameroun#primaryimage","url":"https:\/\/static.africa-press.net\/cameroun\/sites\/57\/2023\/03\/postQueueImg_1678119389.36.jpg","contentUrl":"https:\/\/static.africa-press.net\/cameroun\/sites\/57\/2023\/03\/postQueueImg_1678119389.36.jpg","width":850,"height":550,"caption":"Le Fonds Saoudien de D\u00e9veloppement \u00e9valu\u00e9 \u00e0 30 milliards de FCFA au Cameroun"},{"@type":"BreadcrumbList","@id":"https:\/\/www.africa-press.net\/cameroun\/economie\/le-fonds-saoudien-de-developpement-evalue-a-30-milliards-de-fcfa-au-cameroun#breadcrumb","itemListElement":[{"@type":"ListItem","position":1,"name":"Accueil","item":"https:\/\/www.africa-press.net\/cameroun\/"},{"@type":"ListItem","position":2,"name":"Le Fonds Saoudien de D\u00e9veloppement \u00e9valu\u00e9 \u00e0 30 milliards de FCFA au Cameroun"}]},{"@type":"WebSite","@id":"https:\/\/www.africa-press.net\/cameroun\/#website","url":"https:\/\/www.africa-press.net\/cameroun\/","name":"Cameroun","description":"Just another Africa News Agency Sites site","potentialAction":[{"@type":"SearchAction","target":{"@type":"EntryPoint","urlTemplate":"https:\/\/www.africa-press.net\/cameroun\/?s={search_term_string}"},"query-input":{"@type":"PropertyValueSpecification","valueRequired":true,"valueName":"search_term_string"}}],"inLanguage":"fr-FR"},{"@type":"Person","@id":"https:\/\/www.africa-press.net\/cameroun\/#\/schema\/person\/2b1cf3cd81a31e3cd26889ca66d677f1","name":"cfeditorfr"}]}},"_links":{"self":[{"href":"https:\/\/www.africa-press.net\/cameroun\/wp-json\/wp\/v2\/posts\/38441","targetHints":{"allow":["GET"]}}],"collection":[{"href":"https:\/\/www.africa-press.net\/cameroun\/wp-json\/wp\/v2\/posts"}],"about":[{"href":"https:\/\/www.africa-press.net\/cameroun\/wp-json\/wp\/v2\/types\/post"}],"author":[{"embeddable":true,"href":"https:\/\/www.africa-press.net\/cameroun\/wp-json\/wp\/v2\/users\/82"}],"replies":[{"embeddable":true,"href":"https:\/\/www.africa-press.net\/cameroun\/wp-json\/wp\/v2\/comments?post=38441"}],"version-history":[{"count":0,"href":"https:\/\/www.africa-press.net\/cameroun\/wp-json\/wp\/v2\/posts\/38441\/revisions"}],"wp:featuredmedia":[{"embeddable":true,"href":"https:\/\/www.africa-press.net\/cameroun\/wp-json\/wp\/v2\/media\/38439"}],"wp:attachment":[{"href":"https:\/\/www.africa-press.net\/cameroun\/wp-json\/wp\/v2\/media?parent=38441"}],"wp:term":[{"taxonomy":"category","embeddable":true,"href":"https:\/\/www.africa-press.net\/cameroun\/wp-json\/wp\/v2\/categories?post=38441"},{"taxonomy":"post_tag","embeddable":true,"href":"https:\/\/www.africa-press.net\/cameroun\/wp-json\/wp\/v2\/tags?post=38441"}],"curies":[{"name":"wp","href":"https:\/\/api.w.org\/{rel}","templated":true}]}}