{"id":38472,"date":"2023-03-07T12:32:34","date_gmt":"2023-03-07T12:32:34","guid":{"rendered":"https:\/\/www.africa-press.net\/cameroun\/politique\/amougou-belinga-en-prison-la-reaction-de-lavocate-de-la-famille-de-martinez-zogo"},"modified":"2023-03-07T13:14:36","modified_gmt":"2023-03-07T13:14:36","slug":"amougou-belinga-en-prison-la-reaction-de-lavocate-de-la-famille-de-martinez-zogo","status":"publish","type":"post","link":"https:\/\/www.africa-press.net\/cameroun\/toutes-les-actualites\/amougou-belinga-en-prison-la-reaction-de-lavocate-de-la-famille-de-martinez-zogo","title":{"rendered":"Amougou Belinga en prison : la r\u00e9action de l&rsquo;avocate de la famille de Martinez Zogo"},"content":{"rendered":"<p><span style=\"color: #ff6600\"><strong>Africa-Press &#8211; Cameroun. <\/strong><\/span>Il aura fallu quelques jours pour que la famille de Martinez Zogo re\u0301agisse a\u0300 la de\u0301cision du tribunal militaire d&rsquo;envoyer en de\u0301tention provisoire les suspects de l&rsquo;assassinat de leur proche. En effet, Mai\u0302tre Fe\u0301licite\u0301 Esther Zeifman, conseille la prudence face a\u0300 l\u2019e\u0301volution de l\u2019affaire et appelle a\u0300 la vigilance pour la suite de la proce\u0301dure.<\/p>\n<p>Pour l&rsquo;avocate au barreau du Cameroun, il faut faire confiance a\u0300 la proce\u0301dure qui devra respecter ses propres re\u0300gles.<\/p>\n<p>\u00ab Personne ne peut a\u0300 ce jour nier le caracte\u0300re odieux et crapuleux de l\u2019assassinat de Martinez Zogo. Nous en sommes tous meurtris. Toutefois, nos pleurs, notre douleur ne doivent pas nous faire perdre la raison, nous aveugler et nous e\u0301loigner des notions juridiques et du ro\u0302le de chaque e\u0301tape judiciaire qui rythmera ce qui convient de\u0301sormais d\u2019appeler l\u2019affaire Martinez Zogo \u00bb indique t-elle.<\/p>\n<p>Elle met un point d&rsquo;honneur a\u0300 la condamnation des suspects et explique qu&rsquo;a\u0300 ce stade, aucune culpabilite\u0301 n\u2019est pour le moment retenue contre les suspects..<\/p>\n<p>\u00ab La diffe\u0301rence essentielle entre l\u2019enque\u0302te pre\u0301liminaire et la phase de l\u2019instruction porte sur la nature des indices. Les officiers de police judiciaire sous le contro\u0302le du procureur de la Re\u0301publique ou du commissaire du gouvernement recherchent des indices. Le Juge d\u2019instruction au travers de son information judiciaire, va caracte\u0301riser la nature des indices, graves ou concordants. Selon que les indices sont graves ou concordants, le juge d\u2019instruction va rendre soit une ordonnance de non-lieu (aucun indice grave ou concordant rendant vraisemblable la participation a\u0300 la commission d\u2019une infraction), soit une ordonnance de renvoi devant une juridiction de jugement (tribunal correctionnel ou cour d\u2019assises) (indice grave ou concordant rendant vraisemblable la commission d\u2019une infraction).<\/p>\n<p>En cas d\u2019ordonnance de renvoi, la juridiction de jugement statuera sur la culpabilite\u0301 des personnes renvoye\u0301es devant elles : elles ne seront plus de\u0301signe\u0301es sous le vocable d\u2019inculpe\u0301es ou de mises en examen mais seront appele\u0301es pre\u0301venus ou accuse\u0301s. En ma qualite\u0301 de Conseil de la famille de Martinez Zogo, j\u2019exhorte les uns et les autres a\u0300 raison garder afin que le Juge d\u2019instruction de\u0301sormais saisi travaille dans la plus grande se\u0301re\u0301nite\u0301, dans le respect des lois de la Re\u0301publique, dans le respect de la dignite\u0301 et la douleur de la famille e\u0301plore\u0301e car ce qui nous importe c\u2019est justice pour Martinez Zogo, justice for Martinez Zogo \u00bb conclut l&rsquo;avocate.<\/p>\n<p><strong>Pour plus d&rsquo;informations et d&rsquo;analyses sur la <a href=\"https:\/\/www.africa-press.net\/cameroun\">Cameroun<\/a>, suivez <a href=\"https:\/\/www.africa-press.net\/\">Africa-Press<\/a><\/strong><\/p>\n","protected":false},"excerpt":{"rendered":"<p>Africa-Press &#8211; Cameroun. Il aura fallu quelques jours pour que la famille de Martinez Zogo re\u0301agisse a\u0300 la de\u0301cision du tribunal militaire d&rsquo;envoyer en de\u0301tention provisoire les suspects de l&rsquo;assassinat de leur proche. En effet, Mai\u0302tre Fe\u0301licite\u0301 Esther Zeifman, conseille la prudence face a\u0300 l\u2019e\u0301volution de l\u2019affaire et appelle a\u0300 la vigilance pour la suite [&hellip;]<\/p>\n","protected":false},"author":82,"featured_media":38470,"comment_status":"open","ping_status":"closed","sticky":false,"template":"","format":"standard","meta":{"footnotes":""},"categories":[21,10],"tags":[36,50,49],"class_list":["post-38472","post","type-post","status-publish","format-standard","has-post-thumbnail","hentry","category-communaute","category-toutes-les-actualites","tag-africa-press","tag-africa-press-cameroun","tag-cameroun"],"yoast_head":"<!-- This site is optimized with the Yoast SEO Premium plugin v26.1 (Yoast SEO v27.0) - https:\/\/yoast.com\/product\/yoast-seo-premium-wordpress\/ -->\n<title>Amougou Belinga en prison : la r\u00e9action de l&#039;avocate de la famille de Martinez Zogo - Cameroun<\/title>\n<meta name=\"description\" content=\"Il aura fallu quelques jours pour que la famille de Martinez Zogo re\u0301agisse a\u0300 la de\u0301cision du tribunal militaire d&#039;envo ...Il aura fallu quelques jours pour que la famille de Martinez Zogo re\u0301agisse a\u0300 la de\u0301cision du tribunal militaire d&#039;envo ...\" \/>\n<meta name=\"robots\" content=\"index, follow, max-snippet:-1, max-image-preview:large, max-video-preview:-1\" \/>\n<link rel=\"canonical\" href=\"https:\/\/www.africa-press.net\/cameroun\/toutes-les-actualites\/amougou-belinga-en-prison-la-reaction-de-lavocate-de-la-famille-de-martinez-zogo\" \/>\n<meta property=\"og:locale\" content=\"fr_FR\" \/>\n<meta property=\"og:type\" content=\"article\" \/>\n<meta property=\"og:title\" content=\"Amougou Belinga en prison : la r\u00e9action de l&#039;avocate de la famille de Martinez Zogo\" \/>\n<meta property=\"og:description\" content=\"Il aura fallu quelques jours pour que la famille de Martinez Zogo re\u0301agisse a\u0300 la de\u0301cision du tribunal militaire d&#039;envo ...Il aura fallu quelques jours pour que la famille de Martinez Zogo re\u0301agisse a\u0300 la de\u0301cision du tribunal militaire d&#039;envo ...\" \/>\n<meta property=\"og:url\" content=\"https:\/\/www.africa-press.net\/cameroun\/toutes-les-actualites\/amougou-belinga-en-prison-la-reaction-de-lavocate-de-la-famille-de-martinez-zogo\" \/>\n<meta property=\"og:site_name\" content=\"Cameroun\" \/>\n<meta property=\"article:published_time\" content=\"2023-03-07T12:32:34+00:00\" \/>\n<meta property=\"article:modified_time\" content=\"2023-03-07T13:14:36+00:00\" \/>\n<meta property=\"og:image\" content=\"https:\/\/static.africa-press.net\/cameroun\/sites\/57\/2023\/03\/postQueueImg_1678179763.36.jpg\" \/>\n\t<meta property=\"og:image:width\" content=\"720\" \/>\n\t<meta property=\"og:image:height\" content=\"480\" \/>\n\t<meta property=\"og:image:type\" content=\"image\/jpeg\" \/>\n<meta name=\"author\" content=\"cfeditorfr\" \/>\n<meta name=\"twitter:card\" content=\"summary_large_image\" \/>\n<meta name=\"twitter:label1\" content=\"\u00c9crit par\" \/>\n\t<meta name=\"twitter:data1\" content=\"cfeditorfr\" \/>\n\t<meta name=\"twitter:label2\" content=\"Dur\u00e9e de lecture estim\u00e9e\" \/>\n\t<meta name=\"twitter:data2\" content=\"2 minutes\" \/>\n<script type=\"application\/ld+json\" class=\"yoast-schema-graph\">{\"@context\":\"https:\/\/schema.org\",\"@graph\":[{\"@type\":\"Article\",\"@id\":\"https:\/\/www.africa-press.net\/cameroun\/toutes-les-actualites\/amougou-belinga-en-prison-la-reaction-de-lavocate-de-la-famille-de-martinez-zogo#article\",\"isPartOf\":{\"@id\":\"https:\/\/www.africa-press.net\/cameroun\/toutes-les-actualites\/amougou-belinga-en-prison-la-reaction-de-lavocate-de-la-famille-de-martinez-zogo\"},\"author\":{\"name\":\"cfeditorfr\",\"@id\":\"https:\/\/www.africa-press.net\/cameroun\/#\/schema\/person\/2b1cf3cd81a31e3cd26889ca66d677f1\"},\"headline\":\"Amougou Belinga en prison : la r\u00e9action de l&rsquo;avocate de la famille de Martinez Zogo\",\"datePublished\":\"2023-03-07T12:32:34+00:00\",\"dateModified\":\"2023-03-07T13:14:36+00:00\",\"mainEntityOfPage\":{\"@id\":\"https:\/\/www.africa-press.net\/cameroun\/toutes-les-actualites\/amougou-belinga-en-prison-la-reaction-de-lavocate-de-la-famille-de-martinez-zogo\"},\"wordCount\":470,\"commentCount\":0,\"image\":{\"@id\":\"https:\/\/www.africa-press.net\/cameroun\/toutes-les-actualites\/amougou-belinga-en-prison-la-reaction-de-lavocate-de-la-famille-de-martinez-zogo#primaryimage\"},\"thumbnailUrl\":\"https:\/\/static.africa-press.net\/cameroun\/sites\/57\/2023\/03\/postQueueImg_1678179763.36.jpg\",\"keywords\":[\"Africa Press\",\"Africa Press-Cameroun\",\"Cameroun\"],\"articleSection\":[\"Communaut\u00e9\",\"Toutes les actualit\u00e9s\"],\"inLanguage\":\"fr-FR\",\"potentialAction\":[{\"@type\":\"CommentAction\",\"name\":\"Comment\",\"target\":[\"https:\/\/www.africa-press.net\/cameroun\/toutes-les-actualites\/amougou-belinga-en-prison-la-reaction-de-lavocate-de-la-famille-de-martinez-zogo#respond\"]}]},{\"@type\":\"WebPage\",\"@id\":\"https:\/\/www.africa-press.net\/cameroun\/toutes-les-actualites\/amougou-belinga-en-prison-la-reaction-de-lavocate-de-la-famille-de-martinez-zogo\",\"url\":\"https:\/\/www.africa-press.net\/cameroun\/toutes-les-actualites\/amougou-belinga-en-prison-la-reaction-de-lavocate-de-la-famille-de-martinez-zogo\",\"name\":\"Amougou Belinga en prison : la r\u00e9action de l'avocate de la famille de Martinez Zogo - Cameroun\",\"isPartOf\":{\"@id\":\"https:\/\/www.africa-press.net\/cameroun\/#website\"},\"primaryImageOfPage\":{\"@id\":\"https:\/\/www.africa-press.net\/cameroun\/toutes-les-actualites\/amougou-belinga-en-prison-la-reaction-de-lavocate-de-la-famille-de-martinez-zogo#primaryimage\"},\"image\":{\"@id\":\"https:\/\/www.africa-press.net\/cameroun\/toutes-les-actualites\/amougou-belinga-en-prison-la-reaction-de-lavocate-de-la-famille-de-martinez-zogo#primaryimage\"},\"thumbnailUrl\":\"https:\/\/static.africa-press.net\/cameroun\/sites\/57\/2023\/03\/postQueueImg_1678179763.36.jpg\",\"datePublished\":\"2023-03-07T12:32:34+00:00\",\"dateModified\":\"2023-03-07T13:14:36+00:00\",\"author\":{\"@id\":\"https:\/\/www.africa-press.net\/cameroun\/#\/schema\/person\/2b1cf3cd81a31e3cd26889ca66d677f1\"},\"description\":\"Il aura fallu quelques jours pour que la famille de Martinez Zogo re\u0301agisse a\u0300 la de\u0301cision du tribunal militaire d'envo ...Il aura fallu quelques jours pour que la famille de Martinez Zogo re\u0301agisse a\u0300 la de\u0301cision du tribunal militaire d'envo ...\",\"breadcrumb\":{\"@id\":\"https:\/\/www.africa-press.net\/cameroun\/toutes-les-actualites\/amougou-belinga-en-prison-la-reaction-de-lavocate-de-la-famille-de-martinez-zogo#breadcrumb\"},\"inLanguage\":\"fr-FR\",\"potentialAction\":[{\"@type\":\"ReadAction\",\"target\":[\"https:\/\/www.africa-press.net\/cameroun\/toutes-les-actualites\/amougou-belinga-en-prison-la-reaction-de-lavocate-de-la-famille-de-martinez-zogo\"]}]},{\"@type\":\"ImageObject\",\"inLanguage\":\"fr-FR\",\"@id\":\"https:\/\/www.africa-press.net\/cameroun\/toutes-les-actualites\/amougou-belinga-en-prison-la-reaction-de-lavocate-de-la-famille-de-martinez-zogo#primaryimage\",\"url\":\"https:\/\/static.africa-press.net\/cameroun\/sites\/57\/2023\/03\/postQueueImg_1678179763.36.jpg\",\"contentUrl\":\"https:\/\/static.africa-press.net\/cameroun\/sites\/57\/2023\/03\/postQueueImg_1678179763.36.jpg\",\"width\":720,\"height\":480,\"caption\":\"Amougou Belinga en prison : la r\u00e9action de l'avocate de la famille de Martinez Zogo\"},{\"@type\":\"BreadcrumbList\",\"@id\":\"https:\/\/www.africa-press.net\/cameroun\/toutes-les-actualites\/amougou-belinga-en-prison-la-reaction-de-lavocate-de-la-famille-de-martinez-zogo#breadcrumb\",\"itemListElement\":[{\"@type\":\"ListItem\",\"position\":1,\"name\":\"Accueil\",\"item\":\"https:\/\/www.africa-press.net\/cameroun\/\"},{\"@type\":\"ListItem\",\"position\":2,\"name\":\"Amougou Belinga en prison : la r\u00e9action de l&rsquo;avocate de la famille de Martinez Zogo\"}]},{\"@type\":\"WebSite\",\"@id\":\"https:\/\/www.africa-press.net\/cameroun\/#website\",\"url\":\"https:\/\/www.africa-press.net\/cameroun\/\",\"name\":\"Cameroun\",\"description\":\"Just another Africa News Agency Sites site\",\"potentialAction\":[{\"@type\":\"SearchAction\",\"target\":{\"@type\":\"EntryPoint\",\"urlTemplate\":\"https:\/\/www.africa-press.net\/cameroun\/?s={search_term_string}\"},\"query-input\":{\"@type\":\"PropertyValueSpecification\",\"valueRequired\":true,\"valueName\":\"search_term_string\"}}],\"inLanguage\":\"fr-FR\"},{\"@type\":\"Person\",\"@id\":\"https:\/\/www.africa-press.net\/cameroun\/#\/schema\/person\/2b1cf3cd81a31e3cd26889ca66d677f1\",\"name\":\"cfeditorfr\"}]}<\/script>\n<!-- \/ Yoast SEO Premium plugin. -->","yoast_head_json":{"title":"Amougou Belinga en prison : la r\u00e9action de l'avocate de la famille de Martinez Zogo - Cameroun","description":"Il aura fallu quelques jours pour que la famille de Martinez Zogo re\u0301agisse a\u0300 la de\u0301cision du tribunal militaire d'envo ...Il aura fallu quelques jours pour que la famille de Martinez Zogo re\u0301agisse a\u0300 la de\u0301cision du tribunal militaire d'envo ...","robots":{"index":"index","follow":"follow","max-snippet":"max-snippet:-1","max-image-preview":"max-image-preview:large","max-video-preview":"max-video-preview:-1"},"canonical":"https:\/\/www.africa-press.net\/cameroun\/toutes-les-actualites\/amougou-belinga-en-prison-la-reaction-de-lavocate-de-la-famille-de-martinez-zogo","og_locale":"fr_FR","og_type":"article","og_title":"Amougou Belinga en prison : la r\u00e9action de l'avocate de la famille de Martinez Zogo","og_description":"Il aura fallu quelques jours pour que la famille de Martinez Zogo re\u0301agisse a\u0300 la de\u0301cision du tribunal militaire d'envo ...Il aura fallu quelques jours pour que la famille de Martinez Zogo re\u0301agisse a\u0300 la de\u0301cision du tribunal militaire d'envo ...","og_url":"https:\/\/www.africa-press.net\/cameroun\/toutes-les-actualites\/amougou-belinga-en-prison-la-reaction-de-lavocate-de-la-famille-de-martinez-zogo","og_site_name":"Cameroun","article_published_time":"2023-03-07T12:32:34+00:00","article_modified_time":"2023-03-07T13:14:36+00:00","og_image":[{"width":720,"height":480,"url":"https:\/\/static.africa-press.net\/cameroun\/sites\/57\/2023\/03\/postQueueImg_1678179763.36.jpg","type":"image\/jpeg"}],"author":"cfeditorfr","twitter_card":"summary_large_image","twitter_misc":{"\u00c9crit par":"cfeditorfr","Dur\u00e9e de lecture estim\u00e9e":"2 minutes"},"schema":{"@context":"https:\/\/schema.org","@graph":[{"@type":"Article","@id":"https:\/\/www.africa-press.net\/cameroun\/toutes-les-actualites\/amougou-belinga-en-prison-la-reaction-de-lavocate-de-la-famille-de-martinez-zogo#article","isPartOf":{"@id":"https:\/\/www.africa-press.net\/cameroun\/toutes-les-actualites\/amougou-belinga-en-prison-la-reaction-de-lavocate-de-la-famille-de-martinez-zogo"},"author":{"name":"cfeditorfr","@id":"https:\/\/www.africa-press.net\/cameroun\/#\/schema\/person\/2b1cf3cd81a31e3cd26889ca66d677f1"},"headline":"Amougou Belinga en prison : la r\u00e9action de l&rsquo;avocate de la famille de Martinez Zogo","datePublished":"2023-03-07T12:32:34+00:00","dateModified":"2023-03-07T13:14:36+00:00","mainEntityOfPage":{"@id":"https:\/\/www.africa-press.net\/cameroun\/toutes-les-actualites\/amougou-belinga-en-prison-la-reaction-de-lavocate-de-la-famille-de-martinez-zogo"},"wordCount":470,"commentCount":0,"image":{"@id":"https:\/\/www.africa-press.net\/cameroun\/toutes-les-actualites\/amougou-belinga-en-prison-la-reaction-de-lavocate-de-la-famille-de-martinez-zogo#primaryimage"},"thumbnailUrl":"https:\/\/static.africa-press.net\/cameroun\/sites\/57\/2023\/03\/postQueueImg_1678179763.36.jpg","keywords":["Africa Press","Africa Press-Cameroun","Cameroun"],"articleSection":["Communaut\u00e9","Toutes les actualit\u00e9s"],"inLanguage":"fr-FR","potentialAction":[{"@type":"CommentAction","name":"Comment","target":["https:\/\/www.africa-press.net\/cameroun\/toutes-les-actualites\/amougou-belinga-en-prison-la-reaction-de-lavocate-de-la-famille-de-martinez-zogo#respond"]}]},{"@type":"WebPage","@id":"https:\/\/www.africa-press.net\/cameroun\/toutes-les-actualites\/amougou-belinga-en-prison-la-reaction-de-lavocate-de-la-famille-de-martinez-zogo","url":"https:\/\/www.africa-press.net\/cameroun\/toutes-les-actualites\/amougou-belinga-en-prison-la-reaction-de-lavocate-de-la-famille-de-martinez-zogo","name":"Amougou Belinga en prison : la r\u00e9action de l'avocate de la famille de Martinez Zogo - Cameroun","isPartOf":{"@id":"https:\/\/www.africa-press.net\/cameroun\/#website"},"primaryImageOfPage":{"@id":"https:\/\/www.africa-press.net\/cameroun\/toutes-les-actualites\/amougou-belinga-en-prison-la-reaction-de-lavocate-de-la-famille-de-martinez-zogo#primaryimage"},"image":{"@id":"https:\/\/www.africa-press.net\/cameroun\/toutes-les-actualites\/amougou-belinga-en-prison-la-reaction-de-lavocate-de-la-famille-de-martinez-zogo#primaryimage"},"thumbnailUrl":"https:\/\/static.africa-press.net\/cameroun\/sites\/57\/2023\/03\/postQueueImg_1678179763.36.jpg","datePublished":"2023-03-07T12:32:34+00:00","dateModified":"2023-03-07T13:14:36+00:00","author":{"@id":"https:\/\/www.africa-press.net\/cameroun\/#\/schema\/person\/2b1cf3cd81a31e3cd26889ca66d677f1"},"description":"Il aura fallu quelques jours pour que la famille de Martinez Zogo re\u0301agisse a\u0300 la de\u0301cision du tribunal militaire d'envo ...Il aura fallu quelques jours pour que la famille de Martinez Zogo re\u0301agisse a\u0300 la de\u0301cision du tribunal militaire d'envo ...","breadcrumb":{"@id":"https:\/\/www.africa-press.net\/cameroun\/toutes-les-actualites\/amougou-belinga-en-prison-la-reaction-de-lavocate-de-la-famille-de-martinez-zogo#breadcrumb"},"inLanguage":"fr-FR","potentialAction":[{"@type":"ReadAction","target":["https:\/\/www.africa-press.net\/cameroun\/toutes-les-actualites\/amougou-belinga-en-prison-la-reaction-de-lavocate-de-la-famille-de-martinez-zogo"]}]},{"@type":"ImageObject","inLanguage":"fr-FR","@id":"https:\/\/www.africa-press.net\/cameroun\/toutes-les-actualites\/amougou-belinga-en-prison-la-reaction-de-lavocate-de-la-famille-de-martinez-zogo#primaryimage","url":"https:\/\/static.africa-press.net\/cameroun\/sites\/57\/2023\/03\/postQueueImg_1678179763.36.jpg","contentUrl":"https:\/\/static.africa-press.net\/cameroun\/sites\/57\/2023\/03\/postQueueImg_1678179763.36.jpg","width":720,"height":480,"caption":"Amougou Belinga en prison : la r\u00e9action de l'avocate de la famille de Martinez Zogo"},{"@type":"BreadcrumbList","@id":"https:\/\/www.africa-press.net\/cameroun\/toutes-les-actualites\/amougou-belinga-en-prison-la-reaction-de-lavocate-de-la-famille-de-martinez-zogo#breadcrumb","itemListElement":[{"@type":"ListItem","position":1,"name":"Accueil","item":"https:\/\/www.africa-press.net\/cameroun\/"},{"@type":"ListItem","position":2,"name":"Amougou Belinga en prison : la r\u00e9action de l&rsquo;avocate de la famille de Martinez Zogo"}]},{"@type":"WebSite","@id":"https:\/\/www.africa-press.net\/cameroun\/#website","url":"https:\/\/www.africa-press.net\/cameroun\/","name":"Cameroun","description":"Just another Africa News Agency Sites site","potentialAction":[{"@type":"SearchAction","target":{"@type":"EntryPoint","urlTemplate":"https:\/\/www.africa-press.net\/cameroun\/?s={search_term_string}"},"query-input":{"@type":"PropertyValueSpecification","valueRequired":true,"valueName":"search_term_string"}}],"inLanguage":"fr-FR"},{"@type":"Person","@id":"https:\/\/www.africa-press.net\/cameroun\/#\/schema\/person\/2b1cf3cd81a31e3cd26889ca66d677f1","name":"cfeditorfr"}]}},"_links":{"self":[{"href":"https:\/\/www.africa-press.net\/cameroun\/wp-json\/wp\/v2\/posts\/38472","targetHints":{"allow":["GET"]}}],"collection":[{"href":"https:\/\/www.africa-press.net\/cameroun\/wp-json\/wp\/v2\/posts"}],"about":[{"href":"https:\/\/www.africa-press.net\/cameroun\/wp-json\/wp\/v2\/types\/post"}],"author":[{"embeddable":true,"href":"https:\/\/www.africa-press.net\/cameroun\/wp-json\/wp\/v2\/users\/82"}],"replies":[{"embeddable":true,"href":"https:\/\/www.africa-press.net\/cameroun\/wp-json\/wp\/v2\/comments?post=38472"}],"version-history":[{"count":0,"href":"https:\/\/www.africa-press.net\/cameroun\/wp-json\/wp\/v2\/posts\/38472\/revisions"}],"wp:featuredmedia":[{"embeddable":true,"href":"https:\/\/www.africa-press.net\/cameroun\/wp-json\/wp\/v2\/media\/38470"}],"wp:attachment":[{"href":"https:\/\/www.africa-press.net\/cameroun\/wp-json\/wp\/v2\/media?parent=38472"}],"wp:term":[{"taxonomy":"category","embeddable":true,"href":"https:\/\/www.africa-press.net\/cameroun\/wp-json\/wp\/v2\/categories?post=38472"},{"taxonomy":"post_tag","embeddable":true,"href":"https:\/\/www.africa-press.net\/cameroun\/wp-json\/wp\/v2\/tags?post=38472"}],"curies":[{"name":"wp","href":"https:\/\/api.w.org\/{rel}","templated":true}]}}